{"id":423660,"date":"2025-09-28T11:52:32","date_gmt":"2025-09-28T11:52:32","guid":{"rendered":"https:\/\/www.europesays.com\/fr\/423660\/"},"modified":"2025-09-28T11:52:32","modified_gmt":"2025-09-28T11:52:32","slug":"automobile-detection-rallye-jeunes-les-11-et-12-octobre-a-nancy-au-volant-les-filles","status":"publish","type":"post","link":"https:\/\/www.europesays.com\/fr\/423660\/","title":{"rendered":"Automobile. D\u00e9tection Rallye Jeunes les 11 et 12\u00a0octobre \u00e0 Nancy\u00a0: au volant, les filles\u00a0!"},"content":{"rendered":"<p>S\u00e9lection Rallye Jeunes<\/p>\n<p>Les 11 au 12\u00a0octobre, au parc Expos de Nancy<\/p>\n<p>Avec sa mythique op\u00e9ration de d\u00e9tection, la F\u00e9d\u00e9ration Fran\u00e7aise fait des envieux chez tous ses voisins. Rallyes Jeunes revient cet automne pour une 31e \u00e9dition tr\u00e8s attendue. L\u2019an pass\u00e9, elle avait drain\u00e9 6000 candidats dans tout l\u2019Hexagone. Un succ\u00e8s, comme \u00e0 chaque fois\u00a0! Il faut dire que <a href=\"https:\/\/www.estrepublicain.fr\/sport\/2019\/10\/08\/le-futur-sebastien-loeb-sera-t-il-au-geoparc-de-saint-die\" target=\"_blank\" rel=\"noopener\">la s\u00e9lection f\u00e9d\u00e9rale a fait ses preuves<\/a> en servant de tremplin \u00e0 S\u00e9bastien Loeb (neuf titres mondiaux) et S\u00e9bastien Ogier (huit titres mondiaux, peut-\u00eatre bient\u00f4t neuf\u2026), entre autres\u00a0!<\/p>\n<p>La formule ne change pas\u00a0: pour 20\u00a0euros, les jeunes passionn\u00e9s de sport auto pourront s\u2019\u00e9lancer sur un parcours de d\u00e9tection au volant d\u2019une 208 de la FFSA et tenter de remporter un programme en rallye. Seules conditions \u00e0 remplir, poss\u00e9der le permis B, \u00eatre de nationale fran\u00e7aise et avoir moins de 26 ans. Les meilleurs de chaque \u00e9tape de s\u00e9lection se qualifieront pour la finale.<\/p>\n<p>Ce contenu est bloqu\u00e9 car vous n&rsquo;avez pas accept\u00e9 les cookies et autres traceurs.<\/p>\n<p>En cliquant sur \u00ab J\u2019accepte \u00bb, les cookies et autres traceurs seront d\u00e9pos\u00e9s et vous pourrez visualiser les contenus  (<a href=\"\" class=\"consentModule_policy\" target=\"_blank\" title=\"Consulter la politique de protection des donn\u00e9es du fournisseur\">plus d&rsquo;informations<\/a>).<\/p>\n<p>En cliquant sur \u00ab J\u2019accepte tous les cookies \u00bb, vous autorisez des d\u00e9p\u00f4ts de cookies et autres traceurs pour le stockage de vos donn\u00e9es sur nos sites et applications \u00e0 des fins de personnalisation et de ciblage publicitaire.<\/p>\n<p class=\"consentModule_secondaryText\">Vous gardez la possibilit\u00e9 de retirer votre consentement \u00e0 tout moment en consultant notre <a href=\"https:\/\/www.estrepublicain.fr\/protection-des-donnees\" target=\"_blank\" title=\"Consulter notre politique de protection des donn\u00e9es\" rel=\"noopener\">politique de protection des donn\u00e9es<\/a>. <br \/>&#13;<br \/>\n            <a href=\"https:\/\/www.estrepublicain.fr\/sport\/2025\/09\/27\/javascript:Didomi.notice.show()\" class=\"consentModule_cmp\" target=\"_blank\" rel=\"noopener\">G\u00e9rer mes choix<\/a>&#13;\n        <\/p>\n<p>&#13;<br \/>\n                        J&rsquo;accepte&#13;<br \/>\n            J&rsquo;accepte tous les cookies&#13;\n        <\/p>\n<p>La grande nouveaut\u00e9 de cette 31e fourn\u00e9e concerne les f\u00e9minines avec des s\u00e9lections qui leur sont exclusivement consacr\u00e9es la journ\u00e9e du dimanche. Une \u00e9tape de d\u00e9tection leur sera \u00e9galement r\u00e9serv\u00e9e le 23\u00a0novembre au\u00a0Mans. Au volant les filles\u00a0!<\/p>\n","protected":false},"excerpt":{"rendered":"S\u00e9lection Rallye Jeunes Les 11 au 12\u00a0octobre, au parc Expos de Nancy Avec sa mythique op\u00e9ration de d\u00e9tection,&hellip;\n","protected":false},"author":2,"featured_media":423661,"comment_status":"","ping_status":"","sticky":false,"template":"","format":"standard","meta":{"footnotes":""},"categories":[9635],"tags":[1111,11,1976,3602,1707,1704,1706,1705,1777,674,107,1701,1011,27,775,1702,1703,12,25,517,1700],"class_list":{"0":"post-423660","1":"post","2":"type-post","3":"status-publish","4":"format-standard","5":"has-post-thumbnail","7":"category-nancy","8":"tag-actu","9":"tag-actualites","10":"tag-auto-moto","11":"tag-edition-bar-le-duc","12":"tag-edition-luneville","13":"tag-edition-nancy-et-agglomeration","14":"tag-edition-pont-a-mousson","15":"tag-edition-toul","16":"tag-eu","17":"tag-europe","18":"tag-fil-info","19":"tag-fil-info-sport","20":"tag-fr","21":"tag-france","22":"tag-grand-est","23":"tag-nancy","24":"tag-nancy-ville-54b","25":"tag-news","26":"tag-republique-francaise","27":"tag-sport","28":"tag-sport-lorrain"},"share_on_mastodon":{"url":"https:\/\/pubeurope.com\/@fr\/115281785280910607","error":""},"_links":{"self":[{"href":"https:\/\/www.europesays.com\/fr\/wp-json\/wp\/v2\/posts\/423660","targetHints":{"allow":["GET"]}}],"collection":[{"href":"https:\/\/www.europesays.com\/fr\/wp-json\/wp\/v2\/posts"}],"about":[{"href":"https:\/\/www.europesays.com\/fr\/wp-json\/wp\/v2\/types\/post"}],"author":[{"embeddable":true,"href":"https:\/\/www.europesays.com\/fr\/wp-json\/wp\/v2\/users\/2"}],"replies":[{"embeddable":true,"href":"https:\/\/www.europesays.com\/fr\/wp-json\/wp\/v2\/comments?post=423660"}],"version-history":[{"count":0,"href":"https:\/\/www.europesays.com\/fr\/wp-json\/wp\/v2\/posts\/423660\/revisions"}],"wp:featuredmedia":[{"embeddable":true,"href":"https:\/\/www.europesays.com\/fr\/wp-json\/wp\/v2\/media\/423661"}],"wp:attachment":[{"href":"https:\/\/www.europesays.com\/fr\/wp-json\/wp\/v2\/media?parent=423660"}],"wp:term":[{"taxonomy":"category","embeddable":true,"href":"https:\/\/www.europesays.com\/fr\/wp-json\/wp\/v2\/categories?post=423660"},{"taxonomy":"post_tag","embeddable":true,"href":"https:\/\/www.europesays.com\/fr\/wp-json\/wp\/v2\/tags?post=423660"}],"curies":[{"name":"wp","href":"https:\/\/api.w.org\/{rel}","templated":true}]}}