{"id":423667,"date":"2025-09-28T11:56:11","date_gmt":"2025-09-28T11:56:11","guid":{"rendered":"https:\/\/www.europesays.com\/fr\/423667\/"},"modified":"2025-09-28T11:56:11","modified_gmt":"2025-09-28T11:56:11","slug":"ce-qui-va-changer-pour-le-blma-sur-le-terrain-comme-en-coulisses","status":"publish","type":"post","link":"https:\/\/www.europesays.com\/fr\/423667\/","title":{"rendered":"ce qui va changer pour le BLMA, sur le terrain comme en coulisses"},"content":{"rendered":"<p>            Par<br \/>\n        <strong><br \/>\n            <a href=\"https:\/\/actu.fr\/auteur\/lea-pippinato\" title=\"Consulter tous les articles de L\u00e9a Pippinato\" target=\"_blank\" rel=\"noopener\">L\u00e9a Pippinato<\/a><br \/>\n        <\/strong><\/p>\n<p>        Publi\u00e9 le<\/p>\n<p>            28 sept. 2025 \u00e0 11h45        <\/p>\n<p>\u00ab\u00a0Je ne vois pas comment une entreprise peut vivre avec seulement vingt matchs par an.\u00a0\u00bb La formule d\u2019<strong>Olivier Ribotta, directeur g\u00e9n\u00e9ral du BLMA<\/strong>, r\u00e9sume le d\u00e9fi des Gazelles : durer, s\u00e9duire et gagner. Le BLMA a choisi un cadre symbolique pour lancer sa saison : le March\u00e9 du Lez. \u00ab\u00a0Rien que \u00e7a ?\u00a0\u00bb, a plaisant\u00e9 une joueuse, preuve que le club a pass\u00e9 un cap. Cette premi\u00e8re conf\u00e9rence de presse <strong>depuis trois ans<\/strong> a rassembl\u00e9 autour d\u2019un m\u00eame message : <strong>les Gazelles<\/strong> veulent redevenir <strong>un moteur du sport f\u00e9minin en France<\/strong>. \u00ab\u00a0Nous avons besoin de visibilit\u00e9. Le sport f\u00e9minin cr\u00e9e autant d\u2019\u00e9motions que le sport masculin, parfois plus. \u00c0 nous de le rappeler.\u00a0\u00bb<\/p>\n<p>    <a href=\"https:\/\/www.google.com\/maps\/embed?pb=!1m18!1m12!1m3!1d23114.090373704526!2d3.8535167999999995!3d43.6011008!2m3!1f0!2f0!3f0!3m2!1i1024!2i768!4f13.1!3m3!1m2!1s0x12b6af8a7b4bcea7%3A0x9ec42ac0600236eb!2sMarch%C3%A9%20du%20Lez!5e0!3m2!1sfr!2sfr!4v1758642288264!5m2!1sfr!2sfr\" title=\"Ouvrie le lien\" target=\"_blank\" rel=\"noopener\">Cliquez ici pour visualiser le contenu<\/a><\/p>\n<p class=\" wall-content\"><strong>Depuis juillet 2024<\/strong>, le BLMA est devenu une soci\u00e9t\u00e9 par actions simplifi\u00e9e (SAS). Une \u00e9tape impos\u00e9e par la F\u00e9d\u00e9ration, mais qui a permis d\u2019accueillir 18 actionnaires civils. Gr\u00e2ce \u00e0 ce soutien, le club dispose d\u00e9sormais d\u2019une avance budg\u00e9taire d\u2019un an. Un coussin encore mince mais in\u00e9dit.<\/p>\n<p class=\" wall-content\">\u00c0 la t\u00eate du club, un nouveau visage : <strong>Vincent Garrigues,<\/strong> directeur de la marque Ford pour le groupe GRIM, partenaire historique. \u00ab\u00a0J\u2019ai d\u00e9couvert le basket f\u00e9minin en 2017 presque par hasard. J\u2019ai \u00e9t\u00e9 bluff\u00e9 par l\u2019engagement des joueuses. Depuis 2020, j\u2019ai assist\u00e9 \u00e0 presque tous les matchs. Cette \u00e9quipe ne l\u00e2che jamais\u00a0\u00bb. De supporter \u00e0 pr\u00e9sident, il veut redonner un \u00e9lan sportif : \u00ab\u00a0Le dernier titre de champion remonte \u00e0 2016. Celui de la Coupe de France \u00e0 2021. Nous devons tout faire pour en conqu\u00e9rir un autre rapidement\u00a0\u00bb.<\/p>\n<p>Une salle en pleine transformation<\/p>\n<p class=\" wall-content\">Le Palais des Rencontres (nouveau nom du Palais des Sports de Lattes) \u00e9volue lui aussi. Sa capacit\u00e9 passera <strong>de 1 150 \u00e0 1 500 places<\/strong> au printemps, gr\u00e2ce \u00e0 trois nouvelles tribunes rapproch\u00e9es du terrain. Un choix qui s\u2019inscrit dans une dynamique d\u00e9j\u00e0 forte : <strong>95 %<\/strong> des matchs de la saison pass\u00e9e se sont jou\u00e9s \u00e0 guichets ferm\u00e9s. Le nombre d\u2019abonn\u00e9s a doubl\u00e9 en trois ans. Avec <strong>125 partenaires<\/strong> contre 75 dans la m\u00eame p\u00e9riode, l\u2019engouement est r\u00e9el. Mais le budget reste fragile. \u00ab\u00a0Les entreprises locales sont fid\u00e8les, elles viennent pour les bonnes raisons. Mais elles apportent moins que les grands sponsors nationaux\u00a0\u00bb, conc\u00e8de Olivier Ribotta. Cette rigueur a parfois contraint les joueuses \u00e0 voyager en minibus ou \u00e0 composer avec des vestiaires v\u00e9tustes. Les choses \u00e9voluent : la municipalit\u00e9 de Lattes a financ\u00e9 une r\u00e9novation compl\u00e8te des installations.<\/p>\n<p>Vid\u00e9os : en ce moment sur Actu<\/p>\n<p class=\" wall-content\">Autre annonce de la matin\u00e9e : l\u2019arriv\u00e9e du groupe Tandem parmi les soutiens du BLMA. Dirig\u00e9 par David Karouby, fondateur \u00e9galement de Lady Sushi, le groupe poss\u00e8de 13 restaurants entre Montpellier, Anduze et la Bourgogne, dont des enseignes embl\u00e9matiques comme le Caf\u00e9 Joseph, C\u00e9na ou encore la plage Bonaventure \u00e0 Palavas.<\/p>\n<p>Un effectif remodel\u00e9 \u00e0 70 %<\/p>\n<p class=\" wall-content\">C\u00f4t\u00e9 sportif, le BLMA a fait peau neuve. Seules trois joueuses professionnelles ont \u00e9t\u00e9 conserv\u00e9es. <strong>Six recrues<\/strong> apportent un souffle nouveau. La plus jeune, Sarah Ciss\u00e9, <strong>18 ans<\/strong>, internationale U18 et U19, repr\u00e9sente l\u2019avenir et incarne l\u2019audace du pari de la jeunesse. La plus attendue, Julie Pospisilova, internationale tch\u00e8que, arrive aur\u00e9ol\u00e9e d\u2019un Euro r\u00e9ussi et d\u2019une finale d\u2019EuroCoupe. Qadashah Hoppie, arri\u00e8re am\u00e9ricaine de 25 ans, revient d\u2019une blessure et doit apporter du scoring et du leadership. L\u2019aili\u00e8re forte Samantha Breen d\u00e9barque du championnat suisse avec une r\u00e9putation de scoreuse. La meneuse Kenza Salgues, form\u00e9e au BLMA, signe un retour aux sources apr\u00e8s un parcours aux \u00c9tats-Unis. Enfin, la pivot exp\u00e9riment\u00e9e <strong>Christelle Diallo<\/strong> vient renforcer la raquette et apporter le point de fixation qui manquait. \u00ab\u00a0Nous avons voulu un groupe qui partage la balle. Le jeu individuel ne m\u2019int\u00e9resse pas\u00a0\u00bb, conclut le coach Val\u00e9ry Demory, convaincu de la valeur collective de son effectif.<\/p>\n<p>Votre r\u00e9gion, votre actu !<\/p>\n<p>Recevez chaque jour les infos qui comptent pour vous.<\/p>\n<p>\t<a href=\"https:\/\/actu.fr\/newsletter\" class=\"ac-btn ac-btn--corner ac-btn--medium ac-btn--blue800\" target=\"_blank\" rel=\"noopener\">S&rsquo;incrire<\/a><\/p>\n<p class=\" wall-content\">Au milieu de ce grand renouvellement, Romane Bernies fait figure de rep\u00e8re. Neuvi\u00e8me saison sous le maillot lattois pour la meneuse. \u00ab\u00a0Ici, j\u2019ai trouv\u00e9 une deuxi\u00e8me maison. J\u2019aurais pu aller chercher plus d\u2019argent ailleurs, mais je suis \u00e9quilibr\u00e9e et entour\u00e9e. C\u2019est comme \u00e7a que je performe\u00a0\u00bb, confie-t-elle. La capitaine prend aussi soin de la vie du groupe : \u00ab\u00a0Quand il faut recr\u00e9er une dynamique, je m\u2019implique. Val\u00e9ry g\u00e8re le terrain, moi j\u2019essaie de f\u00e9d\u00e9rer hors parquet.\u00a0\u00bb<\/p>\n<p class=\" wall-content\">Le calendrier ne fait pas de cadeau : d\u00e9placement \u00e0 Charleville <strong>le 1er octobre<\/strong>, puis r\u00e9ception de Villeneuve-d\u2019Ascq <strong>le 5 octobre<\/strong> \u00e0 l\u2019Arena Sud de France, devant plus de 4 000 spectateurs attendus. Une journ\u00e9e organis\u00e9e <a href=\"https:\/\/www.google.com\/search?client=safari&amp;rls=en&amp;q=heraia+m%C3%A9tropolitain&amp;ie=UTF-8&amp;oe=UTF-8\" target=\"_blank\" rel=\"noopener\">dans le cadre d\u2019H\u00e9raia<\/a>, rendez-vous consacr\u00e9 au sport f\u00e9minin. Pour le nouveau pr\u00e9sident, cette rencontre d\u00e9passe le simple enjeu sportif : \u00ab\u00a0Nous devons inspirer. Faire en sorte que des petites filles se disent qu\u2019elles aussi ont leur place dans le sport\u00a0\u00bb.<\/p>\n<p class=\" wall-content\">Personnalisez votre actualit\u00e9 en ajoutant vos villes et m\u00e9dias en favori avec <a href=\"https:\/\/moncompte.actu.fr\" title=\"D\u00e9couvez Mon Actu\" rel=\"nofollow noopener\" data-trk=\"{&quot;cta&quot;:{&quot;action&quot;:&quot;https:\\\/\\\/moncompte.actu.fr&quot;,&quot;category&quot;:&quot;mon compte&quot;,&quot;from&quot;:&quot;article footer&quot;,&quot;name&quot;:&quot;Mon actu&quot;,&quot;type&quot;:&quot;cta&quot;}}\" target=\"_blank\">Mon Actu<\/a>.<\/p>\n","protected":false},"excerpt":{"rendered":"Par L\u00e9a Pippinato Publi\u00e9 le 28 sept. 2025 \u00e0 11h45 \u00ab\u00a0Je ne vois pas comment une entreprise peut&hellip;\n","protected":false},"author":2,"featured_media":423668,"comment_status":"","ping_status":"","sticky":false,"template":"","format":"standard","meta":{"footnotes":""},"categories":[9599],"tags":[1111,11,1261,1465,54105,1777,674,1011,27,2208,12,2680,25,517,60],"class_list":{"0":"post-423667","1":"post","2":"type-post","3":"status-publish","4":"format-standard","5":"has-post-thumbnail","7":"category-montpellier","8":"tag-actu","9":"tag-actualites","10":"tag-argent","11":"tag-basket","12":"tag-blma","13":"tag-eu","14":"tag-europe","15":"tag-fr","16":"tag-france","17":"tag-montpellier","18":"tag-news","19":"tag-occitanie","20":"tag-republique-francaise","21":"tag-sport","22":"tag-sports"},"share_on_mastodon":{"url":"https:\/\/pubeurope.com\/@fr\/115281801045481400","error":""},"_links":{"self":[{"href":"https:\/\/www.europesays.com\/fr\/wp-json\/wp\/v2\/posts\/423667","targetHints":{"allow":["GET"]}}],"collection":[{"href":"https:\/\/www.europesays.com\/fr\/wp-json\/wp\/v2\/posts"}],"about":[{"href":"https:\/\/www.europesays.com\/fr\/wp-json\/wp\/v2\/types\/post"}],"author":[{"embeddable":true,"href":"https:\/\/www.europesays.com\/fr\/wp-json\/wp\/v2\/users\/2"}],"replies":[{"embeddable":true,"href":"https:\/\/www.europesays.com\/fr\/wp-json\/wp\/v2\/comments?post=423667"}],"version-history":[{"count":0,"href":"https:\/\/www.europesays.com\/fr\/wp-json\/wp\/v2\/posts\/423667\/revisions"}],"wp:featuredmedia":[{"embeddable":true,"href":"https:\/\/www.europesays.com\/fr\/wp-json\/wp\/v2\/media\/423668"}],"wp:attachment":[{"href":"https:\/\/www.europesays.com\/fr\/wp-json\/wp\/v2\/media?parent=423667"}],"wp:term":[{"taxonomy":"category","embeddable":true,"href":"https:\/\/www.europesays.com\/fr\/wp-json\/wp\/v2\/categories?post=423667"},{"taxonomy":"post_tag","embeddable":true,"href":"https:\/\/www.europesays.com\/fr\/wp-json\/wp\/v2\/tags?post=423667"}],"curies":[{"name":"wp","href":"https:\/\/api.w.org\/{rel}","templated":true}]}}