{"id":423669,"date":"2025-09-28T11:57:11","date_gmt":"2025-09-28T11:57:11","guid":{"rendered":"https:\/\/www.europesays.com\/fr\/423669\/"},"modified":"2025-09-28T11:57:11","modified_gmt":"2025-09-28T11:57:11","slug":"recevoir-une-telle-somme-de-cette-maniere-cest-une-premiere-une-infirmiere-legue-250-000-euros-aux-eglises-normandes","status":"publish","type":"post","link":"https:\/\/www.europesays.com\/fr\/423669\/","title":{"rendered":"\u00ab\u00a0Recevoir une telle somme de cette mani\u00e8re, c\u2019est une premi\u00e8re\u00a0!\u00a0\u00bb\u00a0: une infirmi\u00e8re l\u00e8gue 250\u00a0000\u00a0euros aux \u00e9glises normandes"},"content":{"rendered":"<p class=\"paragraph text_align_left lp-f-body-02\">Il n\u2019y a pas que <a href=\"https:\/\/www.leparisien.fr\/info-paris-ile-de-france-oise\/stephane-bern-j-en-ai-marre-qu-on-detruise-le-patrimoine-pour-offrir-des-terrains-aux-promoteurs-14-03-2021-8428501.php\" target=\"_self\" rel=\"noopener\">St\u00e9phane Bern qui aime le patrimoine<\/a>. D\u00e9c\u00e9d\u00e9e en 2019 \u00e0 53 ans, Coralie Roger, une ancienne infirmi\u00e8re du CHU de Rouen qui r\u00e9sidait \u00e0 Louviers (Eure), \u00e9prouvait une affection toute particuli\u00e8re pour les \u00e9glises o\u00f9, d\u2019apr\u00e8s ses proches, elle trouvait de l\u2019apaisement \u00e0 la fin de sa vie.<\/p>\n<p class=\"paragraph text_align_left lp-f-body-02\">Elle a donc d\u00e9cid\u00e9 peu de temps avant sa mort de faire un legs d\u2019un peu plus de 250 000 euros \u00e0 la <a href=\"https:\/\/www.fondation-patrimoine.org\/faire-un-don\/fondation?utm_source=gads&amp;utm_medium=search&amp;utm_campaign=jep-2025&amp;utm_id=JP2025PBL-002453&amp;campaignReferralId=JP2025PBL-002453&amp;gad_source=1&amp;gad_campaignid=23016608311&amp;gbraid=0AAAAADCgi2k9VGsrtWPXFX7OpzhE5C4dW&amp;gclid=CjwKCAjw89jGBhB0EiwA2o1On1eBzEwhNiq5e65hwGMw39SN-K90plLlOnif39PezKizGQOAWqnZrBoCdF8QAvD_BwE\" target=\"_self\" rel=\"noopener\">Fondation du patrimoine<\/a>. Une somme qui d\u2019apr\u00e8s ses derniers souhaits doit servir sp\u00e9cifiquement \u00e0 la restauration de lieux de culte normands. \u00ab Pour nous, \u00e0 l\u2019\u00e9chelle de la r\u00e9gion, recevoir une telle somme de cette mani\u00e8re, c\u2019est une premi\u00e8re ! \u00bb, souligne Olivier Leclerc, le d\u00e9l\u00e9gu\u00e9 r\u00e9gional de la Fondation du patrimoine qui a d\u00e9voil\u00e9 la semaine derni\u00e8re les six sites retenus en Normandie o\u00f9, pour chacun, une petite plaque rappellera la contribution de la g\u00e9n\u00e9reuse infirmi\u00e8re.<\/p>\n<p>\u00ab Nous avons cherch\u00e9 des lieux avec des profils diff\u00e9rents \u00bb<\/p>\n<p class=\"paragraph text_align_left lp-f-body-02\">Chaque d\u00e9partement normand recevra donc une enveloppe de 50 000 euros qui sera affect\u00e9e \u00e0 la remise en \u00e9tat de ces b\u00e2timents, tous accompagn\u00e9s par la Fondation du patrimoine dans leur projet de r\u00e9habilitation. \u00ab Nous avons cherch\u00e9 des lieux avec des profils diff\u00e9rents tout en respectant les souhaits de la d\u00e9funte \u00bb, pr\u00e9cise Olivier Leclerc. Ce qui explique d\u2019ailleurs que les \u00e9glises Notre-Dame de Louviers et Sainte-C\u00e9cile d\u2019Acquigny dans l\u2019Eure, o\u00f9 Coralie Roger avait ses habitudes, aient \u00e9t\u00e9 retenues et se partageront les 50 000 euros allou\u00e9s \u00e0 leur territoire.<\/p>\n<p class=\"paragraph text_align_left lp-f-body-02\">Dans le Calvados, c\u2019est la petite \u00e9glise Saint-Andr\u00e9 de Clarbec qui a \u00e9t\u00e9 choisie, dans la Manche, un ouvrage de la reconstruction, l\u2019\u00e9glise Saint-Michel de Graignes et dans l\u2019Orne, la chapelle de l\u2019h\u00f4pital de Mortagne-au-Perche. \u00ab Chacune poss\u00e8de un style et des probl\u00e9matiques diff\u00e9rentes. Par exemple, la chapelle de l\u2019h\u00f4pital est au c\u0153ur d\u2019un lieu de vie qui accueille au sein d\u2019un Ehpad des personnes \u00e2g\u00e9es \u00bb, d\u00e9taille le d\u00e9l\u00e9gu\u00e9 r\u00e9gional.<\/p>\n<p>\u00ab Un coup de projecteur qui, on l\u2019esp\u00e8re, peut entra\u00eener d\u2019autres dons \u00bb<\/p>\n<p class=\"paragraph text_align_left lp-f-body-02\">En Seine-Maritime enfin, c\u2019est l\u2019\u00e9glise Sainte-Jeanne-d\u2019Arc d\u2019Eslettes qui va b\u00e9n\u00e9ficier des 50 000 euros. Edifi\u00e9e par l\u2019architecte rouennais Pierre Chirol il y a tout juste 100 ans pour combler le manque de lieu de culte dans la commune, elle aurait \u00e9t\u00e9 construite \u00e0 un endroit o\u00f9 <a href=\"https:\/\/www.leparisien.fr\/seine-maritime-76\/a-lhistorial-jeanne-darc-de-rouen-laissez-vous-embarquer-par-larbre-soleil-dans-une-experience-sensorielle-sous-une-yourte-02-06-2025-LW6QKQX7INEYPMJUBVPNMX4IDE.php\" target=\"_self\" rel=\"noopener\">Jeanne-d\u2019Arc<\/a> aurait camp\u00e9 500 ans plus t\u00f4t, prisonni\u00e8re des Anglais, en route pour Rouen. Propri\u00e9t\u00e9 du dioc\u00e8se, car il a \u00e9t\u00e9 construit apr\u00e8s la loi de 1905 sur la s\u00e9paration de l\u2019Eglise et de l\u2019Etat, le b\u00e2timent, dont le clocher a d\u00fb \u00eatre d\u00e9moli en 1987, poss\u00e8de deux beaux vitraux consacr\u00e9s \u00e0 la vie de l\u2019h\u00e9ro\u00efne fran\u00e7aise et une charpente apparente en coque de bateau invers\u00e9.<\/p>\n<p class=\"paragraph text_align_left lp-f-body-02\">Pour Gilbert Colling, le pr\u00e9sident de l\u2019association <a href=\"https:\/\/www.facebook.com\/p\/LEglise-dEslettes-M%C3%A9moire-et-Patrimoine-61574889932598\/\" target=\"_self\" rel=\"noopener\">Eglise d\u2019Eslettes : M\u00e9moire et patrimoine<\/a>, cette somme va permettre de mener des travaux indispensables \u00e0 la remise en \u00e9tat d\u2019une \u00ab \u00e9glise qui donne son charme \u00e0 ce village et \u00e0 laquelle la population est attach\u00e9e \u00bb. Une premi\u00e8re tranche concernera la restauration du porche ainsi que le remplacement de l\u2019ensemble des couvertures afin de mettre l\u2019\u00e9difice hors d\u2019eau. Elle est estim\u00e9e au minimum \u00e0 200 000 euros. \u00ab Cette aide va faciliter nos d\u00e9marches aupr\u00e8s des collectivit\u00e9s qui suivent notre projet et lui donner un coup de projecteur qui, on l\u2019esp\u00e8re, pourrait entra\u00eener d\u2019autres dons \u00bb.<\/p>\n","protected":false},"excerpt":{"rendered":"Il n\u2019y a pas que St\u00e9phane Bern qui aime le patrimoine. D\u00e9c\u00e9d\u00e9e en 2019 \u00e0 53 ans, Coralie&hellip;\n","protected":false},"author":2,"featured_media":423670,"comment_status":"","ping_status":"","sticky":false,"template":"","format":"standard","meta":{"footnotes":""},"categories":[9587],"tags":[1111,917,11,459,1777,674,1011,27,12,5161,25,9590,11074,104],"class_list":{"0":"post-423669","1":"post","2":"type-post","3":"status-publish","4":"format-standard","5":"has-post-thumbnail","7":"category-rouen","8":"tag-actu","9":"tag-actu-locale","10":"tag-actualites","11":"tag-departements-horsidfo","12":"tag-eu","13":"tag-europe","14":"tag-fr","15":"tag-france","16":"tag-news","17":"tag-normandie","18":"tag-republique-francaise","19":"tag-rouen","20":"tag-seine-maritime-76","21":"tag-societe"},"share_on_mastodon":{"url":"https:\/\/pubeurope.com\/@fr\/115281804913646844","error":""},"_links":{"self":[{"href":"https:\/\/www.europesays.com\/fr\/wp-json\/wp\/v2\/posts\/423669","targetHints":{"allow":["GET"]}}],"collection":[{"href":"https:\/\/www.europesays.com\/fr\/wp-json\/wp\/v2\/posts"}],"about":[{"href":"https:\/\/www.europesays.com\/fr\/wp-json\/wp\/v2\/types\/post"}],"author":[{"embeddable":true,"href":"https:\/\/www.europesays.com\/fr\/wp-json\/wp\/v2\/users\/2"}],"replies":[{"embeddable":true,"href":"https:\/\/www.europesays.com\/fr\/wp-json\/wp\/v2\/comments?post=423669"}],"version-history":[{"count":0,"href":"https:\/\/www.europesays.com\/fr\/wp-json\/wp\/v2\/posts\/423669\/revisions"}],"wp:featuredmedia":[{"embeddable":true,"href":"https:\/\/www.europesays.com\/fr\/wp-json\/wp\/v2\/media\/423670"}],"wp:attachment":[{"href":"https:\/\/www.europesays.com\/fr\/wp-json\/wp\/v2\/media?parent=423669"}],"wp:term":[{"taxonomy":"category","embeddable":true,"href":"https:\/\/www.europesays.com\/fr\/wp-json\/wp\/v2\/categories?post=423669"},{"taxonomy":"post_tag","embeddable":true,"href":"https:\/\/www.europesays.com\/fr\/wp-json\/wp\/v2\/tags?post=423669"}],"curies":[{"name":"wp","href":"https:\/\/api.w.org\/{rel}","templated":true}]}}