{"id":423691,"date":"2025-09-28T12:12:11","date_gmt":"2025-09-28T12:12:11","guid":{"rendered":"https:\/\/www.europesays.com\/fr\/423691\/"},"modified":"2025-09-28T12:12:11","modified_gmt":"2025-09-28T12:12:11","slug":"luniversite-de-bordeaux-plaide-pour-un-retour-de-la-voie-unique","status":"publish","type":"post","link":"https:\/\/www.europesays.com\/fr\/423691\/","title":{"rendered":"l\u2019Universit\u00e9 de Bordeaux plaide pour un retour de la voie unique"},"content":{"rendered":"<p>\u00ab\u00a0Nous souhaitons la mettre en place le plus rapidement possible.\u00a0\u00bb Le pr\u00e9sident de l\u2019Universit\u00e9 de Bordeaux Dean Lewis n\u2019y va pas par quatre chemins pour \u00e9voquer la <a href=\"https:\/\/www.sudouest.fr\/sante\/des-etudes-de-medecine-raccourcies-de-8-a-10-ans-un-rapport-parlementaire-le-recommande-25196051.php\" target=\"_blank\" rel=\"follow nofollow noopener\">r\u00e9forme des \u00e9tudes de m\u00e9decine<\/a> qu\u2019il souhaite concr\u00e9tiser sur l\u2019ensemble des campus du Sud-Ouest.<\/p>\n<p>Auparavant, un \u00e9tudiant int\u00e9grait la Premi\u00e8re ann\u00e9e commune aux \u00e9tudes de sant\u00e9 (Paces), qui s\u2019achevait par les examens en fin d\u2019ann\u00e9e. Le syst\u00e8me \u00e9tait critiqu\u00e9, accus\u00e9 d\u2019enfermer les \u00e9tudiants dans l\u2019\u00e9chec avec de multiples redoublements, de favoriser une culture de \u00ab\u00a0l\u2019excellence dans la souffrance\u00a0\u00bb ou d\u2019user de m\u00e9thodes peu p\u00e9dagogiques.<\/p>\n<p>Complexit\u00e9<\/p>\n<p>En 2020, le nouveau syst\u00e8me voit d\u00e9barquer un Parcours d\u2019acc\u00e8s sp\u00e9cifique sant\u00e9 (Pass), qui correspond \u00e0 un cursus de m\u00e9decine classique mais sans possibilit\u00e9 de redoubler. En cas d\u2019\u00e9chec, l\u2019\u00e9tudiant peut poursuivre son parcours en int\u00e9grant une licence acc\u00e8s sant\u00e9 (LAS) en deuxi\u00e8me ann\u00e9e. La LAS permet d\u2019avoir une mati\u00e8re en majeure (philo, droit, sport, etc.) et m\u00e9decine en mineure. L\u2019\u00e9tudiant dispose de deux tentatives durant sa licence pour acc\u00e9der aux \u00e9tudes de sant\u00e9.<\/p>\n<p>\u00ab\u00a0Dans beaucoup d\u2019universit\u00e9s de taille importante, comme \u00e0 Bordeaux, la r\u00e9forme s\u2019est traduite par une complexit\u00e9 de mise en \u0153uvre, constate Dean Lewis. Selon une analyse men\u00e9e en juin 2025, nous avons environ 3\u00a0000 \u00e9tudiants sur 61 parcours d\u2019\u00e9tudes diff\u00e9rents et sur l\u2019ensemble du Sud-Ouest. Il y a ceux qui n\u2019ont pas eu la Pass et qui vont en LAS, ceux qui sont en LAS en philo \u00e0 Pau, ceux qui redoublent la LAS, etc.\u00a0\u00bb Un constat qui n\u2019\u00e9tonne pas les \u00e9tudiants en m\u00e9decine, dont beaucoup d\u00e9noncent un \u00ab\u00a0manque de transparence\u00a0\u00bb, une \u00ab\u00a0d\u00e9sorganisation\u00a0\u00bb ou des \u00ab\u00a0informations contradictoires\u00a0\u00bb.<\/p>\n<p>Des capacit\u00e9s d\u2019accueil r\u00e9duites\u00a0?<\/p>\n<p>Pour l\u2019avenir, l\u2019Universit\u00e9 de Bordeaux imagine <a href=\"https:\/\/www.sudouest.fr\/politique\/education\/etudes-de-sante-la-cour-des-comptes-recommande-le-retour-a-une-voie-unique-d-acces-22489247.php\" target=\"_blank\" rel=\"follow nofollow noopener\">un resserrement sur un seul parcours<\/a>, conform\u00e9ment aux pr\u00e9conisations de la Cour des comptes. \u00ab\u00a0Rien n\u2019est valid\u00e9 \u00e0 ce jour, mais notre id\u00e9e est d\u2019avoir une licence avec environ 40 \u00e0 50\u00a0% d\u2019unit\u00e9s d\u2019enseignement de sant\u00e9, et un peu moins de 50\u00a0% d\u2019autres disciplines, d\u00e9roule Dean Lewis. La licence serait assez s\u00e9lective, avec l\u2019organisation d\u2019un classement qui vous permet de r\u00e9partir les \u00e9tudiants sur m\u00e9decine, odontologie, <a href=\"https:\/\/www.sudouest.fr\/etudiant\/etudes-de-sante-pourquoi-pharmacie-et-sage-femme-attirent-moins-malgre-les-debouches-22410754.php\" target=\"_blank\" rel=\"follow nofollow noopener\">pharmacie<\/a> et ma\u00efeutique, voire des passerelles avec des \u00e9coles param\u00e9dicales et les \u00e9coles de kin\u00e9.\u00a0\u00bb<\/p>\n<p>Dean Lewis plaide pour \u00ab\u00a0des accompagnements un peu plus renforc\u00e9s sur les territoires afin de faire en sorte que les taux de r\u00e9ussite de ces \u00e9tudiants soient meilleurs. Ils ne sont pas moins bons mais ils ne b\u00e9n\u00e9ficient pas de l\u2019\u00e9cosyst\u00e8me de Bordeaux\u00a0\u00bb.<\/p>\n<p>Reste qu\u2019une autre donn\u00e9e aura son importance. \u00ab\u00a0Si nous sommes \u00e0 moyens constants, il faudra diminuer les capacit\u00e9s d\u2019accueil, pr\u00e9vient Dean Lewis. Aujourd\u2019hui, nous avons 1\u00a0400 \u00e9tudiants en Pass et 700 en LAS, donc un total de plus de 2\u00a0000. Le nouveau syst\u00e8me serait soutenable si nous passions au-dessous des 2\u00a0000 \u00e9tudiants.\u00a0\u00bb Le pr\u00e9sident mentionne une autre perspective\u00a0: d\u00e9crocher des moyens suppl\u00e9mentaires dans le cadre des futurs contrats d\u2019objectifs, de moyens et de performance (Comp) qui doivent prochainement encadrer les moyens allou\u00e9s aux universit\u00e9s.<\/p>\n","protected":false},"excerpt":{"rendered":"\u00ab\u00a0Nous souhaitons la mettre en place le plus rapidement possible.\u00a0\u00bb Le pr\u00e9sident de l\u2019Universit\u00e9 de Bordeaux Dean Lewis&hellip;\n","protected":false},"author":2,"featured_media":423692,"comment_status":"","ping_status":"","sticky":false,"template":"","format":"standard","meta":{"footnotes":""},"categories":[2817],"tags":[1111,11,1997,1777,674,1011,27,12,2219,25],"class_list":{"0":"post-423691","1":"post","2":"type-post","3":"status-publish","4":"format-standard","5":"has-post-thumbnail","7":"category-bordeaux","8":"tag-actu","9":"tag-actualites","10":"tag-bordeaux","11":"tag-eu","12":"tag-europe","13":"tag-fr","14":"tag-france","15":"tag-news","16":"tag-nouvelle-aquitaine","17":"tag-republique-francaise"},"share_on_mastodon":{"url":"https:\/\/pubeurope.com\/@fr\/115281863930775978","error":""},"_links":{"self":[{"href":"https:\/\/www.europesays.com\/fr\/wp-json\/wp\/v2\/posts\/423691","targetHints":{"allow":["GET"]}}],"collection":[{"href":"https:\/\/www.europesays.com\/fr\/wp-json\/wp\/v2\/posts"}],"about":[{"href":"https:\/\/www.europesays.com\/fr\/wp-json\/wp\/v2\/types\/post"}],"author":[{"embeddable":true,"href":"https:\/\/www.europesays.com\/fr\/wp-json\/wp\/v2\/users\/2"}],"replies":[{"embeddable":true,"href":"https:\/\/www.europesays.com\/fr\/wp-json\/wp\/v2\/comments?post=423691"}],"version-history":[{"count":0,"href":"https:\/\/www.europesays.com\/fr\/wp-json\/wp\/v2\/posts\/423691\/revisions"}],"wp:featuredmedia":[{"embeddable":true,"href":"https:\/\/www.europesays.com\/fr\/wp-json\/wp\/v2\/media\/423692"}],"wp:attachment":[{"href":"https:\/\/www.europesays.com\/fr\/wp-json\/wp\/v2\/media?parent=423691"}],"wp:term":[{"taxonomy":"category","embeddable":true,"href":"https:\/\/www.europesays.com\/fr\/wp-json\/wp\/v2\/categories?post=423691"},{"taxonomy":"post_tag","embeddable":true,"href":"https:\/\/www.europesays.com\/fr\/wp-json\/wp\/v2\/tags?post=423691"}],"curies":[{"name":"wp","href":"https:\/\/api.w.org\/{rel}","templated":true}]}}