{"id":423695,"date":"2025-09-28T12:14:11","date_gmt":"2025-09-28T12:14:11","guid":{"rendered":"https:\/\/www.europesays.com\/fr\/423695\/"},"modified":"2025-09-28T12:14:11","modified_gmt":"2025-09-28T12:14:11","slug":"comment-ce-lieu-inedit-en-france-va-se-transformer","status":"publish","type":"post","link":"https:\/\/www.europesays.com\/fr\/423695\/","title":{"rendered":"comment ce lieu in\u00e9dit en France va se transformer"},"content":{"rendered":"<p>            Par<br \/>\n        <strong><br \/>\n            <a href=\"https:\/\/actu.fr\/auteur\/gabriel-kenedi\" title=\"Consulter tous les articles de Gabriel Kenedi\" target=\"_blank\" rel=\"noopener\">Gabriel Kenedi<\/a><br \/>\n        <\/strong><\/p>\n<p>        Publi\u00e9 le<\/p>\n<p>            28 sept. 2025 \u00e0 6h02        <\/p>\n<p>La For\u00eat \u00c9lectrique, c\u2019est un <strong>cin\u00e9ma ind\u00e9pendant<\/strong> en cours de cr\u00e9ation qui ressemble sans doute \u00e0 nul autre en France\u2009! Install\u00e9 dans une ancienne halle industrielle du quartier Bonnefoy,<a href=\"https:\/\/actu.fr\/toulouse\/\" target=\"_blank\" rel=\"noopener\"> \u00e0 Toulouse<\/a>, la F\u00f4ret \u00c9lectrique dispose d\u2019une salle de projection, d\u2019un caf\u00e9-bar et d\u2019espaces de cr\u00e9ation. La <strong>nouvelle saison \u00e9ph\u00e9m\u00e8re<\/strong> de ce cin\u00e9ma pas comme les autres, en cours jusqu\u2019au 2\u00a0novembre 2025, sera la derni\u00e8re avant le v\u00e9ritable d\u00e9marrage des travaux et la construction d\u2019un cin\u00e9ma (et bien plus que \u00e7a\u2009!) p\u00e9renne. On vous en dit plus sur cette nouvelle saison\u2026 et sur le chantier qui s\u2019annonce\u2009!<\/p>\n<p>Derni\u00e8re saison \u00e9ph\u00e9m\u00e8re<\/p>\n<p class=\" wall-content\">Alors que la For\u00eat \u00c9lectrique a par d\u00e9finition l<strong>es yeux riv\u00e9s vers l\u2019avenir<\/strong>, le cin\u00e9ma ind\u00e9pendant explore cet automne, et de mani\u00e8re multiforme, les <strong>\u00ab\u2009futurs\u2009\u00bb<\/strong>, plus ou moins radieux.<\/p>\n<p class=\" wall-content\">\u00ab\u2009On s\u2019appr\u00eate \u00e0 transformer le lieu en profondeur donc on trouvait \u00e7a chouette de pouvoir proposer tout un tas de films, de rencontres et d\u2019\u00e9v\u00e8nements qui nous permettent de questionner les futurs au pluriel\u2009! On essaie de <strong>susciter la curiosit\u00e9<\/strong> en proposant un vrai m\u00e9lange de films populaires, aventureux, des documentaires, des rencontres\u2026 Mais on organise aussi des \u00e9v\u00e9nements qui peuvent int\u00e9resser un public qui n\u2019est pas forc\u00e9ment cin\u00e9phile\u2009: un super-loto, des s\u00e9ances pour les enfants, des concerts\u2009\u00bb, indique <strong>Agn\u00e8s Salson<\/strong>, co-fondatrice de la For\u00eat \u00e9lectrique.<\/p>\n<p class=\" wall-content\">Dans le m\u00eame temps, la For\u00eat propose \u00e9galement<strong> un restaurant<\/strong>, ouvert du mercredi au vendredi midi.<\/p>\n<p>Le programme complet de la saison 4 est<a href=\"https:\/\/laforetelectrique.com\/saison-4-automne\/\" target=\"_blank\" rel=\"noopener\"> \u00e0 consulter ici<\/a>.D\u00e9but des travaux en 2026<\/p>\n<p class=\" wall-content\">\u00ab\u2009Ce projet, on l\u2019a d\u00e9marr\u00e9 il y a 10\u00a0ans avec mon associ\u00e9, Mika\u00ebl\u2009: on \u00e9tait parti faire <strong>un tour d\u2019Europe<\/strong> des salles de cin\u00e9ma ind\u00e9pendantes, avec pour objectif de s\u2019inspirer d\u2019autres mod\u00e8les\u2009\u00bb, rappelle Agn\u00e8s Salson. La For\u00eat est n\u00e9e en suivant, d\u00e8s 2017, d\u2019abord dans les Halles de la Cartoucherie (avant la construction du tiers-lieu) puis \u00e0 Bonnefoy, depuis quelques ann\u00e9es d\u00e9j\u00e0.<\/p>\n<p>Votre r\u00e9gion, votre actu !<\/p>\n<p>Recevez chaque jour les infos qui comptent pour vous.<\/p>\n<p>\t<a href=\"https:\/\/actu.fr\/newsletter\" class=\"ac-btn ac-btn--corner ac-btn--medium ac-btn--blue800\" target=\"_blank\" rel=\"noopener\">S&rsquo;incrire<\/a><\/p>\n<p class=\" wall-content\">\u00c0 la fin de la saison, il sera temps de <strong>proc\u00e9der aux grands travaux<\/strong> et d\u2019envisager un futur plus p\u00e9renne\u2009! \u00ab\u2009Notre objectif, c\u2019est de d\u00e9poser le permis de construire \u00e0 la fin de l\u2019ann\u00e9e 2026, et de lancer les travaux au printemps 2026 pour <strong>une ouverture 12\u00a0mois plus tard, au printemps 2027<\/strong>\u2009\u00bb.<\/p>\n<p>Un lieu qui sera ouvert \u00e0 l\u2019ann\u00e9e<\/p>\n<p class=\" wall-content\">\u00ab\u2009Ce futur lieu s\u2019inscrira dans la continuit\u00e9 de ce qu\u2019on a test\u00e9 durant toutes ces ann\u00e9es de pr\u00e9figuration\u2009\u00bb, pr\u00e9cise encore Agn\u00e8s Salson. \u00ab\u2009Ce qui va changer, c\u2019est surtout qu\u2019<strong>on sera ouvert toute l\u2019ann\u00e9e<\/strong> et que cette fois, chaque activit\u00e9 aura bien son espace. On pourra vraiment venir passer une journ\u00e9e \u00e0 la For\u00eat \u00e9lectrique\u2009: on pourra venir le matin boire un caf\u00e9, voir une s\u00e9ance\u2026 et peut-\u00eatre que lors de votre visite, il y aura des artistes en train de faire des balances dans la halle parce qu\u2019il y aura un \u00e9v\u00e8nement en pr\u00e9paration le soir, ou un tournage et un film en fabrication dans les ateliers\u2026\u2009\u00bb<\/p>\n<p>Un appel aux dons lanc\u00e9<\/p>\n<p class=\" wall-content\">En parall\u00e8le, une<strong> campagne de financement participatif<\/strong> a \u00e9t\u00e9 lanc\u00e9e.\u00a0Pourquoi <a href=\"https:\/\/www.helloasso.com\/associations\/la-foret-electrique\/collectes\/aidez-nous-a-faire-pousser-la-foret-electrique\" target=\"_blank\" rel=\"noopener\">cet appel aux dons<\/a>\u2009? \u00ab\u2009On a d\u00e9cid\u00e9 de rester sur un mod\u00e8le associatif, avec une structure sans actionnaires et sans investisseurs priv\u00e9s. On fait donc appel \u00e0 nos futurs spectateurs pour nous aider \u00e0 <strong>renforcer nos fonds propres<\/strong> et \u00e0 faire effet levier aussi sur les futurs financeurs\u2009\u00bb, expose Agn\u00e8s Salson.<\/p>\n<p class=\" wall-content\">En parall\u00e8le, la mairie de Toulouse a accord\u00e9 un bail emphyt\u00e9otique <strong>d\u2019une dur\u00e9e de 30\u00a0ans avec l\u2019association<\/strong>, pour permettre \u00e0 la For\u00eat \u00e9lectrique de s\u2019installer de mani\u00e8re sereine.<\/p>\n<p class=\" wall-content\">\u00ab\u2009Cela va nous aider \u00e0 engager des travaux, que l\u2019on a budg\u00e9tis\u00e9s \u00e0 <strong>1,6\u00a0millions d\u2019euros<\/strong>. On a rencontr\u00e9 les banques, qui ont valid\u00e9 un emprunt de 500\u2009000\u00a0euros sous r\u00e9serve de l\u2019obtention des financements publics. On esp\u00e8re, apr\u00e8s le d\u00e9p\u00f4t du permis, lever plus de 900\u2009000\u00a0euros de financements publics, aupr\u00e8s de la R\u00e9gion Occitanie et du CNC. Et en parall\u00e8le, on recherche des m\u00e9c\u00e8nes et on a lanc\u00e9 cette campagne \u00e0 dons, avec un objectif de 25\u2009000\u00a0euros r\u00e9colt\u00e9s, pour atteindre les <strong>100\u2009000\u00a0euros de fonds propres<\/strong>. C\u2019est donc vraiment un tournant pour nous\u2009! Car les dons r\u00e9colt\u00e9s serviront \u00e0 enclencher la suite et \u00e0 lancer les travaux\u2009\u00bb.<\/p>\n<p>Deux salles de projection<\/p>\n<p class=\" wall-content\">Des travaux qui seront nombreux\u2009: il s\u2019agit notamment de refaire la toiture, l\u2019\u00e9lectricit\u00e9, l\u2019am\u00e9nagement int\u00e9rieur, les finitions, les \u00e9quipements\u2026 C\u2019est donc un grand chantier qui s\u2019annonce\u2009!<\/p>\n<p class=\" wall-content\">Le futur cin\u00e9ma, qui s\u2019installe sur un terrain de 680m2, comportera dans le d\u00e9tail<strong> deux espaces de projection<\/strong> d\u2019environ 200 places. \u00ab\u2009On veut garder le c\u00f4t\u00e9 atypique de la saisonnalit\u00e9 des \u00e9v\u00e8nements en conservant un espace modulable. Mais il y aura aussi une salle de cin\u00e9ma ind\u00e9pendante, ouverte tous les jours, qui proposera des films du matin au soir. On trouvera aussi des espaces de cr\u00e9ations, des bureaux que l\u2019on pourra louer aux industries cr\u00e9atives, un grand caf\u00e9 restaurant de 200\u00a0m\u00e8tres carr\u00e9s ouvert tous les jours, et des espaces de post-production\u2009\u00bb.<\/p>\n<p class=\" wall-content\">Le futur s\u2019annonce radieux \u00e0 La For\u00eat \u00e9lectrique\u2009!<\/p>\n<p>La For\u00eat \u00e9lectrique. 37 chemin de Lapujade, 31200 Toulouse. Plus d\u2019infos <a href=\"https:\/\/laforetelectrique.com\/\" target=\"_blank\" rel=\"noopener\">sur la saison 4 ici<\/a> et <a href=\"https:\/\/www.helloasso.com\/associations\/la-foret-electrique\/collectes\/aidez-nous-a-faire-pousser-la-foret-electrique\" target=\"_blank\" rel=\"noopener\">sur l\u2019appel \u00e0 dons ici<\/a>.<\/p>\n<p class=\" wall-content\">Personnalisez votre actualit\u00e9 en ajoutant vos villes et m\u00e9dias en favori avec <a href=\"https:\/\/moncompte.actu.fr\" title=\"D\u00e9couvez Mon Actu\" rel=\"nofollow noopener\" data-trk=\"{&quot;cta&quot;:{&quot;action&quot;:&quot;https:\\\/\\\/moncompte.actu.fr&quot;,&quot;category&quot;:&quot;mon compte&quot;,&quot;from&quot;:&quot;article footer&quot;,&quot;name&quot;:&quot;Mon actu&quot;,&quot;type&quot;:&quot;cta&quot;}}\" target=\"_blank\">Mon Actu<\/a>.<\/p>\n","protected":false},"excerpt":{"rendered":"Par Gabriel Kenedi Publi\u00e9 le 28 sept. 2025 \u00e0 6h02 La For\u00eat \u00c9lectrique, c\u2019est un cin\u00e9ma ind\u00e9pendant en&hellip;\n","protected":false},"author":2,"featured_media":423696,"comment_status":"","ping_status":"","sticky":false,"template":"","format":"standard","meta":{"footnotes":""},"categories":[2816],"tags":[1111,11,650,1777,674,1011,27,1652,12,2680,25,1341,2312],"class_list":{"0":"post-423695","1":"post","2":"type-post","3":"status-publish","4":"format-standard","5":"has-post-thumbnail","7":"category-toulouse","8":"tag-actu","9":"tag-actualites","10":"tag-cinema","11":"tag-eu","12":"tag-europe","13":"tag-fr","14":"tag-france","15":"tag-loisirs-culture","16":"tag-news","17":"tag-occitanie","18":"tag-republique-francaise","19":"tag-sortir-a-toulouse","20":"tag-toulouse"},"share_on_mastodon":{"url":"https:\/\/pubeurope.com\/@fr\/115281871783762058","error":""},"_links":{"self":[{"href":"https:\/\/www.europesays.com\/fr\/wp-json\/wp\/v2\/posts\/423695","targetHints":{"allow":["GET"]}}],"collection":[{"href":"https:\/\/www.europesays.com\/fr\/wp-json\/wp\/v2\/posts"}],"about":[{"href":"https:\/\/www.europesays.com\/fr\/wp-json\/wp\/v2\/types\/post"}],"author":[{"embeddable":true,"href":"https:\/\/www.europesays.com\/fr\/wp-json\/wp\/v2\/users\/2"}],"replies":[{"embeddable":true,"href":"https:\/\/www.europesays.com\/fr\/wp-json\/wp\/v2\/comments?post=423695"}],"version-history":[{"count":0,"href":"https:\/\/www.europesays.com\/fr\/wp-json\/wp\/v2\/posts\/423695\/revisions"}],"wp:featuredmedia":[{"embeddable":true,"href":"https:\/\/www.europesays.com\/fr\/wp-json\/wp\/v2\/media\/423696"}],"wp:attachment":[{"href":"https:\/\/www.europesays.com\/fr\/wp-json\/wp\/v2\/media?parent=423695"}],"wp:term":[{"taxonomy":"category","embeddable":true,"href":"https:\/\/www.europesays.com\/fr\/wp-json\/wp\/v2\/categories?post=423695"},{"taxonomy":"post_tag","embeddable":true,"href":"https:\/\/www.europesays.com\/fr\/wp-json\/wp\/v2\/tags?post=423695"}],"curies":[{"name":"wp","href":"https:\/\/api.w.org\/{rel}","templated":true}]}}