{"id":423707,"date":"2025-09-28T12:20:17","date_gmt":"2025-09-28T12:20:17","guid":{"rendered":"https:\/\/www.europesays.com\/fr\/423707\/"},"modified":"2025-09-28T12:20:17","modified_gmt":"2025-09-28T12:20:17","slug":"agression-raciste-envers-trois-artistes-de-la-biennale-de-lyon","status":"publish","type":"post","link":"https:\/\/www.europesays.com\/fr\/423707\/","title":{"rendered":"Agression raciste envers trois artistes de la Biennale de Lyon"},"content":{"rendered":"<p>                            <img loading=\"lazy\" width=\"1080\" height=\"675\" class=\"attachment-article size-article wp-post-image lazyload\" alt=\"\" decoding=\"async\" src=\"https:\/\/www.europesays.com\/fr\/wp-content\/uploads\/2025\/07\/Fan-ZONE-scaled-e1696239529353.jpg\" data-eio-rwidth=\"1080\" data-eio-rheight=\"675\"\/><\/p>\n<p>D\u00e9fil\u00e9 biennale danse 2023.<\/p>\n<p class=\"content\" style=\"font-size:1.2em;font-weight:700\">Trois artistes, invit\u00e9s de la Biennale de la danse de Lyon, ont \u00e9t\u00e9 victimes d&rsquo;une agression raciste \u00e0 la Croix-Rousse, \u00e0 Lyon, ce vendredi 26 septembre. Une plainte a \u00e9t\u00e9 d\u00e9pos\u00e9e. <\/p>\n<p>L&rsquo;agression raciste a eu lieu dans un bar du quartier de la Croix-Rousse, \u00e0 Lyon, ce vendredi 26 septembre. Le d\u00e9roul\u00e9 de la soir\u00e9e exact n&rsquo;est pas encore d\u00e9termin\u00e9, mais selon une source proche du dossier, les trois artistes, Doroth\u00e9e Munyaneza, Ben LaMar Gay et Julian Knxx ont \u00e9t\u00e9 agress\u00e9s verbalement vers 23h. L&rsquo;une des victimes a m\u00eame re\u00e7u des coups. \u00ab\u00a0Heureusement, ils sont hors de danger\u00a0\u00bb, explique la Biennale, le Centre Pompidou et la Villa Gillet dans un communiqu\u00e9 commun. <\/p>\n<p>Ces derniers condamnent \u00ab\u00a0avec la plus grande fermet\u00e9 cette violence insupportable, qui nous choque profond\u00e9ment et nous rappelle combien le racisme continue de traverser et de blesser notre soci\u00e9t\u00e9\u00a0\u00bb, et apportent leur \u00ab\u00a0solidarit\u00e9 absolue avec les artistes agress\u00e9s, ainsi qu\u2019avec toutes celles et ceux qui subissent encore la haine raciale\u00a0\u00bb. Une plainte a \u00e9t\u00e9 d\u00e9pos\u00e9e, selon une source proche du dossier. <\/p>\n<p><strong>Soutien de la mairie<\/strong> <strong>lyonnaise<\/strong><\/p>\n<p>Le maire de la ville, Gr\u00e9gory Doucet, condamne l&rsquo;agression et apporte son soutien et sa solidarit\u00e9 aux trois artistes. \u00ab\u00a0Lyon puise sa force dans ses valeurs d\u2019humanisme, d\u2019\u00e9galit\u00e9 et de respect. Elle ne c\u00e9dera jamais face au racisme. Face \u00e0 la haine, restons unis.\u00a0\u00bb<\/p>\n<p>Sur le r\u00e9seau social X, Jean-Michel Aulas a \u00e9galement r\u00e9agi et apport\u00e9 son soutien : \u00ab\u00a0Lyon est et restera une terre de culture, d\u2019ouverture et de respect. Le racisme est un poison qui n\u2019a pas sa place dans notre ville.\u00a0\u00bb<\/p>\n<p>Les trois artistes sont pr\u00e9sents sur Lyon depuis le jeudi 25 septembre pour la pr\u00e9sentation de la nouvelle oeuvre de Doroth\u00e9e, Version(s), \u00e0 la Villa Gillet de Lyon, ainsi que pour une repr\u00e9sentation dans le cadre de la Biennale de la danse. Doroth\u00e9e, Ben et Julian ont tout de m\u00eame tenu \u00e0 jouer ce samedi soir, comme pr\u00e9vu dans le programme.  <\/p>\n","protected":false},"excerpt":{"rendered":"D\u00e9fil\u00e9 biennale danse 2023. Trois artistes, invit\u00e9s de la Biennale de la danse de Lyon, ont \u00e9t\u00e9 victimes&hellip;\n","protected":false},"author":2,"featured_media":275171,"comment_status":"","ping_status":"","sticky":false,"template":"","format":"standard","meta":{"footnotes":""},"categories":[1889],"tags":[1111,11,2430,24843,251,1777,674,118,1011,27,2428,12,10162,25,2429],"class_list":{"0":"post-423707","1":"post","2":"type-post","3":"status-publish","4":"format-standard","5":"has-post-thumbnail","7":"category-lyon","8":"tag-actu","9":"tag-actualites","10":"tag-auvergne-rhone-alpes","11":"tag-biennale-de-la-danse","12":"tag-culture","13":"tag-eu","14":"tag-europe","15":"tag-faits-divers","16":"tag-fr","17":"tag-france","18":"tag-lyon","19":"tag-news","20":"tag-racisme","21":"tag-republique-francaise","22":"tag-rhone"},"share_on_mastodon":{"url":"https:\/\/pubeurope.com\/@fr\/115281895563372215","error":""},"_links":{"self":[{"href":"https:\/\/www.europesays.com\/fr\/wp-json\/wp\/v2\/posts\/423707","targetHints":{"allow":["GET"]}}],"collection":[{"href":"https:\/\/www.europesays.com\/fr\/wp-json\/wp\/v2\/posts"}],"about":[{"href":"https:\/\/www.europesays.com\/fr\/wp-json\/wp\/v2\/types\/post"}],"author":[{"embeddable":true,"href":"https:\/\/www.europesays.com\/fr\/wp-json\/wp\/v2\/users\/2"}],"replies":[{"embeddable":true,"href":"https:\/\/www.europesays.com\/fr\/wp-json\/wp\/v2\/comments?post=423707"}],"version-history":[{"count":0,"href":"https:\/\/www.europesays.com\/fr\/wp-json\/wp\/v2\/posts\/423707\/revisions"}],"wp:featuredmedia":[{"embeddable":true,"href":"https:\/\/www.europesays.com\/fr\/wp-json\/wp\/v2\/media\/275171"}],"wp:attachment":[{"href":"https:\/\/www.europesays.com\/fr\/wp-json\/wp\/v2\/media?parent=423707"}],"wp:term":[{"taxonomy":"category","embeddable":true,"href":"https:\/\/www.europesays.com\/fr\/wp-json\/wp\/v2\/categories?post=423707"},{"taxonomy":"post_tag","embeddable":true,"href":"https:\/\/www.europesays.com\/fr\/wp-json\/wp\/v2\/tags?post=423707"}],"curies":[{"name":"wp","href":"https:\/\/api.w.org\/{rel}","templated":true}]}}