{"id":423712,"date":"2025-09-28T12:24:16","date_gmt":"2025-09-28T12:24:16","guid":{"rendered":"https:\/\/www.europesays.com\/fr\/423712\/"},"modified":"2025-09-28T12:24:16","modified_gmt":"2025-09-28T12:24:16","slug":"les-droles-de-revelations-de-julie-depardieu-sur-sa-vie-avec-philippe-katerine","status":"publish","type":"post","link":"https:\/\/www.europesays.com\/fr\/423712\/","title":{"rendered":"les dr\u00f4les de r\u00e9v\u00e9lations de Julie Depardieu sur sa vie avec Philippe Katerine"},"content":{"rendered":"<p class=\"intro\">Amoureuse de Philippe Katerine depuis 15\u00a0ans, Julie Depardieu a accept\u00e9 d\u2019\u00e9voquer son couple lors de son passage dans \u00ab\u00a0Quelle \u00e9poque\u00a0!\u00a0\u00bb, revenant notamment sur la \u00ab\u00a0normalit\u00e9\u00a0\u00bb de son conjoint et sur son buzz plan\u00e9taire durant la c\u00e9r\u00e9monie d\u2019ouverture des Jeux olympiques.<\/p>\n<p>Apr\u00e8s une ann\u00e9e de pause, Julie Depardieu s\u2019appr\u00eate \u00e0 faire son grand retour\u00a0! Non pas au cin\u00e9ma, mais sur les planches o\u00f9 la com\u00e9dienne est attendue dans le r\u00f4le de Juliette Drouet, connue pour avoir \u00e9t\u00e9 <a href=\"https:\/\/www.parismatch.com\/Culture\/Livres\/j-ai-collectionne-les-lettres-d-amour-Par-Anne-Marie-Springer-133276\" rel=\"nofollow noopener\" target=\"_blank\">la ma\u00eetresse de Victor Hugo<\/a> durant pr\u00e8s d\u2019un demi-si\u00e8cle. Afin de faire la promotion de cette pi\u00e8ce intitul\u00e9e \u00ab\u00a0La Mis\u00e9rable\u00a0\u00bb et se jouant au Th\u00e9\u00e2tre Marigny, l\u2019actrice a r\u00e9pondu \u00e0 l\u2019invitation de \u00ab\u00a0Quelle \u00e9poque\u00a0!\u00a0\u00bb, ce 27\u00a0septembre.<\/p>\n<p>Si Juliette Drouet est donc rest\u00e9e dans l\u2019histoire pour ses amours malheureuses, ce n\u2019est pas le cas de son interpr\u00e8te qui a confi\u00e9 aller \u00ab\u00a0mieux, heureusement\u00a0\u00bb, en partie gr\u00e2ce \u00e0 celui qui partage sa vie depuis d\u00e9sormais 15\u00a0ans\u00a0: le chanteur et acteur Philippe Katerine. \u00ab\u00a0C\u2019est vrai que \u00e7a va mieux\u00a0! Je lui ai dit d\u2019ailleurs <a href=\"https:\/\/www.parismatch.com\/People\/Julie-Depardieu-Avec-Philippe-nous-avons-mis-un-an-avant-de-nous-embrasser-1181057\" rel=\"nofollow noopener\" target=\"_blank\">quand on s\u2019est rencontr\u00e9<\/a>\u2026 &lsquo;fais gaffe\u2026 je sais pas si tu sais bien o\u00f9 tu vas mettre les pieds&rsquo;\u2026 je l\u2019ai pas encourag\u00e9\u00a0!\u00a0\u00bb a notamment d\u00e9clar\u00e9 <a href=\"https:\/\/www.parismatch.com\/people\/julie-depardieu-et-philippe-katerine-de-sortie-avec-leurs-enfants-billy-et-alfred-221087\" rel=\"nofollow noopener\" target=\"_blank\">la m\u00e8re de Billy et Alfred<\/a>.<\/p>\n<p>    La suite apr\u00e8s cette publicit\u00e9<\/p>\n<p>Au moment de sa rencontre avec Philippe Katerine sur le film \u00ab\u00a0Je suis un No man\u2019s land\u00a0\u00bb, Julie Depardieu \u00e9tait en effet en plein deuil suite <a href=\"https:\/\/www.parismatch.com\/people\/julie-depardieu-evoque-la-mort-de-son-frere-guillaume-je-navais-envie-de-rien-239365\" rel=\"nofollow noopener\" target=\"_blank\">au d\u00e9c\u00e8s de son fr\u00e8re, Guillaume<\/a>, survenu deux ans auparavant, des suites d\u2019une pneumonie. Et 15\u00a0ans plus tard, les amoureux semblent encore s\u2019aimer comme au premier jour, une long\u00e9vit\u00e9 qui \u00e9tonne m\u00eame la principale int\u00e9ress\u00e9e qui estime \u00eatre \u00ab\u00a0r\u00e9solument comme tout le monde, un peu chiante\u2026 et pourtant lui il est encore l\u00e0\u00a0!\u00a0\u00bb.<\/p>\n<p>    La suite apr\u00e8s cette publicit\u00e9<\/p>\n<p>\u00ab\u00a0C\u2019est moi qui lui ai enlev\u00e9 le bleu\u00a0\u00bb<\/p>\n<p>Si elle assure que son conjoint est \u00ab\u00a0r\u00e9solument normal\u00a0\u00bb et \u00ab\u00a0hyper facile \u00e0 vivre\u00a0\u00bb, Julie Depardieu ne cache pas pour autant que la vie \u00e0 ses c\u00f4t\u00e9s rec\u00e8le son lot de surprises, comme lors de <a href=\"https:\/\/www.parismatch.com\/culture\/musique\/philippe-katerine-tout-nu-pour-la-ceremonie-douverture-des-jo-2024-240011\" rel=\"nofollow noopener\" target=\"_blank\">sa prestation mondialement remarqu\u00e9e<\/a> lors de la c\u00e9r\u00e9monie d\u2019ouverture des Jeux olympiques de Paris.<\/p>\n<p>\u00ab\u00a0C\u2019est moi qui lui ai enlev\u00e9 le bleu\u00a0\u00bb confie la com\u00e9dienne qui mime alors les coups de brosse en s\u2019\u00e9criant \u00ab\u00a0dis donc c\u2019est de la peinture pour bagnole ce truc\u00a0!\u00a0\u00bb et en se rappelant que la sc\u00e8ne a eu lieu \u00e0 3\u00a0heures du matin. \u00ab\u00a0J\u2019ai frott\u00e9, \u00e7a n\u2019allait pas s\u2019enlever tout seul\u00a0\u00bb raconte-t-elle.<\/p>\n<p>    La suite apr\u00e8s cette publicit\u00e9<\/p>\n<p>    La suite apr\u00e8s cette publicit\u00e9<\/p>\n<p>Et si la sc\u00e8ne a suscit\u00e9 la surprise et l\u2019\u00e9tonnement \u00e0 travers la plan\u00e8te, Julie Depardieu confie que \u00ab\u00a0moi j\u2019avais eu les r\u00e9p\u00e9titions, j\u2019avais tout eu. Sur le canap\u00e9, dans la position\u2026 je l\u2019ai trouv\u00e9 tr\u00e8s tr\u00e8s tr\u00e8s bien mais je l\u2019avais d\u00e9j\u00e0 vu\u00a0\u00bb. Le chanteur et la com\u00e9dienne semblent donc \u00eatre arriv\u00e9s \u00e0 un stade de connaissance de l\u2019autre o\u00f9 m\u00eame un Dionysos d\u00e9nud\u00e9 et peint en bleu entour\u00e9 de drag queens ne suffit plus \u00e0 cr\u00e9er l\u2019\u00e9tonnement\u00a0!<\/p>\n","protected":false},"excerpt":{"rendered":"Amoureuse de Philippe Katerine depuis 15\u00a0ans, Julie Depardieu a accept\u00e9 d\u2019\u00e9voquer son couple lors de son passage dans&hellip;\n","protected":false},"author":2,"featured_media":423713,"comment_status":"","ping_status":"","sticky":false,"template":"","format":"standard","meta":{"footnotes":""},"categories":[1888],"tags":[1111,1928,11,1927,1777,674,1011,27,12,1926,626,1925,25],"class_list":{"0":"post-423712","1":"post","2":"type-post","3":"status-publish","4":"format-standard","5":"has-post-thumbnail","7":"category-paris","8":"tag-actu","9":"tag-actu-paris","10":"tag-actualites","11":"tag-actualites-paris","12":"tag-eu","13":"tag-europe","14":"tag-fr","15":"tag-france","16":"tag-news","17":"tag-news-paris","18":"tag-paris","19":"tag-paris-news","20":"tag-republique-francaise"},"share_on_mastodon":{"url":"https:\/\/pubeurope.com\/@fr\/115281911098959192","error":""},"_links":{"self":[{"href":"https:\/\/www.europesays.com\/fr\/wp-json\/wp\/v2\/posts\/423712","targetHints":{"allow":["GET"]}}],"collection":[{"href":"https:\/\/www.europesays.com\/fr\/wp-json\/wp\/v2\/posts"}],"about":[{"href":"https:\/\/www.europesays.com\/fr\/wp-json\/wp\/v2\/types\/post"}],"author":[{"embeddable":true,"href":"https:\/\/www.europesays.com\/fr\/wp-json\/wp\/v2\/users\/2"}],"replies":[{"embeddable":true,"href":"https:\/\/www.europesays.com\/fr\/wp-json\/wp\/v2\/comments?post=423712"}],"version-history":[{"count":0,"href":"https:\/\/www.europesays.com\/fr\/wp-json\/wp\/v2\/posts\/423712\/revisions"}],"wp:featuredmedia":[{"embeddable":true,"href":"https:\/\/www.europesays.com\/fr\/wp-json\/wp\/v2\/media\/423713"}],"wp:attachment":[{"href":"https:\/\/www.europesays.com\/fr\/wp-json\/wp\/v2\/media?parent=423712"}],"wp:term":[{"taxonomy":"category","embeddable":true,"href":"https:\/\/www.europesays.com\/fr\/wp-json\/wp\/v2\/categories?post=423712"},{"taxonomy":"post_tag","embeddable":true,"href":"https:\/\/www.europesays.com\/fr\/wp-json\/wp\/v2\/tags?post=423712"}],"curies":[{"name":"wp","href":"https:\/\/api.w.org\/{rel}","templated":true}]}}