{"id":423722,"date":"2025-09-28T12:29:14","date_gmt":"2025-09-28T12:29:14","guid":{"rendered":"https:\/\/www.europesays.com\/fr\/423722\/"},"modified":"2025-09-28T12:29:14","modified_gmt":"2025-09-28T12:29:14","slug":"que-se-passe-t-il-reellement-a-portland-ou-donald-trump-a-ordonne-le-deploiement-des-forces-armees","status":"publish","type":"post","link":"https:\/\/www.europesays.com\/fr\/423722\/","title":{"rendered":"Que se passe-t-il r\u00e9ellement \u00e0 Portland, o\u00f9 Donald Trump a ordonn\u00e9 le d\u00e9ploiement des forces arm\u00e9es ?"},"content":{"rendered":"<ul class=\"jsx-862013697 ArticleChapo__List\">\n<li class=\"jsx-862013697 ArticleChapo__List_Item flex\">Donald Trump a ordonn\u00e9 samedi le d\u00e9ploiement de l&rsquo;arm\u00e9e dans la ville de Portland.<\/li>\n<li class=\"jsx-862013697 ArticleChapo__List_Item flex\">Le pr\u00e9sident am\u00e9ricain y a autoris\u00e9 le recours \u00e0 la \u00ab\u00a0force maximale\u00a0\u00bb.<\/li>\n<li class=\"jsx-862013697 ArticleChapo__List_Item flex\">On vous explique ce qu&rsquo;il se passe dans cet \u00c9tat de l&rsquo;Oregon.<\/li>\n<\/ul>\n<p><a href=\"https:\/\/www.tf1info.fr\/actualite\/etats-unis-election-presidentielle-americaine-2024-donald-trump-vs-kamala-harris-13534\/\" rel=\"noopener\" class=\"jsx-484472199 Link jsx-1428418400 jsx-554215408\" target=\"_blank\"><\/p>\n<p style=\"font-weight:400\" class=\"jsx-1837267516\">Suivez la couverture compl\u00e8te<\/p>\n<p style=\"font-weight:800\" class=\"jsx-1837267516\">Le second mandat de Donald Trump<\/p>\n<p><\/a><\/p>\n<p data-module=\"article-paragraph\" class=\"jsx-3046738180 Paragraph Paragraph__End\">Le recours aux forces arm\u00e9es dans les villes d\u00e9mocrates fait d\u00e9sormais office d&rsquo;habitude pour l&rsquo;administration am\u00e9ricaine. <a href=\"https:\/\/www.tf1info.fr\/international\/j-y-enverrai-les-troupes-apres-los-angeles-et-washington-trump-menace-de-deployer-la-garde-nationale-a-baltimore-2390488.html\" target=\"_blank\" rel=\"noopener\">Apr\u00e8s Los Angeles (nouvelle fen\u00eatre)<\/a>, Washington et Memphis, c&rsquo;est au tour de Portland d&rsquo;\u00eatre la cible de Donald Trump. Ce samedi 27 septembre, le pr\u00e9sident am\u00e9ricain a annonc\u00e9 sur son r\u00e9seau social vouloir d\u00e9ployer \u00ab\u00a0toutes les forces arm\u00e9es n\u00e9cessaires\u00a0\u00bb dans cette ville de l&rsquo;Oregon.<\/p>\n<p><img decoding=\"async\" src=\"https:\/\/www.europesays.com\/fr\/wp-content\/uploads\/2025\/09\/trump-portland-armee-c069cc-0@1x.png\" alt=\"Donald Trump ordonne le d\u00e9ploiement de l'arm\u00e9e \u00e0 Portland, le 27 septembre 2025 - Truth Social\" loading=\"lazy\" importance=\"low\" fetchpriority=\"low\" class=\"\" data-module=\"article-image\"\/>Donald Trump ordonne le d\u00e9ploiement de l&rsquo;arm\u00e9e \u00e0 Portland, le 27 septembre 2025 &#8211; Truth Social<\/p>\n<p data-module=\"article-paragraph\" class=\"jsx-3046738180 Paragraph Paragraph__End\">L&rsquo;argument mis en avant par le locataire de la Maison Blanche n&rsquo;est pas des moindres. Sur <a href=\"https:\/\/truthsocial.com\/@realDonaldTrump\/posts\/115276694936263266\" target=\"_blank\" rel=\"nofollow noopener\">Truth Social (nouvelle fen\u00eatre)<\/a>, il assure vouloir prot\u00e9ger la ville \u00ab\u00a0ravag\u00e9e par la guerre\u00a0\u00bb et d\u00e9fendre les installations du service de l&rsquo;immigration et des douanes, plus connu sous son acronyme ICE. D&rsquo;apr\u00e8s Donald Trump, ces bureaux seraient \u00ab\u00a0assi\u00e9g\u00e9s\u00a0\u00bb <a href=\"https:\/\/www.tf1info.fr\/international\/le-mouvement-antifa-officiellement-classe-comme-organisation-terroriste-par-donald-trump-apres-l-assassinat-de-charlie-kirk-2396229.html\" target=\"_blank\" rel=\"noopener\">\u00a0par des groupes Antifa (nouvelle fen\u00eatre)<\/a> et des \u00ab\u00a0terroristes int\u00e9rieurs\u00a0\u00bb, a-t-il assur\u00e9, sans donner plus de d\u00e9tails. Ce n&rsquo;est pas la premi\u00e8re fois que le pr\u00e9sident des \u00c9tats-Unis d\u00e9nigre cette ville de la c\u00f4te ouest. <a href=\"https:\/\/www.nbcnews.com\/politics\/trump-administration\/trump-portland-troops-hegseth-ice-defense-secretary-rcna234082\" target=\"_blank\" rel=\"noopener\">Jeudi, il assurait que \u00ab\u00a0l&rsquo;anarchie\u00a0\u00bb  (nouvelle fen\u00eatre)<\/a>y r\u00e8gnait. \u00ab\u00a0Allez \u00e0 Portland, et des gens meurent. Beaucoup sont morts au fil des ans \u00e0 Portland\u00a0\u00bb, avait-il lanc\u00e9 depuis le Bureau ovale.<\/p>\n<p>Des actions contre la police de l&rsquo;immigration<\/p>\n<p data-module=\"article-paragraph\" class=\"jsx-3046738180 Paragraph\">Mais que se passe-t-il dans cette ville ? Interrog\u00e9e par <a href=\"https:\/\/www.washingtonpost.com\/politics\/2025\/09\/27\/trump-military-portland-ice\/\" target=\"_blank\" rel=\"noopener\">la presse am\u00e9ricaine  (nouvelle fen\u00eatre)<\/a>sur les motifs ayant conduit \u00e0 cette mesure, la Maison Blanche a simplement r\u00e9pondu avec une liste d&rsquo;incidents qui ont vis\u00e9 la police de l&rsquo;immigration \u00e0 Portland, y compris un incendie dont <a href=\"https:\/\/www.yahoo.com\/news\/articles\/fact-check-no-evidence-antifa-012038027.html\" target=\"_blank\" rel=\"nofollow noopener\">la piste criminelle  (nouvelle fen\u00eatre)<\/a>n&rsquo;a pour l&rsquo;heure pas \u00e9t\u00e9 confirm\u00e9e. Il est vrai que plusieurs actions contre la police de l&rsquo;immigration ont \u00e9clos dans cette ville dite \u00ab\u00a0sanctuaire\u00a0\u00bb, qui prot\u00e8ge les migrants en situation irr\u00e9guli\u00e8re menac\u00e9s d&rsquo;expulsion. Des conflits \u00e9clatent aussi r\u00e9guli\u00e8rement la nuit, lorsque des manifestants tentent d&#8217;emp\u00eacher l&rsquo;action des policiers de l&rsquo;immigration.\u00a0<\/p>\n<p data-module=\"article-paragraph\" class=\"jsx-3046738180 Paragraph Paragraph__End\">Bien que ces incidents aient fait des bless\u00e9s parmi les agents f\u00e9d\u00e9raux et les manifestants, seules quelques dizaines de personnes participent \u00e0 ces actions. Si bien que selon les autorit\u00e9s locales, aucun trouble \u00e0 l&rsquo;ordre public ne justifie ce d\u00e9ploiement arm\u00e9. \u00ab\u00a0Nous ne leur avons pas demand\u00e9 de venir. Ils sont ici sans pr\u00e9c\u00e9dent ni raison\u00a0\u00bb, a ainsi r\u00e9agi le maire, Keith Wilson. Lors d&rsquo;une conf\u00e9rence de presse organis\u00e9e ce samedi, la gouverneure de l&rsquo;\u00c9tat a quant \u00e0 elle d\u00e9clar\u00e9 que \u00ab\u00a0l&rsquo;insistance\u00a0\u00bb de Donald Trump \u00ab\u00a0ne r\u00e9pond pas aux v\u00e9ritables pr\u00e9occupations de nos communaut\u00e9s\u00a0\u00bb. <a href=\"https:\/\/x.com\/GovTinaKotek\/status\/1972030815422017704\" target=\"_blank\">Tina Kotek a au contraire d\u00e9crit (nouvelle fen\u00eatre)<\/a> Portland comme une ville florissante, \u00ab\u00a0bien loin de la communaut\u00e9 ravag\u00e9e par la guerre dont il a parl\u00e9 sur les r\u00e9seaux sociaux\u00a0\u00bb. \u00ab\u00a0Donald Trump pense qu&rsquo;il y a ici des \u00e9l\u00e9ments qui fomentent une insurrection. Je lui ai dit qu&rsquo;il n&rsquo;y avait pas d&rsquo;insurrection ici et que nous ma\u00eetrisions la situation\u00a0\u00bb, a-t-elle conclu.<\/p>\n<p><a href=\"https:\/\/www.tf1info.fr\/international\/etats-unis-heurts-anti-expulsions-a-los-angeles-qu-est-ce-que-l-ice-la-police-de-l-immigration-americaine-2375687.html\" rel=\"noopener\" class=\"jsx-3308031228 Link flex\" target=\"_blank\"><img decoding=\"async\" src=\"https:\/\/www.europesays.com\/fr\/wp-content\/uploads\/2025\/09\/agent-immigration-ice-etats-unis-illustr-2019-20fc09-0@1x.jpeg\" alt=\"Des agents des services de l'immigration (Immigration and Customs Enforcement, ICE) en ao\u00fbt 2019 aux \u00c9tats-Unis.\" loading=\"lazy\" importance=\"low\" fetchpriority=\"low\" class=\"\" aria-hidden=\"true\"\/><\/p>\n<p class=\"jsx-3657663356 ReadMoreArticle__Title\">Lire aussi<\/p>\n<p class=\"jsx-3657663356\">Qu&rsquo;est-ce que l&rsquo;ICE, la police de l&rsquo;immigration am\u00e9ricaine ?<\/p>\n<p><\/a><\/p>\n<p data-module=\"article-paragraph\" class=\"jsx-3046738180 Paragraph\">Au cours de cette prise de parole, organis\u00e9e aux c\u00f4t\u00e9s d&rsquo;\u00e9lus d\u00e9mocrates et du chef de la police, tous affichaient un front uni contre une mesure qualifi\u00e9e de \u00ab\u00a0non d\u00e9sir\u00e9e, non n\u00e9cessaire et non am\u00e9ricaine\u00a0\u00bb par le maire Keith Wilson. \u00ab\u00a0Le nombre de soldats n\u00e9cessaire est nul, \u00e0 Portland et dans toute autre ville am\u00e9ricaine\u00a0\u00bb, a-t-il martel\u00e9, appelant plut\u00f4t de ces v\u0153ux \u00ab\u00a0des ing\u00e9nieurs, des enseignants et des travailleurs sociaux\u00a0\u00bb.<\/p>\n<p data-module=\"article-paragraph\" class=\"jsx-3046738180 Paragraph Paragraph__End\">De son c\u00f4t\u00e9, le s\u00e9nateur de l&rsquo;Oregon, Jeff Merkley a directement envoy\u00e9 un message aux manifestants. Dans un entretien avec la presse, l&rsquo;\u00e9lu d\u00e9mocrate a exhort\u00e9 les r\u00e9sidents \u00e0 \u00e9viter toute confrontation avec les agents f\u00e9d\u00e9raux, conseillant \u00e0 ceux qui souhaiteraient manifester de le faire \u00ab\u00a0\u00e0 distance de ces troupes f\u00e9d\u00e9rales\u00a0\u00bb.<\/p>\n<p>F.S.<\/p>\n","protected":false},"excerpt":{"rendered":"Donald Trump a ordonn\u00e9 samedi le d\u00e9ploiement de l&rsquo;arm\u00e9e dans la ville de Portland. Le pr\u00e9sident am\u00e9ricain y&hellip;\n","protected":false},"author":2,"featured_media":423723,"comment_status":"","ping_status":"","sticky":false,"template":"","format":"standard","meta":{"footnotes":""},"categories":[1589],"tags":[1111,11,1921,75,73,1866,5582,1061,1922,2497,12,1864,1865,1863,308,133,1920],"class_list":{"0":"post-423722","1":"post","2":"type-post","3":"status-publish","4":"format-standard","5":"has-post-thumbnail","7":"category-etats-unis","8":"tag-actu","9":"tag-actualites","10":"tag-article-video","11":"tag-donald-trump","12":"tag-etats-unis","13":"tag-etats-unis-damerique","14":"tag-forces-de-lordre-armee-pompiers","15":"tag-immigration","16":"tag-info","17":"tag-le-second-mandat-de-donald-trump","18":"tag-news","19":"tag-united-states","20":"tag-united-states-of-america","21":"tag-us","22":"tag-usa","23":"tag-video","24":"tag-video-international"},"share_on_mastodon":{"url":"https:\/\/pubeurope.com\/@fr\/115281931197164652","error":""},"_links":{"self":[{"href":"https:\/\/www.europesays.com\/fr\/wp-json\/wp\/v2\/posts\/423722","targetHints":{"allow":["GET"]}}],"collection":[{"href":"https:\/\/www.europesays.com\/fr\/wp-json\/wp\/v2\/posts"}],"about":[{"href":"https:\/\/www.europesays.com\/fr\/wp-json\/wp\/v2\/types\/post"}],"author":[{"embeddable":true,"href":"https:\/\/www.europesays.com\/fr\/wp-json\/wp\/v2\/users\/2"}],"replies":[{"embeddable":true,"href":"https:\/\/www.europesays.com\/fr\/wp-json\/wp\/v2\/comments?post=423722"}],"version-history":[{"count":0,"href":"https:\/\/www.europesays.com\/fr\/wp-json\/wp\/v2\/posts\/423722\/revisions"}],"wp:featuredmedia":[{"embeddable":true,"href":"https:\/\/www.europesays.com\/fr\/wp-json\/wp\/v2\/media\/423723"}],"wp:attachment":[{"href":"https:\/\/www.europesays.com\/fr\/wp-json\/wp\/v2\/media?parent=423722"}],"wp:term":[{"taxonomy":"category","embeddable":true,"href":"https:\/\/www.europesays.com\/fr\/wp-json\/wp\/v2\/categories?post=423722"},{"taxonomy":"post_tag","embeddable":true,"href":"https:\/\/www.europesays.com\/fr\/wp-json\/wp\/v2\/tags?post=423722"}],"curies":[{"name":"wp","href":"https:\/\/api.w.org\/{rel}","templated":true}]}}