{"id":423724,"date":"2025-09-28T12:30:14","date_gmt":"2025-09-28T12:30:14","guid":{"rendered":"https:\/\/www.europesays.com\/fr\/423724\/"},"modified":"2025-09-28T12:30:14","modified_gmt":"2025-09-28T12:30:14","slug":"le-prince-harry-a-offert-une-photo-speciale-a-son-pere-charles-lors-de-leur-entretien-au-royaume-uni","status":"publish","type":"post","link":"https:\/\/www.europesays.com\/fr\/423724\/","title":{"rendered":"Le prince Harry a offert une photo sp\u00e9ciale \u00e0 son p\u00e8re Charles lors de leur entretien au Royaume-Uni"},"content":{"rendered":"<p class=\"ap-StoryElement ap-StoryElement--mb ap-StoryText\">Pour la premi\u00e8re fois en presque deux ans, le prince Harry a rendu visite \u00e0 son p\u00e8re Charles. En effet, alors qu&rsquo;il \u00e9tait en voyage en Europe, le fr\u00e8re de William a pass\u00e9 une petite heure \u00e0 Clarence House avec le Roi, le 10 septembre 2025. Les deux hommes tentent de renouer le lien apr\u00e8s plusieurs ann\u00e9es de relation tendue, depuis le d\u00e9part d&rsquo;Harry de la famille royale.<\/p>\n<p class=\"ap-StoryElement ap-StoryElement--mb ap-StoryText\">Le duc de Sussex et le souverain ont donc \u00e9chang\u00e9 autour d&rsquo;un th\u00e9, au cours d&rsquo;une conversation apparemment sereine et apr\u00e8s laquelle le prince Harry semble \u00eatre reparti serein. Selon The Sun, le fils cadet de Charles et Diana n&rsquo;\u00e9tait pas venu les mains vides. Il avait en effet apport\u00e9 des cadeaux destin\u00e9s \u00e0 son p\u00e8re.<\/p>\n","protected":false},"excerpt":{"rendered":"Pour la premi\u00e8re fois en presque deux ans, le prince Harry a rendu visite \u00e0 son p\u00e8re Charles.&hellip;\n","protected":false},"author":2,"featured_media":423725,"comment_status":"","ping_status":"","sticky":false,"template":"","format":"standard","meta":{"footnotes":""},"categories":[1588],"tags":[11,1777,674,12,973,3935,553,473,1853,1851,1850,1852],"class_list":{"0":"post-423724","1":"post","2":"type-post","3":"status-publish","4":"format-standard","5":"has-post-thumbnail","7":"category-royaume-uni","8":"tag-actualites","9":"tag-eu","10":"tag-europe","11":"tag-news","12":"tag-people","13":"tag-prince","14":"tag-roi","15":"tag-royaume-uni","16":"tag-royaume-uni-de-grande-bretagne-et-dirlande-du-nord","17":"tag-uk","18":"tag-united-kingdom","19":"tag-united-kingdom-of-great-britain-and-northern-ireland"},"share_on_mastodon":{"url":"https:\/\/pubeurope.com\/@fr\/115281934653892882","error":""},"_links":{"self":[{"href":"https:\/\/www.europesays.com\/fr\/wp-json\/wp\/v2\/posts\/423724","targetHints":{"allow":["GET"]}}],"collection":[{"href":"https:\/\/www.europesays.com\/fr\/wp-json\/wp\/v2\/posts"}],"about":[{"href":"https:\/\/www.europesays.com\/fr\/wp-json\/wp\/v2\/types\/post"}],"author":[{"embeddable":true,"href":"https:\/\/www.europesays.com\/fr\/wp-json\/wp\/v2\/users\/2"}],"replies":[{"embeddable":true,"href":"https:\/\/www.europesays.com\/fr\/wp-json\/wp\/v2\/comments?post=423724"}],"version-history":[{"count":0,"href":"https:\/\/www.europesays.com\/fr\/wp-json\/wp\/v2\/posts\/423724\/revisions"}],"wp:featuredmedia":[{"embeddable":true,"href":"https:\/\/www.europesays.com\/fr\/wp-json\/wp\/v2\/media\/423725"}],"wp:attachment":[{"href":"https:\/\/www.europesays.com\/fr\/wp-json\/wp\/v2\/media?parent=423724"}],"wp:term":[{"taxonomy":"category","embeddable":true,"href":"https:\/\/www.europesays.com\/fr\/wp-json\/wp\/v2\/categories?post=423724"},{"taxonomy":"post_tag","embeddable":true,"href":"https:\/\/www.europesays.com\/fr\/wp-json\/wp\/v2\/tags?post=423724"}],"curies":[{"name":"wp","href":"https:\/\/api.w.org\/{rel}","templated":true}]}}