{"id":423730,"date":"2025-09-28T12:33:13","date_gmt":"2025-09-28T12:33:13","guid":{"rendered":"https:\/\/www.europesays.com\/fr\/423730\/"},"modified":"2025-09-28T12:33:13","modified_gmt":"2025-09-28T12:33:13","slug":"les-ministres-europeens-de-lagriculture-adressent-un-zero-pointe-a-bruxelles-le-point","status":"publish","type":"post","link":"https:\/\/www.europesays.com\/fr\/423730\/","title":{"rendered":"Les ministres europ\u00e9ens de l\u2019Agriculture adressent un z\u00e9ro point\u00e9 \u00e0 Bruxelles &#8211; Le Point"},"content":{"rendered":"<ol>\n<li><a href=\"https:\/\/news.google.com\/rss\/articles\/CBMizAFBVV95cUxQMTFDaHhQdGQ5SnBaS0Zub2pFSlJjY2djN1M5Sml6NGJubVhQdlhzeng4Zm1RTFItTG1xaDZySDlQd3Q2UU1QS2J1dGcycFBCTmpGck1Jb3VQUmdfVWVwbkdmMWwtOHhpdnNvek1nUGlEeHNVVml2YThnejRmNFhaRUFORVdNWHVBamtCVC04WVJsTXR5UDRucG43MFlUeEZmX1pfNElRMG9DeFY5SEM0XzhiTXNTOVdxMmVHaGJfdTZXelFzaGYwZkczZUM?oc=5\" target=\"_blank\" rel=\"noopener\">Les ministres europ\u00e9ens de l\u2019Agriculture adressent un z\u00e9ro point\u00e9 \u00e0 Bruxelles<\/a>&nbsp;&nbsp;Le Point<\/li>\n<li><a href=\"https:\/\/news.google.com\/rss\/articles\/CBMigwJBVV95cUxNN2tYY0RHVXNkenZFdG5jVHlvcFlFb1pNOTdDN1E4ZGhDSzVrRDBKR2xZVFR6MHRrM3FvdFZpeWZITzVBa0VvYTVEWUttYWdIVGpiOVBtaWEtVk5aZlVuTGxEMHRJSGJjTjVETUtyR0RhWk9IT2VrRS1od3JGTEF2Sy1tUTJVM2djbkc2NVgtRzVLUllRMnpmNFVTVVJBUkk2ZmpVNTAyYW9jWGdPalBwamI0LXpWSTB1NkZseXFNd2YzRjZvYmxaNnBYZ0J0RndXQWVtS3JmYXYxZnBBODRWOHhYcUZkU1hYU0I2UFo5TDlrSTlIYTg2aHI0anZTbmh3NXBj?oc=5\" target=\"_blank\" rel=\"noopener\">Agriculture : Bruxelles veut couper 2 milliards d\u2019euros d\u2019aides de la PAC \u00e0 la France qui exprime son \u00ab incompr\u00e9hension \u00bb<\/a>&nbsp;&nbsp;Sud Ouest<\/li>\n<li><a href=\"https:\/\/news.google.com\/rss\/articles\/CBMi4gFBVV95cUxPck1fREpfTndnZFVfdmNrclRNLXVxUTB0dnQxYlZodUdQdVc5NkhsS2tyNmVjaXRBWlhYUlM0ZGRmSzR2akYtVDUzcFdBVEtQaTlwRWczbGdkMkpKb0lWV0ZMZ3h0RTNMcjdfalZuX2RjSFo2U2Zramh6S0ZHMlpiWnhVSWRRQWJxc3dFQkFMMkJhUlVJbTlDV1JlVXpzdHN2ejRReFF1VGp3M2V2YmFZcVFRUnpkeUlaWXE3aGJuMFZzSTlQMnY1ZEdtU1JJTWZnU2k3QzF4alBKNDNoMWpQMlZn?oc=5\" target=\"_blank\" rel=\"noopener\">Les plans de la Commission pour la prochaine PAC menacent le march\u00e9 unique, selon le ministre espagnol de l\u2019Agriculture<\/a>&nbsp;&nbsp;Euractiv FR<\/li>\n<li><a href=\"https:\/\/news.google.com\/rss\/articles\/CBMi1AFBVV95cUxPeXFGdTdwVmJzVzB5by1xN3ExbVlqSnUwdEVfdTlCNlVRM05GYmlwc244TzBSSXlxYjhHUGFMeUVRYXdjcDluSFlEQ3JvUU5hMldKZE84UXg0cmNCS0RIcjJwWWJiZUFleVFoNTFKU2w2aVhlLVBLd1dJQ1Y5QmE5Vm5qWnZnS1hNRUNxVVBGQTBsY1NBYm5qcWpOSUd4VXNncE4ta1dKZXVLcUdEcXJaS3poUlpNNndZeHpNUjZMeFV5Y0JwUjFta3FNbmRIeTZxdmlzZQ?oc=5\" target=\"_blank\" rel=\"noopener\">UE Les n\u00e9gociations entre eurod\u00e9put\u00e9s sur le premier omnibus de simplification patinent<\/a>&nbsp;&nbsp;Contexte<\/li>\n<li><a href=\"https:\/\/news.google.com\/rss\/articles\/CBMikAFBVV95cUxQcFA2WWsxMi1JcHFSeVlWUWxiWlA4Yk44SDFYRmI1b0VhYmlqaUhTUGpXcmNKNl9sX2tOOHF2WnZOR2sxeXU0b0V3OGNSNVAtMXZIeF85b3hNOVlHa0JxS3lKRmcwa2k0d2ZfQkpjSHNhZ3I4V202UlpFWHR0eWVYRDBwYlF4UUxjRTl4WmJ0VFU?oc=5\" target=\"_blank\" rel=\"noopener\">Pac : Bruxelles r\u00e9partit les futures enveloppes<\/a>&nbsp;&nbsp;paysansdelaloire.fr<\/li>\n<\/ol>\n","protected":false},"excerpt":{"rendered":"Les ministres europ\u00e9ens de l\u2019Agriculture adressent un z\u00e9ro point\u00e9 \u00e0 Bruxelles&nbsp;&nbsp;Le Point Agriculture : Bruxelles veut couper 2&hellip;\n","protected":false},"author":2,"featured_media":423731,"comment_status":"","ping_status":"","sticky":false,"template":"","format":"standard","meta":{"footnotes":""},"categories":[1586],"tags":[11,327,40857,19429,1777,674,1779,1011,27,23187,12,25,1778,364,2544],"class_list":{"0":"post-423730","1":"post","2":"type-post","3":"status-publish","4":"format-standard","5":"has-post-thumbnail","7":"category-europe","8":"tag-actualites","9":"tag-agriculture","10":"tag-annie-genevard","11":"tag-donald-tusk","12":"tag-eu","13":"tag-europe","14":"tag-european-union","15":"tag-fr","16":"tag-france","17":"tag-ministere-de-lagriculture","18":"tag-news","19":"tag-republique-francaise","20":"tag-ue","21":"tag-union-europeenne","22":"tag-ursula-von-der-leyen"},"share_on_mastodon":{"url":"https:\/\/pubeurope.com\/@fr\/115281946515961175","error":""},"_links":{"self":[{"href":"https:\/\/www.europesays.com\/fr\/wp-json\/wp\/v2\/posts\/423730","targetHints":{"allow":["GET"]}}],"collection":[{"href":"https:\/\/www.europesays.com\/fr\/wp-json\/wp\/v2\/posts"}],"about":[{"href":"https:\/\/www.europesays.com\/fr\/wp-json\/wp\/v2\/types\/post"}],"author":[{"embeddable":true,"href":"https:\/\/www.europesays.com\/fr\/wp-json\/wp\/v2\/users\/2"}],"replies":[{"embeddable":true,"href":"https:\/\/www.europesays.com\/fr\/wp-json\/wp\/v2\/comments?post=423730"}],"version-history":[{"count":0,"href":"https:\/\/www.europesays.com\/fr\/wp-json\/wp\/v2\/posts\/423730\/revisions"}],"wp:featuredmedia":[{"embeddable":true,"href":"https:\/\/www.europesays.com\/fr\/wp-json\/wp\/v2\/media\/423731"}],"wp:attachment":[{"href":"https:\/\/www.europesays.com\/fr\/wp-json\/wp\/v2\/media?parent=423730"}],"wp:term":[{"taxonomy":"category","embeddable":true,"href":"https:\/\/www.europesays.com\/fr\/wp-json\/wp\/v2\/categories?post=423730"},{"taxonomy":"post_tag","embeddable":true,"href":"https:\/\/www.europesays.com\/fr\/wp-json\/wp\/v2\/tags?post=423730"}],"curies":[{"name":"wp","href":"https:\/\/api.w.org\/{rel}","templated":true}]}}