{"id":423753,"date":"2025-09-28T12:49:12","date_gmt":"2025-09-28T12:49:12","guid":{"rendered":"https:\/\/www.europesays.com\/fr\/423753\/"},"modified":"2025-09-28T12:49:12","modified_gmt":"2025-09-28T12:49:12","slug":"rendez-vous-le-5-octobre-a-saint-estephe-pour-le-salon-du-livre-lire-dans-le-vignoble","status":"publish","type":"post","link":"https:\/\/www.europesays.com\/fr\/423753\/","title":{"rendered":"Rendez-vous le 5\u00a0octobre \u00e0 Saint-Est\u00e8phe pour le salon du livre \u00ab\u00a0Lire dans le vignoble\u00a0\u00bb"},"content":{"rendered":"<p>On prend les m\u00eames et on recommence\u00a0! Et personne ne s\u2019en plaindra car les auteurs invit\u00e9s et r\u00e9invit\u00e9s \u00e0 Lire dans le vignoble sont, de l\u2019avis g\u00e9n\u00e9ral, dr\u00f4les et sympathiques, en plus d\u2019\u00eatre agr\u00e9ables \u00e0 lire\u00a0!<\/p>\n<p>Pour cette 18e \u00e9dition du salon du livre, dimanche 5\u00a0octobre, la municipalit\u00e9, via Martine Mand\u00e9, \u00e9lue et organisatrice du salon, a ainsi r\u00e9invit\u00e9 Mireille Dumas, Pierre Bonte, Corinne Javelaud, Thierry Beccaro et Jean Pierre Alaux. \u00c0 ces invit\u00e9s prestigieux s\u2019ajoutent cette ann\u00e9e Henri Leconte, pr\u00e9sident d\u2019honneur de la manifestation, Julien Dassin, qui en sera le parrain, Gabrielle Lazure, la marraine, Romain Pujol, invit\u00e9 d\u2019honneur BD, et Jean-Michel Djian auteur.<\/p>\n<p>Au total ce sont 140 auteurs, artistes, invit\u00e9s qui seront pr\u00e9sents.<\/p>\n<p>Parmi les nouveaux venus, Julien Dassin fils du c\u00e9l\u00e8bre chanteur, a d\u00e9cid\u00e9 cinquante ans apr\u00e8s la parution du disque culte \u00ab\u00a0l\u2019\u00c9t\u00e9 Indien\u00a0\u00bb d\u2019\u00e9crire un livre \u00ab\u00a0Il \u00e9tait une fois nous deux, Joe Dassin, mon p\u00e8re\u00a0\u00bb (\u00c9ditions l\u2019Archipel). Henri Leconte, quant \u00e0 lui, viendra avec son dernier livre \u00ab\u00a0Balles neuves\u00a0\u00bb (\u00c9ditions Marabout).<\/p>\n<p>Certains auteurs pr\u00e9sents pour la premi\u00e8re fois sont M\u00e9docains. Yannick Bressan, de Saint-Julien-de-Beychevelle, pr\u00e9sentera son livre <a href=\"https:\/\/www.sudouest.fr\/gironde\/saint-julien-beychevelle-yannick-bressan-publie-son-premier-roman-les-saveurs-de-l-ambre-25733035.php\" target=\"_blank\" rel=\"follow noopener\">\u00ab\u00a0Les saveurs de l\u2019ambre\u00a0\u00bb, <\/a>un roman d\u2019aventures initiatique et spirituel sur le chemin du couple et du sexe sacr\u00e9.<\/p>\n<p>De nouveaux venus m\u00e9docains<\/p>\n<p>William Pouyalet, Pauillacais, a \u00e9crit un premier roman \u00ab\u00a0Montagnol fils du M\u00e9doc\u00a0\u00bb, aux \u00e9ditions Claire Lorrain. \u00ab\u00a0Dans les ann\u00e9es 1860, des Ari\u00e9geois ont quitt\u00e9 leurs montagnes parce qu\u2019ils ne gagnaient pas leur vie, pour travailler partout en France. Un de mes a\u00efeuls est parti \u00e0 pied et s\u2019est rendu dans le M\u00e9doc pour arracher les vignes malades. C\u2019est cette histoire que je raconte, tr\u00e8s romanc\u00e9e\u00a0\u00bb confie l\u2019auteur, qui ne pensait pas au d\u00e9but de l\u2019\u00e9criture qu\u2019il serait \u00e9dit\u00e9.<\/p>\n<p>Jean \u00c9mile Le Dorven, habitant \u00e0 Saint-Vivien du M\u00e9doc depuis vingt\u00a0ans, est l\u2019auteur de \u00ab\u00a0Saint-Vivien-de-M\u00e9doc d\u2019hier et d\u2019aujourd\u2019hui\u00a0: rues et lieux-dits\u00a0\u00bb , ainsi que d\u2019un ouvrage qui raconte l\u2019histoire de la commune sous l\u2019occupation et qui a re\u00e7u le label \u00ab\u00a080\u00a0ans de la Lib\u00e9ration\u00a0\u00bb.<\/p>\n<p>        <img decoding=\"async\" id=\"26107867\" src=\"https:\/\/www.europesays.com\/fr\/wp-content\/uploads\/2025\/09\/medoc-6ec49096c5654f7c95353014d181c00e-170542-ph1.jpg\" alt=\"Martine Mand\u00e9 et les invit\u00e9s l\u2019an pass\u00e9. Certains sont de retour cette ann\u00e9e.\" itemprop=\"contentURL\"\/><\/p>\n<p>    Martine Mand\u00e9 et les invit\u00e9s l\u2019an pass\u00e9. Certains sont de retour cette ann\u00e9e.<\/p>\n<p>Archives Chantal Sancho<\/p>\n<p>    Lectures et conf\u00e9rences<\/p>\n<p>Toute la journ\u00e9e, les auteurs d\u00e9dicaceront leurs ouvrages et, dans l\u2019apr\u00e8s-midi, deux conf\u00e9rences auront lieu. D\u2019abord \u00e0 15\u00a0heures, sur \u00ab\u00a0Les tr\u00e9sors du M\u00e9doc entre terre, ciel et eaux profondes\u00a0\u00bb avec Jean-Paul Eymond, ancien gardien du phare de Cordouan, Michel L\u00e9onard, ancien p\u00eacheur de l\u2019estuaire, et Jean-Paul Lescore, historien. En suivant, Marc Vignau animera la seconde : \u00ab\u00a0Une femme de t\u00eate dans le vignoble du M\u00e9doc au XIXe si\u00e8cle\u00a0: Egl\u00e9 Duch\u00e2tel, des salons parisiens aux jardins de Lagrange.\u00a0\u00bb<\/p>\n<p>Par ailleurs, \u00e0\u00a015\u00a0h\u00a030, le public plongera dans l\u2019univers d\u00e9jant\u00e9 des Lapins Cr\u00e9tins gr\u00e2ce \u00e0 la lecture d\u2019histoires avec Marie-France et Muriel et la rencontre avec leur dessinateur, Romain Pujol. Un moment dr\u00f4le et plein de surprises \u00e0 partager en famille\u00a0!<\/p>\n<p>\u00c0\u00a016\u00a0h\u00a030 une d\u00e9monstration culinaire sera propos\u00e9e par un chef. La remise des prix se d\u00e9roulera \u00e0 17\u00a0h\u00a030.<\/p>\n","protected":false},"excerpt":{"rendered":"On prend les m\u00eames et on recommence\u00a0! Et personne ne s\u2019en plaindra car les auteurs invit\u00e9s et r\u00e9invit\u00e9s&hellip;\n","protected":false},"author":2,"featured_media":423754,"comment_status":"","ping_status":"","sticky":false,"template":"","format":"standard","meta":{"footnotes":""},"categories":[1357],"tags":[1379,58,59,1011,27,1380],"class_list":{"0":"post-423753","1":"post","2":"type-post","3":"status-publish","4":"format-standard","5":"has-post-thumbnail","7":"category-livres","8":"tag-books","9":"tag-divertissement","10":"tag-entertainment","11":"tag-fr","12":"tag-france","13":"tag-livres"},"share_on_mastodon":{"url":"https:\/\/pubeurope.com\/@fr\/115282009418683484","error":""},"_links":{"self":[{"href":"https:\/\/www.europesays.com\/fr\/wp-json\/wp\/v2\/posts\/423753","targetHints":{"allow":["GET"]}}],"collection":[{"href":"https:\/\/www.europesays.com\/fr\/wp-json\/wp\/v2\/posts"}],"about":[{"href":"https:\/\/www.europesays.com\/fr\/wp-json\/wp\/v2\/types\/post"}],"author":[{"embeddable":true,"href":"https:\/\/www.europesays.com\/fr\/wp-json\/wp\/v2\/users\/2"}],"replies":[{"embeddable":true,"href":"https:\/\/www.europesays.com\/fr\/wp-json\/wp\/v2\/comments?post=423753"}],"version-history":[{"count":0,"href":"https:\/\/www.europesays.com\/fr\/wp-json\/wp\/v2\/posts\/423753\/revisions"}],"wp:featuredmedia":[{"embeddable":true,"href":"https:\/\/www.europesays.com\/fr\/wp-json\/wp\/v2\/media\/423754"}],"wp:attachment":[{"href":"https:\/\/www.europesays.com\/fr\/wp-json\/wp\/v2\/media?parent=423753"}],"wp:term":[{"taxonomy":"category","embeddable":true,"href":"https:\/\/www.europesays.com\/fr\/wp-json\/wp\/v2\/categories?post=423753"},{"taxonomy":"post_tag","embeddable":true,"href":"https:\/\/www.europesays.com\/fr\/wp-json\/wp\/v2\/tags?post=423753"}],"curies":[{"name":"wp","href":"https:\/\/api.w.org\/{rel}","templated":true}]}}