{"id":423757,"date":"2025-09-28T12:51:11","date_gmt":"2025-09-28T12:51:11","guid":{"rendered":"https:\/\/www.europesays.com\/fr\/423757\/"},"modified":"2025-09-28T12:51:11","modified_gmt":"2025-09-28T12:51:11","slug":"la-chanteuse-lola-young-rassure-ses-fans-apres-setre-effondree-sur-scene","status":"publish","type":"post","link":"https:\/\/www.europesays.com\/fr\/423757\/","title":{"rendered":"La chanteuse Lola Young rassure ses fans apr\u00e8s s\u2019\u00eatre effondr\u00e9e sur sc\u00e8ne"},"content":{"rendered":"<p>        <img decoding=\"async\" loading=\"lazy\" src=\"https:\/\/www.europesays.com\/fr\/wp-content\/uploads\/2025\/09\/1f193c2_upload-1-6iykiaenevky-afp-20250908-2234212796-v3-highres-2025mtvvideomusicawardsshow.jpg\"  width=\"728\" height=\"486\" alt=\"Lola Young s\u2019est effondr\u00e9e sur sc\u00e8ne lors d\u2019un concert \u00e0 New York. (photo d\u2019illustration)\"\/>  <\/p>\n<p>MIKE COPPOLA \/ Getty Images via AFP<\/p>\n<p>Lola Young s\u2019est effondr\u00e9e sur sc\u00e8ne lors d\u2019un concert \u00e0 New York. (photo d\u2019illustration)<\/p>\n<p class=\"asset asset-text\">MUSIQUE &#8211; La sc\u00e8ne est impressionnante. En concert au festival de musique All Things Go, \u00e0<a href=\"https:\/\/www.huffingtonpost.fr\/international\/article\/etat-de-new-york-un-grave-accident-d-autocar-touristique-fait-de-nombreux-blesses-et-plusieurs-morts_253894.html\" target=\"_blank\" rel=\"noopener\"> New York<\/a>, la chanteuse britannique Lola Young a \u00e9t\u00e9 victime d\u2019un malaise ce samedi 27\u00a0septembre.<\/p>\n<p class=\"asset asset-text\">Sur des images partag\u00e9es sur les r\u00e9seaux sociaux, on aper\u00e7oit l\u2019artiste s\u2019effondrer en pleine performance. Imm\u00e9diatement, la musique s\u2019interrompt et le staff arrive sur sc\u00e8ne pour la faire sortir. Dans le m\u00eame temps, le public se met \u00e0 crier son nom et \u00e0 applaudir, en guise de soutien.<\/p>\n<p class=\"asset asset-text\">D\u2019autres artistes \u00e0 l\u2019affiche du festival ont eux aussi adress\u00e9 un mot \u00e0 Lola Young lors de leur passage sur sc\u00e8ne, notamment la rappeuse am\u00e9ricaine <a href=\"https:\/\/www.huffingtonpost.fr\/culture\/article\/doechii-annule-sa-venue-a-rock-en-seine-quelques-heures-avant-le-debut-du-festival_253746.html\" target=\"_blank\" rel=\"noopener\">Doechii<\/a>\u00a0: \u00ab\u00a0Elle est tr\u00e8s talentueuse, elle ne se sentait pas bien ce soir. Je suis tellement contente que vous soyez l\u00e0 pour la soutenir. Souhaitons-lui le meilleur.\u00a0\u00bb<\/p>\n<p> La lecture de ce contenu est susceptible d\u2019entra\u00eener un d\u00e9p\u00f4t de cookies de la part de l\u2019op\u00e9rateur tiers qui l\u2019h\u00e9berge. Compte-tenu des choix que vous avez exprim\u00e9s en mati\u00e8re de d\u00e9p\u00f4t de cookies, nous avons bloqu\u00e9 l\u2019affichage de ce contenu. Si vous souhaitez y acc\u00e9der, vous devez accepter la cat\u00e9gorie de cookies \u201cContenus tiers\u201d en cliquant sur le bouton ci-dessous. <\/p>\n<p> Lire la Vid\u00e9o        \u00ab\u00a0Je vais bien\u00a0\u00bb    <\/p>\n<p class=\"asset asset-text\">La veille, la chanteuse de 24\u00a0ans avait annul\u00e9 une autre prestation. Avant son show de samedi, l\u2019artiste avait \u00e9galement d\u00e9clar\u00e9\u00a0: \u00ab\u00a0Parfois, la vie peut vraiment vous donner l\u2019impression que vous ne pouvez pas continuer, mais vous savez quoi, aujourd\u2019hui je me suis r\u00e9veill\u00e9 et j\u2019ai pris la d\u00e9cision de venir ici.\u00a0\u00bb<\/p>\n<p class=\"asset asset-text\">Apr\u00e8s l\u2019incident, la jeune femme a tenu \u00e0 rassurer ses fans en story Instagram. \u00ab\u00a0\u00c0 tous ceux qui m\u2019ont vu aujourd\u2019hui (&#8230;), je vais bien maintenant. Merci pour votre soutien\u00a0\u00bb, a-t-elle \u00e9crit sans apporter plus de pr\u00e9cisions sur ce qui lui \u00e9tait arriv\u00e9.<\/p>\n<p class=\"asset asset-text\">Originaire de Londres, Lola Young a \u00e9t\u00e9 rendu c\u00e9l\u00e8bre par son titre Messy, popularis\u00e9 notamment sur TikTok. Son troisi\u00e8me album I\u2019m Only Fucking Myself est sorti le 19\u00a0septembre. Comme Adele, Amy Winehouse ou encore Olivia Dean, elle est issue de la Brit School, une \u00e9cole d\u2019art britannique.<\/p>\n","protected":false},"excerpt":{"rendered":"MIKE COPPOLA \/ Getty Images via AFP Lola Young s\u2019est effondr\u00e9e sur sc\u00e8ne lors d\u2019un concert \u00e0 New&hellip;\n","protected":false},"author":2,"featured_media":423758,"comment_status":"","ping_status":"","sticky":false,"template":"","format":"standard","meta":{"footnotes":""},"categories":[1355],"tags":[1695,1697,251,58,59,1011,27,1361,873],"class_list":{"0":"post-423757","1":"post","2":"type-post","3":"status-publish","4":"format-standard","5":"has-post-thumbnail","7":"category-musique","8":"tag-chanson","9":"tag-concert","10":"tag-culture","11":"tag-divertissement","12":"tag-entertainment","13":"tag-fr","14":"tag-france","15":"tag-music","16":"tag-musique"},"share_on_mastodon":{"url":"https:\/\/pubeurope.com\/@fr\/115282017740708466","error":""},"_links":{"self":[{"href":"https:\/\/www.europesays.com\/fr\/wp-json\/wp\/v2\/posts\/423757","targetHints":{"allow":["GET"]}}],"collection":[{"href":"https:\/\/www.europesays.com\/fr\/wp-json\/wp\/v2\/posts"}],"about":[{"href":"https:\/\/www.europesays.com\/fr\/wp-json\/wp\/v2\/types\/post"}],"author":[{"embeddable":true,"href":"https:\/\/www.europesays.com\/fr\/wp-json\/wp\/v2\/users\/2"}],"replies":[{"embeddable":true,"href":"https:\/\/www.europesays.com\/fr\/wp-json\/wp\/v2\/comments?post=423757"}],"version-history":[{"count":0,"href":"https:\/\/www.europesays.com\/fr\/wp-json\/wp\/v2\/posts\/423757\/revisions"}],"wp:featuredmedia":[{"embeddable":true,"href":"https:\/\/www.europesays.com\/fr\/wp-json\/wp\/v2\/media\/423758"}],"wp:attachment":[{"href":"https:\/\/www.europesays.com\/fr\/wp-json\/wp\/v2\/media?parent=423757"}],"wp:term":[{"taxonomy":"category","embeddable":true,"href":"https:\/\/www.europesays.com\/fr\/wp-json\/wp\/v2\/categories?post=423757"},{"taxonomy":"post_tag","embeddable":true,"href":"https:\/\/www.europesays.com\/fr\/wp-json\/wp\/v2\/tags?post=423757"}],"curies":[{"name":"wp","href":"https:\/\/api.w.org\/{rel}","templated":true}]}}