{"id":423776,"date":"2025-09-28T13:03:38","date_gmt":"2025-09-28T13:03:38","guid":{"rendered":"https:\/\/www.europesays.com\/fr\/423776\/"},"modified":"2025-09-28T13:03:38","modified_gmt":"2025-09-28T13:03:38","slug":"as-saint-etienne-ea-guingamp-pourquoi-ripoll-a-titularise-alpha-sissoko-en-charniere","status":"publish","type":"post","link":"https:\/\/www.europesays.com\/fr\/423776\/","title":{"rendered":"AS Saint-\u00c9tienne &#8211; EA Guingamp. Pourquoi Ripoll a titularis\u00e9 Alpha Sissoko en charni\u00e8re"},"content":{"rendered":"<tr wp_automatic_readability=\"5.8941176470588\">\n<td valign=\"middle\" align=\"center\" class=\"col-logo\" wp_automatic_readability=\"5\">\n    <img decoding=\"async\" src=\"https:\/\/maville.com\/design\/images\/logo-of-monetise.svg?version=20130627\" alt=\"logo Ouest-France\" height=\"66\"\/><\/p>\n<p>Contenu r\u00e9serv\u00e9 aux abonn\u00e9s<\/p>\n<\/td>\n<td class=\"col-titre\">\n\t\t\tDimanche 28 septembre 2025 08:49<br \/>\n\t\t\t<a class=\"icon-bulle sizeL count\" href=\"#ancreAvis\"><br \/>\n\t&#8230;<br \/>\n<\/a><\/td>\n<\/tr>\n<p>\t\t<a class=\"mavillebox2 elmt-photo\" href=\"https:\/\/maville.com\/photosmvi\/2025\/09\/28\/P35490323D6996581G.jpg\" title=\" Alpha Sissoko, habituel arri\u00e8re droit, a jou\u00e9 pour la premi\u00e8re fois de sa carri\u00e8re au poste d\u2019arri\u00e8re droit lors de la victoire face \u00e0 Saint-\u00c9tienne.  \u00a9  PHOTOPQR\/LE PROGRES\/MAXPPP  &lt;!--TAG-BLC credit--&gt;\" rel=\"galerie_actu noopener\" target=\"_blank\"><br \/>\n\t<img decoding=\"async\" src=\"https:\/\/www.europesays.com\/fr\/wp-content\/uploads\/2025\/09\/P35490323D6996581G_crop_640-330_.jpg\" alt=\"photo  alpha sissoko, habituel arri\u00e8re droit, a jou\u00e9 pour la premi\u00e8re fois de sa carri\u00e8re au poste d\u2019arri\u00e8re droit lors de la victoire face \u00e0 saint-\u00e9tienne.  \u00a9  photopqr\/le progres\/maxppp \"\/><br \/>\n\t1<br \/>\n<\/a><\/p>\n<p class=\"elmt-legende\"> Alpha Sissoko, habituel arri\u00e8re droit, a jou\u00e9 pour la premi\u00e8re fois de sa carri\u00e8re au poste d\u2019arri\u00e8re droit lors de la victoire face \u00e0 Saint-\u00c9tienne.  \u00a9  PHOTOPQR\/LE PROGRES\/MAXPPP  <\/p>\n<p>\t\tContre toute attente, Sylvain Ripoll a pr\u00e9f\u00e9r\u00e9 l\u2019arri\u00e8re droit Alpha Sissoko \u00e0 l\u2019habituel titulaire du poste Albin D\u00e9mouchy en charni\u00e8re centrale lors de la victoire (3-2) chez le leader st\u00e9phanois, samedi 27\u00a0septembre pour le compte de la 8e journ\u00e9e de Ligue 2. Un choix pr\u00e9par\u00e9 \u00e0 l\u2019entra\u00eenement et finalement gagnant.<\/p>\n<p><b>Cet article est r\u00e9serv\u00e9 aux abonn\u00e9s<\/b><\/p>\n<p>Pour un acc\u00e8s imm\u00e9diat, abonnez-vous<\/p>\n<p><b>1\u00e8re semaine offerte<\/b><\/p>\n<p>\t\t Dylan LE M\u00c9E. \u00a0\u00a0<br \/>\n\t\tOuest-France<\/p>\n<p>Retrouvez d&rsquo;autres actus sur la commune de :<\/p>\n<p>\t\t&#13;<\/p>\n","protected":false},"excerpt":{"rendered":"Contenu r\u00e9serv\u00e9 aux abonn\u00e9s Dimanche 28 septembre 2025 08:49 &#8230; 1 Alpha Sissoko, habituel arri\u00e8re droit, a jou\u00e9&hellip;\n","protected":false},"author":2,"featured_media":423777,"comment_status":"","ping_status":"","sticky":false,"template":"","format":"standard","meta":{"footnotes":""},"categories":[9653],"tags":[1111,11,2430,3809,1465,1777,674,63,1011,27,1792,1922,12,25,479,4937,4001,517,1470],"class_list":{"0":"post-423776","1":"post","2":"type-post","3":"status-publish","4":"format-standard","5":"has-post-thumbnail","7":"category-saint-etienne","8":"tag-actu","9":"tag-actualites","10":"tag-auvergne-rhone-alpes","11":"tag-ball","12":"tag-basket","13":"tag-eu","14":"tag-europe","15":"tag-football","16":"tag-fr","17":"tag-france","18":"tag-handball","19":"tag-info","20":"tag-news","21":"tag-republique-francaise","22":"tag-rugby","23":"tag-saint-brieuc","24":"tag-saint-etienne","25":"tag-sport","26":"tag-volley"},"share_on_mastodon":{"url":"https:\/\/pubeurope.com\/@fr\/115282064876265776","error":""},"_links":{"self":[{"href":"https:\/\/www.europesays.com\/fr\/wp-json\/wp\/v2\/posts\/423776","targetHints":{"allow":["GET"]}}],"collection":[{"href":"https:\/\/www.europesays.com\/fr\/wp-json\/wp\/v2\/posts"}],"about":[{"href":"https:\/\/www.europesays.com\/fr\/wp-json\/wp\/v2\/types\/post"}],"author":[{"embeddable":true,"href":"https:\/\/www.europesays.com\/fr\/wp-json\/wp\/v2\/users\/2"}],"replies":[{"embeddable":true,"href":"https:\/\/www.europesays.com\/fr\/wp-json\/wp\/v2\/comments?post=423776"}],"version-history":[{"count":0,"href":"https:\/\/www.europesays.com\/fr\/wp-json\/wp\/v2\/posts\/423776\/revisions"}],"wp:featuredmedia":[{"embeddable":true,"href":"https:\/\/www.europesays.com\/fr\/wp-json\/wp\/v2\/media\/423777"}],"wp:attachment":[{"href":"https:\/\/www.europesays.com\/fr\/wp-json\/wp\/v2\/media?parent=423776"}],"wp:term":[{"taxonomy":"category","embeddable":true,"href":"https:\/\/www.europesays.com\/fr\/wp-json\/wp\/v2\/categories?post=423776"},{"taxonomy":"post_tag","embeddable":true,"href":"https:\/\/www.europesays.com\/fr\/wp-json\/wp\/v2\/tags?post=423776"}],"curies":[{"name":"wp","href":"https:\/\/api.w.org\/{rel}","templated":true}]}}