{"id":423778,"date":"2025-09-28T13:08:03","date_gmt":"2025-09-28T13:08:03","guid":{"rendered":"https:\/\/www.europesays.com\/fr\/423778\/"},"modified":"2025-09-28T13:08:03","modified_gmt":"2025-09-28T13:08:03","slug":"meurthe-et-moselle-mobilisation-des-agriculteurs-ce-vendredi-26-septembre","status":"publish","type":"post","link":"https:\/\/www.europesays.com\/fr\/423778\/","title":{"rendered":"Meurthe-et-Moselle. Mobilisation des agriculteurs ce vendredi 26\u00a0septembre"},"content":{"rendered":"<p>Apr\u00e8s la mobilisation <a href=\"https:\/\/www.estrepublicain.fr\/social\/2025\/09\/10\/bloquons-tout-rassemblements-blocages-greves-en-lorraine-suivez-avec-nous-cette-journee-de-mobilisation\" target=\"_blank\" rel=\"noopener\">\u00ab\u00a0Bloquons tout\u00a0\u00bb du 10\u00a0septembre<\/a> et la <a href=\"https:\/\/www.estrepublicain.fr\/social\/2025\/09\/18\/manifestations-blocages-greves-suivez-avec-nous-cette-journee-de-mobilisation-en-lorraine\" target=\"_blank\" rel=\"noopener\">journ\u00e9e intersyndicale du 18<\/a> , c\u2019est d\u00e9sormais au tour des agriculteurs de faire entendre leurs revendications. Ce vendredi 26\u00a0septembre, ils se mobiliseront partout en France, \u00e0 l\u2019appel de la FNSEA et des Jeunes Agriculteurs (JA), pour d\u00e9noncer une concurrence internationale qu\u2019ils jugent d\u00e9loyale et des r\u00e9glementations de \u00ab\u00a0plus en plus complexes\u00a0\u00bb.<\/p>\n<p>  Pour une uniformit\u00e9 de la l\u00e9gislation europ\u00e9enne<\/p>\n<p>En Meurthe-et-Moselle, l\u2019action men\u00e9e prendra la forme de rassemblements sur les bords de l\u2019autoroute et sur les ronds-points, comme l\u2019explique J\u00e9r\u00e9my Jenneson, pr\u00e9sident de FDSEA 54. \u00ab\u00a0On ne fera pas une grande manifestation \u00e0 Nancy, mais plusieurs rassemblements \u00e0 Ville-en-Vermois, Lesm\u00e9nils et Moncel-l\u00e8s-Lun\u00e9ville. Le but n\u2019est pas de bloquer la circulation, mais d\u2019\u00eatre visibles, avec des feux de palettes, par exemple. Le d\u00e9but de la mobilisation devrait commencer vers 19\u00a0h.\u00a0\u00bb<\/p>\n<p>Selon J\u00e9r\u00e9my Jenneson, il devient urgent de prot\u00e9ger la profession des cons\u00e9quences n\u00e9gatives de la mondialisation et une uniformit\u00e9 de la l\u00e9gislation au niveau europ\u00e9en. \u00ab\u00a0Nous ne sommes pas contre les \u00e9changes internationaux, mais il faut que les r\u00e8gles soient les m\u00eames pour tout le monde\u00a0\u00bb, insiste celui qui pr\u00e9side aussi la Chambre d\u2019agriculture de Meurthe-et-Moselle. \u00ab\u00a0Nous ne comprenons pas qu\u2019on puisse vendre en France des \u0153ufs venant de pays d\u2019Europe de l\u2019Est qui ne respectent pas les normes, alors qu\u2019on pointe du doigt les \u00e9levages XXL. Et quand l\u2019Union europ\u00e9enne impose des taxes sur les engrais pour sanctionner la Russie, c\u2019est nous qui en payons le prix. Nous voulons remettre l\u2019agriculture au c\u0153ur des politiques publiques et de la Politique agricole commune. Au c\u0153ur de l\u2019automne, nous devrions mener une nouvelle action sur le sujet de la PAC pour laquelle nous allons entrer en n\u00e9gociation.\u00a0\u00bb<\/p>\n<p>Le responsable syndical regrette le <a href=\"https:\/\/www.estrepublicain.fr\/economie\/2024\/11\/19\/colere-des-agriculteurs-mobilisations-en-meuse-et-en-meurthe-et-moselle\" target=\"_blank\" rel=\"noopener\"> manque de visibilit\u00e9 du monde agricole fran\u00e7ais<\/a> dans une p\u00e9riode d\u2019instabilit\u00e9 politique marqu\u00e9e par un climat de d\u00e9fiance. \u00ab\u00a0On fait une r\u00e9colte par an et dans la m\u00eame ann\u00e9e, on compte quatre gouvernements diff\u00e9rents. Dans ces conditions, il est difficile d\u2019avoir une vision claire sur la politique qui sera men\u00e9e.\u00a0\u00bb<\/p>\n<p>  La Conf\u00e9d\u00e9ration paysanne se d\u00e9marque<\/p>\n<p>De son c\u00f4t\u00e9, la Conf\u00e9d\u00e9ration paysanne, qui souhaite se d\u00e9marquer de la FNSEA et des JA, en \u00ab\u00a0d\u00e9non\u00e7ant une imposture savamment orchestr\u00e9e par les dirigeants des deux syndicats\u00a0\u00bb, appelle les agriculteurs \u00e0 aller manifester en tracteur le 14\u00a0octobre \u00e0 Paris, avec l\u2019objectif de \u00ab\u00a0stopper l\u2019accord UE-Mercosur et tous les autres accords de libre-\u00e9change\u00a0\u00bb. Le troisi\u00e8me syndicat agricole en France reproche \u00e0 la FNSEA aux JA \u00ab\u00a0d\u2019exiger d\u2019un c\u00f4t\u00e9 la protection de notre agriculture tout en revendiquant, de l\u2019autre, des mesures acc\u00e9l\u00e9rant la course \u00e0 la comp\u00e9titivit\u00e9 sur les march\u00e9s mondiaux telles que la r\u00e9-autorisation de pesticides interdits\u00a0\u00bb.<\/p>\n","protected":false},"excerpt":{"rendered":"Apr\u00e8s la mobilisation \u00ab\u00a0Bloquons tout\u00a0\u00bb du 10\u00a0septembre et la journ\u00e9e intersyndicale du 18 , c\u2019est d\u00e9sormais au tour&hellip;\n","protected":false},"author":2,"featured_media":423779,"comment_status":"","ping_status":"","sticky":false,"template":"","format":"standard","meta":{"footnotes":""},"categories":[9635],"tags":[1111,11,327,33,1707,1704,1706,1705,1777,674,1011,27,775,3457,1702,1703,12,25],"class_list":{"0":"post-423778","1":"post","2":"type-post","3":"status-publish","4":"format-standard","5":"has-post-thumbnail","7":"category-nancy","8":"tag-actu","9":"tag-actualites","10":"tag-agriculture","11":"tag-economie","12":"tag-edition-luneville","13":"tag-edition-nancy-et-agglomeration","14":"tag-edition-pont-a-mousson","15":"tag-edition-toul","16":"tag-eu","17":"tag-europe","18":"tag-fr","19":"tag-france","20":"tag-grand-est","21":"tag-meurthe-et-moselle","22":"tag-nancy","23":"tag-nancy-ville-54b","24":"tag-news","25":"tag-republique-francaise"},"share_on_mastodon":{"url":"https:\/\/pubeurope.com\/@fr\/115282084084409871","error":""},"_links":{"self":[{"href":"https:\/\/www.europesays.com\/fr\/wp-json\/wp\/v2\/posts\/423778","targetHints":{"allow":["GET"]}}],"collection":[{"href":"https:\/\/www.europesays.com\/fr\/wp-json\/wp\/v2\/posts"}],"about":[{"href":"https:\/\/www.europesays.com\/fr\/wp-json\/wp\/v2\/types\/post"}],"author":[{"embeddable":true,"href":"https:\/\/www.europesays.com\/fr\/wp-json\/wp\/v2\/users\/2"}],"replies":[{"embeddable":true,"href":"https:\/\/www.europesays.com\/fr\/wp-json\/wp\/v2\/comments?post=423778"}],"version-history":[{"count":0,"href":"https:\/\/www.europesays.com\/fr\/wp-json\/wp\/v2\/posts\/423778\/revisions"}],"wp:featuredmedia":[{"embeddable":true,"href":"https:\/\/www.europesays.com\/fr\/wp-json\/wp\/v2\/media\/423779"}],"wp:attachment":[{"href":"https:\/\/www.europesays.com\/fr\/wp-json\/wp\/v2\/media?parent=423778"}],"wp:term":[{"taxonomy":"category","embeddable":true,"href":"https:\/\/www.europesays.com\/fr\/wp-json\/wp\/v2\/categories?post=423778"},{"taxonomy":"post_tag","embeddable":true,"href":"https:\/\/www.europesays.com\/fr\/wp-json\/wp\/v2\/tags?post=423778"}],"curies":[{"name":"wp","href":"https:\/\/api.w.org\/{rel}","templated":true}]}}