{"id":423788,"date":"2025-09-28T13:13:10","date_gmt":"2025-09-28T13:13:10","guid":{"rendered":"https:\/\/www.europesays.com\/fr\/423788\/"},"modified":"2025-09-28T13:13:10","modified_gmt":"2025-09-28T13:13:10","slug":"marine-caron-a-officialise-sa-candidature","status":"publish","type":"post","link":"https:\/\/www.europesays.com\/fr\/423788\/","title":{"rendered":"Marine Caron a officialis\u00e9 sa candidature"},"content":{"rendered":"<p melodystyle=\"texte\">Conseill\u00e8re m\u00e9tropolitaine et conseill\u00e8re municipale d&rsquo;opposition du groupe \u00ab\u00a0Centre et Ind\u00e9pendants\u00a0\u00bb, Marine Caron a officialis\u00e9 sa candidature aux municipales 2026 pour la mairie de Rouen, jeudi 25\u00a0septembre. Adh\u00e9rente au parti Horizons, elle axe son programme sur la s\u00e9curit\u00e9 des Rouennaises et Rouennais.<\/p>\n<p>Une s\u00e9curit\u00e9 renforc\u00e9e<\/p>\n<p melodystyle=\"texte\">La Rouennaise s&rsquo;est exprim\u00e9e dans son local de campagne situ\u00e9 rue Beauvoisine mais \u00e9galement sur les r\u00e9seaux sociaux. \u00ab\u00a0Il faut recruter pour aller jusqu&rsquo;\u00e0 l&rsquo;effectif de 100 policiers municipaux, multiplier par quatre le nombre de cam\u00e9ras de vid\u00e9oprotection dans l&rsquo;ensemble de nos quartiers, armer la police municipale, rallumer l&rsquo;\u00e9clairage public\u00a0\u00bb, a-t-elle annonc\u00e9.<\/p>\n<p melodystyle=\"texte\">Marine Caron a ajout\u00e9 ne pas \u00eatre candidate \u00e0 la pr\u00e9sidence de la M\u00e9tropole Rouen Normandie.<\/p>\n","protected":false},"excerpt":{"rendered":"Conseill\u00e8re m\u00e9tropolitaine et conseill\u00e8re municipale d&rsquo;opposition du groupe \u00ab\u00a0Centre et Ind\u00e9pendants\u00a0\u00bb, Marine Caron a officialis\u00e9 sa candidature aux&hellip;\n","protected":false},"author":2,"featured_media":423789,"comment_status":"","ping_status":"","sticky":false,"template":"","format":"standard","meta":{"footnotes":""},"categories":[9587],"tags":[1111,11,1777,674,1011,27,12,5161,25,9590],"class_list":{"0":"post-423788","1":"post","2":"type-post","3":"status-publish","4":"format-standard","5":"has-post-thumbnail","7":"category-rouen","8":"tag-actu","9":"tag-actualites","10":"tag-eu","11":"tag-europe","12":"tag-fr","13":"tag-france","14":"tag-news","15":"tag-normandie","16":"tag-republique-francaise","17":"tag-rouen"},"share_on_mastodon":{"url":"https:\/\/pubeurope.com\/@fr\/115282103803676115","error":""},"_links":{"self":[{"href":"https:\/\/www.europesays.com\/fr\/wp-json\/wp\/v2\/posts\/423788","targetHints":{"allow":["GET"]}}],"collection":[{"href":"https:\/\/www.europesays.com\/fr\/wp-json\/wp\/v2\/posts"}],"about":[{"href":"https:\/\/www.europesays.com\/fr\/wp-json\/wp\/v2\/types\/post"}],"author":[{"embeddable":true,"href":"https:\/\/www.europesays.com\/fr\/wp-json\/wp\/v2\/users\/2"}],"replies":[{"embeddable":true,"href":"https:\/\/www.europesays.com\/fr\/wp-json\/wp\/v2\/comments?post=423788"}],"version-history":[{"count":0,"href":"https:\/\/www.europesays.com\/fr\/wp-json\/wp\/v2\/posts\/423788\/revisions"}],"wp:featuredmedia":[{"embeddable":true,"href":"https:\/\/www.europesays.com\/fr\/wp-json\/wp\/v2\/media\/423789"}],"wp:attachment":[{"href":"https:\/\/www.europesays.com\/fr\/wp-json\/wp\/v2\/media?parent=423788"}],"wp:term":[{"taxonomy":"category","embeddable":true,"href":"https:\/\/www.europesays.com\/fr\/wp-json\/wp\/v2\/categories?post=423788"},{"taxonomy":"post_tag","embeddable":true,"href":"https:\/\/www.europesays.com\/fr\/wp-json\/wp\/v2\/tags?post=423788"}],"curies":[{"name":"wp","href":"https:\/\/api.w.org\/{rel}","templated":true}]}}