{"id":423790,"date":"2025-09-28T13:14:13","date_gmt":"2025-09-28T13:14:13","guid":{"rendered":"https:\/\/www.europesays.com\/fr\/423790\/"},"modified":"2025-09-28T13:14:13","modified_gmt":"2025-09-28T13:14:13","slug":"les-espoirs-gagnent-en-confiance-au-detriment-de-rouen-47-7","status":"publish","type":"post","link":"https:\/\/www.europesays.com\/fr\/423790\/","title":{"rendered":"les Espoirs gagnent en confiance au d\u00e9triment de Rouen (47-7)"},"content":{"rendered":"<p>Sur la lanc\u00e9e de leur pr\u00e9c\u00e9dent probant succ\u00e8s \u00e0 Bordeaux, les jeunes Stadistes ont vite pli\u00e9 l\u2019affaire ce samedi, face \u00e0 Rouen (21-0, 21e). Le quinze visiteur a rapidement pris un s\u00e9v\u00e8re coup de r\u00e2pe, \u00e0 l\u2019image de la premi\u00e8re m\u00eal\u00e9e. Une s\u00e9v\u00e8re entr\u00e9e en mati\u00e8re initi\u00e9e sur le premier essai de l\u2019ailier gauche Thomas (7-0, 5e). Le tr\u00e8s remuant Daunivucu faisait pencher la balance, cette fois c\u00f4t\u00e9 droit (14-0, 10e). Une entame maritime que go\u00fbtait fort peu le coach adverse Nicolas Moranzin.<\/p>\n<p>D\u2019autant que le second centre Scheibel n\u2019\u00e9tant pas en reste pour contraindre les Normands \u00e0 prendre des coups de soleil sous les poteaux\u00a0! Pire, l\u2019infortun\u00e9 avant aile gauche Carlier, s\u00e9v\u00e8rement touch\u00e9 aux c\u00f4tes, \u00e9tait \u00e9vacu\u00e9 par les pompiers, tandis que le Maritime Padonou prenait sa biscotte (34e). L\u2019essai de Bunel (21-7, 35e) \u00e9tait vite refroidi par le rush de l\u2019ailier Berthelot (28-7, 40e). Galv\u00e1n (35-7, 41e) puis les ailiers Thomas (42-7, 66e) et Berthelot (47-7, 76e) accentuaient l\u2019h\u00e9g\u00e9monie stadiste.<\/p>\n<p>\u00ab\u00a0C\u2019est une performance collective accomplie. Je suis content de notre progression en conqu\u00eate. On a su garder notre niveau d\u00e9fensif, \u00e7a valide le bloc \u00e0 la maison, on va gagner en confiance\u00a0\u00bb, jugeait le manager jaune et noir Baptiste Gatuingt. Son homologue Moranzin louait le rival, \u00ab\u00a0la plus belle \u00e9quipe, la mieux en place et structur\u00e9e rencontr\u00e9e \u00e0 ce jour. On ne joue pas le m\u00eame championnat\u00a0\u00bb.<\/p>\n<p>    La\u00a0Rochelle 47 &#8211; Rouen 7<br \/>\n<strong>Lieu<\/strong>\u00a0La\u00a0Rochelle (plaine des jeux Colette-Besson) <strong>Spectateurs<\/strong>\u00a0200\u00a0<strong>Arbitre<\/strong>\u00a0M. Sacarot (Nouvelle-Aquitaine) <strong>Mi-temps<\/strong>\u00a028-7<br \/><strong>LA\u00a0ROCHELLE<\/strong>\u00a07 essais de Thomas (5e, 66e), Daunivucu (10e), Scheibel (21e), Berthelot (40e, 76e), Galvan (41e), 6 transformations de Jurd (5e, 10e, 21e, 40e, 41e, 66e).\u00a0<strong>Cartons jaunes.<\/strong>\u00a0Padonou (34e), Clavier (52e).\u00a0<strong>L\u2019\u00e9quipe.<\/strong>\u00a0Lebrun (Scheibel, 73e) &#8211; Berthelot, Scheibel (Vuetimaiwai, 57e), Daunivucu, Thomas &#8211; (o) Jurd (Cherruau, 68e), (m) Boichot, (Couillaud, 57e) &#8211; Gatteau, Padonou, Fraindt (Price, 62e) &#8211; Huchet, Kante Samba (cap) &#8211; Galvan (Diouf, 66e), Clavier, Luaki<br \/><strong>ROUEN<\/strong>\u00a01 essai de Bunel (35e) transform\u00e9 par Dubacq.\u00a0<strong>L\u2019\u00e9quipe.<\/strong>\u00a0Lelong (cap, Meunier Ranoul, 57e) &#8211; Bunel, L.\u00a0Auvray (Lelong, 72e), Fernandez Grau, R.\u00a0Auvray (Labejof, 45e) &#8211; (o) Dubacq (Dewulf, 40e), (m) Guiset &#8211; Lignier (Gouret, 45e), Eudier (Fouquet, 40e), Carlier (Lesteven, 35e) &#8211; Kade, Courvoisier (Eudier, 45e) &#8211; Toradze (Abdellaoui, 29e), Khakhubia (Massini, 59e), Pion (Toradze, 68e)<\/p>\n","protected":false},"excerpt":{"rendered":"Sur la lanc\u00e9e de leur pr\u00e9c\u00e9dent probant succ\u00e8s \u00e0 Bordeaux, les jeunes Stadistes ont vite pli\u00e9 l\u2019affaire ce&hellip;\n","protected":false},"author":2,"featured_media":423791,"comment_status":"","ping_status":"","sticky":false,"template":"","format":"standard","meta":{"footnotes":""},"categories":[9587],"tags":[1111,11,1777,674,1011,27,12,5161,25,9590],"class_list":{"0":"post-423790","1":"post","2":"type-post","3":"status-publish","4":"format-standard","5":"has-post-thumbnail","7":"category-rouen","8":"tag-actu","9":"tag-actualites","10":"tag-eu","11":"tag-europe","12":"tag-fr","13":"tag-france","14":"tag-news","15":"tag-normandie","16":"tag-republique-francaise","17":"tag-rouen"},"share_on_mastodon":{"url":"https:\/\/pubeurope.com\/@fr\/115282107741929961","error":""},"_links":{"self":[{"href":"https:\/\/www.europesays.com\/fr\/wp-json\/wp\/v2\/posts\/423790","targetHints":{"allow":["GET"]}}],"collection":[{"href":"https:\/\/www.europesays.com\/fr\/wp-json\/wp\/v2\/posts"}],"about":[{"href":"https:\/\/www.europesays.com\/fr\/wp-json\/wp\/v2\/types\/post"}],"author":[{"embeddable":true,"href":"https:\/\/www.europesays.com\/fr\/wp-json\/wp\/v2\/users\/2"}],"replies":[{"embeddable":true,"href":"https:\/\/www.europesays.com\/fr\/wp-json\/wp\/v2\/comments?post=423790"}],"version-history":[{"count":0,"href":"https:\/\/www.europesays.com\/fr\/wp-json\/wp\/v2\/posts\/423790\/revisions"}],"wp:featuredmedia":[{"embeddable":true,"href":"https:\/\/www.europesays.com\/fr\/wp-json\/wp\/v2\/media\/423791"}],"wp:attachment":[{"href":"https:\/\/www.europesays.com\/fr\/wp-json\/wp\/v2\/media?parent=423790"}],"wp:term":[{"taxonomy":"category","embeddable":true,"href":"https:\/\/www.europesays.com\/fr\/wp-json\/wp\/v2\/categories?post=423790"},{"taxonomy":"post_tag","embeddable":true,"href":"https:\/\/www.europesays.com\/fr\/wp-json\/wp\/v2\/tags?post=423790"}],"curies":[{"name":"wp","href":"https:\/\/api.w.org\/{rel}","templated":true}]}}