{"id":423794,"date":"2025-09-28T13:16:14","date_gmt":"2025-09-28T13:16:14","guid":{"rendered":"https:\/\/www.europesays.com\/fr\/423794\/"},"modified":"2025-09-28T13:16:14","modified_gmt":"2025-09-28T13:16:14","slug":"grenoble-la-decheterie-jacquard-rouvre-apres-six-mois-de-travaux","status":"publish","type":"post","link":"https:\/\/www.europesays.com\/fr\/423794\/","title":{"rendered":"Grenoble : la d\u00e9ch\u00e8terie Jacquard rouvre apr\u00e8s six mois de travaux"},"content":{"rendered":"<p><img loading=\"lazy\" decoding=\"async\" alt=\"\u00a9 Thomas Richardson - La d\u00e9ch\u00e8terie Jacquard \u00e0 Grenoble rouvrira ses portes au public ce lundi 29 septembre au terme de six mois de travaux.\" data-zoom-src=\"https:\/\/www.europesays.com\/fr\/wp-content\/uploads\/2025\/09\/initial-dechetterie-jacquard.jpg\" data-zoomable=\"\" height=\"702\" src=\"https:\/\/www.europesays.com\/fr\/wp-content\/uploads\/2025\/09\/initial-dechetterie-jacquard.jpg\" width=\"1248\"\/>  <\/p>\n<p class=\"article-desc\">\u00a9 Thomas Richardson &#8211; La d\u00e9ch\u00e8terie Jacquard \u00e0 Grenoble rouvrira ses portes au public ce lundi 29 septembre au terme de six mois de travaux. <\/p>\n<p>Elle \u00e9tait ferm\u00e9e depuis le 31 mars 2025 pour <a href=\"https:\/\/mesinfos.fr\/38000-grenoble\/grenoble-une-decheterie-du-centre-ville-fermee-pour-travaux-jusqu-en-septembre-219183.html\" rel=\"noopener nofollow\" target=\"_blank\">travaux de r\u00e9novation et d&rsquo;agrandissement<\/a> (7,7 millions d&rsquo;euros cofinanc\u00e9s par la M\u00e9tropole et par la Ville de Grenoble). La <strong>d\u00e9ch\u00e8terie Jacquard<\/strong>, situ\u00e9e dans le quartier de la Capuche \u00e0 <strong>Grenoble<\/strong>, rouvre enfin ses portes au public. La date de <strong>r\u00e9ouverture <\/strong>est fix\u00e9e ce <strong>lundi 29 septembre \u00e0 8h15<\/strong>. <\/p>\n<p>R\u00e9ouverture de la d\u00e9ch\u00e8terie Jacquard ce lundi 29 septembre 2025 <\/p>\n<p>Le m\u00eame jour, ce sont deux autres d\u00e9ch\u00e8teries situ\u00e9es dans la capitale fran\u00e7aise des Alpes qui fermeront leurs portes, de fa\u00e7on d\u00e9finitive, car jug\u00e9es trop petites et inadapt\u00e9es : Grenoble Peupliers et Grenoble Jouhaux. <\/p>\n<p><strong>Pratique<\/strong> <\/p>\n<p>D\u00e9ch\u00e8terie Jacquard, 20 rue Jacquard, \u00e0 Grenoble. <\/p>\n<p>Horaires : toute l\u2019ann\u00e9e (sauf juillet et ao\u00fbt) du lundi au samedi de 8h15 \u00e0 12h et de 13h \u00e0 17h30. Du 1er juillet au 31 ao\u00fbt du lundi au vendredi de 8h15 \u00e0 15h et le samedi de 8h15 \u00e0 12h et de 13h \u00e0 17h.<\/p>\n","protected":false},"excerpt":{"rendered":"\u00a9 Thomas Richardson &#8211; La d\u00e9ch\u00e8terie Jacquard \u00e0 Grenoble rouvrira ses portes au public ce lundi 29 septembre&hellip;\n","protected":false},"author":2,"featured_media":423795,"comment_status":"","ping_status":"","sticky":false,"template":"","format":"standard","meta":{"footnotes":""},"categories":[9566],"tags":[1111,11,2430,55289,1777,674,1011,27,2731,12,25,2086],"class_list":{"0":"post-423794","1":"post","2":"type-post","3":"status-publish","4":"format-standard","5":"has-post-thumbnail","7":"category-grenoble","8":"tag-actu","9":"tag-actualites","10":"tag-auvergne-rhone-alpes","11":"tag-du00e9chu00e8terie","12":"tag-eu","13":"tag-europe","14":"tag-fr","15":"tag-france","16":"tag-grenoble","17":"tag-news","18":"tag-republique-francaise","19":"tag-travaux"},"share_on_mastodon":{"url":"https:\/\/pubeurope.com\/@fr\/115282116081872258","error":""},"_links":{"self":[{"href":"https:\/\/www.europesays.com\/fr\/wp-json\/wp\/v2\/posts\/423794","targetHints":{"allow":["GET"]}}],"collection":[{"href":"https:\/\/www.europesays.com\/fr\/wp-json\/wp\/v2\/posts"}],"about":[{"href":"https:\/\/www.europesays.com\/fr\/wp-json\/wp\/v2\/types\/post"}],"author":[{"embeddable":true,"href":"https:\/\/www.europesays.com\/fr\/wp-json\/wp\/v2\/users\/2"}],"replies":[{"embeddable":true,"href":"https:\/\/www.europesays.com\/fr\/wp-json\/wp\/v2\/comments?post=423794"}],"version-history":[{"count":0,"href":"https:\/\/www.europesays.com\/fr\/wp-json\/wp\/v2\/posts\/423794\/revisions"}],"wp:featuredmedia":[{"embeddable":true,"href":"https:\/\/www.europesays.com\/fr\/wp-json\/wp\/v2\/media\/423795"}],"wp:attachment":[{"href":"https:\/\/www.europesays.com\/fr\/wp-json\/wp\/v2\/media?parent=423794"}],"wp:term":[{"taxonomy":"category","embeddable":true,"href":"https:\/\/www.europesays.com\/fr\/wp-json\/wp\/v2\/categories?post=423794"},{"taxonomy":"post_tag","embeddable":true,"href":"https:\/\/www.europesays.com\/fr\/wp-json\/wp\/v2\/tags?post=423794"}],"curies":[{"name":"wp","href":"https:\/\/api.w.org\/{rel}","templated":true}]}}