{"id":423800,"date":"2025-09-28T13:19:25","date_gmt":"2025-09-28T13:19:25","guid":{"rendered":"https:\/\/www.europesays.com\/fr\/423800\/"},"modified":"2025-09-28T13:19:25","modified_gmt":"2025-09-28T13:19:25","slug":"accidents-mortels-en-alsace-de-1946-a-2021-75-ans-de-tragedies-routieres-dans-notre-region","status":"publish","type":"post","link":"https:\/\/www.europesays.com\/fr\/423800\/","title":{"rendered":"Accidents mortels en Alsace. De 1946 \u00e0 2021, 75 ans de trag\u00e9dies routi\u00e8res dans notre r\u00e9gion"},"content":{"rendered":"<p>                            Le 11 f\u00e9vrier 1946, un train percute un car \u00e0 Colmar : 15 morts<\/p>\n<p>Un car de la soci\u00e9t\u00e9 Salta effectuant le trajet entre la gare de Colmar et Lapoutroie franchit un passage \u00e0 niveau, route d&rsquo;Ingersheim, le 11 f\u00e9vrier 1946, peu avant 8h du matin. Les barri\u00e8res sont lev\u00e9es, le conducteur du car ne s&rsquo;inqui\u00e8te pas&#8230; H\u00e9las, le train Calais-B\u00e2le, circulant \u00e0 une vitesse \u00e9lev\u00e9e, traverse alors Colmar. Le choc est terriblement violent. Le car est d\u00e9chiquet\u00e9 par le train, qui mettra un certain temps \u00e0 s&rsquo;arr\u00eater, beaucoup plus loin, rue du Logelbach. On sortira une vingtaine de bless\u00e9s de cet amas de t\u00f4le&#8230; ainsi que les corps de nombreux passagers, une quinzaine au total.<\/p>\n<p>Cette catastrophe fut imput\u00e9e \u00e0 une erreur humaine, celle du jeune garde-barri\u00e8re. Ce dernier n&rsquo;aurait pas pris garde au dysfonctionnement des signaux annon\u00e7ant les&#8230;<\/p>\n","protected":false},"excerpt":{"rendered":"Le 11 f\u00e9vrier 1946, un train percute un car \u00e0 Colmar : 15 morts Un car de la&hellip;\n","protected":false},"author":2,"featured_media":423801,"comment_status":"","ping_status":"","sticky":false,"template":"","format":"standard","meta":{"footnotes":""},"categories":[2820],"tags":[119,1111,11,2389,55293,2649,7768,34661,38984,3542,5065,42576,55291,1777,674,274,107,1011,27,15156,775,55294,1637,55295,9440,55292,55290,12,25,3141,640,2803,8622],"class_list":{"0":"post-423800","1":"post","2":"type-post","3":"status-publish","4":"format-standard","5":"has-post-thumbnail","7":"category-strasbourg","8":"tag-accident","9":"tag-actu","10":"tag-actualites","11":"tag-alsace","12":"tag-altorf","13":"tag-bas-rhin","14":"tag-brumath","15":"tag-cernay","16":"tag-chatenois","17":"tag-circulation","18":"tag-colmar","19":"tag-dorlisheim","20":"tag-drulingen","21":"tag-eu","22":"tag-europe","23":"tag-faits-divers-justice","24":"tag-fil-info","25":"tag-fr","26":"tag-france","27":"tag-geudertheim","28":"tag-grand-est","29":"tag-guebwiller","30":"tag-haut-rhin","31":"tag-ittenheim","32":"tag-la-wantzenau","33":"tag-liepvre","34":"tag-munchhouse","35":"tag-news","36":"tag-republique-francaise","37":"tag-selestat","38":"tag-strasbourg","39":"tag-transport","40":"tag-vallee-de-ville"},"share_on_mastodon":{"url":"https:\/\/pubeurope.com\/@fr\/115282127415354451","error":""},"_links":{"self":[{"href":"https:\/\/www.europesays.com\/fr\/wp-json\/wp\/v2\/posts\/423800","targetHints":{"allow":["GET"]}}],"collection":[{"href":"https:\/\/www.europesays.com\/fr\/wp-json\/wp\/v2\/posts"}],"about":[{"href":"https:\/\/www.europesays.com\/fr\/wp-json\/wp\/v2\/types\/post"}],"author":[{"embeddable":true,"href":"https:\/\/www.europesays.com\/fr\/wp-json\/wp\/v2\/users\/2"}],"replies":[{"embeddable":true,"href":"https:\/\/www.europesays.com\/fr\/wp-json\/wp\/v2\/comments?post=423800"}],"version-history":[{"count":0,"href":"https:\/\/www.europesays.com\/fr\/wp-json\/wp\/v2\/posts\/423800\/revisions"}],"wp:featuredmedia":[{"embeddable":true,"href":"https:\/\/www.europesays.com\/fr\/wp-json\/wp\/v2\/media\/423801"}],"wp:attachment":[{"href":"https:\/\/www.europesays.com\/fr\/wp-json\/wp\/v2\/media?parent=423800"}],"wp:term":[{"taxonomy":"category","embeddable":true,"href":"https:\/\/www.europesays.com\/fr\/wp-json\/wp\/v2\/categories?post=423800"},{"taxonomy":"post_tag","embeddable":true,"href":"https:\/\/www.europesays.com\/fr\/wp-json\/wp\/v2\/tags?post=423800"}],"curies":[{"name":"wp","href":"https:\/\/api.w.org\/{rel}","templated":true}]}}