{"id":423807,"date":"2025-09-28T13:23:11","date_gmt":"2025-09-28T13:23:11","guid":{"rendered":"https:\/\/www.europesays.com\/fr\/423807\/"},"modified":"2025-09-28T13:23:11","modified_gmt":"2025-09-28T13:23:11","slug":"une-adaptation-theatrale-de-saphia-azzeddine-jouee-a-onyx","status":"publish","type":"post","link":"https:\/\/www.europesays.com\/fr\/423807\/","title":{"rendered":"Une adaptation th\u00e9\u00e2trale de Saphia Azzeddine jou\u00e9e \u00e0 Onyx"},"content":{"rendered":"<p>Jbara, petite berg\u00e8re des montagnes du Maghreb, n\u00e9e mis\u00e9rable et abus\u00e9e, mais dot\u00e9e d\u2019une force int\u00e9rieure hors norme, embarque le public pour une \u00e9pop\u00e9e kal\u00e9idoscopique\u2026 Le spectacle, dont le texte est adapt\u00e9 du premier roman de Saphia Azzeddine, Confidences \u00e0 Allah, narre la r\u00e9silience par le menu, avec humour et espoir.<\/p>\n<p>Jbara (qui signifie fracture en darija, l\u2019arabe marocain) est interpr\u00e9t\u00e9e par Salma Cherqaoui, et mis en musique par Rasim Biyikli. La com\u00e9dienne et le musicien, membres de la compagnie du Studio d\u2019en haut, font revivre avec ferveur et talent les pages du premier roman \u00e0 succ\u00e8s de l\u2019\u00e9crivaine franco-marocaine, dans un jeu engag\u00e9 et d\u00e9pouill\u00e9.<\/p>\n<p>Dans une langue directe et moderne, Jbara d\u00e9monte les clich\u00e9s et le fameux mektoub, ou d\u00e9terminisme, en guise de lutte acharn\u00e9e contre la pauvret\u00e9, la mis\u00e8re sociale, l\u2019ignorance et les abus. A-t-on un destin\u00a0? Peut-on y \u00e9chapper lorsqu\u2019il nous fait courir \u00e0 notre perte\u00a0? se demande celle qui passe du statut de victime \u00e0 celui d\u2019h\u00e9ro\u00efne au fil du jeu, pour faire la nique \u00e0 la posture victimaire \u00e0 laquelle sont souvent cantonn\u00e9es les voix venues de l\u2019\u00e9tranger.<\/p>\n<p>Ce spectacle vivant se joue dans le cadre du dispositif Qui Vive\u00a0! permettant aux artistes et lieux culturels locaux de jouer la solidarit\u00e9, avec le soutien de Nantes m\u00e9tropole.<\/p>\n<p><strong>Vendredi 3\u00a0octobre, <\/strong>\u00e0 15\u00a0h et 20\u00a0h\u00a030, au Th\u00e9\u00e2tre Onyx, 1, place Oc\u00e9ane \u00e0 Saint-Herblain. Contact\u00a0: billetterie.onyx@saint-herblain.fr\u00a0; t\u00e9l.\u00a002\u00a028\u00a025\u00a025\u00a000. Tarif\u00a0: de 5\u00a0\u20ac \u00e0 10\u00a0\u20ac\u00a0; <a href=\"https:\/\/www.theatreonyx.fr\/programme\/spectacles\/jbara\" target=\"_blank\" rel=\"noopener\">www.theatreonyx.fr.<\/a><\/p>\n<p>\u00a0<\/p>\n","protected":false},"excerpt":{"rendered":"Jbara, petite berg\u00e8re des montagnes du Maghreb, n\u00e9e mis\u00e9rable et abus\u00e9e, mais dot\u00e9e d\u2019une force int\u00e9rieure hors norme,&hellip;\n","protected":false},"author":2,"featured_media":423808,"comment_status":"","ping_status":"","sticky":false,"template":"","format":"standard","meta":{"footnotes":""},"categories":[2818],"tags":[1111,11,5331,55298,1777,674,1011,27,4944,766,12,55299,2636,25,3272,55297,4943],"class_list":{"0":"post-423807","1":"post","2":"type-post","3":"status-publish","4":"format-standard","5":"has-post-thumbnail","7":"category-nantes","8":"tag-actu","9":"tag-actualites","10":"tag-adaptation","11":"tag-azzeddine","12":"tag-eu","13":"tag-europe","14":"tag-fr","15":"tag-france","16":"tag-jouee","17":"tag-nantes","18":"tag-news","19":"tag-onyx","20":"tag-pays-de-la-loire","21":"tag-republique-francaise","22":"tag-saint-nazaire","23":"tag-saphia","24":"tag-theatrale"},"share_on_mastodon":{"url":"https:\/\/pubeurope.com\/@fr\/115282143135743407","error":""},"_links":{"self":[{"href":"https:\/\/www.europesays.com\/fr\/wp-json\/wp\/v2\/posts\/423807","targetHints":{"allow":["GET"]}}],"collection":[{"href":"https:\/\/www.europesays.com\/fr\/wp-json\/wp\/v2\/posts"}],"about":[{"href":"https:\/\/www.europesays.com\/fr\/wp-json\/wp\/v2\/types\/post"}],"author":[{"embeddable":true,"href":"https:\/\/www.europesays.com\/fr\/wp-json\/wp\/v2\/users\/2"}],"replies":[{"embeddable":true,"href":"https:\/\/www.europesays.com\/fr\/wp-json\/wp\/v2\/comments?post=423807"}],"version-history":[{"count":0,"href":"https:\/\/www.europesays.com\/fr\/wp-json\/wp\/v2\/posts\/423807\/revisions"}],"wp:featuredmedia":[{"embeddable":true,"href":"https:\/\/www.europesays.com\/fr\/wp-json\/wp\/v2\/media\/423808"}],"wp:attachment":[{"href":"https:\/\/www.europesays.com\/fr\/wp-json\/wp\/v2\/media?parent=423807"}],"wp:term":[{"taxonomy":"category","embeddable":true,"href":"https:\/\/www.europesays.com\/fr\/wp-json\/wp\/v2\/categories?post=423807"},{"taxonomy":"post_tag","embeddable":true,"href":"https:\/\/www.europesays.com\/fr\/wp-json\/wp\/v2\/tags?post=423807"}],"curies":[{"name":"wp","href":"https:\/\/api.w.org\/{rel}","templated":true}]}}