{"id":423811,"date":"2025-09-28T13:25:10","date_gmt":"2025-09-28T13:25:10","guid":{"rendered":"https:\/\/www.europesays.com\/fr\/423811\/"},"modified":"2025-09-28T13:25:10","modified_gmt":"2025-09-28T13:25:10","slug":"fin-de-la-couteuse-brouille-entre-bordeaux-metropole-et-les-territoires-voisins","status":"publish","type":"post","link":"https:\/\/www.europesays.com\/fr\/423811\/","title":{"rendered":"fin de la co\u00fbteuse brouille entre Bordeaux M\u00e9tropole et les territoires voisins"},"content":{"rendered":"<p>Bordeaux M\u00e9tropole et 13 syndicats intercommunaux repr\u00e9sentant la quasi-totalit\u00e9 des habitants de la Gironde vont cr\u00e9er un groupement d\u2019int\u00e9r\u00eat public (GIP) commun charg\u00e9 de la gestion des d\u00e9chets \u00e0 l\u2019\u00e9chelle d\u00e9partementale. Ce devrait \u00eatre la fin d\u2019une injustice issue du contrat pass\u00e9 en 2019 entre la M\u00e9tropole et l\u2019industriel priv\u00e9 Veolia, qui pratiquait des prix discriminatoires \u00e0 l\u2019encontre des territoires autour pour l\u2019utilisation des incin\u00e9rateurs de Cenon et B\u00e8gles.<\/p>\n<p>\u00c0 l\u2019\u00e9poque, ce dossier avait symbolis\u00e9 une Gironde \u00e0 deux vitesses, avec une forme d\u2019\u00e9crasement des territoires p\u00e9riph\u00e9riques par une M\u00e9tropole s\u00fbre de sa domination et de ses \u00e9quipements. Pour incin\u00e9rer les d\u00e9chets, les tarifs propos\u00e9s \u00e0 la M\u00e9tropole (51\u00a0euros la tonne) \u00e9taient deux fois moins \u00e9lev\u00e9s que ceux impos\u00e9s aux intercommunalit\u00e9s situ\u00e9es dans la p\u00e9riph\u00e9rie (118\u00a0euros). La situation arrangeait d\u2019autant plus la M\u00e9tropole que ses incin\u00e9rateurs sont en surcapacit\u00e9\u00a0: ils peuvent absorber 340\u00a0000 tonnes de d\u00e9chets m\u00e9nagers, alors que les 28 communes qui la composent en produisent 220\u00a0000.<\/p>\n<p>La cr\u00e9ation du GIP vise \u00e0 corriger ce d\u00e9s\u00e9quilibre. Il doit conduire \u00e0 une harmonisation des tarifs et institue une gouvernance partag\u00e9e entre Bordeaux M\u00e9tropole et les 13 syndicats intercommunaux. \u00ab\u00a0C\u2019est la fin de la Communaut\u00e9 urbaine de Bordeaux (CUB, l\u2019anc\u00eatre de la M\u00e9tropole, [NDLR]) citadelle\u00a0\u00bb, s\u2019est f\u00e9licit\u00e9 l\u2019\u00e9lu de M\u00e9rignac, G\u00e9rard Chausset, l\u2019un des rares qui avait vot\u00e9 contre le syst\u00e8me adopt\u00e9 en 2019. Selon lui, la m\u00eame logique devrait s\u2019appliquer aux questions de transports ou de gestion de l\u2019eau, des sujets dont l\u2019\u00e9chelle la plus pertinente est le d\u00e9partement, pas l\u2019agglom\u00e9ration principale.<\/p>\n<p>\u00ab\u00a0Un dossier majeur\u00a0\u00bb<\/p>\n<p>\u00ab\u00a0C\u2019est un dossier majeur, une excellente nouvelle, l\u2019engagement d\u2019une M\u00e9tropole plus op\u00e9rationnelle en faveur de la coop\u00e9ration territoriale, estime Sandrine Papin, vice-pr\u00e9sidente charg\u00e9e de l\u2019\u00e9quilibre des territoires. C\u2019est un soulagement pour beaucoup d\u2019intercommunalit\u00e9s. Pour elles, ce GIP permet une r\u00e9flexion sur le traitement des d\u00e9chets \u00e0 la vraie \u00e9chelle\u00a0: celle du d\u00e9partement.\u00a0\u00bb<\/p>\n<p>Christine Bost, pr\u00e9sidente de la M\u00e9tropole, y voit une autre vertu\u00a0: \u00ab\u00a0C\u2019est n\u00e9cessaire pour avoir plus d\u2019\u00e9quit\u00e9 entre les territoires. Mais cela permettra aussi d\u2019aller plus loin dans la diminution de l\u2019enfouissement pour les territoires autour, sachant que la M\u00e9tropole enfouit tr\u00e8s peu. Cela va acc\u00e9l\u00e9rer les choses.\u00a0\u00bb<\/p>\n<p>La minorit\u00e9 de centre droit estime aussi que ce r\u00e9\u00e9quilibrage \u00e9tait n\u00e9cessaire. Mais le maire LR de Saint-Aubin-de-M\u00e9doc, Christophe Duprat, signale \u00ab\u00a0un point d\u2019alerte\u00a0\u00bb. La discordance tarifaire \u00e9tait \u00ab\u00a0quelque chose d\u2019anormal\u00a0\u00bb, mais il ne faudrait pas que les choses s\u2019inversent. \u00ab\u00a0Attention \u00e0 bien ma\u00eetriser les tarifs, explique-t-il. Les habitants de la M\u00e9tropole ont lourdement investi dans les \u00e9quipements de gestion des d\u00e9chets, il ne faudrait pas qu\u2019il y ait une double peine\u00a0: qu\u2019ils aient financ\u00e9 ces \u00e9quipements et que les tarifs ne soient pas ma\u00eetris\u00e9s.\u00a0\u00bb<\/p>\n","protected":false},"excerpt":{"rendered":"Bordeaux M\u00e9tropole et 13 syndicats intercommunaux repr\u00e9sentant la quasi-totalit\u00e9 des habitants de la Gironde vont cr\u00e9er un groupement&hellip;\n","protected":false},"author":2,"featured_media":423812,"comment_status":"","ping_status":"","sticky":false,"template":"","format":"standard","meta":{"footnotes":""},"categories":[2817],"tags":[1111,11,1997,1777,674,1011,27,12,2219,25],"class_list":{"0":"post-423811","1":"post","2":"type-post","3":"status-publish","4":"format-standard","5":"has-post-thumbnail","7":"category-bordeaux","8":"tag-actu","9":"tag-actualites","10":"tag-bordeaux","11":"tag-eu","12":"tag-europe","13":"tag-fr","14":"tag-france","15":"tag-news","16":"tag-nouvelle-aquitaine","17":"tag-republique-francaise"},"share_on_mastodon":{"url":"https:\/\/pubeurope.com\/@fr\/115282151061902883","error":""},"_links":{"self":[{"href":"https:\/\/www.europesays.com\/fr\/wp-json\/wp\/v2\/posts\/423811","targetHints":{"allow":["GET"]}}],"collection":[{"href":"https:\/\/www.europesays.com\/fr\/wp-json\/wp\/v2\/posts"}],"about":[{"href":"https:\/\/www.europesays.com\/fr\/wp-json\/wp\/v2\/types\/post"}],"author":[{"embeddable":true,"href":"https:\/\/www.europesays.com\/fr\/wp-json\/wp\/v2\/users\/2"}],"replies":[{"embeddable":true,"href":"https:\/\/www.europesays.com\/fr\/wp-json\/wp\/v2\/comments?post=423811"}],"version-history":[{"count":0,"href":"https:\/\/www.europesays.com\/fr\/wp-json\/wp\/v2\/posts\/423811\/revisions"}],"wp:featuredmedia":[{"embeddable":true,"href":"https:\/\/www.europesays.com\/fr\/wp-json\/wp\/v2\/media\/423812"}],"wp:attachment":[{"href":"https:\/\/www.europesays.com\/fr\/wp-json\/wp\/v2\/media?parent=423811"}],"wp:term":[{"taxonomy":"category","embeddable":true,"href":"https:\/\/www.europesays.com\/fr\/wp-json\/wp\/v2\/categories?post=423811"},{"taxonomy":"post_tag","embeddable":true,"href":"https:\/\/www.europesays.com\/fr\/wp-json\/wp\/v2\/tags?post=423811"}],"curies":[{"name":"wp","href":"https:\/\/api.w.org\/{rel}","templated":true}]}}