{"id":423815,"date":"2025-09-28T13:27:09","date_gmt":"2025-09-28T13:27:09","guid":{"rendered":"https:\/\/www.europesays.com\/fr\/423815\/"},"modified":"2025-09-28T13:27:09","modified_gmt":"2025-09-28T13:27:09","slug":"ils-sont-places-en-garde-a-vue","status":"publish","type":"post","link":"https:\/\/www.europesays.com\/fr\/423815\/","title":{"rendered":"ils sont plac\u00e9s en garde \u00e0 vue"},"content":{"rendered":"<p>            Par<br \/>\n        <strong><br \/>\n            <a href=\"https:\/\/actu.fr\/auteur\/lea-afonso\" title=\"Consulter tous les articles de L\u00e9a Afonso\" target=\"_blank\" rel=\"noopener\">L\u00e9a Afonso<\/a><br \/>\n        <\/strong><\/p>\n<p>        Publi\u00e9 le<\/p>\n<p>            28 sept. 2025 \u00e0 15h14        <\/p>\n<p>Alors que les patrouilles de police se sont intensifi\u00e9es ces derniers mois dans le secteur du <strong>Mirail <\/strong>\u00e0 <a href=\"https:\/\/actu.fr\/toulouse\/\" target=\"_blank\" rel=\"noopener\">Toulouse<\/a>, les interventions ne cessent de se multiplier. Dernier \u00e9pisode en date\u2009: une <strong>interpellation<\/strong> mouvement\u00e9e dans la nuit du vendredi\u00a026 au samedi 27\u00a0septembre 2025, <strong>rue du Doyen Lefebvre<\/strong>, \u00e0 proximit\u00e9 de Bellefontaine. Une information r\u00e9v\u00e9l\u00e9e par nos confr\u00e8res de <a href=\"https:\/\/www.ladepeche.fr\/2025\/09\/28\/la-police-interpelle-deux-hommes-armes-avant-detre-prise-en-chasse-par-plusieurs-voitures-12958437.php\" target=\"_blank\" rel=\"noopener\">La D\u00e9p\u00eache<\/a>, qu\u2019Actu Toulouse est en mesure de confirmer.<\/p>\n<p>    <a href=\"https:\/\/www.google.com\/maps\/embed?pb=!1m18!1m12!1m3!1d2890.9125650753967!2d1.3933617111536543!3d43.5667049709858!2m3!1f0!2f0!3f0!3m2!1i1024!2i768!4f13.1!3m3!1m2!1s0x12aeba374b7263ad%3A0x24b9ace1d0b460f3!2sRue%20du%20Doyen%20Lefebvre%2C%2031100%20Toulouse!5e0!3m2!1sfr!2sfr!4v1759064658090!5m2!1sfr!2sfr\" title=\"Ouvrie le lien\" target=\"_blank\" rel=\"noopener\">Cliquez ici pour visualiser le contenu<\/a><\/p>\n<p>Une course avort\u00e9e<\/p>\n<p class=\" wall-content\">Il est environ <strong>3h du matin<\/strong> lorsque deux jeunes hommes, \u00e2g\u00e9s de <strong>17 et 20\u00a0ans,<\/strong> circulent \u00e0 bord d\u2019une<strong> moto \u00e9lectrique<\/strong> dans le secteur de Basso Cambo. Ils aper\u00e7oivent alors une patrouille de la brigade anti-criminalit\u00e9 (BAC).<\/p>\n<p class=\" wall-content\">\u00ab\u2009\u00c0 la vue des policiers, ils tentent de faire demi-tour, mais <strong>perdent le contr\u00f4le<\/strong> du v\u00e9hicule et <strong>chutent<\/strong>\u2009\u00bb, indique une source polici\u00e8re contact\u00e9e par Actu Toulouse.<\/p>\n<p>Une arme charg\u00e9e d\u00e9couverte<\/p>\n<p class=\" wall-content\">Les policiers s\u2019avancent alors vers eux et lors du contr\u00f4le, ils d\u00e9couvrent une <strong>sacoche<\/strong> appartenant au conducteur. \u00c0 l\u2019int\u00e9rieur\u2009: <strong>un pistolet Colt de calibre 45, charg\u00e9.<\/strong><\/p>\n<p>Vid\u00e9os : en ce moment sur Actu<\/p>\n<p class=\" wall-content\">D\u00e9j\u00e0 connus des services de police, les deux suspects sont imm\u00e9diatement <strong>interpell\u00e9s et plac\u00e9s en garde \u00e0 vue.<\/strong><\/p>\n<p>Garde \u00e0 vue prolong\u00e9e<\/p>\n<p class=\" wall-content\">Ce dimanche 28\u00a0septembre 2025, leur garde \u00e0 vue a \u00e9t\u00e9 prolong\u00e9e. Ils pourraient \u00eatre prochainement d\u00e9f\u00e9r\u00e9s devant le parquet en vue d\u2019une \u00e9ventuelle mise en examen.<\/p>\n<p>Votre r\u00e9gion, votre actu !<\/p>\n<p>Recevez chaque jour les infos qui comptent pour vous.<\/p>\n<p>\t<a href=\"https:\/\/actu.fr\/newsletter\" class=\"ac-btn ac-btn--corner ac-btn--medium ac-btn--blue800\" target=\"_blank\" rel=\"noopener\">S&rsquo;incrire<\/a><\/p>\n<p class=\" wall-content\">Personnalisez votre actualit\u00e9 en ajoutant vos villes et m\u00e9dias en favori avec <a href=\"https:\/\/moncompte.actu.fr\" title=\"D\u00e9couvez Mon Actu\" rel=\"nofollow noopener\" data-trk=\"{&quot;cta&quot;:{&quot;action&quot;:&quot;https:\\\/\\\/moncompte.actu.fr&quot;,&quot;category&quot;:&quot;mon compte&quot;,&quot;from&quot;:&quot;article footer&quot;,&quot;name&quot;:&quot;Mon actu&quot;,&quot;type&quot;:&quot;cta&quot;}}\" target=\"_blank\">Mon Actu<\/a>.<\/p>\n","protected":false},"excerpt":{"rendered":"Par L\u00e9a Afonso Publi\u00e9 le 28 sept. 2025 \u00e0 15h14 Alors que les patrouilles de police se sont&hellip;\n","protected":false},"author":2,"featured_media":423816,"comment_status":"","ping_status":"","sticky":false,"template":"","format":"standard","meta":{"footnotes":""},"categories":[2816],"tags":[1111,11,1777,674,118,1011,27,12,2680,1072,25,2312],"class_list":{"0":"post-423815","1":"post","2":"type-post","3":"status-publish","4":"format-standard","5":"has-post-thumbnail","7":"category-toulouse","8":"tag-actu","9":"tag-actualites","10":"tag-eu","11":"tag-europe","12":"tag-faits-divers","13":"tag-fr","14":"tag-france","15":"tag-news","16":"tag-occitanie","17":"tag-police","18":"tag-republique-francaise","19":"tag-toulouse"},"share_on_mastodon":{"url":"https:\/\/pubeurope.com\/@fr\/115282158804024930","error":""},"_links":{"self":[{"href":"https:\/\/www.europesays.com\/fr\/wp-json\/wp\/v2\/posts\/423815","targetHints":{"allow":["GET"]}}],"collection":[{"href":"https:\/\/www.europesays.com\/fr\/wp-json\/wp\/v2\/posts"}],"about":[{"href":"https:\/\/www.europesays.com\/fr\/wp-json\/wp\/v2\/types\/post"}],"author":[{"embeddable":true,"href":"https:\/\/www.europesays.com\/fr\/wp-json\/wp\/v2\/users\/2"}],"replies":[{"embeddable":true,"href":"https:\/\/www.europesays.com\/fr\/wp-json\/wp\/v2\/comments?post=423815"}],"version-history":[{"count":0,"href":"https:\/\/www.europesays.com\/fr\/wp-json\/wp\/v2\/posts\/423815\/revisions"}],"wp:featuredmedia":[{"embeddable":true,"href":"https:\/\/www.europesays.com\/fr\/wp-json\/wp\/v2\/media\/423816"}],"wp:attachment":[{"href":"https:\/\/www.europesays.com\/fr\/wp-json\/wp\/v2\/media?parent=423815"}],"wp:term":[{"taxonomy":"category","embeddable":true,"href":"https:\/\/www.europesays.com\/fr\/wp-json\/wp\/v2\/categories?post=423815"},{"taxonomy":"post_tag","embeddable":true,"href":"https:\/\/www.europesays.com\/fr\/wp-json\/wp\/v2\/tags?post=423815"}],"curies":[{"name":"wp","href":"https:\/\/api.w.org\/{rel}","templated":true}]}}