{"id":423817,"date":"2025-09-28T13:28:09","date_gmt":"2025-09-28T13:28:09","guid":{"rendered":"https:\/\/www.europesays.com\/fr\/423817\/"},"modified":"2025-09-28T13:28:09","modified_gmt":"2025-09-28T13:28:09","slug":"toulouse-la-ligne-b-du-metro-partiellement-a-larret-voici-comment-se-deplacer","status":"publish","type":"post","link":"https:\/\/www.europesays.com\/fr\/423817\/","title":{"rendered":"Toulouse. La ligne B du m\u00e9tro partiellement \u00e0 l&rsquo;arr\u00eat : voici comment se d\u00e9placer"},"content":{"rendered":"<p>            Par<br \/>\n        <strong><br \/>\n            <a href=\"https:\/\/actu.fr\/auteur\/lea-afonso\" title=\"Consulter tous les articles de L\u00e9a Afonso\" target=\"_blank\" rel=\"noopener\">L\u00e9a Afonso<\/a><br \/>\n        <\/strong><\/p>\n<p>        Publi\u00e9 le<\/p>\n<p>            28 sept. 2025 \u00e0 14h45        <\/p>\n<p>Alors que certains sont encore \u00e0 table pour le repas du dimanche ce 28\u00a0septembre 2025, le retour \u2013 en transports \u2013 s\u2019annonce compliqu\u00e9. La raison\u2009:<strong> ligne B du m\u00e9tro<\/strong> \u00e0 <a href=\"https:\/\/actu.fr\/toulouse\/\" target=\"_blank\" rel=\"noopener\">Toulouse<\/a><strong>\u00a0est partiellement interrompue<\/strong> entre les stations<strong> Ramonville et St Michel Marcel Langer.<\/strong> Voici comment se d\u00e9placer.<\/p>\n<p>Un m\u00e9tro interrompu<\/p>\n<p class=\" wall-content\">C\u2019est en raison d\u2019un <strong>probl\u00e8me technique sur une rame \u00e0 Ramonville<\/strong> que plusieurs stations de la ligne B du m\u00e9tro ne sont pas desservies en ce dimanche apr\u00e8s-midi. Sont concern\u00e9s les arr\u00eats suivants\u2009: Ramonville, Universit\u00e9 Paul Sabatier, Facult\u00e9 de Pharmacie, Rangueil, Saouzelong, Saint Agne SNCF, Empalot et St Michel \u2013 Marcel Langer.<\/p>\n<p class=\" wall-content\">La<strong> reprise estim\u00e9e<\/strong> est pr\u00e9vue pour <strong>16h30<\/strong> selon Tiss\u00e9o. Entre les stations St Michel Marcel Langer et Borderouge, la ligne fonctionne normalement.<\/p>\n<p>Comment se d\u00e9placer\u2009?<\/p>\n<p class=\" wall-content\">Pour poursuivre ses d\u00e9placements, Tiss\u00e9o pr\u00e9conise plusieurs alternatives\u2009:<\/p>\n<ul class=\" wall-content\">\n<li>la ligne L6 est prolong\u00e9e en ligne B\u2019 entre Ramonville et Universit\u00e9 Paul Sabatier<\/li>\n<li>les lignes 34 et 44<\/li>\n<\/ul>\n<p>Vid\u00e9os : en ce moment sur Actu<\/p>\n<p class=\" wall-content\">Personnalisez votre actualit\u00e9 en ajoutant vos villes et m\u00e9dias en favori avec <a href=\"https:\/\/moncompte.actu.fr\" title=\"D\u00e9couvez Mon Actu\" rel=\"nofollow noopener\" data-trk=\"{&quot;cta&quot;:{&quot;action&quot;:&quot;https:\\\/\\\/moncompte.actu.fr&quot;,&quot;category&quot;:&quot;mon compte&quot;,&quot;from&quot;:&quot;article footer&quot;,&quot;name&quot;:&quot;Mon actu&quot;,&quot;type&quot;:&quot;cta&quot;}}\" target=\"_blank\">Mon Actu<\/a>.<\/p>\n","protected":false},"excerpt":{"rendered":"Par L\u00e9a Afonso Publi\u00e9 le 28 sept. 2025 \u00e0 14h45 Alors que certains sont encore \u00e0 table pour&hellip;\n","protected":false},"author":2,"featured_media":423818,"comment_status":"","ping_status":"","sticky":false,"template":"","format":"standard","meta":{"footnotes":""},"categories":[2816],"tags":[1111,11,1777,674,1011,27,10596,12,2680,25,104,5400,2312],"class_list":{"0":"post-423817","1":"post","2":"type-post","3":"status-publish","4":"format-standard","5":"has-post-thumbnail","7":"category-toulouse","8":"tag-actu","9":"tag-actualites","10":"tag-eu","11":"tag-europe","12":"tag-fr","13":"tag-france","14":"tag-metro-de-toulouse","15":"tag-news","16":"tag-occitanie","17":"tag-republique-francaise","18":"tag-societe","19":"tag-tisseo","20":"tag-toulouse"},"share_on_mastodon":{"url":"https:\/\/pubeurope.com\/@fr\/115282162676077721","error":""},"_links":{"self":[{"href":"https:\/\/www.europesays.com\/fr\/wp-json\/wp\/v2\/posts\/423817","targetHints":{"allow":["GET"]}}],"collection":[{"href":"https:\/\/www.europesays.com\/fr\/wp-json\/wp\/v2\/posts"}],"about":[{"href":"https:\/\/www.europesays.com\/fr\/wp-json\/wp\/v2\/types\/post"}],"author":[{"embeddable":true,"href":"https:\/\/www.europesays.com\/fr\/wp-json\/wp\/v2\/users\/2"}],"replies":[{"embeddable":true,"href":"https:\/\/www.europesays.com\/fr\/wp-json\/wp\/v2\/comments?post=423817"}],"version-history":[{"count":0,"href":"https:\/\/www.europesays.com\/fr\/wp-json\/wp\/v2\/posts\/423817\/revisions"}],"wp:featuredmedia":[{"embeddable":true,"href":"https:\/\/www.europesays.com\/fr\/wp-json\/wp\/v2\/media\/423818"}],"wp:attachment":[{"href":"https:\/\/www.europesays.com\/fr\/wp-json\/wp\/v2\/media?parent=423817"}],"wp:term":[{"taxonomy":"category","embeddable":true,"href":"https:\/\/www.europesays.com\/fr\/wp-json\/wp\/v2\/categories?post=423817"},{"taxonomy":"post_tag","embeddable":true,"href":"https:\/\/www.europesays.com\/fr\/wp-json\/wp\/v2\/tags?post=423817"}],"curies":[{"name":"wp","href":"https:\/\/api.w.org\/{rel}","templated":true}]}}