{"id":423821,"date":"2025-09-28T13:31:09","date_gmt":"2025-09-28T13:31:09","guid":{"rendered":"https:\/\/www.europesays.com\/fr\/423821\/"},"modified":"2025-09-28T13:31:09","modified_gmt":"2025-09-28T13:31:09","slug":"des-fonds-dune-exposition-a-saint-chamas-seront-reverses-a-linstitut-paoli-calmettes","status":"publish","type":"post","link":"https:\/\/www.europesays.com\/fr\/423821\/","title":{"rendered":"des fonds d&rsquo;une exposition \u00e0 Saint-Chamas seront revers\u00e9s \u00e0 l&rsquo;Institut Paoli-Calmettes"},"content":{"rendered":"<p>Du 3 au 29 octobre 2025, la <a href=\"https:\/\/www.laprovence.com\/article\/region\/3678062393800315\/50-artistes-a-decouvrir-a-la-chapelle-saint-pierre-a-saint-chamas\" target=\"_blank\" rel=\"noopener\">chapelle Saint-Pierre<\/a> de Saint-Chamas (office de tourisme) accueillera les \u0153uvres de l&rsquo;artiste peintre, styliste et d\u00e9coratrice Brigitte Jorda Juan. Une exposition plac\u00e9e sous le signe de l&rsquo;\u00e9motion et de l&rsquo;engagement, organis\u00e9e \u00e0 l&rsquo;occasion d&rsquo;<a href=\"https:\/\/www.laprovence.com\/article\/sante\/8880984483789114\/octobre-rose-1-femme-sur-2-dit-ne-pas-bien-connaitre-le-cancer-du-sein-selon-une-etude\" target=\"_blank\" rel=\"noopener\">Octobre rose<\/a>.<\/p>\n<p>\u00c0 travers ses cr\u00e9ations, l&rsquo;artiste souhaite donner un sens particulier \u00e0 cette d\u00e9marche en associant art et g\u00e9n\u00e9rosit\u00e9 : une partie des ventes sera revers\u00e9e \u00e0 l&rsquo;<a href=\"https:\/\/www.laprovence.com\/article\/actualites\/3074714\/octobre-rose-un-professeur-vous-repond-sur-le-cancer-du-sein.html\" target=\"_blank\" rel=\"noopener\">Institut Paoli-Calmettes<\/a>, centre de r\u00e9f\u00e9rence dans la lutte contre le cancer. Chaque acquisition devient ainsi un acte solidaire, soutenant \u00e0 la fois la recherche et les malades.<\/p>\n<p>La femme et son quotidien mis en lumi\u00e8re<\/p>\n<p>Pour cette exposition, Brigitte Jorda Juan choisit aussi de mettre en lumi\u00e8re la femme dans toutes ses dimensions : sa fragilit\u00e9 et sa force, sa beaut\u00e9, mais aussi ses gestes du quotidien, souvent oubli\u00e9s ou peu valoris\u00e9s, tels que la broderie, l&rsquo;enfantement ou les activit\u00e9s qui jalonnent sa vie.<\/p>\n<p>Form\u00e9e au dessin d\u00e8s l&rsquo;adolescence, pass\u00e9e par les Beaux-Arts de Lyon et de Luminy, elle a enrichi son parcours de styliste et d\u00e9coratrice avant de se consacrer pleinement <a href=\"https:\/\/www.laprovence.com\/article\/region\/50979333395792\/transmettre-mes-frissons-cette-peintre-et-ce-photographe-exposent-leurs-oeuvres-a-saint-chamas\" target=\"_blank\" rel=\"noopener\">\u00e0 la peinture<\/a>. Son travail explore diverses techniques &#8211; aquarelle, pastel sec, encre de Chine, acrylique &#8211; et s&rsquo;ancre dans une d\u00e9marche \u00e9coresponsable, privil\u00e9giant pigments naturels et mat\u00e9riaux respectueux de l&rsquo;environnement. Inspir\u00e9e par les cinq \u00e9l\u00e9ments fondamentaux &#8211; eau, terre, feu, air, m\u00e9tal -, elle traduit dans ses \u0153uvres l&rsquo;\u00e9quilibre fragile entre l&rsquo;homme et la nature.<\/p>\n<p>L&rsquo;exposition est ouverte du lundi au samedi de 9\u00a0h \u00e0 12\u00a0h et de 13\u00a0h\u00a030 \u00e0 17\u00a0h\u00a030. Entr\u00e9e libre.<\/p>\n","protected":false},"excerpt":{"rendered":"Du 3 au 29 octobre 2025, la chapelle Saint-Pierre de Saint-Chamas (office de tourisme) accueillera les \u0153uvres de&hellip;\n","protected":false},"author":2,"featured_media":423822,"comment_status":"","ping_status":"","sticky":false,"template":"","format":"standard","meta":{"footnotes":""},"categories":[2814],"tags":[17,1111,11,154,4440,1777,674,3293,16103,1011,27,884,12,7518,882,16,25,4940,55300],"class_list":{"0":"post-423821","1":"post","2":"type-post","3":"status-publish","4":"format-standard","5":"has-post-thumbnail","7":"category-marseille","8":"tag-17","9":"tag-actu","10":"tag-actualites","11":"tag-des","12":"tag-dune","13":"tag-eu","14":"tag-europe","15":"tag-exposition","16":"tag-fonds","17":"tag-fr","18":"tag-france","19":"tag-marseille","20":"tag-news","21":"tag-octobre","22":"tag-provence-alpes-cote-dazur","23":"tag-region","24":"tag-republique-francaise","25":"tag-rose","26":"tag-saint-chamas"},"share_on_mastodon":{"url":"https:\/\/pubeurope.com\/@fr\/115282174551815974","error":""},"_links":{"self":[{"href":"https:\/\/www.europesays.com\/fr\/wp-json\/wp\/v2\/posts\/423821","targetHints":{"allow":["GET"]}}],"collection":[{"href":"https:\/\/www.europesays.com\/fr\/wp-json\/wp\/v2\/posts"}],"about":[{"href":"https:\/\/www.europesays.com\/fr\/wp-json\/wp\/v2\/types\/post"}],"author":[{"embeddable":true,"href":"https:\/\/www.europesays.com\/fr\/wp-json\/wp\/v2\/users\/2"}],"replies":[{"embeddable":true,"href":"https:\/\/www.europesays.com\/fr\/wp-json\/wp\/v2\/comments?post=423821"}],"version-history":[{"count":0,"href":"https:\/\/www.europesays.com\/fr\/wp-json\/wp\/v2\/posts\/423821\/revisions"}],"wp:featuredmedia":[{"embeddable":true,"href":"https:\/\/www.europesays.com\/fr\/wp-json\/wp\/v2\/media\/423822"}],"wp:attachment":[{"href":"https:\/\/www.europesays.com\/fr\/wp-json\/wp\/v2\/media?parent=423821"}],"wp:term":[{"taxonomy":"category","embeddable":true,"href":"https:\/\/www.europesays.com\/fr\/wp-json\/wp\/v2\/categories?post=423821"},{"taxonomy":"post_tag","embeddable":true,"href":"https:\/\/www.europesays.com\/fr\/wp-json\/wp\/v2\/tags?post=423821"}],"curies":[{"name":"wp","href":"https:\/\/api.w.org\/{rel}","templated":true}]}}