{"id":423823,"date":"2025-09-28T13:32:11","date_gmt":"2025-09-28T13:32:11","guid":{"rendered":"https:\/\/www.europesays.com\/fr\/423823\/"},"modified":"2025-09-28T13:32:11","modified_gmt":"2025-09-28T13:32:11","slug":"a-marseille-le-festival-actoral-met-a-lhonneur-le-passinho-bresilien-de-hiltinho-fantastico-et-alice-ripoll","status":"publish","type":"post","link":"https:\/\/www.europesays.com\/fr\/423823\/","title":{"rendered":"\u00c0 Marseille, le festival Actoral met \u00e0 l&rsquo;honneur le passinho br\u00e9silien de Hiltinho Fantastico et Alice Ripoll"},"content":{"rendered":"<p>Marseille (Bouches-du-Rh\u00f4ne), envoy\u00e9e sp\u00e9ciale.<\/p>\n<p>Actoral, le festival international des arts et des \u00e9critures contemporaines, f\u00eate ses 25\u00a0ans. Hubert Colas, qui le dirige, s\u2019emploie \u00e0 d\u00e9cloisonner les disciplines. Au Th\u00e9\u00e2tre des Calanques, la Br\u00e9silienne Alice Ripoll propose Puff, un solo d\u00e9di\u00e9 \u00e0 Hiltinho Fantastico, star <a href=\"https:\/\/www.humanite.fr\/culture-et-savoir\/cuba\/jexporte-lart-dans-la-rue-sans-quil-perde-de-sa-valeur-santiago-hermes-le-trait-libre-du-pinceau\" target=\"_blank\" rel=\"noopener\">du street art<\/a> dans son pays.<\/p>\n<p>On dit que Mariah Carey ne jure que par lui. Torse nu, en short, sous les sonorit\u00e9s de musiciens post\u00e9s \u00e0 cour dans l\u2019angle, il sort de lui-m\u00eame\u00a0;&#8230;<\/p>\n","protected":false},"excerpt":{"rendered":"Marseille (Bouches-du-Rh\u00f4ne), envoy\u00e9e sp\u00e9ciale. Actoral, le festival international des arts et des \u00e9critures contemporaines, f\u00eate ses 25\u00a0ans. Hubert&hellip;\n","protected":false},"author":2,"featured_media":423824,"comment_status":"","ping_status":"","sticky":false,"template":"","format":"standard","meta":{"footnotes":""},"categories":[2814],"tags":[1111,11,19362,251,31507,1777,674,1011,27,884,12,882,25],"class_list":{"0":"post-423823","1":"post","2":"type-post","3":"status-publish","4":"format-standard","5":"has-post-thumbnail","7":"category-marseille","8":"tag-actu","9":"tag-actualites","10":"tag-bru00e9sil","11":"tag-culture","12":"tag-danse-contemporaine","13":"tag-eu","14":"tag-europe","15":"tag-fr","16":"tag-france","17":"tag-marseille","18":"tag-news","19":"tag-provence-alpes-cote-dazur","20":"tag-republique-francaise"},"share_on_mastodon":{"url":"https:\/\/pubeurope.com\/@fr\/115282178462994921","error":""},"_links":{"self":[{"href":"https:\/\/www.europesays.com\/fr\/wp-json\/wp\/v2\/posts\/423823","targetHints":{"allow":["GET"]}}],"collection":[{"href":"https:\/\/www.europesays.com\/fr\/wp-json\/wp\/v2\/posts"}],"about":[{"href":"https:\/\/www.europesays.com\/fr\/wp-json\/wp\/v2\/types\/post"}],"author":[{"embeddable":true,"href":"https:\/\/www.europesays.com\/fr\/wp-json\/wp\/v2\/users\/2"}],"replies":[{"embeddable":true,"href":"https:\/\/www.europesays.com\/fr\/wp-json\/wp\/v2\/comments?post=423823"}],"version-history":[{"count":0,"href":"https:\/\/www.europesays.com\/fr\/wp-json\/wp\/v2\/posts\/423823\/revisions"}],"wp:featuredmedia":[{"embeddable":true,"href":"https:\/\/www.europesays.com\/fr\/wp-json\/wp\/v2\/media\/423824"}],"wp:attachment":[{"href":"https:\/\/www.europesays.com\/fr\/wp-json\/wp\/v2\/media?parent=423823"}],"wp:term":[{"taxonomy":"category","embeddable":true,"href":"https:\/\/www.europesays.com\/fr\/wp-json\/wp\/v2\/categories?post=423823"},{"taxonomy":"post_tag","embeddable":true,"href":"https:\/\/www.europesays.com\/fr\/wp-json\/wp\/v2\/tags?post=423823"}],"curies":[{"name":"wp","href":"https:\/\/api.w.org\/{rel}","templated":true}]}}