{"id":423825,"date":"2025-09-28T13:33:09","date_gmt":"2025-09-28T13:33:09","guid":{"rendered":"https:\/\/www.europesays.com\/fr\/423825\/"},"modified":"2025-09-28T13:33:09","modified_gmt":"2025-09-28T13:33:09","slug":"la-passerelle-des-geraniums-un-nouvel-acces-securise-pour-les-habitants-de-feyzin","status":"publish","type":"post","link":"https:\/\/www.europesays.com\/fr\/423825\/","title":{"rendered":"la passerelle des G\u00e9raniums, un nouvel acc\u00e8s s\u00e9curis\u00e9 pour les habitants de Feyzin"},"content":{"rendered":"<p itemprop=\"description\"><strong>La M\u00e9tropole de Lyon et la mairie de Feyzin ont officiellement inaugur\u00e9 la nouvelle passerelle des G\u00e9raniums.<\/strong><\/p>\n<p>Cette structure de 20 m\u00e8tres de long et 3 m\u00e8tres de large, perch\u00e9e \u00e0 6 m\u00e8tres de hauteur, relie d\u00e9sormais les quartiers du Bandonnier et des G\u00e9raniums en franchissant le vallon de la Raze.<\/p>\n<p>Financ\u00e9e \u00e0 hauteur de 850 000 euros par la M\u00e9tropole, cette r\u00e9alisation s\u2019inscrit dans le cadre du Plan Pi\u00e9ton m\u00e9tropolitain, qui vise \u00e0 d\u00e9velopper les mobilit\u00e9s actives et s\u00e9curiser les trajets du quotidien.<\/p>\n<p>La passerelle facilite notamment l\u2019acc\u00e8s des \u00e9coliers du quartier \u00e0 l\u2019arr\u00eat de bus Les G\u00e9raniums de la ligne 60, situ\u00e9 de l\u2019autre c\u00f4t\u00e9 du vallon.<\/p>\n<p>Cette inauguration met un terme \u00e0 une p\u00e9riode transitoire qui aura dur\u00e9 plus de cinq ans. En f\u00e9vrier 2020, l\u2019ancienne passerelle, jug\u00e9e dangereuse \u00e0 la suite d\u2019un basculement et de d\u00e9gradations importantes, avait \u00e9t\u00e9 ferm\u00e9e puis d\u00e9mont\u00e9e. Pour maintenir le passage, un acc\u00e8s temporaire par \u00e9chafaudage avait \u00e9t\u00e9 install\u00e9, mais restait inconfortable et peu adapt\u00e9 aux usages quotidiens.<\/p>\n<p>Avec ce nouvel ouvrage, les habitants du sud de l\u2019agglom\u00e9ration disposent d\u00e9sormais d\u2019un chemin s\u00fbr et p\u00e9renne, qui vient compl\u00e9ter le maillage des \u00e9quipements pi\u00e9tons et cyclables de la M\u00e9tropole.<\/p>\n","protected":false},"excerpt":{"rendered":"La M\u00e9tropole de Lyon et la mairie de Feyzin ont officiellement inaugur\u00e9 la nouvelle passerelle des G\u00e9raniums. Cette&hellip;\n","protected":false},"author":2,"featured_media":423826,"comment_status":"","ping_status":"","sticky":false,"template":"","format":"standard","meta":{"footnotes":""},"categories":[1889],"tags":[1111,11,2813,2190,2430,1109,251,1112,2811,1777,674,118,1011,27,1922,1110,1114,2428,2810,12,241,316,25,2812,517,800],"class_list":{"0":"post-423825","1":"post","2":"type-post","3":"status-publish","4":"format-standard","5":"has-post-thumbnail","7":"category-lyon","8":"tag-actu","9":"tag-actualites","10":"tag-article","11":"tag-asvel","12":"tag-auvergne-rhone-alpes","13":"tag-breves","14":"tag-culture","15":"tag-depeches","16":"tag-economique","17":"tag-eu","18":"tag-europe","19":"tag-faits-divers","20":"tag-fr","21":"tag-france","22":"tag-info","23":"tag-informations","24":"tag-infos","25":"tag-lyon","26":"tag-lyonmag","27":"tag-news","28":"tag-ol","29":"tag-politique","30":"tag-republique-francaise","31":"tag-sociale","32":"tag-sport","33":"tag-transports"},"share_on_mastodon":{"url":"https:\/\/pubeurope.com\/@fr\/115282186284532035","error":""},"_links":{"self":[{"href":"https:\/\/www.europesays.com\/fr\/wp-json\/wp\/v2\/posts\/423825","targetHints":{"allow":["GET"]}}],"collection":[{"href":"https:\/\/www.europesays.com\/fr\/wp-json\/wp\/v2\/posts"}],"about":[{"href":"https:\/\/www.europesays.com\/fr\/wp-json\/wp\/v2\/types\/post"}],"author":[{"embeddable":true,"href":"https:\/\/www.europesays.com\/fr\/wp-json\/wp\/v2\/users\/2"}],"replies":[{"embeddable":true,"href":"https:\/\/www.europesays.com\/fr\/wp-json\/wp\/v2\/comments?post=423825"}],"version-history":[{"count":0,"href":"https:\/\/www.europesays.com\/fr\/wp-json\/wp\/v2\/posts\/423825\/revisions"}],"wp:featuredmedia":[{"embeddable":true,"href":"https:\/\/www.europesays.com\/fr\/wp-json\/wp\/v2\/media\/423826"}],"wp:attachment":[{"href":"https:\/\/www.europesays.com\/fr\/wp-json\/wp\/v2\/media?parent=423825"}],"wp:term":[{"taxonomy":"category","embeddable":true,"href":"https:\/\/www.europesays.com\/fr\/wp-json\/wp\/v2\/categories?post=423825"},{"taxonomy":"post_tag","embeddable":true,"href":"https:\/\/www.europesays.com\/fr\/wp-json\/wp\/v2\/tags?post=423825"}],"curies":[{"name":"wp","href":"https:\/\/api.w.org\/{rel}","templated":true}]}}