{"id":423827,"date":"2025-09-28T13:34:13","date_gmt":"2025-09-28T13:34:13","guid":{"rendered":"https:\/\/www.europesays.com\/fr\/423827\/"},"modified":"2025-09-28T13:34:13","modified_gmt":"2025-09-28T13:34:13","slug":"coups-et-insultes-trois-artistes-victimes-dune-agression-raciste-a-lyon-en-pleine-rue-une-enquete-ouverte","status":"publish","type":"post","link":"https:\/\/www.europesays.com\/fr\/423827\/","title":{"rendered":"Coups et insultes\u00a0: trois artistes victimes d\u2019une agression raciste \u00e0 Lyon en pleine rue, une enqu\u00eate ouverte"},"content":{"rendered":"<p class=\"paragraph text_align_left lp-f-body-02\">Trois artistes de la Biennale de la danse de Lyon (<a href=\"https:\/\/www.leparisien.fr\/rhone-69\/\" target=\"_blank\" rel=\"noreferrer nofollow noopener\">Rh\u00f4ne<\/a>) ont \u00e9t\u00e9 victimes d\u2019une \u00ab agression raciste \u00bb dans la soir\u00e9e de vendredi, ont indiqu\u00e9 ce samedi les organisateurs de l\u2019\u00e9v\u00e9nement. Un acte condamn\u00e9 par la Ville de Lyon qui leur a apport\u00e9 son \u00ab soutien \u00bb.<\/p>\n<p class=\"paragraph text_align_left lp-f-body-02\">Vendredi soir, \u00ab Doroth\u00e9e Munyaneza, Ben LaMar Gay et Julian Knxx, trois artistes invit\u00e9s de la Biennale de la danse, du Centre Pompidou et de la Villa Gillet, ont \u00e9t\u00e9 victimes d\u2019une agression raciste \u00e0 la Croix-Rousse. Heureusement, les trois artistes sont hors de danger \u00bb, explique la Biennale dans un communiqu\u00e9 sur son site.<\/p>\n<p class=\"paragraph text_align_left lp-f-body-02\">Selon une source proche du dossier, une plainte a \u00e9t\u00e9 d\u00e9pos\u00e9e. Les faits se sont d\u00e9roul\u00e9s apr\u00e8s 23 heures devant un bar. Les victimes ont \u00e9t\u00e9 agress\u00e9es verbalement et ont re\u00e7u des coups au moins pour l\u2019une d\u2019entre elles qui a re\u00e7u deux jours d\u2019ITT, sans n\u00e9cessiter d\u2019hospitalisation, selon cette m\u00eame source.<\/p>\n<p class=\"paragraph text_align_left lp-f-body-02\">D\u2019apr\u00e8s la pr\u00e9fecture du Rh\u00f4ne, qui a confirm\u00e9 l\u2019information, une enqu\u00eate a \u00e9t\u00e9 ouverte et est actuellement men\u00e9e par la police nationale. \u00ab Face \u00e0 toutes les formes de racisme, nous devons \u00eatre collectivement intransigeants \u00bb, ajoute la pr\u00e9fecture <a href=\"https:\/\/twitter.com\/prefetrhone\/status\/1972275280388530533\" target=\"_blank\" rel=\"noreferrer nofollow noopener\">sur le r\u00e9seau social X.<\/a><\/p>\n<p class=\"lp-card-podcast-highlighting__title  lp-f-subtitle-05\">[6\/6] Jubillar : de la disparition au proc\u00e8s, une affaire sans corps ni aveux <\/p>\n<p class=\"lp-card-podcast-highlighting__description lp-f-ui-05\">Crime story raconte chaque semaine les grandes affaires criminelles.<\/p>\n<p><a class=\"lp-card-podcast-highlighting__call-to-action\" data-page-type=\"HP\" data-block-name=\"podcast-highlight\">\u00c9couter<\/a>Lyon \u00ab ne c\u00e9dera jamais face au racisme \u00bb, selon son maire<\/p>\n<p class=\"paragraph text_align_left lp-f-body-02\">Les trois artistes ont tenu \u00e0 jouer samedi soir, comme pr\u00e9vu dans le programme. \u00ab Nous condamnons avec la plus grande fermet\u00e9 cette violence insupportable, qui nous choque profond\u00e9ment et nous rappelle combien le racisme continue de traverser et de blesser notre soci\u00e9t\u00e9 \u00bb, \u00e9crivent La Biennale de Lyon, le Centre Pompidou et la Villa Gillet dans un communiqu\u00e9 commun.<\/p>\n<p class=\"paragraph text_align_left lp-f-body-02\">Ils apportent leur \u00ab solidarit\u00e9 absolue avec les artistes agress\u00e9s, ainsi qu\u2019avec toutes celles et ceux qui subissent encore la haine raciale \u00bb.<\/p>\n<p class=\"paragraph text_align_left lp-f-body-02\">Le <a href=\"https:\/\/www.facebook.com\/gregorydoucetlyon\/posts\/pfbid0Dgx6uBsjirqAirUvsGmVRvtrVD8pSF85pCyzV9HoVrNiKbx5q25ECqAKm3xwExRHl?ref=embed_post\" target=\"_self\" rel=\"nofollow noopener\">maire de Lyon Gr\u00e9gory Doucet<\/a> a \u00e9galement condamn\u00e9 l\u2019agression et assur\u00e9 les trois artistes de \u00ab (s) on soutien et (s) a solidarit\u00e9. \u00ab Lyon puise sa force dans ses valeurs d\u2019humanisme, d\u2019\u00e9galit\u00e9 et de respect. Elle ne c\u00e9dera jamais face au racisme. Face \u00e0 la haine, restons unis \u00bb.<\/p>\n<p class=\"paragraph text_align_left lp-f-body-02\">\u00ab Lyon est et restera une terre de culture, d\u2019ouverture et de respect. Le racisme est un poison qui n\u2019a pas sa place dans notre ville \u00bb, a aussi r\u00e9agi <a href=\"https:\/\/x.com\/JM_Aulas\/status\/1972027455935598705\" target=\"_blank\" rel=\"noreferrer nofollow\">sur X Jean-Michel Aulas<\/a>, qui vient de se lancer dans la course aux municipales.<\/p>\n<blockquote cite=\\\"https:\/\/graph.facebook.com\/100057376484365\/posts\/1305253731397164\/\\\" class=\\\"fb-xfbml-parse-ignore\\\"><p>Publi\u00e9e par <a href=\\\"https:\/\/www.facebook.com\/biennaledeladanse\\\">La Biennale de Lyon \/ Danse<\/a> sur&nbsp;<a href=\\\"https:\/\/graph.facebook.com\/100057376484365\/posts\/1305253731397164\/\\\">Samedi 27 septembre 2025<\/a><\/p><\/blockquote>\n<p>\u00ab\u00a0,\u00a0\u00bbtype\u00a0\u00bb:\u00a0\u00bbfacebook-post\u00a0\u00bb,\u00a0\u00bbversion\u00a0\u00bb:\u00a0\u00bb1.0&Prime;,\u00a0\u00bbwidth\u00a0\u00bb:552,\u00a0\u00bb_id\u00a0\u00bb:\u00a0\u00bbhttps:\/\/www.facebook.com\/biennaledeladanse\/posts\/pfbid0HtVMzNaFpiGrRHZSoMAs1mWd8bN6iMRfJBk2pbCFQjpLfvcuvv7eJnD2mChvjNMfl\u00a0\u00bb,\u00a0\u00bblocale\u00a0\u00bb:\u00a0\u00bbfr_FR\u00a0\u00bb},\u00a0\u00bbreferent\u00a0\u00bb:{\u00ab\u00a0id\u00a0\u00bb:\u00a0\u00bbhttps:\/\/www.facebook.com\/biennaledeladanse\/posts\/pfbid0HtVMzNaFpiGrRHZSoMAs1mWd8bN6iMRfJBk2pbCFQjpLfvcuvv7eJnD2mChvjNMfl\u00a0\u00bb,\u00a0\u00bbprovider\u00a0\u00bb:\u00a0\u00bbhttps:\/\/graph.facebook.com\/v8.0\/oembed_post?url=\u00a0\u00bb,\u00a0\u00bbreferent_properties\u00a0\u00bb:{\u00ab\u00a0locale\u00a0\u00bb:\u00a0\u00bbfr_FR\u00a0\u00bb},\u00a0\u00bbservice\u00a0\u00bb:\u00a0\u00bboembed\u00a0\u00bb,\u00a0\u00bbtype\u00a0\u00bb:\u00a0\u00bbfacebook-post\u00a0\u00bb},\u00a0\u00bbcredits\u00a0\u00bb:{\u00ab\u00a0by\u00a0\u00bb:[]}},{\u00ab\u00a0_id\u00a0\u00bb:\u00a0\u00bbLCJIV4WGMNF3VM56QBFMURXAPU\u00a0\u00bb,\u00a0\u00bbadditional_properties\u00a0\u00bb:{},\u00a0\u00bbalignment\u00a0\u00bb:\u00a0\u00bbleft\u00a0\u00bb,\u00a0\u00bbcontent\u00a0\u00bb:\u00a0\u00bbSelon une source proche du dossier, une plainte a \u00e9t\u00e9 d\u00e9pos\u00e9e. Les faits se sont d\u00e9roul\u00e9s apr\u00e8s 23 heures devant un bar. Les victimes ont \u00e9t\u00e9 agress\u00e9es verbalement et ont re\u00e7u des coups au moins pour l\u2019une d\u2019entre elles qui a re\u00e7u deux jours d\u2019ITT, sans n\u00e9cessiter d\u2019hospitalisation, selon cette m\u00eame source.\u00a0\u00bb,\u00a0\u00bbtype\u00a0\u00bb:\u00a0\u00bbtext\u00a0\u00bb,\u00a0\u00bbcredits\u00a0\u00bb:{\u00ab\u00a0by\u00a0\u00bb:[]}},{\u00ab\u00a0_id\u00a0\u00bb:\u00a0\u00bbXBS3M25QANHG5DVBW7EQINSIOQ\u00a0\u00bb,\u00a0\u00bbadditional_properties\u00a0\u00bb:{},\u00a0\u00bbalignment\u00a0\u00bb:\u00a0\u00bbleft\u00a0\u00bb,\u00a0\u00bbcontent\u00a0\u00bb:\u00a0\u00bbD\u2019apr\u00e8s la pr\u00e9fecture du Rh\u00f4ne, qui a confirm\u00e9 l\u2019information, une enqu\u00eate a \u00e9t\u00e9 ouverte et est actuellement men\u00e9e par la police nationale. \u00ab Face \u00e0 toutes les formes de racisme, nous devons \u00eatre collectivement intransigeants \u00bb, ajoute la pr\u00e9fecture <a href=\\\"https:\/\/twitter.com\/prefetrhone\/status\/1972275280388530533\\\" target=\\\"_blank\\\" rel=\\\"noreferrer\\\" title=\\\"https:\/\/twitter.com\/prefetrhone\/status\/1972275280388530533\\\">sur le r\u00e9seau social X.<\/a>\u00ab\u00a0,\u00a0\u00bbtype\u00a0\u00bb:\u00a0\u00bbtext\u00a0\u00bb,\u00a0\u00bbcredits\u00a0\u00bb:{\u00ab\u00a0by\u00a0\u00bb:[]}},{\u00ab\u00a0_id\u00a0\u00bb:\u00a0\u00bbBPJSYNTJZJDQDIO2CKVVGWVLCE\u00a0\u00bb,\u00a0\u00bbadditional_properties\u00a0\u00bb:{},\u00a0\u00bbcontent\u00a0\u00bb:\u00a0\u00bbLyon \u00ab ne c\u00e9dera jamais face au racisme \u00bb, selon son maire\u00a0\u00bb,\u00a0\u00bblevel\u00a0\u00bb:1,\u00a0\u00bbtype\u00a0\u00bb:\u00a0\u00bbheader\u00a0\u00bb,\u00a0\u00bbcredits\u00a0\u00bb:{\u00ab\u00a0by\u00a0\u00bb:[]}},{\u00ab\u00a0_id\u00a0\u00bb:\u00a0\u00bbNQS7ST7PYJEB5LNOGJXP2CGW74&Prime;,\u00a0\u00bbadditional_properties\u00a0\u00bb:{},\u00a0\u00bbcontent\u00a0\u00bb:\u00a0\u00bbLes trois artistes ont tenu \u00e0 jouer samedi soir, comme pr\u00e9vu dans le programme. \u00ab Nous condamnons avec la plus grande fermet\u00e9 cette violence insupportable, qui nous choque profond\u00e9ment et nous rappelle combien le racisme continue de traverser et de blesser notre soci\u00e9t\u00e9 \u00bb, \u00e9crivent La Biennale de Lyon, le Centre Pompidou et la Villa Gillet dans un communiqu\u00e9 commun.\u00a0\u00bb,\u00a0\u00bbtype\u00a0\u00bb:\u00a0\u00bbtext\u00a0\u00bb,\u00a0\u00bbcredits\u00a0\u00bb:{\u00ab\u00a0by\u00a0\u00bb:[]}},{\u00ab\u00a0_id\u00a0\u00bb:\u00a0\u00bbXBDRFCR6MND2BHK7TK4WLGNWPE\u00a0\u00bb,\u00a0\u00bbadditional_properties\u00a0\u00bb:{},\u00a0\u00bbcontent\u00a0\u00bb:\u00a0\u00bbIls apportent leur \u00ab solidarit\u00e9 absolue avec les artistes agress\u00e9s, ainsi qu\u2019avec toutes celles et ceux qui subissent encore la haine raciale \u00bb.\u00a0\u00bb,\u00a0\u00bbtype\u00a0\u00bb:\u00a0\u00bbtext\u00a0\u00bb,\u00a0\u00bbcredits\u00a0\u00bb:{\u00ab\u00a0by\u00a0\u00bb:[]}},{\u00ab\u00a0_id\u00a0\u00bb:\u00a0\u00bb73V6XQHZ75GOTPMJT5ZKWFHROM\u00a0\u00bb,\u00a0\u00bbembed\u00a0\u00bb:{\u00ab\u00a0config\u00a0\u00bb:{\u00ab\u00a0text\u00a0\u00bb:\u00a0\u00bb\u00ab Je ne compte plus les blagues sur ma couleur de peau ou mes cheveux \u00bb : \u00e0 l\u2019universit\u00e9, le difficile signalement du racisme\u00a0\u00bb,\u00a0\u00bburl\u00a0\u00bb:\u00a0\u00bbhttps:\/\/www.leparisien.fr\/etudiant\/etudes\/universites\/je-ne-compte-plus-le-nombre-de-blagues-sur-ma-couleur-de-peau-ou-mes-cheveux-au-sein-de-luniversite-le-difficile-signalement-du-racisme-MKBYT7XVENEVHMA56Q3UCE22ZA.php\u00a0\u00bb},\u00a0\u00bbid\u00a0\u00bb:\u00a0\u00bbread-also-317&Prime;,\u00a0\u00bburl\u00a0\u00bb:\u00a0\u00bbhttps:\/\/www.leparisien.fr\u00a0\u00bb},\u00a0\u00bbsubtype\u00a0\u00bb:\u00a0\u00bbread_also\u00a0\u00bb,\u00a0\u00bbtype\u00a0\u00bb:\u00a0\u00bbcustom_embed\u00a0\u00bb,\u00a0\u00bbcredits\u00a0\u00bb:{\u00ab\u00a0by\u00a0\u00bb:[]}},{\u00ab\u00a0_id\u00a0\u00bb:\u00a0\u00bbN4RTPG6K6JB5TL33GZU4BULOYU\u00a0\u00bb,\u00a0\u00bbadditional_properties\u00a0\u00bb:{},\u00a0\u00bbalignment\u00a0\u00bb:\u00a0\u00bbleft\u00a0\u00bb,\u00a0\u00bbcontent\u00a0\u00bb:\u00a0\u00bbLe <a href=\\\"https:\/\/www.facebook.com\/gregorydoucetlyon\/posts\/pfbid0Dgx6uBsjirqAirUvsGmVRvtrVD8pSF85pCyzV9HoVrNiKbx5q25ECqAKm3xwExRHl?ref=embed_post\\\" target=\\\"_self\\\" rel=\\\"\\\" title=\\\"https:\/\/www.facebook.com\/gregorydoucetlyon\/posts\/pfbid0Dgx6uBsjirqAirUvsGmVRvtrVD8pSF85pCyzV9HoVrNiKbx5q25ECqAKm3xwExRHl?ref=embed_post\\\">maire de Lyon Gr\u00e9gory Doucet<\/a> a \u00e9galement condamn\u00e9 l\u2019agression et assur\u00e9 les trois artistes de \u00ab (s) on soutien et (s) a solidarit\u00e9. \u00ab Lyon puise sa force dans ses valeurs d\u2019humanisme, d\u2019\u00e9galit\u00e9 et de respect. Elle ne c\u00e9dera jamais face au racisme. Face \u00e0 la haine, restons unis \u00bb.\u00a0\u00bb,\u00a0\u00bbtype\u00a0\u00bb:\u00a0\u00bbtext\u00a0\u00bb,\u00a0\u00bbcredits\u00a0\u00bb:{\u00ab\u00a0by\u00a0\u00bb:[]}},{\u00ab\u00a0_id\u00a0\u00bb:\u00a0\u00bbLFHXJCWMG5E5LNEKA2M2AEF35M\u00a0\u00bb,\u00a0\u00bbadditional_properties\u00a0\u00bb:{},\u00a0\u00bbalignment\u00a0\u00bb:\u00a0\u00bbleft\u00a0\u00bb,\u00a0\u00bbcontent\u00a0\u00bb:\u00a0\u00bb\u00ab Lyon est et restera une terre de culture, d\u2019ouverture et de respect. Le racisme est un poison qui n\u2019a pas sa place dans notre ville \u00bb, a aussi r\u00e9agi <a href=\\\"https:\/\/x.com\/JM_Aulas\/status\/1972027455935598705\\\" target=\\\"_blank\\\" rel=\\\"noreferrer\\\" title=\\\"https:\/\/x.com\/JM_Aulas\/status\/1972027455935598705\\\">sur X Jean-Michel Aulas<\/a>, qui vient de se lancer dans la course aux municipales.\u00a0\u00bb,\u00a0\u00bbtype\u00a0\u00bb:\u00a0\u00bbtext\u00a0\u00bb,\u00a0\u00bbcredits\u00a0\u00bb:{\u00ab\u00a0by\u00a0\u00bb:[]}}],\u00a0\u00bbcontent_restrictions\u00a0\u00bb:{\u00ab\u00a0content_code\u00a0\u00bb:\u00a0\u00bbmetered\u00a0\u00bb},\u00a0\u00bbcreated_date\u00a0\u00bb:\u00a0\u00bb2025-09-28T12:28:19.235Z\u00a0\u00bb,\u00a0\u00bbcredits\u00a0\u00bb:{\u00ab\u00a0by\u00a0\u00bb:[{\u00ab\u00a0_id\u00a0\u00bb:\u00a0\u00bbLe Parisien avec AFP\u00a0\u00bb,\u00a0\u00bbtype\u00a0\u00bb:\u00a0\u00bbauthor\u00a0\u00bb,\u00a0\u00bbversion\u00a0\u00bb:\u00a0\u00bb0.5.8&Prime;,\u00a0\u00bbname\u00a0\u00bb:\u00a0\u00bbLe Parisien avec AFP\u00a0\u00bb,\u00a0\u00bbslug\u00a0\u00bb:\u00a0\u00bb\u00a0\u00bb,\u00a0\u00bbsocial_links\u00a0\u00bb:[{\u00ab\u00a0site\u00a0\u00bb:\u00a0\u00bbemail\u00a0\u00bb,\u00a0\u00bburl\u00a0\u00bb:\u00a0\u00bbredacweb@leparisien.fr\u00a0\u00bb}],\u00a0\u00bbsocialLinks\u00a0\u00bb:[{\u00ab\u00a0site\u00a0\u00bb:\u00a0\u00bbemail\u00a0\u00bb,\u00a0\u00bburl\u00a0\u00bb:\u00a0\u00bbredacweb@leparisien.fr\u00a0\u00bb,\u00a0\u00bbdeprecated\u00a0\u00bb:true,\u00a0\u00bbdeprecation_msg\u00a0\u00bb:\u00a0\u00bbPlease use social_links.\u00a0\u00bb}],\u00a0\u00bbadditional_properties\u00a0\u00bb:{\u00ab\u00a0original\u00a0\u00bb:{\u00ab\u00a0_id\u00a0\u00bb:\u00a0\u00bbLe Parisien avec AFP\u00a0\u00bb,\u00a0\u00bbbyline\u00a0\u00bb:\u00a0\u00bbLe Parisien avec AFP\u00a0\u00bb,\u00a0\u00bbfirstName\u00a0\u00bb:\u00a0\u00bbLe Parisien\u00a0\u00bb,\u00a0\u00bblastName\u00a0\u00bb:\u00a0\u00bbavec AFP\u00a0\u00bb,\u00a0\u00bbemail\u00a0\u00bb:\u00a0\u00bbredacweb@leparisien.fr\u00a0\u00bb,\u00a0\u00bbslug\u00a0\u00bb:\u00a0\u00bb\u00a0\u00bb,\u00a0\u00bblongBio\u00a0\u00bb:\u00a0\u00bb\u00a0\u00bb,\u00a0\u00bbbooks\u00a0\u00bb:[],\u00a0\u00bbpodcasts\u00a0\u00bb:[],\u00a0\u00bbeducation\u00a0\u00bb:[],\u00a0\u00bbawards\u00a0\u00bb:[],\u00a0\u00bblast_updated_date\u00a0\u00bb:\u00a0\u00bb2024-12-10T16:24:41.409Z\u00a0\u00bb}},\u00a0\u00bbdisplay_name\u00a0\u00bb:\u00a0\u00bbLe Parisien avec AFP\u00a0\u00bb}]},\u00a0\u00bbdescription\u00a0\u00bb:{\u00ab\u00a0basic\u00a0\u00bb:\u00a0\u00bb\u00a0\u00bb},\u00a0\u00bbdisplay_date\u00a0\u00bb:\u00a0\u00bb2025-09-28T12:52:50Z\u00a0\u00bb,\u00a0\u00bbdistributor\u00a0\u00bb:{\u00ab\u00a0category\u00a0\u00bb:\u00a0\u00bbstaff\u00a0\u00bb,\u00a0\u00bbmode\u00a0\u00bb:\u00a0\u00bbcustom\u00a0\u00bb,\u00a0\u00bbname\u00a0\u00bb:\u00a0\u00bbleparisien\u00a0\u00bb,\u00a0\u00bbsubcategory\u00a0\u00bb:\u00a0\u00bb\u00a0\u00bb},\u00a0\u00bbfirst_publish_date\u00a0\u00bb:\u00a0\u00bb2025-09-28T12:52:50Z\u00a0\u00bb,\u00a0\u00bbheadlines\u00a0\u00bb:{\u00ab\u00a0basic\u00a0\u00bb:\u00a0\u00bbCoups et insultes\u00a0: trois artistes victimes d\u2019une agression raciste \u00e0 Lyon en pleine rue, une enqu\u00eate ouverte\u00a0\u00bb,\u00a0\u00bbmeta_title\u00a0\u00bb:\u00a0\u00bb\u00a0\u00bb,\u00a0\u00bbmobile\u00a0\u00bb:\u00a0\u00bb\u00a0\u00bb,\u00a0\u00bbnative\u00a0\u00bb:\u00a0\u00bb\u00a0\u00bb,\u00a0\u00bbprint\u00a0\u00bb:\u00a0\u00bb\u00a0\u00bb,\u00a0\u00bbtablet\u00a0\u00bb:\u00a0\u00bb\u00a0\u00bb,\u00a0\u00bbweb\u00a0\u00bb:\u00a0\u00bb\u00a0\u00bb},\u00a0\u00bblabel\u00a0\u00bb:{},\u00a0\u00bblast_updated_date\u00a0\u00bb:\u00a0\u00bb2025-09-28T12:52:50.667Z\u00a0\u00bb,\u00a0\u00bbowner\u00a0\u00bb:{\u00ab\u00a0id\u00a0\u00bb:\u00a0\u00bbleparisien\u00a0\u00bb,\u00a0\u00bbsponsored\u00a0\u00bb:false},\u00a0\u00bbpromo_items\u00a0\u00bb:{\u00ab\u00a0basic\u00a0\u00bb:{\u00ab\u00a0_id\u00a0\u00bb:\u00a0\u00bbDG5UNJL7QJDMFEMFAWOGMOS7VM\u00a0\u00bb,\u00a0\u00bbadditional_properties\u00a0\u00bb:{\u00ab\u00a0fullSizeResizeUrl\u00a0\u00bb:\u00a0\u00bb\/resizer\/v2\/DG5UNJL7QJDMFEMFAWOGMOS7VM.jpg?auth=5617533c37350919db2585b281e31a2588d097cae52d8211befdd08b6b0d8ce4&Prime;,\u00a0\u00bbgalleries\u00a0\u00bb:[],\u00a0\u00bbingestionMethod\u00a0\u00bb:\u00a0\u00bbmanual\u00a0\u00bb,\u00a0\u00bbiptc_source\u00a0\u00bb:\u00a0\u00bbLe Parisien \/ ARNAUD JOURNOIS\u00a0\u00bb,\u00a0\u00bbkeywords\u00a0\u00bb:[\u00ab\u00a0assassinat\u00a0\u00bb,\u00a0\u00bbenfant\u00a0\u00bb,\u00a0\u00bbenl\u00e8vement\u00a0\u00bb,\u00a0\u00bbjustice\u00a0\u00bb,\u00a0\u00bbpolice\u00a0\u00bb,\u00a0\u00bbpolicier\u00a0\u00bb,\u00a0\u00bbreconstitution\u00a0\u00bb,\u00a0\u00bbs\u00e9curit\u00e9\u00a0\u00bb],\u00a0\u00bbmime_type\u00a0\u00bb:\u00a0\u00bbimage\/jpeg\u00a0\u00bb,\u00a0\u00bboriginalName\u00a0\u00bb:\u00a0\u00bbpolpol.jpg\u00a0\u00bb,\u00a0\u00bboriginalUrl\u00a0\u00bb:\u00a0\u00bbhttps:\/\/cloudfront-eu-central-1.images.arcpublishing.com\/leparisien\/DG5UNJL7QJDMFEMFAWOGMOS7VM.jpg\u00a0\u00bb,\u00a0\u00bbproxyUrl\u00a0\u00bb:\u00a0\u00bb\/resizer\/v2\/DG5UNJL7QJDMFEMFAWOGMOS7VM.jpg?auth=5617533c37350919db2585b281e31a2588d097cae52d8211befdd08b6b0d8ce4&Prime;,\u00a0\u00bbpublished\u00a0\u00bb:true,\u00a0\u00bbresizeUrl\u00a0\u00bb:\u00a0\u00bb\/resizer\/v2\/DG5UNJL7QJDMFEMFAWOGMOS7VM.jpg?auth=5617533c37350919db2585b281e31a2588d097cae52d8211befdd08b6b0d8ce4&Prime;,\u00a0\u00bbrestricted\u00a0\u00bb:false,\u00a0\u00bbthumbnailResizeUrl\u00a0\u00bb:\u00a0\u00bb\/resizer\/v2\/DG5UNJL7QJDMFEMFAWOGMOS7VM.jpg?auth=5617533c37350919db2585b281e31a2588d097cae52d8211befdd08b6b0d8ce4&#038;width=300&Prime;,\u00a0\u00bbusage_instructions\u00a0\u00bb:\u00a0\u00bbOK DIFFUSION\u00a0\u00bb,\u00a0\u00bbversion\u00a0\u00bb:4,\u00a0\u00bbtemplate_id\u00a0\u00bb:68},\u00a0\u00bbaddress\u00a0\u00bb:{\u00ab\u00a0locality\u00a0\u00bb:\u00a0\u00bbGUERMANTES\u00a0\u00bb},\u00a0\u00bbauth\u00a0\u00bb:{\u00ab\u00a01&Prime;:\u00a0\u00bb5617533c37350919db2585b281e31a2588d097cae52d8211befdd08b6b0d8ce4&Prime;},\u00a0\u00bbcaption\u00a0\u00bb:\u00a0\u00bbTrois artistes ont \u00e9t\u00e9 victimes d&rsquo;une agression raciste \u00e0 Lyon (Rh\u00f4ne) vendredi soir. Une enqu\u00eate a \u00e9t\u00e9 confi\u00e9e \u00e0 la police nationale. (Illustration) LP\/Arnaud Journois\u00a0\u00bb,\u00a0\u00bbcopyright\u00a0\u00bb:\u00a0\u00bbArnaud Journois\u00a0\u00bb,\u00a0\u00bbcreated_date\u00a0\u00bb:\u00a0\u00bb2024-07-28T12:47:23Z\u00a0\u00bb,\u00a0\u00bbcredits\u00a0\u00bb:{\u00ab\u00a0affiliation\u00a0\u00bb:[{\u00ab\u00a0name\u00a0\u00bb:\u00a0\u00bbLP\/Arnaud Journois\u00a0\u00bb,\u00a0\u00bbtype\u00a0\u00bb:\u00a0\u00bbauthor\u00a0\u00bb}],\u00a0\u00bbby\u00a0\u00bb:[]},\u00a0\u00bbgeo\u00a0\u00bb:{},\u00a0\u00bbheight\u00a0\u00bb:582,\u00a0\u00bbimage_type\u00a0\u00bb:\u00a0\u00bbphotograph\u00a0\u00bb,\u00a0\u00bblast_updated_date\u00a0\u00bb:\u00a0\u00bb2025-03-06T19:42:40Z\u00a0\u00bb,\u00a0\u00bblicensable\u00a0\u00bb:false,\u00a0\u00bbowner\u00a0\u00bb:{\u00ab\u00a0id\u00a0\u00bb:\u00a0\u00bbleparisien\u00a0\u00bb,\u00a0\u00bbsponsored\u00a0\u00bb:false},\u00a0\u00bbslug\u00a0\u00bb:\u00a0\u00bbDISPARITION ESTELLE MOUZIN\u00a0\u00bb,\u00a0\u00bbsource\u00a0\u00bb:{\u00ab\u00a0additional_properties\u00a0\u00bb:{\u00ab\u00a0editor\u00a0\u00bb:\u00a0\u00bbphoto center\u00a0\u00bb},\u00a0\u00bbedit_url\u00a0\u00bb:\u00a0\u00bb\u00a0\u00bb,\u00a0\u00bbsystem\u00a0\u00bb:\u00a0\u00bbphoto center\u00a0\u00bb},\u00a0\u00bbstatus\u00a0\u00bb:\u00a0\u00bb\u00a0\u00bb,\u00a0\u00bbsubtitle\u00a0\u00bb:\u00a0\u00bb\u00a0\u00bb,\u00a0\u00bbtaxonomy\u00a0\u00bb:{\u00ab\u00a0associated_tasks\u00a0\u00bb:[]},\u00a0\u00bbtype\u00a0\u00bb:\u00a0\u00bbimage\u00a0\u00bb,\u00a0\u00bburl\u00a0\u00bb:\u00a0\u00bbhttps:\/\/cloudfront-eu-central-1.images.arcpublishing.com\/leparisien\/DG5UNJL7QJDMFEMFAWOGMOS7VM.jpg\u00a0\u00bb,\u00a0\u00bbversion\u00a0\u00bb:\u00a0\u00bb0.10.9&Prime;,\u00a0\u00bbwidth\u00a0\u00bb:932,\u00a0\u00bbsyndication\u00a0\u00bb:{\u00ab\u00a0external_distribution\u00a0\u00bb:false,\u00a0\u00bbsearch\u00a0\u00bb:false},\u00a0\u00bbcreditIPTC\u00a0\u00bb:\u00a0\u00bbLP\/Arnaud Journois\u00a0\u00bb}},\u00a0\u00bbpublish_date\u00a0\u00bb:\u00a0\u00bb2025-09-28T12:52:50Z\u00a0\u00bb,\u00a0\u00bbrelated_content\u00a0\u00bb:{\u00ab\u00a0basic\u00a0\u00bb:[]},\u00a0\u00bbsource\u00a0\u00bb:{\u00ab\u00a0name\u00a0\u00bb:\u00a0\u00bbleparisien\u00a0\u00bb,\u00a0\u00bbsource_type\u00a0\u00bb:\u00a0\u00bbstaff\u00a0\u00bb,\u00a0\u00bbsystem\u00a0\u00bb:\u00a0\u00bbcomposer\u00a0\u00bb},\u00a0\u00bbsubheadlines\u00a0\u00bb:{\u00ab\u00a0basic\u00a0\u00bb:\u00a0\u00bbCes trois artistes de la Biennale de la danse de Lyon (Rh\u00f4ne) ont \u00e9t\u00e9 pris \u00e0 partie vendredi soir devant un bar. Tous trois sont \u00ab\u00a0hors de danger\u00a0\u00bb.\u00a0\u00bb},\u00a0\u00bbsubtype\u00a0\u00bb:\u00a0\u00bbART:\u00a0\u00bb,\u00a0\u00bbtaxonomy\u00a0\u00bb:{\u00ab\u00a0primary_section\u00a0\u00bb:{\u00ab\u00a0_id\u00a0\u00bb:\u00a0\u00bb\/faits-divers\u00a0\u00bb,\u00a0\u00bb_website\u00a0\u00bb:\u00a0\u00bbleparisien\u00a0\u00bb,\u00a0\u00bbtype\u00a0\u00bb:\u00a0\u00bbsection\u00a0\u00bb,\u00a0\u00bbversion\u00a0\u00bb:\u00a0\u00bb0.6.0&Prime;,\u00a0\u00bbname\u00a0\u00bb:\u00a0\u00bbFaits divers\u00a0\u00bb,\u00a0\u00bbdescription\u00a0\u00bb:\u00a0\u00bbSuivez toute l&rsquo;actualit\u00e9 des faits divers \u00e0 Paris et en France en direct avec leParisien.fr : enqu\u00eates, interviews, vid\u00e9os et infos exclusives sur les meutres, vols\u2026\u00a0\u00bb,\u00a0\u00bbpath\u00a0\u00bb:\u00a0\u00bb\/faits-divers\u00a0\u00bb,\u00a0\u00bbparent_id\u00a0\u00bb:\u00a0\u00bbhttps:\/\/www.leparisien.fr\/\u00a0\u00bb,\u00a0\u00bbparent\u00a0\u00bb:{\u00ab\u00a0default\u00a0\u00bb:\u00a0\u00bbhttps:\/\/www.leparisien.fr\/\u00a0\u00bb},\u00a0\u00bbadditional_properties\u00a0\u00bb:{\u00ab\u00a0original\u00a0\u00bb:{\u00ab\u00a0_id\u00a0\u00bb:\u00a0\u00bb\/faits-divers\u00a0\u00bb,\u00a0\u00bb_website\u00a0\u00bb:\u00a0\u00bbleparisien\u00a0\u00bb,\u00a0\u00bbname\u00a0\u00bb:\u00a0\u00bbFaits divers\u00a0\u00bb,\u00a0\u00bbinactive\u00a0\u00bb:false,\u00a0\u00bbancestors\u00a0\u00bb:{\u00ab\u00a0burger-menu\u00a0\u00bb:[\u00ab\u00a0https:\/\/www.leparisien.fr\/\u00a0\u00bb],\u00a0\u00bbfooter\u00a0\u00bb:[\u00ab\u00a0https:\/\/www.leparisien.fr\/\u00a0\u00bb],\u00a0\u00bbnavbar\u00a0\u00bb:[\u00ab\u00a0https:\/\/www.leparisien.fr\/\u00a0\u00bb],\u00a0\u00bbWebsked-plans\u00a0\u00bb:[\u00ab\u00a0https:\/\/www.leparisien.fr\/\u00a0\u00bb],\u00a0\u00bbmosaic_app\u00a0\u00bb:[\u00ab\u00a0https:\/\/www.leparisien.fr\/\u00a0\u00bb],\u00a0\u00bbburger-menu-etudiant\u00a0\u00bb:[],\u00a0\u00bbnav\u00a0\u00bb:[\u00ab\u00a0https:\/\/www.leparisien.fr\/\u00a0\u00bb],\u00a0\u00bbmenu\u00a0\u00bb:[\u00ab\u00a0https:\/\/www.leparisien.fr\/\u00a0\u00bb],\u00a0\u00bbsub-nav\u00a0\u00bb:[\u00ab\u00a0https:\/\/www.leparisien.fr\/\u00a0\u00bb],\u00a0\u00bbmobile-menu-sections-list\u00a0\u00bb:[\u00ab\u00a0https:\/\/www.leparisien.fr\/\u00a0\u00bb],\u00a0\u00bbdefault\u00a0\u00bb:[\u00ab\u00a0https:\/\/www.leparisien.fr\/\u00a0\u00bb],\u00a0\u00bbsurfooter\u00a0\u00bb:[\u00ab\u00a0https:\/\/www.leparisien.fr\/\u00a0\u00bb]},\u00a0\u00bbparent\u00a0\u00bb:{\u00ab\u00a0default\u00a0\u00bb:\u00a0\u00bbhttps:\/\/www.leparisien.fr\/\u00a0\u00bb,\u00a0\u00bbburger-menu\u00a0\u00bb:\u00a0\u00bbhttps:\/\/www.leparisien.fr\/\u00a0\u00bb,\u00a0\u00bbfooter\u00a0\u00bb:\u00a0\u00bbhttps:\/\/www.leparisien.fr\/\u00a0\u00bb,\u00a0\u00bbnavbar\u00a0\u00bb:\u00a0\u00bbhttps:\/\/www.leparisien.fr\/\u00a0\u00bb,\u00a0\u00bbsub-nav\u00a0\u00bb:\u00a0\u00bbhttps:\/\/www.leparisien.fr\/\u00a0\u00bb,\u00a0\u00bbWebsked-plans\u00a0\u00bb:\u00a0\u00bbhttps:\/\/www.leparisien.fr\/\u00a0\u00bb,\u00a0\u00bbmosaic_app\u00a0\u00bb:\u00a0\u00bbhttps:\/\/www.leparisien.fr\/\u00a0\u00bb,\u00a0\u00bbburger-menu-etudiant\u00a0\u00bb:null,\u00a0\u00bbnav\u00a0\u00bb:\u00a0\u00bbhttps:\/\/www.leparisien.fr\/\u00a0\u00bb,\u00a0\u00bbmenu\u00a0\u00bb:\u00a0\u00bbhttps:\/\/www.leparisien.fr\/\u00a0\u00bb,\u00a0\u00bbMaillage_SEO_Surfooter\u00a0\u00bb:\u00a0\u00bbhttps:\/\/www.leparisien.fr\/\u00a0\u00bb,\u00a0\u00bbmobile-menu-sections-list\u00a0\u00bb:\u00a0\u00bbhttps:\/\/www.leparisien.fr\/\u00a0\u00bb,\u00a0\u00bbsurfooter\u00a0\u00bb:\u00a0\u00bbhttps:\/\/www.leparisien.fr\/\u00a0\u00bb},\u00a0\u00bborder\u00a0\u00bb:{\u00ab\u00a0burger-menu\u00a0\u00bb:1002,\u00a0\u00bbnavbar\u00a0\u00bb:1004,\u00a0\u00bbsub-nav\u00a0\u00bb:1008,\u00a0\u00bbWebsked-plans\u00a0\u00bb:1007,\u00a0\u00bbmosaic_app\u00a0\u00bb:1001,\u00a0\u00bbdefault\u00a0\u00bb:1069,\u00a0\u00bbnav\u00a0\u00bb:1004,\u00a0\u00bbmenu\u00a0\u00bb:1004,\u00a0\u00bbMaillage_SEO_Surfooter\u00a0\u00bb:1063,\u00a0\u00bbfooter\u00a0\u00bb:1013,\u00a0\u00bbmobile-menu-sections-list\u00a0\u00bb:1001,\u00a0\u00bbsurfooter\u00a0\u00bb:1013},\u00a0\u00bbGoogle Analytics\u00a0\u00bb:{\u00ab\u00a0ga_name_level_1&Prime;:\u00a0\u00bbfaits-divers\u00a0\u00bb,\u00a0\u00bbga_name_level_2&Prime;:null,\u00a0\u00bbga_name_level_3&Prime;:null},\u00a0\u00bbMobile\u00a0\u00bb:{\u00ab\u00a0background_color_section\u00a0\u00bb:\u00a0\u00bb#4F6069&Prime;,\u00a0\u00bbbackground_image_section\u00a0\u00bb:\u00a0\u00bbhttps:\/\/assets.leparisien.fr\/mobile\/images\/explorer\/faits_divers.png\u00a0\u00bb},\u00a0\u00bbNewsletter\u00a0\u00bb:{\u00ab\u00a0newsletter_color\u00a0\u00bb:\u00a0\u00bb#7779A6&Prime;,\u00a0\u00bbnewsletter_image\u00a0\u00bb:\u00a0\u00bbnewsletter-faits-divers-logo.png\u00a0\u00bb,\u00a0\u00bbnewsletter_label\u00a0\u00bb:\u00a0\u00bbEnqu\u00eate en cours\u00a0\u00bb,\u00a0\u00bbnewsletter_name\u00a0\u00bb:\u00a0\u00bbEnqu\u00eate en cours\u00a0\u00bb,\u00a0\u00bbnewsletter_optin\u00a0\u00bb:\u00a0\u00bboptin_thematique_faits_divers\u00a0\u00bb,\u00a0\u00bbnewsletter_slug\u00a0\u00bb:\u00a0\u00bbfaits-divers\u00a0\u00bb,\u00a0\u00bbnewsletter_title\u00a0\u00bb:\u00a0\u00bbUne plong\u00e9e dans l\u2019actualit\u00e9 des faits divers, pour \u00e9clairer la face sombre de notre \u00e9poque\u00a0\u00bb},\u00a0\u00bbSponsor\u00a0\u00bb:{\u00ab\u00a0collection_id_for_pinned_content\u00a0\u00bb:\u00a0\u00bbZ5HL7A52HBDMPKNIFEGG3Q667I\u00a0\u00bb},\u00a0\u00bb_admin\u00a0\u00bb:{\u00ab\u00a0alias_ids\u00a0\u00bb:[]},\u00a0\u00bbheader\u00a0\u00bb:{\u00ab\u00a0title_logo_only\u00a0\u00bb:\u00a0\u00bbfalse\u00a0\u00bb},\u00a0\u00bbsite\u00a0\u00bb:{\u00ab\u00a0section_show_videos\u00a0\u00bb:\u00a0\u00bbtrue\u00a0\u00bb,\u00a0\u00bbsite_description\u00a0\u00bb:\u00a0\u00bbSuivez toute l&rsquo;actualit\u00e9 des faits divers \u00e0 Paris et en France en direct avec leParisien.fr : enqu\u00eates, interviews, vid\u00e9os et infos exclusives sur les meutres, vols\u2026\u00a0\u00bb,\u00a0\u00bbsite_title\u00a0\u00bb:\u00a0\u00bbFaits Divers : Toute l&rsquo;actualit\u00e9 des faits divers &#8211; Le Parisien\u00a0\u00bb},\u00a0\u00bbstory_list\u00a0\u00bb:{\u00ab\u00a0story_list_content\u00a0\u00bb:{}},\u00a0\u00bbnode_type\u00a0\u00bb:\u00a0\u00bbsection\u00a0\u00bb}}},\u00a0\u00bbprimary_site\u00a0\u00bb:{\u00ab\u00a0_id\u00a0\u00bb:\u00a0\u00bb\/faits-divers\u00a0\u00bb,\u00a0\u00bbtype\u00a0\u00bb:\u00a0\u00bbsite\u00a0\u00bb,\u00a0\u00bbversion\u00a0\u00bb:\u00a0\u00bb0.5.8&Prime;,\u00a0\u00bbname\u00a0\u00bb:\u00a0\u00bbFaits divers\u00a0\u00bb,\u00a0\u00bbdescription\u00a0\u00bb:\u00a0\u00bbSuivez toute l&rsquo;actualit\u00e9 des faits divers \u00e0 Paris et en France en direct avec leParisien.fr : enqu\u00eates, interviews, vid\u00e9os et infos exclusives sur les meutres, vols\u2026\u00a0\u00bb,\u00a0\u00bbpath\u00a0\u00bb:\u00a0\u00bb\/faits-divers\u00a0\u00bb,\u00a0\u00bbparent_id\u00a0\u00bb:\u00a0\u00bbhttps:\/\/www.leparisien.fr\/\u00a0\u00bb,\u00a0\u00bbadditional_properties\u00a0\u00bb:{\u00ab\u00a0original\u00a0\u00bb:{\u00ab\u00a0_id\u00a0\u00bb:\u00a0\u00bb\/faits-divers\u00a0\u00bb,\u00a0\u00bbname\u00a0\u00bb:\u00a0\u00bbFaits divers\u00a0\u00bb,\u00a0\u00bbinactive\u00a0\u00bb:false,\u00a0\u00bbancestors\u00a0\u00bb:{\u00ab\u00a0burger-menu\u00a0\u00bb:[\u00ab\u00a0https:\/\/www.leparisien.fr\/\u00a0\u00bb],\u00a0\u00bbfooter\u00a0\u00bb:[\u00ab\u00a0https:\/\/www.leparisien.fr\/\u00a0\u00bb],\u00a0\u00bbnavbar\u00a0\u00bb:[\u00ab\u00a0https:\/\/www.leparisien.fr\/\u00a0\u00bb],\u00a0\u00bbWebsked-plans\u00a0\u00bb:[\u00ab\u00a0https:\/\/www.leparisien.fr\/\u00a0\u00bb],\u00a0\u00bbmosaic_app\u00a0\u00bb:[\u00ab\u00a0https:\/\/www.leparisien.fr\/\u00a0\u00bb],\u00a0\u00bbburger-menu-etudiant\u00a0\u00bb:[],\u00a0\u00bbnav\u00a0\u00bb:[\u00ab\u00a0https:\/\/www.leparisien.fr\/\u00a0\u00bb],\u00a0\u00bbmenu\u00a0\u00bb:[\u00ab\u00a0https:\/\/www.leparisien.fr\/\u00a0\u00bb],\u00a0\u00bbsub-nav\u00a0\u00bb:[\u00ab\u00a0https:\/\/www.leparisien.fr\/\u00a0\u00bb],\u00a0\u00bbmobile-menu-sections-list\u00a0\u00bb:[\u00ab\u00a0https:\/\/www.leparisien.fr\/\u00a0\u00bb],\u00a0\u00bbdefault\u00a0\u00bb:[\u00ab\u00a0https:\/\/www.leparisien.fr\/\u00a0\u00bb],\u00a0\u00bbsurfooter\u00a0\u00bb:[\u00ab\u00a0https:\/\/www.leparisien.fr\/\u00a0\u00bb]},\u00a0\u00bbparent\u00a0\u00bb:{\u00ab\u00a0default\u00a0\u00bb:\u00a0\u00bbhttps:\/\/www.leparisien.fr\/\u00a0\u00bb,\u00a0\u00bbburger-menu\u00a0\u00bb:\u00a0\u00bbhttps:\/\/www.leparisien.fr\/\u00a0\u00bb,\u00a0\u00bbfooter\u00a0\u00bb:\u00a0\u00bbhttps:\/\/www.leparisien.fr\/\u00a0\u00bb,\u00a0\u00bbnavbar\u00a0\u00bb:\u00a0\u00bbhttps:\/\/www.leparisien.fr\/\u00a0\u00bb,\u00a0\u00bbsub-nav\u00a0\u00bb:\u00a0\u00bbhttps:\/\/www.leparisien.fr\/\u00a0\u00bb,\u00a0\u00bbWebsked-plans\u00a0\u00bb:\u00a0\u00bbhttps:\/\/www.leparisien.fr\/\u00a0\u00bb,\u00a0\u00bbmosaic_app\u00a0\u00bb:\u00a0\u00bbhttps:\/\/www.leparisien.fr\/\u00a0\u00bb,\u00a0\u00bbburger-menu-etudiant\u00a0\u00bb:null,\u00a0\u00bbnav\u00a0\u00bb:\u00a0\u00bbhttps:\/\/www.leparisien.fr\/\u00a0\u00bb,\u00a0\u00bbmenu\u00a0\u00bb:\u00a0\u00bbhttps:\/\/www.leparisien.fr\/\u00a0\u00bb,\u00a0\u00bbMaillage_SEO_Surfooter\u00a0\u00bb:\u00a0\u00bbhttps:\/\/www.leparisien.fr\/\u00a0\u00bb,\u00a0\u00bbmobile-menu-sections-list\u00a0\u00bb:\u00a0\u00bbhttps:\/\/www.leparisien.fr\/\u00a0\u00bb,\u00a0\u00bbsurfooter\u00a0\u00bb:\u00a0\u00bbhttps:\/\/www.leparisien.fr\/\u00a0\u00bb},\u00a0\u00bborder\u00a0\u00bb:{\u00ab\u00a0burger-menu\u00a0\u00bb:1002,\u00a0\u00bbnavbar\u00a0\u00bb:1004,\u00a0\u00bbsub-nav\u00a0\u00bb:1008,\u00a0\u00bbWebsked-plans\u00a0\u00bb:1007,\u00a0\u00bbmosaic_app\u00a0\u00bb:1001,\u00a0\u00bbdefault\u00a0\u00bb:1069,\u00a0\u00bbnav\u00a0\u00bb:1004,\u00a0\u00bbmenu\u00a0\u00bb:1004,\u00a0\u00bbMaillage_SEO_Surfooter\u00a0\u00bb:1063,\u00a0\u00bbfooter\u00a0\u00bb:1013,\u00a0\u00bbmobile-menu-sections-list\u00a0\u00bb:1001,\u00a0\u00bbsurfooter\u00a0\u00bb:1013},\u00a0\u00bbGoogle Analytics\u00a0\u00bb:{\u00ab\u00a0ga_name_level_1&Prime;:\u00a0\u00bbfaits-divers\u00a0\u00bb,\u00a0\u00bbga_name_level_2&Prime;:null,\u00a0\u00bbga_name_level_3&Prime;:null},\u00a0\u00bbMobile\u00a0\u00bb:{\u00ab\u00a0background_color_section\u00a0\u00bb:\u00a0\u00bb#4F6069&Prime;,\u00a0\u00bbbackground_image_section\u00a0\u00bb:\u00a0\u00bbhttps:\/\/assets.leparisien.fr\/mobile\/images\/explorer\/faits_divers.png\u00a0\u00bb},\u00a0\u00bbNewsletter\u00a0\u00bb:{\u00ab\u00a0newsletter_color\u00a0\u00bb:\u00a0\u00bb#7779A6&Prime;,\u00a0\u00bbnewsletter_image\u00a0\u00bb:\u00a0\u00bbnewsletter-faits-divers-logo.png\u00a0\u00bb,\u00a0\u00bbnewsletter_label\u00a0\u00bb:\u00a0\u00bbEnqu\u00eate en cours\u00a0\u00bb,\u00a0\u00bbnewsletter_name\u00a0\u00bb:\u00a0\u00bbEnqu\u00eate en cours\u00a0\u00bb,\u00a0\u00bbnewsletter_optin\u00a0\u00bb:\u00a0\u00bboptin_thematique_faits_divers\u00a0\u00bb,\u00a0\u00bbnewsletter_slug\u00a0\u00bb:\u00a0\u00bbfaits-divers\u00a0\u00bb,\u00a0\u00bbnewsletter_title\u00a0\u00bb:\u00a0\u00bbUne plong\u00e9e dans l\u2019actualit\u00e9 des faits divers, pour \u00e9clairer la face sombre de notre \u00e9poque\u00a0\u00bb},\u00a0\u00bbSponsor\u00a0\u00bb:{\u00ab\u00a0collection_id_for_pinned_content\u00a0\u00bb:\u00a0\u00bbZ5HL7A52HBDMPKNIFEGG3Q667I\u00a0\u00bb},\u00a0\u00bb_admin\u00a0\u00bb:{\u00ab\u00a0alias_ids\u00a0\u00bb:[]},\u00a0\u00bbheader\u00a0\u00bb:{\u00ab\u00a0title_logo_only\u00a0\u00bb:\u00a0\u00bbfalse\u00a0\u00bb},\u00a0\u00bbsite\u00a0\u00bb:{\u00ab\u00a0section_show_videos\u00a0\u00bb:\u00a0\u00bbtrue\u00a0\u00bb,\u00a0\u00bbsite_description\u00a0\u00bb:\u00a0\u00bbSuivez toute l&rsquo;actualit\u00e9 des faits divers \u00e0 Paris et en France en direct avec leParisien.fr : enqu\u00eates, interviews, vid\u00e9os et infos exclusives sur les meutres, vols\u2026\u00a0\u00bb,\u00a0\u00bbsite_title\u00a0\u00bb:\u00a0\u00bbFaits Divers : Toute l&rsquo;actualit\u00e9 des faits divers &#8211; Le Parisien\u00a0\u00bb},\u00a0\u00bbstory_list\u00a0\u00bb:{\u00ab\u00a0story_list_content\u00a0\u00bb:{}},\u00a0\u00bbnode_type\u00a0\u00bb:\u00a0\u00bbsection\u00a0\u00bb}}},\u00a0\u00bbsections\u00a0\u00bb:[{\u00ab\u00a0_id\u00a0\u00bb:\u00a0\u00bb\/faits-divers\u00a0\u00bb,\u00a0\u00bb_website\u00a0\u00bb:\u00a0\u00bbleparisien\u00a0\u00bb,\u00a0\u00bbtype\u00a0\u00bb:\u00a0\u00bbsection\u00a0\u00bb,\u00a0\u00bbversion\u00a0\u00bb:\u00a0\u00bb0.6.0&Prime;,\u00a0\u00bbname\u00a0\u00bb:\u00a0\u00bbFaits divers\u00a0\u00bb,\u00a0\u00bbdescription\u00a0\u00bb:\u00a0\u00bbSuivez toute l&rsquo;actualit\u00e9 des faits divers \u00e0 Paris et en France en direct avec leParisien.fr : enqu\u00eates, interviews, vid\u00e9os et infos exclusives sur les meutres, vols\u2026\u00a0\u00bb,\u00a0\u00bbpath\u00a0\u00bb:\u00a0\u00bb\/faits-divers\u00a0\u00bb,\u00a0\u00bbparent_id\u00a0\u00bb:\u00a0\u00bbhttps:\/\/www.leparisien.fr\/\u00a0\u00bb,\u00a0\u00bbparent\u00a0\u00bb:{\u00ab\u00a0default\u00a0\u00bb:\u00a0\u00bbhttps:\/\/www.leparisien.fr\/\u00a0\u00bb},\u00a0\u00bbadditional_properties\u00a0\u00bb:{\u00ab\u00a0original\u00a0\u00bb:{\u00ab\u00a0_id\u00a0\u00bb:\u00a0\u00bb\/faits-divers\u00a0\u00bb,\u00a0\u00bb_website\u00a0\u00bb:\u00a0\u00bbleparisien\u00a0\u00bb,\u00a0\u00bbname\u00a0\u00bb:\u00a0\u00bbFaits divers\u00a0\u00bb,\u00a0\u00bbinactive\u00a0\u00bb:false,\u00a0\u00bbancestors\u00a0\u00bb:{\u00ab\u00a0burger-menu\u00a0\u00bb:[\u00ab\u00a0https:\/\/www.leparisien.fr\/\u00a0\u00bb],\u00a0\u00bbfooter\u00a0\u00bb:[\u00ab\u00a0https:\/\/www.leparisien.fr\/\u00a0\u00bb],\u00a0\u00bbnavbar\u00a0\u00bb:[\u00ab\u00a0https:\/\/www.leparisien.fr\/\u00a0\u00bb],\u00a0\u00bbWebsked-plans\u00a0\u00bb:[\u00ab\u00a0https:\/\/www.leparisien.fr\/\u00a0\u00bb],\u00a0\u00bbmosaic_app\u00a0\u00bb:[\u00ab\u00a0https:\/\/www.leparisien.fr\/\u00a0\u00bb],\u00a0\u00bbburger-menu-etudiant\u00a0\u00bb:[],\u00a0\u00bbnav\u00a0\u00bb:[\u00ab\u00a0https:\/\/www.leparisien.fr\/\u00a0\u00bb],\u00a0\u00bbmenu\u00a0\u00bb:[\u00ab\u00a0https:\/\/www.leparisien.fr\/\u00a0\u00bb],\u00a0\u00bbsub-nav\u00a0\u00bb:[\u00ab\u00a0https:\/\/www.leparisien.fr\/\u00a0\u00bb],\u00a0\u00bbmobile-menu-sections-list\u00a0\u00bb:[\u00ab\u00a0https:\/\/www.leparisien.fr\/\u00a0\u00bb],\u00a0\u00bbdefault\u00a0\u00bb:[\u00ab\u00a0https:\/\/www.leparisien.fr\/\u00a0\u00bb],\u00a0\u00bbsurfooter\u00a0\u00bb:[\u00ab\u00a0https:\/\/www.leparisien.fr\/\u00a0\u00bb]},\u00a0\u00bbparent\u00a0\u00bb:{\u00ab\u00a0default\u00a0\u00bb:\u00a0\u00bbhttps:\/\/www.leparisien.fr\/\u00a0\u00bb,\u00a0\u00bbburger-menu\u00a0\u00bb:\u00a0\u00bbhttps:\/\/www.leparisien.fr\/\u00a0\u00bb,\u00a0\u00bbfooter\u00a0\u00bb:\u00a0\u00bbhttps:\/\/www.leparisien.fr\/\u00a0\u00bb,\u00a0\u00bbnavbar\u00a0\u00bb:\u00a0\u00bbhttps:\/\/www.leparisien.fr\/\u00a0\u00bb,\u00a0\u00bbsub-nav\u00a0\u00bb:\u00a0\u00bbhttps:\/\/www.leparisien.fr\/\u00a0\u00bb,\u00a0\u00bbWebsked-plans\u00a0\u00bb:\u00a0\u00bbhttps:\/\/www.leparisien.fr\/\u00a0\u00bb,\u00a0\u00bbmosaic_app\u00a0\u00bb:\u00a0\u00bbhttps:\/\/www.leparisien.fr\/\u00a0\u00bb,\u00a0\u00bbburger-menu-etudiant\u00a0\u00bb:null,\u00a0\u00bbnav\u00a0\u00bb:\u00a0\u00bbhttps:\/\/www.leparisien.fr\/\u00a0\u00bb,\u00a0\u00bbmenu\u00a0\u00bb:\u00a0\u00bbhttps:\/\/www.leparisien.fr\/\u00a0\u00bb,\u00a0\u00bbMaillage_SEO_Surfooter\u00a0\u00bb:\u00a0\u00bbhttps:\/\/www.leparisien.fr\/\u00a0\u00bb,\u00a0\u00bbmobile-menu-sections-list\u00a0\u00bb:\u00a0\u00bbhttps:\/\/www.leparisien.fr\/\u00a0\u00bb,\u00a0\u00bbsurfooter\u00a0\u00bb:\u00a0\u00bbhttps:\/\/www.leparisien.fr\/\u00a0\u00bb},\u00a0\u00bborder\u00a0\u00bb:{\u00ab\u00a0burger-menu\u00a0\u00bb:1002,\u00a0\u00bbnavbar\u00a0\u00bb:1004,\u00a0\u00bbsub-nav\u00a0\u00bb:1008,\u00a0\u00bbWebsked-plans\u00a0\u00bb:1007,\u00a0\u00bbmosaic_app\u00a0\u00bb:1001,\u00a0\u00bbdefault\u00a0\u00bb:1069,\u00a0\u00bbnav\u00a0\u00bb:1004,\u00a0\u00bbmenu\u00a0\u00bb:1004,\u00a0\u00bbMaillage_SEO_Surfooter\u00a0\u00bb:1063,\u00a0\u00bbfooter\u00a0\u00bb:1013,\u00a0\u00bbmobile-menu-sections-list\u00a0\u00bb:1001,\u00a0\u00bbsurfooter\u00a0\u00bb:1013},\u00a0\u00bbGoogle Analytics\u00a0\u00bb:{\u00ab\u00a0ga_name_level_1&Prime;:\u00a0\u00bbfaits-divers\u00a0\u00bb,\u00a0\u00bbga_name_level_2&Prime;:null,\u00a0\u00bbga_name_level_3&Prime;:null},\u00a0\u00bbMobile\u00a0\u00bb:{\u00ab\u00a0background_color_section\u00a0\u00bb:\u00a0\u00bb#4F6069&Prime;,\u00a0\u00bbbackground_image_section\u00a0\u00bb:\u00a0\u00bbhttps:\/\/assets.leparisien.fr\/mobile\/images\/explorer\/faits_divers.png\u00a0\u00bb},\u00a0\u00bbNewsletter\u00a0\u00bb:{\u00ab\u00a0newsletter_color\u00a0\u00bb:\u00a0\u00bb#7779A6&Prime;,\u00a0\u00bbnewsletter_image\u00a0\u00bb:\u00a0\u00bbnewsletter-faits-divers-logo.png\u00a0\u00bb,\u00a0\u00bbnewsletter_label\u00a0\u00bb:\u00a0\u00bbEnqu\u00eate en cours\u00a0\u00bb,\u00a0\u00bbnewsletter_name\u00a0\u00bb:\u00a0\u00bbEnqu\u00eate en cours\u00a0\u00bb,\u00a0\u00bbnewsletter_optin\u00a0\u00bb:\u00a0\u00bboptin_thematique_faits_divers\u00a0\u00bb,\u00a0\u00bbnewsletter_slug\u00a0\u00bb:\u00a0\u00bbfaits-divers\u00a0\u00bb,\u00a0\u00bbnewsletter_title\u00a0\u00bb:\u00a0\u00bbUne plong\u00e9e dans l\u2019actualit\u00e9 des faits divers, pour \u00e9clairer la face sombre de notre \u00e9poque\u00a0\u00bb},\u00a0\u00bbSponsor\u00a0\u00bb:{\u00ab\u00a0collection_id_for_pinned_content\u00a0\u00bb:\u00a0\u00bbZ5HL7A52HBDMPKNIFEGG3Q667I\u00a0\u00bb},\u00a0\u00bb_admin\u00a0\u00bb:{\u00ab\u00a0alias_ids\u00a0\u00bb:[]},\u00a0\u00bbheader\u00a0\u00bb:{\u00ab\u00a0title_logo_only\u00a0\u00bb:\u00a0\u00bbfalse\u00a0\u00bb},\u00a0\u00bbsite\u00a0\u00bb:{\u00ab\u00a0section_show_videos\u00a0\u00bb:\u00a0\u00bbtrue\u00a0\u00bb,\u00a0\u00bbsite_description\u00a0\u00bb:\u00a0\u00bbSuivez toute l&rsquo;actualit\u00e9 des faits divers \u00e0 Paris et en France en direct avec leParisien.fr : enqu\u00eates, interviews, vid\u00e9os et infos exclusives sur les meutres, vols\u2026\u00a0\u00bb,\u00a0\u00bbsite_title\u00a0\u00bb:\u00a0\u00bbFaits Divers : Toute l&rsquo;actualit\u00e9 des faits divers &#8211; Le Parisien\u00a0\u00bb},\u00a0\u00bbstory_list\u00a0\u00bb:{\u00ab\u00a0story_list_content\u00a0\u00bb:{}},\u00a0\u00bbnode_type\u00a0\u00bb:\u00a0\u00bbsection\u00a0\u00bb}},\u00a0\u00bb_website_section_id\u00a0\u00bb:\u00a0\u00bbleparisien.\/faits-divers\u00a0\u00bb},{\u00ab\u00a0_id\u00a0\u00bb:\u00a0\u00bb\/rhone-69&Prime;,\u00a0\u00bb_website\u00a0\u00bb:\u00a0\u00bbleparisien\u00a0\u00bb,\u00a0\u00bbtype\u00a0\u00bb:\u00a0\u00bbsection\u00a0\u00bb,\u00a0\u00bbversion\u00a0\u00bb:\u00a0\u00bb0.6.0&Prime;,\u00a0\u00bbname\u00a0\u00bb:\u00a0\u00bbRh\u00f4ne\u00a0\u00bb,\u00a0\u00bbdescription\u00a0\u00bb:\u00a0\u00bbSuivez toute l&rsquo;actualit\u00e9 et les informations locales du Rh\u00f4ne en direct et en vid\u00e9o sur le Parisien.fr\u00a0\u00bb,\u00a0\u00bbpath\u00a0\u00bb:\u00a0\u00bb\/rhone-69&Prime;,\u00a0\u00bbparent_id\u00a0\u00bb:\u00a0\u00bb\/en-region\u00a0\u00bb,\u00a0\u00bbparent\u00a0\u00bb:{\u00ab\u00a0default\u00a0\u00bb:\u00a0\u00bb\/en-region\u00a0\u00bb},\u00a0\u00bbadditional_properties\u00a0\u00bb:{\u00ab\u00a0original\u00a0\u00bb:{\u00ab\u00a0_id\u00a0\u00bb:\u00a0\u00bb\/rhone-69&Prime;,\u00a0\u00bbGoogle Analytics\u00a0\u00bb:{\u00ab\u00a0ga_name_level_1&Prime;:\u00a0\u00bbdepartements-horsidfo\u00a0\u00bb,\u00a0\u00bbga_name_level_2&Prime;:\u00a0\u00bbrhone-69&Prime;,\u00a0\u00bbga_name_level_3&Prime;:null},\u00a0\u00bb_admin\u00a0\u00bb:{\u00ab\u00a0alias_ids\u00a0\u00bb:[]},\u00a0\u00bbstory_list\u00a0\u00bb:{\u00ab\u00a0story_list_content\u00a0\u00bb:{}},\u00a0\u00bbsite\u00a0\u00bb:{\u00ab\u00a0site_title\u00a0\u00bb:\u00a0\u00bbActualit\u00e9s du d\u00e9partement du Rh\u00f4ne (69) &#8211; Infos locales dans le Rh\u00f4ne &#8211; Le Parisien\u00a0\u00bb,\u00a0\u00bbsite_description\u00a0\u00bb:\u00a0\u00bbSuivez toute l&rsquo;actualit\u00e9 et les informations locales du Rh\u00f4ne en direct et en vid\u00e9o sur le Parisien.fr\u00a0\u00bb},\u00a0\u00bb_website\u00a0\u00bb:\u00a0\u00bbleparisien\u00a0\u00bb,\u00a0\u00bbname\u00a0\u00bb:\u00a0\u00bbRh\u00f4ne\u00a0\u00bb,\u00a0\u00bborder\u00a0\u00bb:{\u00ab\u00a0Websked-plans\u00a0\u00bb:2069,\u00a0\u00bbdefault\u00a0\u00bb:2067,\u00a0\u00bbMaillage_SEO_Surfooter\u00a0\u00bb:2067,\u00a0\u00bbsub-nav\u00a0\u00bb:1063},\u00a0\u00bbparent\u00a0\u00bb:{\u00ab\u00a0default\u00a0\u00bb:\u00a0\u00bb\/en-region\u00a0\u00bb,\u00a0\u00bbsub-nav\u00a0\u00bb:\u00a0\u00bbhttps:\/\/www.leparisien.fr\/\u00a0\u00bb,\u00a0\u00bbWebsked-plans\u00a0\u00bb:\u00a0\u00bb\/en-region\u00a0\u00bb,\u00a0\u00bbMaillage_SEO_Surfooter\u00a0\u00bb:\u00a0\u00bb\/en-region\u00a0\u00bb},\u00a0\u00bbancestors\u00a0\u00bb:{\u00ab\u00a0Websked-plans\u00a0\u00bb:[\u00ab\u00a0https:\/\/www.leparisien.fr\/\u00a0\u00bb,\u00a0\u00bb\/en-region\u00a0\u00bb],\u00a0\u00bbdefault\u00a0\u00bb:[\u00ab\u00a0\/en-region\u00a0\u00bb],\u00a0\u00bbMaillage_SEO_Surfooter\u00a0\u00bb:[\u00ab\u00a0\/en-region\u00a0\u00bb],\u00a0\u00bbsub-nav\u00a0\u00bb:[\u00ab\u00a0https:\/\/www.leparisien.fr\/\u00a0\u00bb]},\u00a0\u00bbinactive\u00a0\u00bb:false,\u00a0\u00bbnode_type\u00a0\u00bb:\u00a0\u00bbsection\u00a0\u00bb}},\u00a0\u00bb_website_section_id\u00a0\u00bb:\u00a0\u00bbleparisien.\/rhone-69&Prime;},{\u00ab\u00a0_id\u00a0\u00bb:\u00a0\u00bb\/en-region\u00a0\u00bb,\u00a0\u00bb_website\u00a0\u00bb:\u00a0\u00bbleparisien\u00a0\u00bb,\u00a0\u00bbtype\u00a0\u00bb:\u00a0\u00bbsection\u00a0\u00bb,\u00a0\u00bbversion\u00a0\u00bb:\u00a0\u00bb0.6.0&Prime;,\u00a0\u00bbname\u00a0\u00bb:\u00a0\u00bbEn r\u00e9gion\u00a0\u00bb,\u00a0\u00bbdescription\u00a0\u00bb:\u00a0\u00bbRetrouvez toute l&rsquo;actu de votre r\u00e9gion avec Aujourd&rsquo;hui en France.\u00a0\u00bb,\u00a0\u00bbpath\u00a0\u00bb:\u00a0\u00bb\/en-region\u00a0\u00bb,\u00a0\u00bbparent_id\u00a0\u00bb:\u00a0\u00bbhttps:\/\/www.leparisien.fr\/\u00a0\u00bb,\u00a0\u00bbparent\u00a0\u00bb:{\u00ab\u00a0default\u00a0\u00bb:\u00a0\u00bbhttps:\/\/www.leparisien.fr\/\u00a0\u00bb},\u00a0\u00bbadditional_properties\u00a0\u00bb:{\u00ab\u00a0original\u00a0\u00bb:{\u00ab\u00a0_id\u00a0\u00bb:\u00a0\u00bb\/en-region\u00a0\u00bb,\u00a0\u00bb_website\u00a0\u00bb:\u00a0\u00bbleparisien\u00a0\u00bb,\u00a0\u00bbname\u00a0\u00bb:\u00a0\u00bbEn r\u00e9gion\u00a0\u00bb,\u00a0\u00bbinactive\u00a0\u00bb:false,\u00a0\u00bbancestors\u00a0\u00bb:{\u00ab\u00a0default\u00a0\u00bb:[\u00ab\u00a0https:\/\/www.leparisien.fr\/\u00a0\u00bb],\u00a0\u00bbburger-menu\u00a0\u00bb:[\u00ab\u00a0https:\/\/www.leparisien.fr\/\u00a0\u00bb],\u00a0\u00bbsub-nav\u00a0\u00bb:[\u00ab\u00a0https:\/\/www.leparisien.fr\/\u00a0\u00bb],\u00a0\u00bbWebsked-plans\u00a0\u00bb:[\u00ab\u00a0https:\/\/www.leparisien.fr\/\u00a0\u00bb],\u00a0\u00bbburger-menu-etudiant\u00a0\u00bb:[],\u00a0\u00bbmenu\u00a0\u00bb:[\u00ab\u00a0https:\/\/www.leparisien.fr\/\u00a0\u00bb],\u00a0\u00bbMaillage_SEO_Surfooter\u00a0\u00bb:[]},\u00a0\u00bbparent\u00a0\u00bb:{\u00ab\u00a0default\u00a0\u00bb:\u00a0\u00bbhttps:\/\/www.leparisien.fr\/\u00a0\u00bb,\u00a0\u00bbburger-menu\u00a0\u00bb:\u00a0\u00bbhttps:\/\/www.leparisien.fr\/\u00a0\u00bb,\u00a0\u00bbsub-nav\u00a0\u00bb:\u00a0\u00bbhttps:\/\/www.leparisien.fr\/\u00a0\u00bb,\u00a0\u00bbWebsked-plans\u00a0\u00bb:\u00a0\u00bbhttps:\/\/www.leparisien.fr\/\u00a0\u00bb,\u00a0\u00bbburger-menu-etudiant\u00a0\u00bb:null,\u00a0\u00bbmenu\u00a0\u00bb:\u00a0\u00bbhttps:\/\/www.leparisien.fr\/\u00a0\u00bb,\u00a0\u00bbMaillage_SEO_Surfooter\u00a0\u00bb:\u00a0\u00bbhttps:\/\/www.leparisien.fr\/\u00a0\u00bb},\u00a0\u00bborder\u00a0\u00bb:{\u00ab\u00a0burger-menu\u00a0\u00bb:1015,\u00a0\u00bbsub-nav\u00a0\u00bb:1009,\u00a0\u00bbWebsked-plans\u00a0\u00bb:1033,\u00a0\u00bbdefault\u00a0\u00bb:1060,\u00a0\u00bbmenu\u00a0\u00bb:1015,\u00a0\u00bbMaillage_SEO_Surfooter\u00a0\u00bb:1052},\u00a0\u00bbGoogle Analytics\u00a0\u00bb:{\u00ab\u00a0ga_name_level_1&Prime;:\u00a0\u00bbdepartements-horsidfo\u00a0\u00bb,\u00a0\u00bbga_name_level_2&Prime;:null,\u00a0\u00bbga_name_level_3&Prime;:null},\u00a0\u00bbMobile\u00a0\u00bb:{\u00ab\u00a0background_color_section\u00a0\u00bb:\u00a0\u00bb#C0C0C0&Prime;,\u00a0\u00bbbackground_image_section\u00a0\u00bb:null,\u00a0\u00bblabel\u00a0\u00bb:null,\u00a0\u00bbxtpage\u00a0\u00bb:null},\u00a0\u00bbNewsletter\u00a0\u00bb:{\u00ab\u00a0module_message\u00a0\u00bb:null,\u00a0\u00bbnewsletter_color\u00a0\u00bb:\u00a0\u00bb#1EA0E6&Prime;,\u00a0\u00bbnewsletter_image\u00a0\u00bb:\u00a0\u00bbnewsletter-essentiel-matin-logo.png\u00a0\u00bb,\u00a0\u00bbnewsletter_label\u00a0\u00bb:\u00a0\u00bbL&rsquo;essentiel du matin\u00a0\u00bb,\u00a0\u00bbnewsletter_name\u00a0\u00bb:\u00a0\u00bbL&rsquo;Essentiel de l&rsquo;actu\u00a0\u00bb,\u00a0\u00bbnewsletter_optin\u00a0\u00bb:\u00a0\u00bboptin_newsletter\u00a0\u00bb,\u00a0\u00bbnewsletter_title\u00a0\u00bb:\u00a0\u00bbUn tour de l\u2019actualit\u00e9 pour commencer la journ\u00e9e\u00a0\u00bb},\u00a0\u00bbSponsor\u00a0\u00bb:{\u00ab\u00a0collection_id_for_pinned_content\u00a0\u00bb:null,\u00a0\u00bbsponsor_logo_url\u00a0\u00bb:null,\u00a0\u00bbsponsor_message\u00a0\u00bb:null,\u00a0\u00bbsponsor_name\u00a0\u00bb:null,\u00a0\u00bbsponsor_type\u00a0\u00bb:null},\u00a0\u00bb_admin\u00a0\u00bb:{\u00ab\u00a0alias_ids\u00a0\u00bb:[\u00ab\u00a0\/en-region\u00a0\u00bb],\u00a0\u00bbcommercial_node\u00a0\u00bb:null,\u00a0\u00bbdefault_content\u00a0\u00bb:null,\u00a0\u00bbdo_not_show_on_site\u00a0\u00bb:null,\u00a0\u00bbtracking_node\u00a0\u00bb:null},\u00a0\u00bbin_the_news\u00a0\u00bb:{\u00ab\u00a0in_the_news_usebasepage\u00a0\u00bb:\u00a0\u00bb\/in-the-news-forsections\/\u00a0\u00bb,\u00a0\u00bbin_the_news_usefeature\u00a0\u00bb:null,\u00a0\u00bbin_the_news_usesectionbar\u00a0\u00bb:\u00a0\u00bbfalse\u00a0\u00bb},\u00a0\u00bbnavigation\u00a0\u00bb:{\u00ab\u00a0display_in_top_strip\u00a0\u00bb:null,\u00a0\u00bbnav_display\u00a0\u00bb:null,\u00a0\u00bbnav_title\u00a0\u00bb:null},\u00a0\u00bbsite\u00a0\u00bb:{\u00ab\u00a0amp_deactivated\u00a0\u00bb:\u00a0\u00bbfalse\u00a0\u00bb,\u00a0\u00bbis_clickable_on_menu\u00a0\u00bb:\u00a0\u00bbtrue\u00a0\u00bb,\u00a0\u00bbnative_app_rendering\u00a0\u00bb:null,\u00a0\u00bbpagebuilder_path_for_native_apps\u00a0\u00bb:null,\u00a0\u00bbpaywall_deactivated\u00a0\u00bb:\u00a0\u00bbfalse\u00a0\u00bb,\u00a0\u00bbpresentation\u00a0\u00bb:null,\u00a0\u00bbsite_about\u00a0\u00bb:null,\u00a0\u00bbsite_description\u00a0\u00bb:\u00a0\u00bbRetrouvez toute l&rsquo;actu de votre r\u00e9gion avec Aujourd&rsquo;hui en France.\u00a0\u00bb,\u00a0\u00bbsite_keywords\u00a0\u00bb:null,\u00a0\u00bbsite_tagline\u00a0\u00bb:null,\u00a0\u00bbsite_title\u00a0\u00bb:\u00a0\u00bbL&rsquo;info en r\u00e9gion &#8211; Aujourd&rsquo;hui en France &#8211; Le Parisien\u00a0\u00bb,\u00a0\u00bbsite_url\u00a0\u00bb:null},\u00a0\u00bbsocial\u00a0\u00bb:{\u00ab\u00a0archives\u00a0\u00bb:null,\u00a0\u00bbfacebook\u00a0\u00bb:null,\u00a0\u00bbrss\u00a0\u00bb:null,\u00a0\u00bbtwitter\u00a0\u00bb:null},\u00a0\u00bbstory_list\u00a0\u00bb:{\u00ab\u00a0story_list_content\u00a0\u00bb:{}},\u00a0\u00bbevent_logo_desktop_height\u00a0\u00bb:\u00a0\u00bb64&Prime;,\u00a0\u00bbevent_logo_desktop_width\u00a0\u00bb:\u00a0\u00bb204&Prime;,\u00a0\u00bbevent_logo_mobile_height\u00a0\u00bb:\u00a0\u00bb40&Prime;,\u00a0\u00bbevent_logo_mobile_width\u00a0\u00bb:\u00a0\u00bb128&Prime;,\u00a0\u00bbevent_logo_tablet_height\u00a0\u00bb:\u00a0\u00bb48&Prime;,\u00a0\u00bbevent_logo_tablet_width\u00a0\u00bb:\u00a0\u00bb153&Prime;,\u00a0\u00bbevent_logo_url\u00a0\u00bb:\u00a0\u00bbhttps:\/\/leparisien-assets-prod.s3.eu-west-1.amazonaws.com\/website\/images\/events_logo\/aujourdhui-en-france.svg\u00a0\u00bb,\u00a0\u00bbnode_type\u00a0\u00bb:\u00a0\u00bbsection\u00a0\u00bb}},\u00a0\u00bb_website_section_id\u00a0\u00bb:\u00a0\u00bbleparisien.\/en-region\u00a0\u00bb}],\u00a0\u00bbsites\u00a0\u00bb:[{\u00ab\u00a0_id\u00a0\u00bb:\u00a0\u00bb\/faits-divers\u00a0\u00bb,\u00a0\u00bbtype\u00a0\u00bb:\u00a0\u00bbsite\u00a0\u00bb,\u00a0\u00bbversion\u00a0\u00bb:\u00a0\u00bb0.5.8&Prime;,\u00a0\u00bbname\u00a0\u00bb:\u00a0\u00bbFaits divers\u00a0\u00bb,\u00a0\u00bbdescription\u00a0\u00bb:\u00a0\u00bbSuivez toute l&rsquo;actualit\u00e9 des faits divers \u00e0 Paris et en France en direct avec leParisien.fr : enqu\u00eates, interviews, vid\u00e9os et infos exclusives sur les meutres, vols\u2026\u00a0\u00bb,\u00a0\u00bbpath\u00a0\u00bb:\u00a0\u00bb\/faits-divers\u00a0\u00bb,\u00a0\u00bbparent_id\u00a0\u00bb:\u00a0\u00bbhttps:\/\/www.leparisien.fr\/\u00a0\u00bb,\u00a0\u00bbadditional_properties\u00a0\u00bb:{\u00ab\u00a0original\u00a0\u00bb:{\u00ab\u00a0_id\u00a0\u00bb:\u00a0\u00bb\/faits-divers\u00a0\u00bb,\u00a0\u00bbname\u00a0\u00bb:\u00a0\u00bbFaits divers\u00a0\u00bb,\u00a0\u00bbinactive\u00a0\u00bb:false,\u00a0\u00bbancestors\u00a0\u00bb:{\u00ab\u00a0burger-menu\u00a0\u00bb:[\u00ab\u00a0https:\/\/www.leparisien.fr\/\u00a0\u00bb],\u00a0\u00bbfooter\u00a0\u00bb:[\u00ab\u00a0https:\/\/www.leparisien.fr\/\u00a0\u00bb],\u00a0\u00bbnavbar\u00a0\u00bb:[\u00ab\u00a0https:\/\/www.leparisien.fr\/\u00a0\u00bb],\u00a0\u00bbWebsked-plans\u00a0\u00bb:[\u00ab\u00a0https:\/\/www.leparisien.fr\/\u00a0\u00bb],\u00a0\u00bbmosaic_app\u00a0\u00bb:[\u00ab\u00a0https:\/\/www.leparisien.fr\/\u00a0\u00bb],\u00a0\u00bbburger-menu-etudiant\u00a0\u00bb:[],\u00a0\u00bbnav\u00a0\u00bb:[\u00ab\u00a0https:\/\/www.leparisien.fr\/\u00a0\u00bb],\u00a0\u00bbmenu\u00a0\u00bb:[\u00ab\u00a0https:\/\/www.leparisien.fr\/\u00a0\u00bb],\u00a0\u00bbsub-nav\u00a0\u00bb:[\u00ab\u00a0https:\/\/www.leparisien.fr\/\u00a0\u00bb],\u00a0\u00bbmobile-menu-sections-list\u00a0\u00bb:[\u00ab\u00a0https:\/\/www.leparisien.fr\/\u00a0\u00bb],\u00a0\u00bbdefault\u00a0\u00bb:[\u00ab\u00a0https:\/\/www.leparisien.fr\/\u00a0\u00bb],\u00a0\u00bbsurfooter\u00a0\u00bb:[\u00ab\u00a0https:\/\/www.leparisien.fr\/\u00a0\u00bb]},\u00a0\u00bbparent\u00a0\u00bb:{\u00ab\u00a0default\u00a0\u00bb:\u00a0\u00bbhttps:\/\/www.leparisien.fr\/\u00a0\u00bb,\u00a0\u00bbburger-menu\u00a0\u00bb:\u00a0\u00bbhttps:\/\/www.leparisien.fr\/\u00a0\u00bb,\u00a0\u00bbfooter\u00a0\u00bb:\u00a0\u00bbhttps:\/\/www.leparisien.fr\/\u00a0\u00bb,\u00a0\u00bbnavbar\u00a0\u00bb:\u00a0\u00bbhttps:\/\/www.leparisien.fr\/\u00a0\u00bb,\u00a0\u00bbsub-nav\u00a0\u00bb:\u00a0\u00bbhttps:\/\/www.leparisien.fr\/\u00a0\u00bb,\u00a0\u00bbWebsked-plans\u00a0\u00bb:\u00a0\u00bbhttps:\/\/www.leparisien.fr\/\u00a0\u00bb,\u00a0\u00bbmosaic_app\u00a0\u00bb:\u00a0\u00bbhttps:\/\/www.leparisien.fr\/\u00a0\u00bb,\u00a0\u00bbburger-menu-etudiant\u00a0\u00bb:null,\u00a0\u00bbnav\u00a0\u00bb:\u00a0\u00bbhttps:\/\/www.leparisien.fr\/\u00a0\u00bb,\u00a0\u00bbmenu\u00a0\u00bb:\u00a0\u00bbhttps:\/\/www.leparisien.fr\/\u00a0\u00bb,\u00a0\u00bbMaillage_SEO_Surfooter\u00a0\u00bb:\u00a0\u00bbhttps:\/\/www.leparisien.fr\/\u00a0\u00bb,\u00a0\u00bbmobile-menu-sections-list\u00a0\u00bb:\u00a0\u00bbhttps:\/\/www.leparisien.fr\/\u00a0\u00bb,\u00a0\u00bbsurfooter\u00a0\u00bb:\u00a0\u00bbhttps:\/\/www.leparisien.fr\/\u00a0\u00bb},\u00a0\u00bborder\u00a0\u00bb:{\u00ab\u00a0burger-menu\u00a0\u00bb:1002,\u00a0\u00bbnavbar\u00a0\u00bb:1004,\u00a0\u00bbsub-nav\u00a0\u00bb:1008,\u00a0\u00bbWebsked-plans\u00a0\u00bb:1007,\u00a0\u00bbmosaic_app\u00a0\u00bb:1001,\u00a0\u00bbdefault\u00a0\u00bb:1069,\u00a0\u00bbnav\u00a0\u00bb:1004,\u00a0\u00bbmenu\u00a0\u00bb:1004,\u00a0\u00bbMaillage_SEO_Surfooter\u00a0\u00bb:1063,\u00a0\u00bbfooter\u00a0\u00bb:1013,\u00a0\u00bbmobile-menu-sections-list\u00a0\u00bb:1001,\u00a0\u00bbsurfooter\u00a0\u00bb:1013},\u00a0\u00bbGoogle Analytics\u00a0\u00bb:{\u00ab\u00a0ga_name_level_1&Prime;:\u00a0\u00bbfaits-divers\u00a0\u00bb,\u00a0\u00bbga_name_level_2&Prime;:null,\u00a0\u00bbga_name_level_3&Prime;:null},\u00a0\u00bbMobile\u00a0\u00bb:{\u00ab\u00a0background_color_section\u00a0\u00bb:\u00a0\u00bb#4F6069&Prime;,\u00a0\u00bbbackground_image_section\u00a0\u00bb:\u00a0\u00bbhttps:\/\/assets.leparisien.fr\/mobile\/images\/explorer\/faits_divers.png\u00a0\u00bb},\u00a0\u00bbNewsletter\u00a0\u00bb:{\u00ab\u00a0newsletter_color\u00a0\u00bb:\u00a0\u00bb#7779A6&Prime;,\u00a0\u00bbnewsletter_image\u00a0\u00bb:\u00a0\u00bbnewsletter-faits-divers-logo.png\u00a0\u00bb,\u00a0\u00bbnewsletter_label\u00a0\u00bb:\u00a0\u00bbEnqu\u00eate en cours\u00a0\u00bb,\u00a0\u00bbnewsletter_name\u00a0\u00bb:\u00a0\u00bbEnqu\u00eate en cours\u00a0\u00bb,\u00a0\u00bbnewsletter_optin\u00a0\u00bb:\u00a0\u00bboptin_thematique_faits_divers\u00a0\u00bb,\u00a0\u00bbnewsletter_slug\u00a0\u00bb:\u00a0\u00bbfaits-divers\u00a0\u00bb,\u00a0\u00bbnewsletter_title\u00a0\u00bb:\u00a0\u00bbUne plong\u00e9e dans l\u2019actualit\u00e9 des faits divers, pour \u00e9clairer la face sombre de notre \u00e9poque\u00a0\u00bb},\u00a0\u00bbSponsor\u00a0\u00bb:{\u00ab\u00a0collection_id_for_pinned_content\u00a0\u00bb:\u00a0\u00bbZ5HL7A52HBDMPKNIFEGG3Q667I\u00a0\u00bb},\u00a0\u00bb_admin\u00a0\u00bb:{\u00ab\u00a0alias_ids\u00a0\u00bb:[]},\u00a0\u00bbheader\u00a0\u00bb:{\u00ab\u00a0title_logo_only\u00a0\u00bb:\u00a0\u00bbfalse\u00a0\u00bb},\u00a0\u00bbsite\u00a0\u00bb:{\u00ab\u00a0section_show_videos\u00a0\u00bb:\u00a0\u00bbtrue\u00a0\u00bb,\u00a0\u00bbsite_description\u00a0\u00bb:\u00a0\u00bbSuivez toute l&rsquo;actualit\u00e9 des faits divers \u00e0 Paris et en France en direct avec leParisien.fr : enqu\u00eates, interviews, vid\u00e9os et infos exclusives sur les meutres, vols\u2026\u00a0\u00bb,\u00a0\u00bbsite_title\u00a0\u00bb:\u00a0\u00bbFaits Divers : Toute l&rsquo;actualit\u00e9 des faits divers &#8211; Le Parisien\u00a0\u00bb},\u00a0\u00bbstory_list\u00a0\u00bb:{\u00ab\u00a0story_list_content\u00a0\u00bb:{}},\u00a0\u00bbnode_type\u00a0\u00bb:\u00a0\u00bbsection\u00a0\u00bb}}},{\u00ab\u00a0_id\u00a0\u00bb:\u00a0\u00bb\/rhone-69&Prime;,\u00a0\u00bbtype\u00a0\u00bb:\u00a0\u00bbsite\u00a0\u00bb,\u00a0\u00bbversion\u00a0\u00bb:\u00a0\u00bb0.5.8&Prime;,\u00a0\u00bbname\u00a0\u00bb:\u00a0\u00bbRh\u00f4ne\u00a0\u00bb,\u00a0\u00bbdescription\u00a0\u00bb:\u00a0\u00bbSuivez toute l&rsquo;actualit\u00e9 et les informations locales du Rh\u00f4ne en direct et en vid\u00e9o sur le Parisien.fr\u00a0\u00bb,\u00a0\u00bbpath\u00a0\u00bb:\u00a0\u00bb\/rhone-69&Prime;,\u00a0\u00bbparent_id\u00a0\u00bb:\u00a0\u00bb\/en-region\u00a0\u00bb,\u00a0\u00bbadditional_properties\u00a0\u00bb:{\u00ab\u00a0original\u00a0\u00bb:{\u00ab\u00a0_id\u00a0\u00bb:\u00a0\u00bb\/rhone-69&Prime;,\u00a0\u00bbGoogle Analytics\u00a0\u00bb:{\u00ab\u00a0ga_name_level_1&Prime;:\u00a0\u00bbdepartements-horsidfo\u00a0\u00bb,\u00a0\u00bbga_name_level_2&Prime;:\u00a0\u00bbrhone-69&Prime;,\u00a0\u00bbga_name_level_3&Prime;:null},\u00a0\u00bb_admin\u00a0\u00bb:{\u00ab\u00a0alias_ids\u00a0\u00bb:[]},\u00a0\u00bbstory_list\u00a0\u00bb:{\u00ab\u00a0story_list_content\u00a0\u00bb:{}},\u00a0\u00bbsite\u00a0\u00bb:{\u00ab\u00a0site_title\u00a0\u00bb:\u00a0\u00bbActualit\u00e9s du d\u00e9partement du Rh\u00f4ne (69) &#8211; Infos locales dans le Rh\u00f4ne &#8211; Le Parisien\u00a0\u00bb,\u00a0\u00bbsite_description\u00a0\u00bb:\u00a0\u00bbSuivez toute l&rsquo;actualit\u00e9 et les informations locales du Rh\u00f4ne en direct et en vid\u00e9o sur le Parisien.fr\u00a0\u00bb},\u00a0\u00bbname\u00a0\u00bb:\u00a0\u00bbRh\u00f4ne\u00a0\u00bb,\u00a0\u00bborder\u00a0\u00bb:{\u00ab\u00a0Websked-plans\u00a0\u00bb:2069,\u00a0\u00bbdefault\u00a0\u00bb:2067,\u00a0\u00bbMaillage_SEO_Surfooter\u00a0\u00bb:2067,\u00a0\u00bbsub-nav\u00a0\u00bb:1063},\u00a0\u00bbparent\u00a0\u00bb:{\u00ab\u00a0default\u00a0\u00bb:\u00a0\u00bb\/en-region\u00a0\u00bb,\u00a0\u00bbsub-nav\u00a0\u00bb:\u00a0\u00bbhttps:\/\/www.leparisien.fr\/\u00a0\u00bb,\u00a0\u00bbWebsked-plans\u00a0\u00bb:\u00a0\u00bb\/en-region\u00a0\u00bb,\u00a0\u00bbMaillage_SEO_Surfooter\u00a0\u00bb:\u00a0\u00bb\/en-region\u00a0\u00bb},\u00a0\u00bbancestors\u00a0\u00bb:{\u00ab\u00a0Websked-plans\u00a0\u00bb:[\u00ab\u00a0https:\/\/www.leparisien.fr\/\u00a0\u00bb,\u00a0\u00bb\/en-region\u00a0\u00bb],\u00a0\u00bbdefault\u00a0\u00bb:[\u00ab\u00a0\/en-region\u00a0\u00bb],\u00a0\u00bbMaillage_SEO_Surfooter\u00a0\u00bb:[\u00ab\u00a0\/en-region\u00a0\u00bb],\u00a0\u00bbsub-nav\u00a0\u00bb:[\u00ab\u00a0https:\/\/www.leparisien.fr\/\u00a0\u00bb]},\u00a0\u00bbinactive\u00a0\u00bb:false,\u00a0\u00bbnode_type\u00a0\u00bb:\u00a0\u00bbsection\u00a0\u00bb}}},{\u00ab\u00a0_id\u00a0\u00bb:\u00a0\u00bb\/en-region\u00a0\u00bb,\u00a0\u00bbtype\u00a0\u00bb:\u00a0\u00bbsite\u00a0\u00bb,\u00a0\u00bbversion\u00a0\u00bb:\u00a0\u00bb0.5.8&Prime;,\u00a0\u00bbname\u00a0\u00bb:\u00a0\u00bbEn r\u00e9gion\u00a0\u00bb,\u00a0\u00bbdescription\u00a0\u00bb:\u00a0\u00bbRetrouvez toute l&rsquo;actu de votre r\u00e9gion avec Aujourd&rsquo;hui en France.\u00a0\u00bb,\u00a0\u00bbpath\u00a0\u00bb:\u00a0\u00bb\/en-region\u00a0\u00bb,\u00a0\u00bbparent_id\u00a0\u00bb:\u00a0\u00bbhttps:\/\/www.leparisien.fr\/\u00a0\u00bb,\u00a0\u00bbadditional_properties\u00a0\u00bb:{\u00ab\u00a0original\u00a0\u00bb:{\u00ab\u00a0_id\u00a0\u00bb:\u00a0\u00bb\/en-region\u00a0\u00bb,\u00a0\u00bbname\u00a0\u00bb:\u00a0\u00bbEn r\u00e9gion\u00a0\u00bb,\u00a0\u00bbinactive\u00a0\u00bb:false,\u00a0\u00bbancestors\u00a0\u00bb:{\u00ab\u00a0default\u00a0\u00bb:[\u00ab\u00a0https:\/\/www.leparisien.fr\/\u00a0\u00bb],\u00a0\u00bbburger-menu\u00a0\u00bb:[\u00ab\u00a0https:\/\/www.leparisien.fr\/\u00a0\u00bb],\u00a0\u00bbsub-nav\u00a0\u00bb:[\u00ab\u00a0https:\/\/www.leparisien.fr\/\u00a0\u00bb],\u00a0\u00bbWebsked-plans\u00a0\u00bb:[\u00ab\u00a0https:\/\/www.leparisien.fr\/\u00a0\u00bb],\u00a0\u00bbburger-menu-etudiant\u00a0\u00bb:[],\u00a0\u00bbmenu\u00a0\u00bb:[\u00ab\u00a0https:\/\/www.leparisien.fr\/\u00a0\u00bb],\u00a0\u00bbMaillage_SEO_Surfooter\u00a0\u00bb:[]},\u00a0\u00bbparent\u00a0\u00bb:{\u00ab\u00a0default\u00a0\u00bb:\u00a0\u00bbhttps:\/\/www.leparisien.fr\/\u00a0\u00bb,\u00a0\u00bbburger-menu\u00a0\u00bb:\u00a0\u00bbhttps:\/\/www.leparisien.fr\/\u00a0\u00bb,\u00a0\u00bbsub-nav\u00a0\u00bb:\u00a0\u00bbhttps:\/\/www.leparisien.fr\/\u00a0\u00bb,\u00a0\u00bbWebsked-plans\u00a0\u00bb:\u00a0\u00bbhttps:\/\/www.leparisien.fr\/\u00a0\u00bb,\u00a0\u00bbburger-menu-etudiant\u00a0\u00bb:null,\u00a0\u00bbmenu\u00a0\u00bb:\u00a0\u00bbhttps:\/\/www.leparisien.fr\/\u00a0\u00bb,\u00a0\u00bbMaillage_SEO_Surfooter\u00a0\u00bb:\u00a0\u00bbhttps:\/\/www.leparisien.fr\/\u00a0\u00bb},\u00a0\u00bborder\u00a0\u00bb:{\u00ab\u00a0burger-menu\u00a0\u00bb:1015,\u00a0\u00bbsub-nav\u00a0\u00bb:1009,\u00a0\u00bbWebsked-plans\u00a0\u00bb:1033,\u00a0\u00bbdefault\u00a0\u00bb:1060,\u00a0\u00bbmenu\u00a0\u00bb:1015,\u00a0\u00bbMaillage_SEO_Surfooter\u00a0\u00bb:1052},\u00a0\u00bbGoogle Analytics\u00a0\u00bb:{\u00ab\u00a0ga_name_level_1&Prime;:\u00a0\u00bbdepartements-horsidfo\u00a0\u00bb,\u00a0\u00bbga_name_level_2&Prime;:null,\u00a0\u00bbga_name_level_3&Prime;:null},\u00a0\u00bbMobile\u00a0\u00bb:{\u00ab\u00a0background_color_section\u00a0\u00bb:\u00a0\u00bb#C0C0C0&Prime;,\u00a0\u00bbbackground_image_section\u00a0\u00bb:null,\u00a0\u00bblabel\u00a0\u00bb:null,\u00a0\u00bbxtpage\u00a0\u00bb:null},\u00a0\u00bbNewsletter\u00a0\u00bb:{\u00ab\u00a0module_message\u00a0\u00bb:null,\u00a0\u00bbnewsletter_color\u00a0\u00bb:\u00a0\u00bb#1EA0E6&Prime;,\u00a0\u00bbnewsletter_image\u00a0\u00bb:\u00a0\u00bbnewsletter-essentiel-matin-logo.png\u00a0\u00bb,\u00a0\u00bbnewsletter_label\u00a0\u00bb:\u00a0\u00bbL&rsquo;essentiel du matin\u00a0\u00bb,\u00a0\u00bbnewsletter_name\u00a0\u00bb:\u00a0\u00bbL&rsquo;Essentiel de l&rsquo;actu\u00a0\u00bb,\u00a0\u00bbnewsletter_optin\u00a0\u00bb:\u00a0\u00bboptin_newsletter\u00a0\u00bb,\u00a0\u00bbnewsletter_title\u00a0\u00bb:\u00a0\u00bbUn tour de l\u2019actualit\u00e9 pour commencer la journ\u00e9e\u00a0\u00bb},\u00a0\u00bbSponsor\u00a0\u00bb:{\u00ab\u00a0collection_id_for_pinned_content\u00a0\u00bb:null,\u00a0\u00bbsponsor_logo_url\u00a0\u00bb:null,\u00a0\u00bbsponsor_message\u00a0\u00bb:null,\u00a0\u00bbsponsor_name\u00a0\u00bb:null,\u00a0\u00bbsponsor_type\u00a0\u00bb:null},\u00a0\u00bb_admin\u00a0\u00bb:{\u00ab\u00a0alias_ids\u00a0\u00bb:[\u00ab\u00a0\/en-region\u00a0\u00bb],\u00a0\u00bbcommercial_node\u00a0\u00bb:null,\u00a0\u00bbdefault_content\u00a0\u00bb:null,\u00a0\u00bbdo_not_show_on_site\u00a0\u00bb:null,\u00a0\u00bbtracking_node\u00a0\u00bb:null},\u00a0\u00bbin_the_news\u00a0\u00bb:{\u00ab\u00a0in_the_news_usebasepage\u00a0\u00bb:\u00a0\u00bb\/in-the-news-forsections\/\u00a0\u00bb,\u00a0\u00bbin_the_news_usefeature\u00a0\u00bb:null,\u00a0\u00bbin_the_news_usesectionbar\u00a0\u00bb:\u00a0\u00bbfalse\u00a0\u00bb},\u00a0\u00bbnavigation\u00a0\u00bb:{\u00ab\u00a0display_in_top_strip\u00a0\u00bb:null,\u00a0\u00bbnav_display\u00a0\u00bb:null,\u00a0\u00bbnav_title\u00a0\u00bb:null},\u00a0\u00bbsite\u00a0\u00bb:{\u00ab\u00a0amp_deactivated\u00a0\u00bb:\u00a0\u00bbfalse\u00a0\u00bb,\u00a0\u00bbis_clickable_on_menu\u00a0\u00bb:\u00a0\u00bbtrue\u00a0\u00bb,\u00a0\u00bbnative_app_rendering\u00a0\u00bb:null,\u00a0\u00bbpagebuilder_path_for_native_apps\u00a0\u00bb:null,\u00a0\u00bbpaywall_deactivated\u00a0\u00bb:\u00a0\u00bbfalse\u00a0\u00bb,\u00a0\u00bbpresentation\u00a0\u00bb:null,\u00a0\u00bbsite_about\u00a0\u00bb:null,\u00a0\u00bbsite_description\u00a0\u00bb:\u00a0\u00bbRetrouvez toute l&rsquo;actu de votre r\u00e9gion avec Aujourd&rsquo;hui en France.\u00a0\u00bb,\u00a0\u00bbsite_keywords\u00a0\u00bb:null,\u00a0\u00bbsite_tagline\u00a0\u00bb:null,\u00a0\u00bbsite_title\u00a0\u00bb:\u00a0\u00bbL&rsquo;info en r\u00e9gion &#8211; Aujourd&rsquo;hui en France &#8211; Le Parisien\u00a0\u00bb,\u00a0\u00bbsite_url\u00a0\u00bb:null},\u00a0\u00bbsocial\u00a0\u00bb:{\u00ab\u00a0archives\u00a0\u00bb:null,\u00a0\u00bbfacebook\u00a0\u00bb:null,\u00a0\u00bbrss\u00a0\u00bb:null,\u00a0\u00bbtwitter\u00a0\u00bb:null},\u00a0\u00bbstory_list\u00a0\u00bb:{\u00ab\u00a0story_list_content\u00a0\u00bb:{}},\u00a0\u00bbevent_logo_desktop_height\u00a0\u00bb:\u00a0\u00bb64&Prime;,\u00a0\u00bbevent_logo_desktop_width\u00a0\u00bb:\u00a0\u00bb204&Prime;,\u00a0\u00bbevent_logo_mobile_height\u00a0\u00bb:\u00a0\u00bb40&Prime;,\u00a0\u00bbevent_logo_mobile_width\u00a0\u00bb:\u00a0\u00bb128&Prime;,\u00a0\u00bbevent_logo_tablet_height\u00a0\u00bb:\u00a0\u00bb48&Prime;,\u00a0\u00bbevent_logo_tablet_width\u00a0\u00bb:\u00a0\u00bb153&Prime;,\u00a0\u00bbevent_logo_url\u00a0\u00bb:\u00a0\u00bbhttps:\/\/leparisien-assets-prod.s3.eu-west-1.amazonaws.com\/website\/images\/events_logo\/aujourdhui-en-france.svg\u00a0\u00bb,\u00a0\u00bbnode_type\u00a0\u00bb:\u00a0\u00bbsection\u00a0\u00bb}}}],\u00a0\u00bbkeywords\u00a0\u00bb:[]},\u00a0\u00bbtype\u00a0\u00bb:\u00a0\u00bbstory\u00a0\u00bb,\u00a0\u00bbwebsites\u00a0\u00bb:{\u00ab\u00a0leparisien\u00a0\u00bb:{\u00ab\u00a0website_section\u00a0\u00bb:{\u00ab\u00a0_id\u00a0\u00bb:\u00a0\u00bb\/faits-divers\u00a0\u00bb,\u00a0\u00bb_website\u00a0\u00bb:\u00a0\u00bbleparisien\u00a0\u00bb,\u00a0\u00bbtype\u00a0\u00bb:\u00a0\u00bbsection\u00a0\u00bb,\u00a0\u00bbversion\u00a0\u00bb:\u00a0\u00bb0.6.0&Prime;,\u00a0\u00bbname\u00a0\u00bb:\u00a0\u00bbFaits divers\u00a0\u00bb,\u00a0\u00bbdescription\u00a0\u00bb:\u00a0\u00bbSuivez toute l&rsquo;actualit\u00e9 des faits divers \u00e0 Paris et en France en direct avec leParisien.fr : enqu\u00eates, interviews, vid\u00e9os et infos exclusives sur les meutres, vols\u2026\u00a0\u00bb,\u00a0\u00bbpath\u00a0\u00bb:\u00a0\u00bb\/faits-divers\u00a0\u00bb,\u00a0\u00bbparent_id\u00a0\u00bb:\u00a0\u00bbhttps:\/\/www.leparisien.fr\/\u00a0\u00bb,\u00a0\u00bbparent\u00a0\u00bb:{\u00ab\u00a0default\u00a0\u00bb:\u00a0\u00bbhttps:\/\/www.leparisien.fr\/\u00a0\u00bb},\u00a0\u00bbadditional_properties\u00a0\u00bb:{\u00ab\u00a0original\u00a0\u00bb:{\u00ab\u00a0_id\u00a0\u00bb:\u00a0\u00bb\/faits-divers\u00a0\u00bb,\u00a0\u00bb_website\u00a0\u00bb:\u00a0\u00bbleparisien\u00a0\u00bb,\u00a0\u00bbname\u00a0\u00bb:\u00a0\u00bbFaits divers\u00a0\u00bb,\u00a0\u00bbinactive\u00a0\u00bb:false,\u00a0\u00bbancestors\u00a0\u00bb:{\u00ab\u00a0burger-menu\u00a0\u00bb:[\u00ab\u00a0https:\/\/www.leparisien.fr\/\u00a0\u00bb],\u00a0\u00bbfooter\u00a0\u00bb:[\u00ab\u00a0https:\/\/www.leparisien.fr\/\u00a0\u00bb],\u00a0\u00bbnavbar\u00a0\u00bb:[\u00ab\u00a0https:\/\/www.leparisien.fr\/\u00a0\u00bb],\u00a0\u00bbWebsked-plans\u00a0\u00bb:[\u00ab\u00a0https:\/\/www.leparisien.fr\/\u00a0\u00bb],\u00a0\u00bbmosaic_app\u00a0\u00bb:[\u00ab\u00a0https:\/\/www.leparisien.fr\/\u00a0\u00bb],\u00a0\u00bbburger-menu-etudiant\u00a0\u00bb:[],\u00a0\u00bbnav\u00a0\u00bb:[\u00ab\u00a0https:\/\/www.leparisien.fr\/\u00a0\u00bb],\u00a0\u00bbmenu\u00a0\u00bb:[\u00ab\u00a0https:\/\/www.leparisien.fr\/\u00a0\u00bb],\u00a0\u00bbsub-nav\u00a0\u00bb:[\u00ab\u00a0https:\/\/www.leparisien.fr\/\u00a0\u00bb],\u00a0\u00bbmobile-menu-sections-list\u00a0\u00bb:[\u00ab\u00a0https:\/\/www.leparisien.fr\/\u00a0\u00bb],\u00a0\u00bbdefault\u00a0\u00bb:[\u00ab\u00a0https:\/\/www.leparisien.fr\/\u00a0\u00bb],\u00a0\u00bbsurfooter\u00a0\u00bb:[\u00ab\u00a0https:\/\/www.leparisien.fr\/\u00a0\u00bb]},\u00a0\u00bbparent\u00a0\u00bb:{\u00ab\u00a0default\u00a0\u00bb:\u00a0\u00bbhttps:\/\/www.leparisien.fr\/\u00a0\u00bb,\u00a0\u00bbburger-menu\u00a0\u00bb:\u00a0\u00bbhttps:\/\/www.leparisien.fr\/\u00a0\u00bb,\u00a0\u00bbfooter\u00a0\u00bb:\u00a0\u00bbhttps:\/\/www.leparisien.fr\/\u00a0\u00bb,\u00a0\u00bbnavbar\u00a0\u00bb:\u00a0\u00bbhttps:\/\/www.leparisien.fr\/\u00a0\u00bb,\u00a0\u00bbsub-nav\u00a0\u00bb:\u00a0\u00bbhttps:\/\/www.leparisien.fr\/\u00a0\u00bb,\u00a0\u00bbWebsked-plans\u00a0\u00bb:\u00a0\u00bbhttps:\/\/www.leparisien.fr\/\u00a0\u00bb,\u00a0\u00bbmosaic_app\u00a0\u00bb:\u00a0\u00bbhttps:\/\/www.leparisien.fr\/\u00a0\u00bb,\u00a0\u00bbburger-menu-etudiant\u00a0\u00bb:null,\u00a0\u00bbnav\u00a0\u00bb:\u00a0\u00bbhttps:\/\/www.leparisien.fr\/\u00a0\u00bb,\u00a0\u00bbmenu\u00a0\u00bb:\u00a0\u00bbhttps:\/\/www.leparisien.fr\/\u00a0\u00bb,\u00a0\u00bbMaillage_SEO_Surfooter\u00a0\u00bb:\u00a0\u00bbhttps:\/\/www.leparisien.fr\/\u00a0\u00bb,\u00a0\u00bbmobile-menu-sections-list\u00a0\u00bb:\u00a0\u00bbhttps:\/\/www.leparisien.fr\/\u00a0\u00bb,\u00a0\u00bbsurfooter\u00a0\u00bb:\u00a0\u00bbhttps:\/\/www.leparisien.fr\/\u00a0\u00bb},\u00a0\u00bborder\u00a0\u00bb:{\u00ab\u00a0burger-menu\u00a0\u00bb:1002,\u00a0\u00bbnavbar\u00a0\u00bb:1004,\u00a0\u00bbsub-nav\u00a0\u00bb:1008,\u00a0\u00bbWebsked-plans\u00a0\u00bb:1007,\u00a0\u00bbmosaic_app\u00a0\u00bb:1001,\u00a0\u00bbdefault\u00a0\u00bb:1069,\u00a0\u00bbnav\u00a0\u00bb:1004,\u00a0\u00bbmenu\u00a0\u00bb:1004,\u00a0\u00bbMaillage_SEO_Surfooter\u00a0\u00bb:1063,\u00a0\u00bbfooter\u00a0\u00bb:1013,\u00a0\u00bbmobile-menu-sections-list\u00a0\u00bb:1001,\u00a0\u00bbsurfooter\u00a0\u00bb:1013},\u00a0\u00bbGoogle Analytics\u00a0\u00bb:{\u00ab\u00a0ga_name_level_1&Prime;:\u00a0\u00bbfaits-divers\u00a0\u00bb,\u00a0\u00bbga_name_level_2&Prime;:null,\u00a0\u00bbga_name_level_3&Prime;:null},\u00a0\u00bbMobile\u00a0\u00bb:{\u00ab\u00a0background_color_section\u00a0\u00bb:\u00a0\u00bb#4F6069&Prime;,\u00a0\u00bbbackground_image_section\u00a0\u00bb:\u00a0\u00bbhttps:\/\/assets.leparisien.fr\/mobile\/images\/explorer\/faits_divers.png\u00a0\u00bb},\u00a0\u00bbNewsletter\u00a0\u00bb:{\u00ab\u00a0newsletter_color\u00a0\u00bb:\u00a0\u00bb#7779A6&Prime;,\u00a0\u00bbnewsletter_image\u00a0\u00bb:\u00a0\u00bbnewsletter-faits-divers-logo.png\u00a0\u00bb,\u00a0\u00bbnewsletter_label\u00a0\u00bb:\u00a0\u00bbEnqu\u00eate en cours\u00a0\u00bb,\u00a0\u00bbnewsletter_name\u00a0\u00bb:\u00a0\u00bbEnqu\u00eate en cours\u00a0\u00bb,\u00a0\u00bbnewsletter_optin\u00a0\u00bb:\u00a0\u00bboptin_thematique_faits_divers\u00a0\u00bb,\u00a0\u00bbnewsletter_slug\u00a0\u00bb:\u00a0\u00bbfaits-divers\u00a0\u00bb,\u00a0\u00bbnewsletter_title\u00a0\u00bb:\u00a0\u00bbUne plong\u00e9e dans l\u2019actualit\u00e9 des faits divers, pour \u00e9clairer la face sombre de notre \u00e9poque\u00a0\u00bb},\u00a0\u00bbSponsor\u00a0\u00bb:{\u00ab\u00a0collection_id_for_pinned_content\u00a0\u00bb:\u00a0\u00bbZ5HL7A52HBDMPKNIFEGG3Q667I\u00a0\u00bb},\u00a0\u00bb_admin\u00a0\u00bb:{\u00ab\u00a0alias_ids\u00a0\u00bb:[]},\u00a0\u00bbheader\u00a0\u00bb:{\u00ab\u00a0title_logo_only\u00a0\u00bb:\u00a0\u00bbfalse\u00a0\u00bb},\u00a0\u00bbsite\u00a0\u00bb:{\u00ab\u00a0section_show_videos\u00a0\u00bb:\u00a0\u00bbtrue\u00a0\u00bb,\u00a0\u00bbsite_description\u00a0\u00bb:\u00a0\u00bbSuivez toute l&rsquo;actualit\u00e9 des faits divers \u00e0 Paris et en France en direct avec leParisien.fr : enqu\u00eates, interviews, vid\u00e9os et infos exclusives sur les meutres, vols\u2026\u00a0\u00bb,\u00a0\u00bbsite_title\u00a0\u00bb:\u00a0\u00bbFaits Divers : Toute l&rsquo;actualit\u00e9 des faits divers &#8211; Le Parisien\u00a0\u00bb},\u00a0\u00bbstory_list\u00a0\u00bb:{\u00ab\u00a0story_list_content\u00a0\u00bb:{}},\u00a0\u00bbnode_type\u00a0\u00bb:\u00a0\u00bbsection\u00a0\u00bb}},\u00a0\u00bb_website_section_id\u00a0\u00bb:\u00a0\u00bbleparisien.\/faits-divers\u00a0\u00bb},\u00a0\u00bbwebsite_url\u00a0\u00bb:\u00a0\u00bb\/faits-divers\/coups-et-insultes-trois-artistes-victimes-dune-agression-raciste-a-lyon-en-pleine-rue-une-enquete-ouverte-28-09-2025-VQDPHE5LJJHLDMWJV3DAEVCPVM.php\u00a0\u00bb}},\u00a0\u00bbcanonical_url\u00a0\u00bb:\u00a0\u00bb\/faits-divers\/coups-et-insultes-trois-artistes-victimes-dune-agression-raciste-a-lyon-en-pleine-rue-une-enquete-ouverte-28-09-2025-VQDPHE5LJJHLDMWJV3DAEVCPVM.php\u00a0\u00bb,\u00a0\u00bbwebsite\u00a0\u00bb:\u00a0\u00bbleparisien\u00a0\u00bb,\u00a0\u00bbwebsite_url\u00a0\u00bb:\u00a0\u00bb\/faits-divers\/coups-et-insultes-trois-artistes-victimes-dune-agression-raciste-a-lyon-en-pleine-rue-une-enquete-ouverte-28-09-2025-VQDPHE5LJJHLDMWJV3DAEVCPVM.php\u00a0\u00bb,\u00a0\u00bbuserStatus\u00a0\u00bb:\u00a0\u00bbunknown\u00a0\u00bb,\u00a0\u00bbarticleTemplate\u00a0\u00bb:\u00a0\u00bbarticle\u00a0\u00bb,\u00a0\u00bbaudioUrl\u00a0\u00bb:\u00a0\u00bbhttps:\/\/audio.leparisien.fr\/VQDPHE5LJJHLDMWJV3DAEVCPVM.mp3&Prime;};Fusion.globalContentConfig={\u00ab\u00a0source\u00a0\u00bb:\u00a0\u00bbstory-card\u00a0\u00bb,\u00a0\u00bbquery\u00a0\u00bb:{\u00ab\u00a0uri\u00a0\u00bb:\u00a0\u00bb\/faits-divers\/coups-et-insultes-trois-artistes-victimes-dune-agression-raciste-a-lyon-en-pleine-rue-une-enquete-ouverte-28-09-2025-VQDPHE5LJJHLDMWJV3DAEVCPVM.php\u00a0\u00bb,\u00a0\u00bbwebsite\u00a0\u00bb:\u00a0\u00bbleparisien\u00a0\u00bb,\u00a0\u00bburl\u00a0\u00bb:\u00a0\u00bb\/faits-divers\/coups-et-insultes-trois-artistes-victimes-dune-agression-raciste-a-lyon-en-pleine-rue-une-enquete-ouverte-28-09-2025-VQDPHE5LJJHLDMWJV3DAEVCPVM.php\u00a0\u00bb,\u00a0\u00bbvariant\u00a0\u00bb:\u00a0\u00bb0&Prime;,\u00a0\u00bbarc-site\u00a0\u00bb:\u00a0\u00bbleparisien\u00a0\u00bb}};Fusion.lastModified=1759065397768;Fusion.contentCache={\u00ab\u00a0customization\u00a0\u00bb:{\u00ab\u00a0{\\\u00a0\u00bbtype\\\u00a0\u00bb:\\\u00a0\u00bbmea-article\\\u00a0\u00bb}\u00a0\u00bb:{\u00ab\u00a0data\u00a0\u00bb:[{\u00ab\u00a0name\u00a0\u00bb:\u00a0\u00bbPopularit\u00e9 des pr\u00e9noms depuis 1900 &#8211; dataviz\u00a0\u00bb,\u00a0\u00bbtargetedDevices\u00a0\u00bb:\u00a0\u00bbweb-mobile\u00a0\u00bb,\u00a0\u00bbtargetedSections\u00a0\u00bb:[\u00ab\u00a0\/societe\u00a0\u00bb],\u00a0\u00bbtargetedUserStatus\u00a0\u00bb:[\u00ab\u00a0unknown\u00a0\u00bb,\u00a0\u00bblogged\u00a0\u00bb,\u00a0\u00bbsubscribed\u00a0\u00bb],\u00a0\u00bbdisplayOnSectionPages\u00a0\u00bb:true,\u00a0\u00bbisMeaArticleActivated\u00a0\u00bb:true,\u00a0\u00bbendDate\u00a0\u00bb:\u00a0\u00bb2025-07-09T23:00:00.000Z\u00a0\u00bb,\u00a0\u00bbisArticlePremium\u00a0\u00bb:false,\u00a0\u00bbdisplayOnPremiumArticles\u00a0\u00bb:true,\u00a0\u00bbpriority\u00a0\u00bb:1,\u00a0\u00bbtitle\u00a0\u00bb:\u00a0\u00bbD\u00e9couvrez si votre pr\u00e9nom est populaire gr\u00e2ce \u00e0 notre moteur de recherche\u00a0\u00bb,\u00a0\u00bburl\u00a0\u00bb:\u00a0\u00bbhttps:\/\/www.leparisien.fr\/societe\/votre-prenom-est-il-tendance-ou-en-voie-de-disparition-verifiez-le-grace-a-notre-moteur-de-recherche-09-07-2025-2GOIP6MX7BEIZK72P43S6N2USI.php\u00a0\u00bb,\u00a0\u00bbstartDate\u00a0\u00bb:\u00a0\u00bb2025-07-09T15:25:00.000Z\u00a0\u00bb}],\u00a0\u00bbexpires\u00a0\u00bb:1759065539476,\u00a0\u00bblastModified\u00a0\u00bb:1759065239320},\u00a0\u00bb{\\\u00a0\u00bbtype\\\u00a0\u00bb:\\\u00a0\u00bbpopin\\\u00a0\u00bb}\u00a0\u00bb:{\u00ab\u00a0data\u00a0\u00bb:[{\u00ab\u00a0popinCampaign\u00a0\u00bb:\u00a0\u00bbPromo_80-ans\u00a0\u00bb,\u00a0\u00bbtargetedDevices\u00a0\u00bb:\u00a0\u00bbweb-mobile\u00a0\u00bb,\u00a0\u00bbtargetedSections\u00a0\u00bb:[\u00ab\u00a0\/val-de-marne-94&Prime;,\u00a0\u00bb\/val-d-oise-95&Prime;,\u00a0\u00bb\/seine-et-marne-77&Prime;,\u00a0\u00bb\/faits-divers\u00a0\u00bb,\u00a0\u00bb\/voyage\u00a0\u00bb,\u00a0\u00bb\/politique\u00a0\u00bb,\u00a0\u00bb\/podcasts\u00a0\u00bb,\u00a0\u00bb\/environnement\u00a0\u00bb,\u00a0\u00bb\/international\u00a0\u00bb,\u00a0\u00bb\/paris-75&Prime;,\u00a0\u00bb\/yvelines-78&Prime;,\u00a0\u00bb\/essonne-91&Prime;,\u00a0\u00bb\/jo-paris-2024&Prime;,\u00a0\u00bb\/jo-paralympiques-paris-2024&Prime;,\u00a0\u00bb\/seine-saint-denis-93&Prime;,\u00a0\u00bb\/meteo\u00a0\u00bb,\u00a0\u00bb\/oise-60&Prime;,\u00a0\u00bb\/animaux\u00a0\u00bb,\u00a0\u00bb\/automobile\u00a0\u00bb,\u00a0\u00bb\/bien-manger\u00a0\u00bb,\u00a0\u00bb\/societe\u00a0\u00bb,\u00a0\u00bb\/sports\u00a0\u00bb,\u00a0\u00bb\/sports\/hippisme\u00a0\u00bb,\u00a0\u00bb\/elections\u00a0\u00bb,\u00a0\u00bb\/info-paris-ile-de-france-oise\u00a0\u00bb,\u00a0\u00bb\/intime\u00a0\u00bb,\u00a0\u00bb\/culture-loisirs\u00a0\u00bb],\u00a0\u00bbtargetedUserStatus\u00a0\u00bb:[\u00ab\u00a0unknown\u00a0\u00bb,\u00a0\u00bblogged\u00a0\u00bb,\u00a0\u00bbsubscribed\u00a0\u00bb],\u00a0\u00bbcappingFrequencyTime\u00a0\u00bb:86400000,\u00a0\u00bbdisplayOnPremiumArticles\u00a0\u00bb:true,\u00a0\u00bbdisplayOnHomePage\u00a0\u00bb:true,\u00a0\u00bbtitle\u00a0\u00bb:\u00a0\u00bbLe Parisien f\u00eate ses 80 ans !\u00a0\u00bb,\u00a0\u00bbpriority\u00a0\u00bb:1,\u00a0\u00bbctaLabel\u00a0\u00bb:\u00a0\u00bbD\u00e9couvrir\u00a0\u00bb,\u00a0\u00bbtracking\u00a0\u00bb:{\u00ab\u00a0campaign\u00a0\u00bb:\u00a0\u00bbnewsletter\u00a0\u00bb,\u00a0\u00bbcreation\u00a0\u00bb:\u00a0\u00bbalerte-inscription-resultats\u00a0\u00bb},\u00a0\u00bbctaRedirectLink\u00a0\u00bb:\u00a0\u00bbhttps:\/\/www.leparisien.fr\/80-ans-du-parisien\/\u00a0\u00bb,\u00a0\u00bbdisplayOnSectionPages\u00a0\u00bb:true,\u00a0\u00bbcappingDisplaysPerUser\u00a0\u00bb:4,\u00a0\u00bbtext\u00a0\u00bb:\u00a0\u00bbA l&rsquo;occasion du 80e anniversaire du quotidien, sa r\u00e9daction s&rsquo;est plong\u00e9e dans huit d\u00e9cennies d&rsquo;archives, qui racontent notre soci\u00e9t\u00e9 et son \u00e9volution.\u00a0\u00bb,\u00a0\u00bbtag\u00a0\u00bb:\u00a0\u00bb\u00c9v\u00e9nement\u00a0\u00bb,\u00a0\u00bbisPopinActivated\u00a0\u00bb:false,\u00a0\u00bbpicto\u00a0\u00bb:\u00a0\u00bbhttps:\/\/assets.leparisien.fr\/website\/images\/events_logo\/80th-birthday.png\u00a0\u00bb,\u00a0\u00bbpopinType\u00a0\u00bb:\u00a0\u00bbredirection\u00a0\u00bb},{\u00ab\u00a0popinCampaign\u00a0\u00bb:\u00a0\u00bbDL_Apps_CDMDC25&Prime;,\u00a0\u00bbtargetedDevices\u00a0\u00bb:\u00a0\u00bbmobile\u00a0\u00bb,\u00a0\u00bbtargetedSections\u00a0\u00bb:[\u00ab\u00a0\/sports\u00a0\u00bb],\u00a0\u00bbtargetedUserStatus\u00a0\u00bb:[\u00ab\u00a0unknown\u00a0\u00bb,\u00a0\u00bblogged\u00a0\u00bb,\u00a0\u00bbsubscribed\u00a0\u00bb],\u00a0\u00bbcappingFrequencyTime\u00a0\u00bb:86400000,\u00a0\u00bbdisplayOnPremiumArticles\u00a0\u00bb:false,\u00a0\u00bbdisplayOnHomePage\u00a0\u00bb:false,\u00a0\u00bbtitle\u00a0\u00bb:\u00a0\u00bbLe PSG dans la Coupe du monde des clubs\u00a0\u00bb,\u00a0\u00bbpriority\u00a0\u00bb:1,\u00a0\u00bbctaLabel\u00a0\u00bb:\u00a0\u00bbT\u00e9l\u00e9charger l&rsquo;application\u00a0\u00bb,\u00a0\u00bbtracking\u00a0\u00bb:{\u00ab\u00a0campaign\u00a0\u00bb:\u00a0\u00bbappli\u00a0\u00bb,\u00a0\u00bbcreation\u00a0\u00bb:\u00a0\u00bbdl-app_cdmdc25&Prime;},\u00a0\u00bbctaRedirectLink\u00a0\u00bb:\u00a0\u00bbhttps:\/\/app.adjust.com\/ejwg1cd_xew8wjk\u00a0\u00bb,\u00a0\u00bbdisplayOnSectionPages\u00a0\u00bb:true,\u00a0\u00bbcappingDisplaysPerUser\u00a0\u00bb:8,\u00a0\u00bbtext\u00a0\u00bb:\u00a0\u00bbSuivez les matchs, r\u00e9sum\u00e9s et analyses de la comp\u00e9tition en temps r\u00e9el \u00e0 port\u00e9e de main.\u00a0\u00bb,\u00a0\u00bbisPopinActivated\u00a0\u00bb:false,\u00a0\u00bbpicto\u00a0\u00bb:\u00a0\u00bbhttps:\/\/assets.leparisien.fr\/website\/images\/group-2448-1.png\u00a0\u00bb,\u00a0\u00bbpopinType\u00a0\u00bb:\u00a0\u00bbredirection\u00a0\u00bb},{\u00ab\u00a0popinCampaign\u00a0\u00bb:\u00a0\u00bbDL_apps_JO\u00a0\u00bb,\u00a0\u00bbtargetedDevices\u00a0\u00bb:\u00a0\u00bbmobile\u00a0\u00bb,\u00a0\u00bbtargetedSections\u00a0\u00bb:[\u00ab\u00a0\/jo-paris-2024&Prime;,\u00a0\u00bb\/sports\u00a0\u00bb],\u00a0\u00bbtargetedUserStatus\u00a0\u00bb:[\u00ab\u00a0unknown\u00a0\u00bb,\u00a0\u00bblogged\u00a0\u00bb,\u00a0\u00bbsubscribed\u00a0\u00bb],\u00a0\u00bbcappingFrequencyTime\u00a0\u00bb:86400000,\u00a0\u00bbdisplayOnPremiumArticles\u00a0\u00bb:false,\u00a0\u00bbdisplayOnHomePage\u00a0\u00bb:false,\u00a0\u00bbtitle\u00a0\u00bb:\u00a0\u00bbVivez pleinement les JO dans l&rsquo;application\u00a0\u00bb,\u00a0\u00bbpriority\u00a0\u00bb:1,\u00a0\u00bbctaLabel\u00a0\u00bb:\u00a0\u00bbT\u00e9l\u00e9charger l&rsquo;application\u00a0\u00bb,\u00a0\u00bbtracking\u00a0\u00bb:{\u00ab\u00a0campaign\u00a0\u00bb:\u00a0\u00bbnewsletter\u00a0\u00bb,\u00a0\u00bbcreation\u00a0\u00bb:\u00a0\u00bbalerte-inscription-resultats\u00a0\u00bb},\u00a0\u00bbctaRedirectLink\u00a0\u00bb:\u00a0\u00bbhttps:\/\/app.adjust.com\/ejwg1cd_xew8wjk\u00a0\u00bb,\u00a0\u00bbdisplayOnSectionPages\u00a0\u00bb:true,\u00a0\u00bbcappingDisplaysPerUser\u00a0\u00bb:5,\u00a0\u00bbtext\u00a0\u00bb:\u00a0\u00bbSoyez inform\u00e9s en temps r\u00e9el gr\u00e2ce aux notifications et profitez de contenus exclusifs.\u00a0\u00bb,\u00a0\u00bbisPopinActivated\u00a0\u00bb:false,\u00a0\u00bbpicto\u00a0\u00bb:\u00a0\u00bbhttps:\/\/assets.leparisien.fr\/website\/images\/design-system\/illustration\/1.6\/devices-jo.png\u00a0\u00bb,\u00a0\u00bbpopinType\u00a0\u00bb:\u00a0\u00bbredirection\u00a0\u00bb},{\u00ab\u00a0popinCampaign\u00a0\u00bb:\u00a0\u00bbDL_Apps_TDF25&Prime;,\u00a0\u00bbtargetedDevices\u00a0\u00bb:\u00a0\u00bbmobile\u00a0\u00bb,\u00a0\u00bbtargetedSections\u00a0\u00bb:[\u00ab\u00a0\/sports\u00a0\u00bb],\u00a0\u00bbtargetedUserStatus\u00a0\u00bb:[\u00ab\u00a0unknown\u00a0\u00bb,\u00a0\u00bblogged\u00a0\u00bb,\u00a0\u00bbsubscribed\u00a0\u00bb],\u00a0\u00bbcappingFrequencyTime\u00a0\u00bb:86400000,\u00a0\u00bbdisplayOnPremiumArticles\u00a0\u00bb:false,\u00a0\u00bbdisplayOnHomePage\u00a0\u00bb:false,\u00a0\u00bbtitle\u00a0\u00bb:\u00a0\u00bbNe manquez rien du Tour de France !\u00a0\u00bb,\u00a0\u00bbpriority\u00a0\u00bb:1,\u00a0\u00bbctaLabel\u00a0\u00bb:\u00a0\u00bbT\u00e9l\u00e9charger l&rsquo;application\u00a0\u00bb,\u00a0\u00bbtracking\u00a0\u00bb:{\u00ab\u00a0campaign\u00a0\u00bb:\u00a0\u00bbappli\u00a0\u00bb,\u00a0\u00bbcreation\u00a0\u00bb:\u00a0\u00bbdl-app_tdf25&Prime;},\u00a0\u00bbctaRedirectLink\u00a0\u00bb:\u00a0\u00bbhttps:\/\/app.adjust.com\/ejwg1cd_xew8wjk\u00a0\u00bb,\u00a0\u00bbdisplayOnSectionPages\u00a0\u00bb:true,\u00a0\u00bbcappingDisplaysPerUser\u00a0\u00bb:5,\u00a0\u00bbtext\u00a0\u00bb:\u00a0\u00bbSuivez toutes les \u00e9tapes, les r\u00e9sultats et analyses en temps r\u00e9el jusqu&rsquo;\u00e0 l&rsquo;arriv\u00e9e le 27 juillet 2025.\u00a0\u00bb,\u00a0\u00bbisPopinActivated\u00a0\u00bb:false,\u00a0\u00bbpicto\u00a0\u00bb:\u00a0\u00bbhttps:\/\/assets.leparisien.fr\/website\/images\/events_logo\/pop-in-web.png\u00a0\u00bb,\u00a0\u00bbpopinType\u00a0\u00bb:\u00a0\u00bbredirection\u00a0\u00bb},{\u00ab\u00a0popinCampaign\u00a0\u00bb:\u00a0\u00bbDL_apps_standard\u00a0\u00bb,\u00a0\u00bbtargetedDevices\u00a0\u00bb:\u00a0\u00bbmobile\u00a0\u00bb,\u00a0\u00bbtargetedSections\u00a0\u00bb:[\u00ab\u00a0\/jo-paris-2024&Prime;,\u00a0\u00bb\/val-d-oise-95&Prime;,\u00a0\u00bb\/val-de-marne-94&Prime;,\u00a0\u00bb\/seine-saint-denis-93&Prime;,\u00a0\u00bb\/seine-et-marne-77&Prime;,\u00a0\u00bb\/yvelines-78&Prime;,\u00a0\u00bb\/essonne-91&Prime;,\u00a0\u00bb\/hauts-de-seine-92&Prime;,\u00a0\u00bb\/oise-60&Prime;,\u00a0\u00bb\/meteo\u00a0\u00bb,\u00a0\u00bb\/jo-paralympiques-paris-2024&Prime;,\u00a0\u00bb\/paris-75&Prime;,\u00a0\u00bb\/faits-divers\u00a0\u00bb,\u00a0\u00bb\/environnement\u00a0\u00bb,\u00a0\u00bb\/info-paris-ile-de-france-oise\u00a0\u00bb,\u00a0\u00bb\/intime\u00a0\u00bb,\u00a0\u00bb\/animaux\u00a0\u00bb,\u00a0\u00bb\/voyage\u00a0\u00bb,\u00a0\u00bb\/international\u00a0\u00bb,\u00a0\u00bb\/sports\/hippisme\u00a0\u00bb,\u00a0\u00bb\/sports\u00a0\u00bb,\u00a0\u00bb\/bien-manger\u00a0\u00bb,\u00a0\u00bb\/automobile\u00a0\u00bb,\u00a0\u00bb\/societe\u00a0\u00bb],\u00a0\u00bbtargetedUserStatus\u00a0\u00bb:[\u00ab\u00a0logged\u00a0\u00bb,\u00a0\u00bbsubscribed\u00a0\u00bb,\u00a0\u00bbunknown\u00a0\u00bb],\u00a0\u00bbcappingFrequencyTime\u00a0\u00bb:172800000,\u00a0\u00bbdisplayOnPremiumArticles\u00a0\u00bb:false,\u00a0\u00bbdisplayOnHomePage\u00a0\u00bb:false,\u00a0\u00bbtitle\u00a0\u00bb:\u00a0\u00bbL&rsquo;info en direct dans l&rsquo;app\u00a0\u00bb,\u00a0\u00bbpriority\u00a0\u00bb:1,\u00a0\u00bbctaLabel\u00a0\u00bb:\u00a0\u00bbT\u00e9l\u00e9charger l&rsquo;application\u00a0\u00bb,\u00a0\u00bbtracking\u00a0\u00bb:{\u00ab\u00a0campaign\u00a0\u00bb:\u00a0\u00bbappli\u00a0\u00bb,\u00a0\u00bbcreation\u00a0\u00bb:\u00a0\u00bbdl-app_fev25&Prime;},\u00a0\u00bbctaRedirectLink\u00a0\u00bb:\u00a0\u00bbhttps:\/\/app.adjust.com\/ejwg1cd_xew8wjk\u00a0\u00bb,\u00a0\u00bbdisplayOnSectionPages\u00a0\u00bb:true,\u00a0\u00bbcappingDisplaysPerUser\u00a0\u00bb:10,\u00a0\u00bbtext\u00a0\u00bb:\u00a0\u00bbSoyez inform\u00e9 en temps r\u00e9el gr\u00e2ce aux notifications et profitez de contenus exclusifs\u00a0\u00bb,\u00a0\u00bbisPopinActivated\u00a0\u00bb:false,\u00a0\u00bbpicto\u00a0\u00bb:\u00a0\u00bbhttps:\/\/assets.leparisien.fr\/website\/images\/events_logo\/devices.png\u00a0\u00bb,\u00a0\u00bbpopinType\u00a0\u00bb:\u00a0\u00bbredirection\u00a0\u00bb},{\u00ab\u00a0popinCampaign\u00a0\u00bb:\u00a0\u00bbDL_apps_LDC\u00a0\u00bb,\u00a0\u00bbtargetedDevices\u00a0\u00bb:\u00a0\u00bbmobile\u00a0\u00bb,\u00a0\u00bbtargetedSections\u00a0\u00bb:[\u00ab\u00a0\/sports\u00a0\u00bb],\u00a0\u00bbtargetedUserStatus\u00a0\u00bb:[\u00ab\u00a0logged\u00a0\u00bb,\u00a0\u00bbunknown\u00a0\u00bb,\u00a0\u00bbsubscribed\u00a0\u00bb],\u00a0\u00bbcappingFrequencyTime\u00a0\u00bb:86400000,\u00a0\u00bbdisplayOnPremiumArticles\u00a0\u00bb:false,\u00a0\u00bbdisplayOnHomePage\u00a0\u00bb:false,\u00a0\u00bbtitle\u00a0\u00bb:\u00a0\u00bbSuivez la finale PSG &#8211; Inter Milan avec l&rsquo;application du Parisien\u00a0\u00bb,\u00a0\u00bbpriority\u00a0\u00bb:1,\u00a0\u00bbctaLabel\u00a0\u00bb:\u00a0\u00bbT\u00e9l\u00e9charger l&rsquo;application\u00a0\u00bb,\u00a0\u00bbtracking\u00a0\u00bb:{\u00ab\u00a0campaign\u00a0\u00bb:\u00a0\u00bbappli\u00a0\u00bb,\u00a0\u00bbcreation\u00a0\u00bb:\u00a0\u00bbdl-app_mai25&Prime;},\u00a0\u00bbctaRedirectLink\u00a0\u00bb:\u00a0\u00bbhttps:\/\/app.adjust.com\/ejwg1cd_xew8wjk\u00a0\u00bb,\u00a0\u00bbdisplayOnSectionPages\u00a0\u00bb:true,\u00a0\u00bbcappingDisplaysPerUser\u00a0\u00bb:5,\u00a0\u00bbtext\u00a0\u00bb:\u00a0\u00bbNe ratez rien du choc de la Ligue des champions samedi 31 mai et suivez le match en live, minute par minute.\u00a0\u00bb,\u00a0\u00bbisPopinActivated\u00a0\u00bb:false,\u00a0\u00bbpicto\u00a0\u00bb:\u00a0\u00bbhttps:\/\/assets.leparisien.fr\/website\/images\/events_logo\/visuel_popin_ldc.png\u00a0\u00bb,\u00a0\u00bbpopinType\u00a0\u00bb:\u00a0\u00bbredirection\u00a0\u00bb},{\u00ab\u00a0popinCampaign\u00a0\u00bb:\u00a0\u00bbNewsletter_JO\u00a0\u00bb,\u00a0\u00bbtargetedDevices\u00a0\u00bb:\u00a0\u00bbweb-mobile\u00a0\u00bb,\u00a0\u00bbtargetedSections\u00a0\u00bb:[\u00ab\u00a0\/jo-paris-2024&Prime;],\u00a0\u00bbtargetedUserStatus\u00a0\u00bb:[\u00ab\u00a0unknown\u00a0\u00bb,\u00a0\u00bblogged\u00a0\u00bb,\u00a0\u00bbsubscribed\u00a0\u00bb],\u00a0\u00bbcappingFrequencyTime\u00a0\u00bb:432000000,\u00a0\u00bbnewsletterSlug\u00a0\u00bb:\u00a0\u00bbomnisports\u00a0\u00bb,\u00a0\u00bbdisplayOnPremiumArticles\u00a0\u00bb:false,\u00a0\u00bbdisplayOnHomePage\u00a0\u00bb:false,\u00a0\u00bbtitle\u00a0\u00bb:\u00a0\u00bbVous semblez int\u00e9ress\u00e9 par les JO 2024&Prime;,\u00a0\u00bbpriority\u00a0\u00bb:1,\u00a0\u00bbctaLabel\u00a0\u00bb:\u00a0\u00bbS&rsquo;inscrire \u00e0 la newsletter\u00a0\u00bb,\u00a0\u00bbtracking\u00a0\u00bb:{\u00ab\u00a0campaign\u00a0\u00bb:\u00a0\u00bbnewsletter\u00a0\u00bb},\u00a0\u00bbdisplayOnSectionPages\u00a0\u00bb:false,\u00a0\u00bbcappingDisplaysPerUser\u00a0\u00bb:4,\u00a0\u00bbtext\u00a0\u00bb:\u00a0\u00bbRecevez l\u2019essentiel des informations sur les Jeux de Paris 2024, pour vivre cet \u00e9v\u00e9nement historique au coeur de la capitale.\u00a0\u00bb,\u00a0\u00bbtag\u00a0\u00bb:\u00a0\u00bbNouveau\u00a0\u00bb,\u00a0\u00bbisPopinActivated\u00a0\u00bb:false,\u00a0\u00bbpopinType\u00a0\u00bb:\u00a0\u00bbnewsletter\u00a0\u00bb},{\u00ab\u00a0popinCampaign\u00a0\u00bb:\u00a0\u00bbDL_app_Le-Journal\u00a0\u00bb,\u00a0\u00bbtargetedDevices\u00a0\u00bb:\u00a0\u00bbmobile\u00a0\u00bb,\u00a0\u00bbtargetedSections\u00a0\u00bb:[\u00ab\u00a0\/val-d-oise-95&Prime;,\u00a0\u00bb\/jo-paris-2024&Prime;,\u00a0\u00bb\/etudiant\u00a0\u00bb,\u00a0\u00bb\/culture-loisirs\u00a0\u00bb,\u00a0\u00bb\/faits-divers\u00a0\u00bb,\u00a0\u00bb\/val-de-marne-94&Prime;,\u00a0\u00bb\/paris-75&Prime;,\u00a0\u00bb\/seine-saint-denis-93&Prime;,\u00a0\u00bb\/voyage\u00a0\u00bb,\u00a0\u00bb\/intime\u00a0\u00bb,\u00a0\u00bb\/animaux\u00a0\u00bb,\u00a0\u00bb\/hauts-de-seine-92&Prime;,\u00a0\u00bb\/podcasts\u00a0\u00bb,\u00a0\u00bb\/essonne-91&Prime;,\u00a0\u00bb\/politique\u00a0\u00bb,\u00a0\u00bb\/automobile\u00a0\u00bb,\u00a0\u00bb\/bien-manger\u00a0\u00bb,\u00a0\u00bb\/environnement\u00a0\u00bb,\u00a0\u00bb\/yvelines-78&Prime;,\u00a0\u00bb\/seine-et-marne-77&Prime;,\u00a0\u00bb\/international\u00a0\u00bb,\u00a0\u00bb\/societe\u00a0\u00bb,\u00a0\u00bb\/sports\u00a0\u00bb,\u00a0\u00bb\/elections\u00a0\u00bb,\u00a0\u00bb\/week-end\u00a0\u00bb,\u00a0\u00bb\/meteo\u00a0\u00bb,\u00a0\u00bb\/oise-60&Prime;,\u00a0\u00bb\/jo-paralympiques-paris-2024&Prime;,\u00a0\u00bb\/info-paris-ile-de-france-oise\u00a0\u00bb,\u00a0\u00bb\/sports\/hippisme\u00a0\u00bb],\u00a0\u00bbtargetedUserStatus\u00a0\u00bb:[\u00ab\u00a0subscribed\u00a0\u00bb],\u00a0\u00bbcappingFrequencyTime\u00a0\u00bb:172800000,\u00a0\u00bbdisplayOnPremiumArticles\u00a0\u00bb:true,\u00a0\u00bbdisplayOnHomePage\u00a0\u00bb:true,\u00a0\u00bbtitle\u00a0\u00bb:\u00a0\u00bbL\u2019application journal d\u00e9di\u00e9e aux abonn\u00e9s\u00a0\u00bb,\u00a0\u00bbpriority\u00a0\u00bb:1,\u00a0\u00bbctaLabel\u00a0\u00bb:\u00a0\u00bbT\u00e9l\u00e9charger l\u2019application du journal\u00a0\u00bb,\u00a0\u00bbtracking\u00a0\u00bb:{\u00ab\u00a0campaign\u00a0\u00bb:\u00a0\u00bbjournal\u00a0\u00bb},\u00a0\u00bbdisplayOnSectionPages\u00a0\u00bb:true,\u00a0\u00bbcappingDisplaysPerUser\u00a0\u00bb:3,\u00a0\u00bbtext\u00a0\u00bb:\u00a0\u00bbUn confort de lecture in\u00e9gal\u00e9 sur smartphone et tablette gr\u00e2ce \u00e0 une navigation fluide. Acc\u00e9dez au journal du jour d\u00e8s 22h30 ainsi qu\u2019\u00e0 toutes les \u00e9ditions, suppl\u00e9ments et hors-s\u00e9ries.\u00a0\u00bb,\u00a0\u00bbisPopinActivated\u00a0\u00bb:false,\u00a0\u00bbpicto\u00a0\u00bb:\u00a0\u00bbhttps:\/\/assets.leparisien.fr\/website\/images\/ancrages-abo\/pictos\/paper-app.svg\u00a0\u00bb,\u00a0\u00bbpopinType\u00a0\u00bb:\u00a0\u00bbapplication\u00a0\u00bb},{\u00ab\u00a0popinCampaign\u00a0\u00bb:\u00a0\u00bbPromo_Vid\u00e9os-jardin\u00a0\u00bb,\u00a0\u00bbtargetedDevices\u00a0\u00bb:\u00a0\u00bbweb-mobile\u00a0\u00bb,\u00a0\u00bbtargetedSections\u00a0\u00bb:[\u00ab\u00a0\/jo-paris-2024&Prime;,\u00a0\u00bb\/jardin\u00a0\u00bb,\u00a0\u00bb\/sports\/hippisme\u00a0\u00bb,\u00a0\u00bb\/elections\u00a0\u00bb,\u00a0\u00bb\/meteo\u00a0\u00bb,\u00a0\u00bb\/jo-paralympiques-paris-2024&Prime;,\u00a0\u00bb\/environnement\u00a0\u00bb,\u00a0\u00bb\/animaux\u00a0\u00bb,\u00a0\u00bb\/bien-manger\u00a0\u00bb,\u00a0\u00bb\/voyage\u00a0\u00bb],\u00a0\u00bbtargetedUserStatus\u00a0\u00bb:[\u00ab\u00a0unknown\u00a0\u00bb,\u00a0\u00bblogged\u00a0\u00bb],\u00a0\u00bbcappingFrequencyTime\u00a0\u00bb:86400000,\u00a0\u00bbdisplayOnPremiumArticles\u00a0\u00bb:false,\u00a0\u00bbdisplayOnHomePage\u00a0\u00bb:false,\u00a0\u00bbtitle\u00a0\u00bb:\u00a0\u00bbEn mai, apprenez \u00e0 jardiner&#8230; en vid\u00e9o !\u00a0\u00bb,\u00a0\u00bbpriority\u00a0\u00bb:1,\u00a0\u00bbctaLabel\u00a0\u00bb:\u00a0\u00bbD\u00e9couvrir les vid\u00e9os\u00a0\u00bb,\u00a0\u00bbtracking\u00a0\u00bb:{\u00ab\u00a0campaign\u00a0\u00bb:\u00a0\u00bbbizdev\u00a0\u00bb,\u00a0\u00bbcreation\u00a0\u00bb:\u00a0\u00bbamazon\u00a0\u00bb},\u00a0\u00bbctaRedirectLink\u00a0\u00bb:\u00a0\u00bbhttps:\/\/www.leparisien.fr\/jardin\/jardinage-pratique\/potager\/planter-des-fraisiers-de-printemps-en-pot-recoltez-de-savoureuses-fraises-precoces-des-le-mois-de-mai-D7PSIYDURBGDNKGWDQTSY22FZQ.php\u00a0\u00bb,\u00a0\u00bbdisplayOnSectionPages\u00a0\u00bb:true,\u00a0\u00bbcappingDisplaysPerUser\u00a0\u00bb:1,\u00a0\u00bbtext\u00a0\u00bb:\u00a0\u00bbExperts ou passionn\u00e9s, retrouvez tous les conseils pratiques et astuces pour cultiver votre jardin comme un pro !\u00a0\u00bb,\u00a0\u00bbisPopinActivated\u00a0\u00bb:false,\u00a0\u00bbpicto\u00a0\u00bb:\u00a0\u00bbhttps:\/\/assets.leparisien.fr\/website\/images\/events_logo\/popin-jardin.png\u00a0\u00bb,\u00a0\u00bbpopinType\u00a0\u00bb:\u00a0\u00bbredirection\u00a0\u00bb},{\u00ab\u00a0popinCampaign\u00a0\u00bb:\u00a0\u00bbDL_apps_RG\u00a0\u00bb,\u00a0\u00bbtargetedDevices\u00a0\u00bb:\u00a0\u00bbmobile\u00a0\u00bb,\u00a0\u00bbtargetedSections\u00a0\u00bb:[\u00ab\u00a0\/sports\u00a0\u00bb],\u00a0\u00bbtargetedUserStatus\u00a0\u00bb:[\u00ab\u00a0unknown\u00a0\u00bb,\u00a0\u00bblogged\u00a0\u00bb,\u00a0\u00bbsubscribed\u00a0\u00bb],\u00a0\u00bbcappingFrequencyTime\u00a0\u00bb:86400000,\u00a0\u00bbdisplayOnPremiumArticles\u00a0\u00bb:false,\u00a0\u00bbdisplayOnHomePage\u00a0\u00bb:false,\u00a0\u00bbtitle\u00a0\u00bb:\u00a0\u00bbSuivez Roland-Garros dans l&rsquo;application \u00ab\u00a0,\u00a0\u00bbpriority\u00a0\u00bb:1,\u00a0\u00bbctaLabel\u00a0\u00bb:\u00a0\u00bbT\u00e9l\u00e9charger l&rsquo;application\u00a0\u00bb,\u00a0\u00bbtracking\u00a0\u00bb:{\u00ab\u00a0campaign\u00a0\u00bb:\u00a0\u00bbappli\u00a0\u00bb,\u00a0\u00bbcreation\u00a0\u00bb:\u00a0\u00bbdl-app_rg25&Prime;},\u00a0\u00bbctaRedirectLink\u00a0\u00bb:\u00a0\u00bbhttps:\/\/app.adjust.com\/ejwg1cd_xew8wjk\u00a0\u00bb,\u00a0\u00bbdisplayOnSectionPages\u00a0\u00bb:true,\u00a0\u00bbcappingDisplaysPerUser\u00a0\u00bb:5,\u00a0\u00bbtext\u00a0\u00bb:\u00a0\u00bbMatchs, r\u00e9sultats, temps forts et analyses \u00e0 port\u00e9e de main, en temps r\u00e9el.\u00a0\u00bb,\u00a0\u00bbisPopinActivated\u00a0\u00bb:false,\u00a0\u00bbpicto\u00a0\u00bb:\u00a0\u00bbhttps:\/\/assets.leparisien.fr\/website\/images\/events_logo\/pop-in-download-app.png\u00a0\u00bb,\u00a0\u00bbpopinType\u00a0\u00bb:\u00a0\u00bbredirection\u00a0\u00bb}],\u00a0\u00bbexpires\u00a0\u00bb:1759065601592,\u00a0\u00bblastModified\u00a0\u00bb:1759065301354}},\u00a0\u00bbsite-menu\u00a0\u00bb:{\u00ab\u00a0{\\\u00a0\u00bb_id\\\u00a0\u00bb:\\\u00a0\u00bb\/\\\u00a0\u00bb,\\\u00a0\u00bb_website\\\u00a0\u00bb:\\\u00a0\u00bbleparisien\\\u00a0\u00bb,\\\u00a0\u00bbhierarchy\\\u00a0\u00bb:\\\u00a0\u00bbmenu\\\u00a0\u00bb}\u00a0\u00bb:{\u00ab\u00a0data\u00a0\u00bb:{\u00ab\u00a0children\u00a0\u00bb:[{\u00ab\u00a0_id\u00a0\u00bb:\u00a0\u00bblink-TTDQP4MZR95Z98A67F95Y6AZ20&Prime;,\u00a0\u00bbchildren\u00a0\u00bb:[],\u00a0\u00bbdisplay_name\u00a0\u00bb:\u00a0\u00bb\u00c0 la une\u00a0\u00bb,\u00a0\u00bburl\u00a0\u00bb:\u00a0\u00bbhttps:\/\/www.leparisien.fr\/\u00a0\u00bb},{\u00ab\u00a0_id\u00a0\u00bb:\u00a0\u00bblink-PJZZOUS3L5GK3G2YHKRRI4A72I\u00a0\u00bb,\u00a0\u00bbchildren\u00a0\u00bb:[],\u00a0\u00bbdisplay_name\u00a0\u00bb:\u00a0\u00bbEn continu\u00a0\u00bb,\u00a0\u00bburl\u00a0\u00bb:\u00a0\u00bb\/actualites-en-continu\u00a0\u00bb},{\u00ab\u00a0_id\u00a0\u00bb:\u00a0\u00bb\/info-paris-ile-de-france-oise\u00a0\u00bb,\u00a0\u00bbchildren\u00a0\u00bb:[{\u00ab\u00a0_id\u00a0\u00bb:\u00a0\u00bb\/paris-75&Prime;,\u00a0\u00bbname\u00a0\u00bb:\u00a0\u00bbParis\u00a0\u00bb,\u00a0\u00bbsite\u00a0\u00bb:{}},{\u00ab\u00a0_id\u00a0\u00bb:\u00a0\u00bb\/essonne-91&Prime;,\u00a0\u00bbname\u00a0\u00bb:\u00a0\u00bbEssonne\u00a0\u00bb,\u00a0\u00bbsite\u00a0\u00bb:{}},{\u00ab\u00a0_id\u00a0\u00bb:\u00a0\u00bb\/hauts-de-seine-92&Prime;,\u00a0\u00bbname\u00a0\u00bb:\u00a0\u00bbHauts-de-Seine\u00a0\u00bb,\u00a0\u00bbsite\u00a0\u00bb:{}},{\u00ab\u00a0_id\u00a0\u00bb:\u00a0\u00bb\/seine-saint-denis-93&Prime;,\u00a0\u00bbname\u00a0\u00bb:\u00a0\u00bbSeine-Saint-Denis\u00a0\u00bb,\u00a0\u00bbsite\u00a0\u00bb:{}},{\u00ab\u00a0_id\u00a0\u00bb:\u00a0\u00bb\/val-d-oise-95&Prime;,\u00a0\u00bbname\u00a0\u00bb:\u00a0\u00bbVal-d&rsquo;Oise\u00a0\u00bb,\u00a0\u00bbsite\u00a0\u00bb:{}},{\u00ab\u00a0_id\u00a0\u00bb:\u00a0\u00bb\/val-de-marne-94&Prime;,\u00a0\u00bbname\u00a0\u00bb:\u00a0\u00bbVal-de-Marne\u00a0\u00bb,\u00a0\u00bbsite\u00a0\u00bb:{}},{\u00ab\u00a0_id\u00a0\u00bb:\u00a0\u00bb\/seine-et-marne-77&Prime;,\u00a0\u00bbname\u00a0\u00bb:\u00a0\u00bbSeine-et-Marne\u00a0\u00bb,\u00a0\u00bbsite\u00a0\u00bb:{}},{\u00ab\u00a0_id\u00a0\u00bb:\u00a0\u00bb\/yvelines-78&Prime;,\u00a0\u00bbname\u00a0\u00bb:\u00a0\u00bbYvelines\u00a0\u00bb,\u00a0\u00bbsite\u00a0\u00bb:{}},{\u00ab\u00a0_id\u00a0\u00bb:\u00a0\u00bb\/oise-60&Prime;,\u00a0\u00bbname\u00a0\u00bb:\u00a0\u00bbOise\u00a0\u00bb,\u00a0\u00bbsite\u00a0\u00bb:{}},{\u00ab\u00a0_id\u00a0\u00bb:\u00a0\u00bb\/info-paris-ile-de-france-oise\/transports\u00a0\u00bb,\u00a0\u00bbname\u00a0\u00bb:\u00a0\u00bbTransports IDF\u00a0\u00bb,\u00a0\u00bbsite\u00a0\u00bb:{}}],\u00a0\u00bbname\u00a0\u00bb:\u00a0\u00bbParis &#038; \u00cele-de-France\u00a0\u00bb,\u00a0\u00bbsite\u00a0\u00bb:{}},{\u00ab\u00a0_id\u00a0\u00bb:\u00a0\u00bb\/faits-divers\u00a0\u00bb,\u00a0\u00bbchildren\u00a0\u00bb:[],\u00a0\u00bbname\u00a0\u00bb:\u00a0\u00bbFaits divers\u00a0\u00bb,\u00a0\u00bbsite\u00a0\u00bb:{}},{\u00ab\u00a0_id\u00a0\u00bb:\u00a0\u00bb\/politique\u00a0\u00bb,\u00a0\u00bbchildren\u00a0\u00bb:[{\u00ab\u00a0_id\u00a0\u00bb:\u00a0\u00bb\/politique\/emmanuel-macron\u00a0\u00bb,\u00a0\u00bbname\u00a0\u00bb:\u00a0\u00bbEmmanuel Macron\u00a0\u00bb,\u00a0\u00bbsite\u00a0\u00bb:{}},{\u00ab\u00a0_id\u00a0\u00bb:\u00a0\u00bb\/politique\/sebastien-lecornu\u00a0\u00bb,\u00a0\u00bbname\u00a0\u00bb:\u00a0\u00bbS\u00e9bastien Lecornu\u00a0\u00bb,\u00a0\u00bbsite\u00a0\u00bb:{\u00ab\u00a0is_clickable_on_menu\u00a0\u00bb:\u00a0\u00bbtrue\u00a0\u00bb}},{\u00ab\u00a0_id\u00a0\u00bb:\u00a0\u00bb\/elections\u00a0\u00bb,\u00a0\u00bbname\u00a0\u00bb:\u00a0\u00bb\u00c9lections\u00a0\u00bb,\u00a0\u00bbsite\u00a0\u00bb:{}},{\u00ab\u00a0_id\u00a0\u00bb:\u00a0\u00bb\/elections\/municipales\u00a0\u00bb,\u00a0\u00bbname\u00a0\u00bb:\u00a0\u00bbMunicipales 2026&Prime;,\u00a0\u00bbsite\u00a0\u00bb:{}}],\u00a0\u00bbname\u00a0\u00bb:\u00a0\u00bbPolitique\u00a0\u00bb,\u00a0\u00bbsite\u00a0\u00bb:{}},{\u00ab\u00a0_id\u00a0\u00bb:\u00a0\u00bb\/international\u00a0\u00bb,\u00a0\u00bbchildren\u00a0\u00bb:[{\u00ab\u00a0_id\u00a0\u00bb:\u00a0\u00bb\/international\/etats-unis\u00a0\u00bb,\u00a0\u00bbname\u00a0\u00bb:\u00a0\u00bb\u00c9tats-Unis\u00a0\u00bb,\u00a0\u00bbsite\u00a0\u00bb:{\u00ab\u00a0is_clickable_on_menu\u00a0\u00bb:\u00a0\u00bbtrue\u00a0\u00bb}},{\u00ab\u00a0_id\u00a0\u00bb:\u00a0\u00bb\/international\/israel\u00a0\u00bb,\u00a0\u00bbname\u00a0\u00bb:\u00a0\u00bbGuerre au Proche-Orient\u00a0\u00bb,\u00a0\u00bbsite\u00a0\u00bb:{\u00ab\u00a0is_clickable_on_menu\u00a0\u00bb:\u00a0\u00bbtrue\u00a0\u00bb}},{\u00ab\u00a0_id\u00a0\u00bb:\u00a0\u00bb\/international\/iran\u00a0\u00bb,\u00a0\u00bbname\u00a0\u00bb:\u00a0\u00bbIran\u00a0\u00bb,\u00a0\u00bbsite\u00a0\u00bb:{\u00ab\u00a0is_clickable_on_menu\u00a0\u00bb:\u00a0\u00bbtrue\u00a0\u00bb}},{\u00ab\u00a0_id\u00a0\u00bb:\u00a0\u00bb\/international\/ukraine\u00a0\u00bb,\u00a0\u00bbname\u00a0\u00bb:\u00a0\u00bbGuerre en Ukraine\u00a0\u00bb,\u00a0\u00bbsite\u00a0\u00bb:{\u00ab\u00a0is_clickable_on_menu\u00a0\u00bb:\u00a0\u00bbtrue\u00a0\u00bb}},{\u00ab\u00a0_id\u00a0\u00bb:\u00a0\u00bb\/international\/syrie\u00a0\u00bb,\u00a0\u00bbname\u00a0\u00bb:\u00a0\u00bbSyrie\u00a0\u00bb,\u00a0\u00bbsite\u00a0\u00bb:{\u00ab\u00a0is_clickable_on_menu\u00a0\u00bb:\u00a0\u00bbtrue\u00a0\u00bb}}],\u00a0\u00bbname\u00a0\u00bb:\u00a0\u00bbInternational\u00a0\u00bb,\u00a0\u00bbsite\u00a0\u00bb:{}},{\u00ab\u00a0_id\u00a0\u00bb:\u00a0\u00bb\/sports\u00a0\u00bb,\u00a0\u00bbchildren\u00a0\u00bb:[{\u00ab\u00a0_id\u00a0\u00bb:\u00a0\u00bb\/sports\/football\u00a0\u00bb,\u00a0\u00bbname\u00a0\u00bb:\u00a0\u00bbFootball\u00a0\u00bb,\u00a0\u00bbsite\u00a0\u00bb:{}},{\u00ab\u00a0_id\u00a0\u00bb:\u00a0\u00bb\/sports\/football\/psg\u00a0\u00bb,\u00a0\u00bbname\u00a0\u00bb:\u00a0\u00bbPSG\u00a0\u00bb,\u00a0\u00bbsite\u00a0\u00bb:{}},{\u00ab\u00a0_id\u00a0\u00bb:\u00a0\u00bb\/sports\/football\/ligue-1&Prime;,\u00a0\u00bbname\u00a0\u00bb:\u00a0\u00bbLigue 1&Prime;,\u00a0\u00bbsite\u00a0\u00bb:{\u00ab\u00a0is_clickable_on_menu\u00a0\u00bb:\u00a0\u00bbtrue\u00a0\u00bb}},{\u00ab\u00a0_id\u00a0\u00bb:\u00a0\u00bb\/sports\/football\/ligue-des-champions\u00a0\u00bb,\u00a0\u00bbname\u00a0\u00bb:\u00a0\u00bbLigue des champions\u00a0\u00bb,\u00a0\u00bbsite\u00a0\u00bb:{\u00ab\u00a0is_clickable_on_menu\u00a0\u00bb:\u00a0\u00bbtrue\u00a0\u00bb}},{\u00ab\u00a0_id\u00a0\u00bb:\u00a0\u00bb\/sports\/rugby\u00a0\u00bb,\u00a0\u00bbname\u00a0\u00bb:\u00a0\u00bbRugby\u00a0\u00bb,\u00a0\u00bbsite\u00a0\u00bb:{}},{\u00ab\u00a0_id\u00a0\u00bb:\u00a0\u00bb\/sports\/basket\u00a0\u00bb,\u00a0\u00bbname\u00a0\u00bb:\u00a0\u00bbBasket\u00a0\u00bb,\u00a0\u00bbsite\u00a0\u00bb:{\u00ab\u00a0is_clickable_on_menu\u00a0\u00bb:\u00a0\u00bbtrue\u00a0\u00bb}},{\u00ab\u00a0_id\u00a0\u00bb:\u00a0\u00bb\/sports\/tennis\u00a0\u00bb,\u00a0\u00bbname\u00a0\u00bb:\u00a0\u00bbTennis\u00a0\u00bb,\u00a0\u00bbsite\u00a0\u00bb:{}},{\u00ab\u00a0_id\u00a0\u00bb:\u00a0\u00bb\/sports\/cyclisme\u00a0\u00bb,\u00a0\u00bbname\u00a0\u00bb:\u00a0\u00bbCyclisme\u00a0\u00bb,\u00a0\u00bbsite\u00a0\u00bb:{}},{\u00ab\u00a0_id\u00a0\u00bb:\u00a0\u00bb\/sports\/handball\u00a0\u00bb,\u00a0\u00bbname\u00a0\u00bb:\u00a0\u00bbHandball\u00a0\u00bb,\u00a0\u00bbsite\u00a0\u00bb:{\u00ab\u00a0is_clickable_on_menu\u00a0\u00bb:\u00a0\u00bbtrue\u00a0\u00bb}},{\u00ab\u00a0_id\u00a0\u00bb:\u00a0\u00bb\/sports\/formule-1&Prime;,\u00a0\u00bbname\u00a0\u00bb:\u00a0\u00bbFormule 1&Prime;,\u00a0\u00bbsite\u00a0\u00bb:{}},{\u00ab\u00a0_id\u00a0\u00bb:\u00a0\u00bb\/sports\/hippisme\u00a0\u00bb,\u00a0\u00bbname\u00a0\u00bb:\u00a0\u00bbHippisme\u00a0\u00bb,\u00a0\u00bbsite\u00a0\u00bb:{}},{\u00ab\u00a0_id\u00a0\u00bb:\u00a0\u00bb\/sports\/mma\u00a0\u00bb,\u00a0\u00bbname\u00a0\u00bb:\u00a0\u00bbMMA &#8211; Arts martiaux mixtes\u00a0\u00bb,\u00a0\u00bbsite\u00a0\u00bb:{\u00ab\u00a0is_clickable_on_menu\u00a0\u00bb:\u00a0\u00bbtrue\u00a0\u00bb}},{\u00ab\u00a0_id\u00a0\u00bb:\u00a0\u00bb\/sports\/JO\u00a0\u00bb,\u00a0\u00bbname\u00a0\u00bb:\u00a0\u00bbJeux olympiques\u00a0\u00bb,\u00a0\u00bbsite\u00a0\u00bb:{}}],\u00a0\u00bbname\u00a0\u00bb:\u00a0\u00bbSports\u00a0\u00bb,\u00a0\u00bbsite\u00a0\u00bb:{}},{\u00ab\u00a0_id\u00a0\u00bb:\u00a0\u00bb\/immobilier\u00a0\u00bb,\u00a0\u00bbchildren\u00a0\u00bb:[],\u00a0\u00bbname\u00a0\u00bb:\u00a0\u00bbImmobilier\u00a0\u00bb,\u00a0\u00bbsite\u00a0\u00bb:{}},{\u00ab\u00a0_id\u00a0\u00bb:\u00a0\u00bb\/economie\u00a0\u00bb,\u00a0\u00bbchildren\u00a0\u00bb:[{\u00ab\u00a0_id\u00a0\u00bb:\u00a0\u00bb\/pouvoir-d-achat\u00a0\u00bb,\u00a0\u00bbname\u00a0\u00bb:\u00a0\u00bbPouvoir d&rsquo;achat\u00a0\u00bb,\u00a0\u00bbsite\u00a0\u00bb:{}},{\u00ab\u00a0_id\u00a0\u00bb:\u00a0\u00bb\/economie\/retraites\u00a0\u00bb,\u00a0\u00bbname\u00a0\u00bb:\u00a0\u00bbRetraites\u00a0\u00bb,\u00a0\u00bbsite\u00a0\u00bb:{}},{\u00ab\u00a0_id\u00a0\u00bb:\u00a0\u00bb\/economie\/consommation\u00a0\u00bb,\u00a0\u00bbname\u00a0\u00bb:\u00a0\u00bbConsommation\u00a0\u00bb,\u00a0\u00bbsite\u00a0\u00bb:{}},{\u00ab\u00a0_id\u00a0\u00bb:\u00a0\u00bb\/economie\/emploi\u00a0\u00bb,\u00a0\u00bbname\u00a0\u00bb:\u00a0\u00bbEmploi\u00a0\u00bb,\u00a0\u00bbsite\u00a0\u00bb:{}},{\u00ab\u00a0_id\u00a0\u00bb:\u00a0\u00bb\/economie\/impots\u00a0\u00bb,\u00a0\u00bbname\u00a0\u00bb:\u00a0\u00bbImp\u00f4ts \u00ab\u00a0,\u00a0\u00bbsite\u00a0\u00bb:{}},{\u00ab\u00a0_id\u00a0\u00bb:\u00a0\u00bb\/economie\/business\u00a0\u00bb,\u00a0\u00bbname\u00a0\u00bb:\u00a0\u00bbEntreprises &#038; start-up\u00a0\u00bb,\u00a0\u00bbsite\u00a0\u00bb:{}},{\u00ab\u00a0_id\u00a0\u00bb:\u00a0\u00bb\/vie-de-bureau\u00a0\u00bb,\u00a0\u00bbname\u00a0\u00bb:\u00a0\u00bbVie de bureau\u00a0\u00bb,\u00a0\u00bbsite\u00a0\u00bb:{\u00ab\u00a0is_clickable_on_menu\u00a0\u00bb:\u00a0\u00bbtrue\u00a0\u00bb}},{\u00ab\u00a0_id\u00a0\u00bb:\u00a0\u00bb\/automobile\u00a0\u00bb,\u00a0\u00bbname\u00a0\u00bb:\u00a0\u00bbAutomobile\u00a0\u00bb,\u00a0\u00bbsite\u00a0\u00bb:{}}],\u00a0\u00bbname\u00a0\u00bb:\u00a0\u00bb\u00c9conomie\u00a0\u00bb,\u00a0\u00bbsite\u00a0\u00bb:{}},{\u00ab\u00a0_id\u00a0\u00bb:\u00a0\u00bb\/futurs\u00a0\u00bb,\u00a0\u00bbchildren\u00a0\u00bb:[{\u00ab\u00a0_id\u00a0\u00bb:\u00a0\u00bb\/environnement\u00a0\u00bb,\u00a0\u00bbname\u00a0\u00bb:\u00a0\u00bbEnvironnement\u00a0\u00bb,\u00a0\u00bbsite\u00a0\u00bb:{}},{\u00ab\u00a0_id\u00a0\u00bb:\u00a0\u00bb\/environnement\/climat\u00a0\u00bb,\u00a0\u00bbname\u00a0\u00bb:\u00a0\u00bbClimat\u00a0\u00bb,\u00a0\u00bbsite\u00a0\u00bb:{\u00ab\u00a0is_clickable_on_menu\u00a0\u00bb:\u00a0\u00bbtrue\u00a0\u00bb}},{\u00ab\u00a0_id\u00a0\u00bb:\u00a0\u00bb\/high-tech\u00a0\u00bb,\u00a0\u00bbname\u00a0\u00bb:\u00a0\u00bbHigh-tech\u00a0\u00bb,\u00a0\u00bbsite\u00a0\u00bb:{}},{\u00ab\u00a0_id\u00a0\u00bb:\u00a0\u00bb\/sciences\u00a0\u00bb,\u00a0\u00bbname\u00a0\u00bb:\u00a0\u00bbSciences\u00a0\u00bb,\u00a0\u00bbsite\u00a0\u00bb:{}}],\u00a0\u00bbname\u00a0\u00bb:\u00a0\u00bbFuturs\u00a0\u00bb,\u00a0\u00bbsite\u00a0\u00bb:{\u00ab\u00a0is_clickable_on_menu\u00a0\u00bb:\u00a0\u00bbtrue\u00a0\u00bb}},{\u00ab\u00a0_id\u00a0\u00bb:\u00a0\u00bb\/societe\u00a0\u00bb,\u00a0\u00bbchildren\u00a0\u00bb:[{\u00ab\u00a0_id\u00a0\u00bb:\u00a0\u00bb\/societe\/famille\u00a0\u00bb,\u00a0\u00bbname\u00a0\u00bb:\u00a0\u00bbFamille\u00a0\u00bb,\u00a0\u00bbsite\u00a0\u00bb:{\u00ab\u00a0is_clickable_on_menu\u00a0\u00bb:\u00a0\u00bbtrue\u00a0\u00bb}},{\u00ab\u00a0_id\u00a0\u00bb:\u00a0\u00bb\/societe\/religions\u00a0\u00bb,\u00a0\u00bbname\u00a0\u00bb:\u00a0\u00bbReligions\u00a0\u00bb,\u00a0\u00bbsite\u00a0\u00bb:{\u00ab\u00a0is_clickable_on_menu\u00a0\u00bb:\u00a0\u00bbtrue\u00a0\u00bb}},{\u00ab\u00a0_id\u00a0\u00bb:\u00a0\u00bb\/intime\u00a0\u00bb,\u00a0\u00bbname\u00a0\u00bb:\u00a0\u00bbIntime\u00a0\u00bb,\u00a0\u00bbsite\u00a0\u00bb:{\u00ab\u00a0is_clickable_on_menu\u00a0\u00bb:\u00a0\u00bbtrue\u00a0\u00bb}},{\u00ab\u00a0_id\u00a0\u00bb:\u00a0\u00bblink-E3MRSAZGW5FZ7PZSNWBB3UZ62Q\u00a0\u00bb,\u00a0\u00bbdisplay_name\u00a0\u00bb:\u00a0\u00bbSentinelles\u00a0\u00bb,\u00a0\u00bburl\u00a0\u00bb:\u00a0\u00bbhttps:\/\/www.leparisien.fr\/sentinelles\/\u00a0\u00bb},{\u00ab\u00a0_id\u00a0\u00bb:\u00a0\u00bb\/bien-manger\u00a0\u00bb,\u00a0\u00bbname\u00a0\u00bb:\u00a0\u00bbBien manger\u00a0\u00bb,\u00a0\u00bbsite\u00a0\u00bb:{\u00ab\u00a0is_clickable_on_menu\u00a0\u00bb:\u00a0\u00bbtrue\u00a0\u00bb}}],\u00a0\u00bbname\u00a0\u00bb:\u00a0\u00bbSoci\u00e9t\u00e9\u00a0\u00bb,\u00a0\u00bbsite\u00a0\u00bb:{}},{\u00ab\u00a0_id\u00a0\u00bb:\u00a0\u00bb\/societe\/sante\u00a0\u00bb,\u00a0\u00bbchildren\u00a0\u00bb:[{\u00ab\u00a0_id\u00a0\u00bb:\u00a0\u00bb\/coronavirus\u00a0\u00bb,\u00a0\u00bbname\u00a0\u00bb:\u00a0\u00bbCovid-19&Prime;,\u00a0\u00bbsite\u00a0\u00bb:{}}],\u00a0\u00bbname\u00a0\u00bb:\u00a0\u00bbSant\u00e9\u00a0\u00bb,\u00a0\u00bbsite\u00a0\u00bb:{}},{\u00ab\u00a0_id\u00a0\u00bb:\u00a0\u00bb\/culture-loisirs\u00a0\u00bb,\u00a0\u00bbchildren\u00a0\u00bb:[{\u00ab\u00a0_id\u00a0\u00bb:\u00a0\u00bb\/culture-loisirs\/cinema\u00a0\u00bb,\u00a0\u00bbname\u00a0\u00bb:\u00a0\u00bbCin\u00e9ma\u00a0\u00bb,\u00a0\u00bbsite\u00a0\u00bb:{}},{\u00ab\u00a0_id\u00a0\u00bb:\u00a0\u00bb\/culture-loisirs\/series\u00a0\u00bb,\u00a0\u00bbname\u00a0\u00bb:\u00a0\u00bbS\u00e9ries\u00a0\u00bb,\u00a0\u00bbsite\u00a0\u00bb:{}},{\u00ab\u00a0_id\u00a0\u00bb:\u00a0\u00bb\/culture-loisirs\/tv\u00a0\u00bb,\u00a0\u00bbname\u00a0\u00bb:\u00a0\u00bbT\u00e9l\u00e9vision &#038; m\u00e9dias\u00a0\u00bb,\u00a0\u00bbsite\u00a0\u00bb:{}},{\u00ab\u00a0_id\u00a0\u00bb:\u00a0\u00bb\/culture-loisirs\/livres\u00a0\u00bb,\u00a0\u00bbname\u00a0\u00bb:\u00a0\u00bbLivres\u00a0\u00bb,\u00a0\u00bbsite\u00a0\u00bb:{}},{\u00ab\u00a0_id\u00a0\u00bb:\u00a0\u00bb\/culture-loisirs\/musique\u00a0\u00bb,\u00a0\u00bbname\u00a0\u00bb:\u00a0\u00bbMusique\u00a0\u00bb,\u00a0\u00bbsite\u00a0\u00bb:{}},{\u00ab\u00a0_id\u00a0\u00bb:\u00a0\u00bb\/culture-loisirs\/sortir-region-parisienne\u00a0\u00bb,\u00a0\u00bbname\u00a0\u00bb:\u00a0\u00bbSorties IDF &#038; Oise\u00a0\u00bb,\u00a0\u00bbsite\u00a0\u00bb:{}}],\u00a0\u00bbname\u00a0\u00bb:\u00a0\u00bbCulture &#038; loisirs\u00a0\u00bb,\u00a0\u00bbsite\u00a0\u00bb:{}},{\u00ab\u00a0_id\u00a0\u00bb:\u00a0\u00bb\/meteo\u00a0\u00bb,\u00a0\u00bbchildren\u00a0\u00bb:[],\u00a0\u00bbname\u00a0\u00bb:\u00a0\u00bbM\u00e9t\u00e9o\u00a0\u00bb,\u00a0\u00bbsite\u00a0\u00bb:{}},{\u00ab\u00a0_id\u00a0\u00bb:\u00a0\u00bb\/en-region\u00a0\u00bb,\u00a0\u00bbchildren\u00a0\u00bb:[{\u00ab\u00a0_id\u00a0\u00bb:\u00a0\u00bb\/aube-10&Prime;,\u00a0\u00bbname\u00a0\u00bb:\u00a0\u00bbAube\u00a0\u00bb,\u00a0\u00bbsite\u00a0\u00bb:{}},{\u00ab\u00a0_id\u00a0\u00bb:\u00a0\u00bb\/calvados-14&Prime;,\u00a0\u00bbname\u00a0\u00bb:\u00a0\u00bbCalvados\u00a0\u00bb,\u00a0\u00bbsite\u00a0\u00bb:{}},{\u00ab\u00a0_id\u00a0\u00bb:\u00a0\u00bb\/charente-maritime-17&Prime;,\u00a0\u00bbname\u00a0\u00bb:\u00a0\u00bbCharente-Maritime\u00a0\u00bb,\u00a0\u00bbsite\u00a0\u00bb:{}},{\u00ab\u00a0_id\u00a0\u00bb:\u00a0\u00bb\/eure-27&Prime;,\u00a0\u00bbname\u00a0\u00bb:\u00a0\u00bbEure\u00a0\u00bb,\u00a0\u00bbsite\u00a0\u00bb:{}},{\u00ab\u00a0_id\u00a0\u00bb:\u00a0\u00bb\/eure-et-loir-28&Prime;,\u00a0\u00bbname\u00a0\u00bb:\u00a0\u00bbEure-et-Loir\u00a0\u00bb,\u00a0\u00bbsite\u00a0\u00bb:{}},{\u00ab\u00a0_id\u00a0\u00bb:\u00a0\u00bb\/finistere-29&Prime;,\u00a0\u00bbname\u00a0\u00bb:\u00a0\u00bbFinist\u00e8re\u00a0\u00bb,\u00a0\u00bbsite\u00a0\u00bb:{}},{\u00ab\u00a0_id\u00a0\u00bb:\u00a0\u00bb\/haute-garonne-31&Prime;,\u00a0\u00bbname\u00a0\u00bb:\u00a0\u00bbHaute-Garonne\u00a0\u00bb,\u00a0\u00bbsite\u00a0\u00bb:{}},{\u00ab\u00a0_id\u00a0\u00bb:\u00a0\u00bb\/loiret-45&Prime;,\u00a0\u00bbname\u00a0\u00bb:\u00a0\u00bbLoiret\u00a0\u00bb,\u00a0\u00bbsite\u00a0\u00bb:{}},{\u00ab\u00a0_id\u00a0\u00bb:\u00a0\u00bb\/marne-51&Prime;,\u00a0\u00bbname\u00a0\u00bb:\u00a0\u00bbMarne\u00a0\u00bb,\u00a0\u00bbsite\u00a0\u00bb:{}},{\u00ab\u00a0_id\u00a0\u00bb:\u00a0\u00bb\/puy-de-dome-63&Prime;,\u00a0\u00bbname\u00a0\u00bb:\u00a0\u00bbPuy-de-D\u00f4me\u00a0\u00bb,\u00a0\u00bbsite\u00a0\u00bb:{}},{\u00ab\u00a0_id\u00a0\u00bb:\u00a0\u00bb\/pyrenees-orientales-66&Prime;,\u00a0\u00bbname\u00a0\u00bb:\u00a0\u00bbPyr\u00e9n\u00e9es-Orientales\u00a0\u00bb,\u00a0\u00bbsite\u00a0\u00bb:{}},{\u00ab\u00a0_id\u00a0\u00bb:\u00a0\u00bb\/seine-maritime-76&Prime;,\u00a0\u00bbname\u00a0\u00bb:\u00a0\u00bbSeine-Maritime\u00a0\u00bb,\u00a0\u00bbsite\u00a0\u00bb:{}}],\u00a0\u00bbname\u00a0\u00bb:\u00a0\u00bbEn r\u00e9gion\u00a0\u00bb,\u00a0\u00bbsite\u00a0\u00bb:{\u00ab\u00a0is_clickable_on_menu\u00a0\u00bb:\u00a0\u00bbtrue\u00a0\u00bb}},{\u00ab\u00a0_id\u00a0\u00bb:\u00a0\u00bb\/week-end\u00a0\u00bb,\u00a0\u00bbchildren\u00a0\u00bb:[],\u00a0\u00bbname\u00a0\u00bb:\u00a0\u00bbLe Parisien Week-end\u00a0\u00bb,\u00a0\u00bbsite\u00a0\u00bb:{}},{\u00ab\u00a0_id\u00a0\u00bb:\u00a0\u00bb\/etudiant\u00a0\u00bb,\u00a0\u00bbchildren\u00a0\u00bb:[{\u00ab\u00a0_id\u00a0\u00bb:\u00a0\u00bblink-ENPADD424JBC5KYBSBGULYHTAI\u00a0\u00bb,\u00a0\u00bbdisplay_name\u00a0\u00bb:\u00a0\u00bbRentr\u00e9e 2025&Prime;,\u00a0\u00bburl\u00a0\u00bb:\u00a0\u00bbhttps:\/\/www.leparisien.fr\/etudiant\/vie-etudiante\/rentree\/\u00a0\u00bb},{\u00ab\u00a0_id\u00a0\u00bb:\u00a0\u00bb\/etudiant\/etudes\u00a0\u00bb,\u00a0\u00bbname\u00a0\u00bb:\u00a0\u00bbEnseignement sup\u00e9rieur\u00a0\u00bb,\u00a0\u00bbsite\u00a0\u00bb:{\u00ab\u00a0is_clickable_on_menu\u00a0\u00bb:\u00a0\u00bbtrue\u00a0\u00bb}},{\u00ab\u00a0_id\u00a0\u00bb:\u00a0\u00bb\/etudiant\/lycee\u00a0\u00bb,\u00a0\u00bbname\u00a0\u00bb:\u00a0\u00bbLyc\u00e9e\u00a0\u00bb,\u00a0\u00bbsite\u00a0\u00bb:{\u00ab\u00a0is_clickable_on_menu\u00a0\u00bb:\u00a0\u00bbtrue\u00a0\u00bb}},{\u00ab\u00a0_id\u00a0\u00bb:\u00a0\u00bb\/etudiant\/college\u00a0\u00bb,\u00a0\u00bbname\u00a0\u00bb:\u00a0\u00bbColl\u00e8ge\u00a0\u00bb,\u00a0\u00bbsite\u00a0\u00bb:{\u00ab\u00a0is_clickable_on_menu\u00a0\u00bb:\u00a0\u00bbtrue\u00a0\u00bb}},{\u00ab\u00a0_id\u00a0\u00bb:\u00a0\u00bblink-EDGWJW5SNBGGXH7O2NQ6ZX2C24&Prime;,\u00a0\u00bbdisplay_name\u00a0\u00bb:\u00a0\u00bbGuide des m\u00e9tiers\u00a0\u00bb,\u00a0\u00bburl\u00a0\u00bb:\u00a0\u00bb\/etudiant\/guide-metiers\u00a0\u00bb},{\u00ab\u00a0_id\u00a0\u00bb:\u00a0\u00bb\/etudiant\/vie-etudiante\u00a0\u00bb,\u00a0\u00bbname\u00a0\u00bb:\u00a0\u00bbVie \u00e9tudiante\u00a0\u00bb,\u00a0\u00bbsite\u00a0\u00bb:{\u00ab\u00a0is_clickable_on_menu\u00a0\u00bb:\u00a0\u00bbtrue\u00a0\u00bb}},{\u00ab\u00a0_id\u00a0\u00bb:\u00a0\u00bb\/etudiant\/jobs-stages\u00a0\u00bb,\u00a0\u00bbname\u00a0\u00bb:\u00a0\u00bbJobs Stages\u00a0\u00bb,\u00a0\u00bbsite\u00a0\u00bb:{\u00ab\u00a0is_clickable_on_menu\u00a0\u00bb:\u00a0\u00bbtrue\u00a0\u00bb}},{\u00ab\u00a0_id\u00a0\u00bb:\u00a0\u00bb\/etudiant\/sortir\u00a0\u00bb,\u00a0\u00bbname\u00a0\u00bb:\u00a0\u00bbAgenda sorties\u00a0\u00bb,\u00a0\u00bbsite\u00a0\u00bb:{\u00ab\u00a0is_clickable_on_menu\u00a0\u00bb:\u00a0\u00bbtrue\u00a0\u00bb}},{\u00ab\u00a0_id\u00a0\u00bb:\u00a0\u00bblink-2TBO3QWLMZFYPEDVNSTN3TYGI4&Prime;,\u00a0\u00bbdisplay_name\u00a0\u00bb:\u00a0\u00bbHalloween 2025&Prime;,\u00a0\u00bburl\u00a0\u00bb:\u00a0\u00bbhttps:\/\/www.leparisien.fr\/etudiant\/sortir\/paris\/halloween\/\u00a0\u00bb}],\u00a0\u00bbname\u00a0\u00bb:\u00a0\u00bbLe Parisien \u00c9tudiant\u00a0\u00bb,\u00a0\u00bbsite\u00a0\u00bb:{\u00ab\u00a0is_clickable_on_menu\u00a0\u00bb:\u00a0\u00bbtrue\u00a0\u00bb}},{\u00ab\u00a0_id\u00a0\u00bb:\u00a0\u00bblink-EMKBI7BJXVBWVDRJ44OKJI6UMM\u00a0\u00bb,\u00a0\u00bbchildren\u00a0\u00bb:[],\u00a0\u00bbdisplay_name\u00a0\u00bb:\u00a0\u00bbLe Parisien Jardin\u00a0\u00bb,\u00a0\u00bburl\u00a0\u00bb:\u00a0\u00bb\/jardin\u00a0\u00bb},{\u00ab\u00a0_id\u00a0\u00bb:\u00a0\u00bblink-0C1X4Q949N1H331X6DX63HRF2W\u00a0\u00bb,\u00a0\u00bbchildren\u00a0\u00bb:[],\u00a0\u00bbdisplay_name\u00a0\u00bb:\u00a0\u00bbLe Parisien Jeux\u00a0\u00bb,\u00a0\u00bburl\u00a0\u00bb:\u00a0\u00bb\/jeux\u00a0\u00bb},{\u00ab\u00a0_id\u00a0\u00bb:\u00a0\u00bblink-JBUVMA7XQVHNPMKQ6EPRAHHOAE\u00a0\u00bb,\u00a0\u00bbchildren\u00a0\u00bb:[],\u00a0\u00bbdisplay_name\u00a0\u00bb:\u00a0\u00bbGuide d&rsquo;achat\u00a0\u00bb,\u00a0\u00bburl\u00a0\u00bb:\u00a0\u00bb\/guide-shopping\u00a0\u00bb},{\u00ab\u00a0_id\u00a0\u00bb:\u00a0\u00bb\/video\u00a0\u00bb,\u00a0\u00bbchildren\u00a0\u00bb:[{\u00ab\u00a0_id\u00a0\u00bb:\u00a0\u00bb\/biclou\u00a0\u00bb,\u00a0\u00bbname\u00a0\u00bb:\u00a0\u00bbBiclou\u00a0\u00bb,\u00a0\u00bbsite\u00a0\u00bb:{\u00ab\u00a0is_clickable_on_menu\u00a0\u00bb:\u00a0\u00bbtrue\u00a0\u00bb}},{\u00ab\u00a0_id\u00a0\u00bb:\u00a0\u00bb\/food-checking\u00a0\u00bb,\u00a0\u00bbname\u00a0\u00bb:\u00a0\u00bbFood-checking\u00a0\u00bb,\u00a0\u00bbsite\u00a0\u00bb:{\u00ab\u00a0is_clickable_on_menu\u00a0\u00bb:\u00a0\u00bbtrue\u00a0\u00bb}}],\u00a0\u00bbname\u00a0\u00bb:\u00a0\u00bbVid\u00e9os\u00a0\u00bb,\u00a0\u00bbsite\u00a0\u00bb:{}},{\u00ab\u00a0_id\u00a0\u00bb:\u00a0\u00bb\/podcasts\u00a0\u00bb,\u00a0\u00bbchildren\u00a0\u00bb:[{\u00ab\u00a0_id\u00a0\u00bb:\u00a0\u00bb\/podcasts\/code-source\u00a0\u00bb,\u00a0\u00bbname\u00a0\u00bb:\u00a0\u00bbCode source\u00a0\u00bb,\u00a0\u00bbsite\u00a0\u00bb:{}},{\u00ab\u00a0_id\u00a0\u00bb:\u00a0\u00bb\/podcasts\/crime-story\u00a0\u00bb,\u00a0\u00bbname\u00a0\u00bb:\u00a0\u00bbCrime story\u00a0\u00bb,\u00a0\u00bbsite\u00a0\u00bb:{\u00ab\u00a0is_clickable_on_menu\u00a0\u00bb:\u00a0\u00bbtrue\u00a0\u00bb}},{\u00ab\u00a0_id\u00a0\u00bb:\u00a0\u00bb\/podcasts\/le-sacre\u00a0\u00bb,\u00a0\u00bbname\u00a0\u00bb:\u00a0\u00bbLe Sacre\u00a0\u00bb,\u00a0\u00bbsite\u00a0\u00bb:{\u00ab\u00a0is_clickable_on_menu\u00a0\u00bb:\u00a0\u00bbtrue\u00a0\u00bb}}],\u00a0\u00bbname\u00a0\u00bb:\u00a0\u00bbPodcasts\u00a0\u00bb,\u00a0\u00bbsite\u00a0\u00bb:{}},{\u00ab\u00a0_id\u00a0\u00bb:\u00a0\u00bblink-QQU4NYD8BN0XZ3CAQ45EVQ2HYM\u00a0\u00bb,\u00a0\u00bbchildren\u00a0\u00bb:[],\u00a0\u00bbdisplay_name\u00a0\u00bb:\u00a0\u00bbNewsletters\u00a0\u00bb,\u00a0\u00bburl\u00a0\u00bb:\u00a0\u00bb\/inscription-newsletters\u00a0\u00bb},{\u00ab\u00a0_id\u00a0\u00bb:\u00a0\u00bblink-NFAA5D34P50ET85EVJRV7AYWAR\u00a0\u00bb,\u00a0\u00bbchildren\u00a0\u00bb:[],\u00a0\u00bbdisplay_name\u00a0\u00bb:\u00a0\u00bbJournal\u00a0\u00bb,\u00a0\u00bburl\u00a0\u00bb:\u00a0\u00bbhttps:\/\/www.kiosque.leparisien.fr\/\u00a0\u00bb},{\u00ab\u00a0_id\u00a0\u00bb:\u00a0\u00bblink-VT3PMSVXKZDW3PKZITTV5ZBDAA\u00a0\u00bb,\u00a0\u00bbchildren\u00a0\u00bb:[],\u00a0\u00bbdisplay_name\u00a0\u00bb:\u00a0\u00bbBoutique\u00a0\u00bb,\u00a0\u00bburl\u00a0\u00bb:\u00a0\u00bbhttps:\/\/abonnement.leparisien.fr\/hors-serie\u00a0\u00bb},{\u00ab\u00a0_id\u00a0\u00bb:\u00a0\u00bb\/annonces\u00a0\u00bb,\u00a0\u00bbchildren\u00a0\u00bb:[{\u00ab\u00a0_id\u00a0\u00bb:\u00a0\u00bblink-DS2YVERH4ZGG5IG4OFN65TGF6M\u00a0\u00bb,\u00a0\u00bbdisplay_name\u00a0\u00bb:\u00a0\u00bbAnnonces immobili\u00e8res\u00a0\u00bb,\u00a0\u00bburl\u00a0\u00bb:\u00a0\u00bbhttps:\/\/www.leparisien.fr\/nos-services\/annonces-immobilieres\/\u00a0\u00bb},{\u00ab\u00a0_id\u00a0\u00bb:\u00a0\u00bblink-96PM3HPAPD2QV8VNJQK51D2KZC\u00a0\u00bb,\u00a0\u00bbdisplay_name\u00a0\u00bb:\u00a0\u00bbAvis de d\u00e9c\u00e8s\u00a0\u00bb,\u00a0\u00bburl\u00a0\u00bb:\u00a0\u00bbhttps:\/\/carnet.leparisien.fr\/\u00a0\u00bb},{\u00ab\u00a0_id\u00a0\u00bb:\u00a0\u00bblink-H0QXF8QEJT2F707TW9FR4HYMQM\u00a0\u00bb,\u00a0\u00bbdisplay_name\u00a0\u00bb:\u00a0\u00bbAnnonces l\u00e9gales\u00a0\u00bb,\u00a0\u00bburl\u00a0\u00bb:\u00a0\u00bbhttps:\/\/annonces-legales.leparisien.fr\/\u00a0\u00bb},{\u00ab\u00a0_id\u00a0\u00bb:\u00a0\u00bblink-PN367P2VG5745792GVQE8X11FG\u00a0\u00bb,\u00a0\u00bbdisplay_name\u00a0\u00bb:\u00a0\u00bbMarch\u00e9s publics\u00a0\u00bb,\u00a0\u00bburl\u00a0\u00bb:\u00a0\u00bbhttps:\/\/avisdemarches.leparisien.fr\/\u00a0\u00bb},{\u00ab\u00a0_id\u00a0\u00bb:\u00a0\u00bblink-JNVWDN635VDLNDWGT4O2N4FDUM\u00a0\u00bb,\u00a0\u00bbdisplay_name\u00a0\u00bb:\u00a0\u00bbEnch\u00e8res publiques\u00a0\u00bb,\u00a0\u00bburl\u00a0\u00bb:\u00a0\u00bbhttps:\/\/ventes-aux-encheres.leparisien.fr\/\u00a0\u00bb}],\u00a0\u00bbname\u00a0\u00bb:\u00a0\u00bbAnnonces\u00a0\u00bb,\u00a0\u00bbsite\u00a0\u00bb:{\u00ab\u00a0is_clickable_on_menu\u00a0\u00bb:\u00a0\u00bbfalse\u00a0\u00bb}},{\u00ab\u00a0_id\u00a0\u00bb:\u00a0\u00bb\/nos-services\u00a0\u00bb,\u00a0\u00bbchildren\u00a0\u00bb:[{\u00ab\u00a0_id\u00a0\u00bb:\u00a0\u00bblink-FJ9WQRGY112Q980R32ZUEB8D50&Prime;,\u00a0\u00bbdisplay_name\u00a0\u00bb:\u00a0\u00bbCours d&rsquo;anglais\u00a0\u00bb,\u00a0\u00bburl\u00a0\u00bb:\u00a0\u00bbhttps:\/\/cours-anglais.leparisien.fr\/\u00a0\u00bb},{\u00ab\u00a0_id\u00a0\u00bb:\u00a0\u00bblink-3WNPNDBUU534N10GTYZU37ZPAC\u00a0\u00bb,\u00a0\u00bbdisplay_name\u00a0\u00bb:\u00a0\u00bbNos applications\u00a0\u00bb,\u00a0\u00bburl\u00a0\u00bb:\u00a0\u00bbhttps:\/\/www.leparisien.fr\/applications\/\u00a0\u00bb},{\u00ab\u00a0_id\u00a0\u00bb:\u00a0\u00bblink-XUFE6J20ZD2Z10RQKZ377J5QK4&Prime;,\u00a0\u00bbdisplay_name\u00a0\u00bb:\u00a0\u00bbComparateurs\u00a0\u00bb,\u00a0\u00bburl\u00a0\u00bb:\u00a0\u00bbhttps:\/\/comparateur.leparisien.fr\/\u00a0\u00bb},{\u00ab\u00a0_id\u00a0\u00bb:\u00a0\u00bblink-HZBZ0TWU9X3KD88989K9JZNF4M\u00a0\u00bb,\u00a0\u00bbdisplay_name\u00a0\u00bb:\u00a0\u00bbJeux Concours\u00a0\u00bb,\u00a0\u00bburl\u00a0\u00bb:\u00a0\u00bb\/jeux\/jeu-concours.php\u00a0\u00bb},{\u00ab\u00a0_id\u00a0\u00bb:\u00a0\u00bblink-PBN1N2E5316XX10RG10Q7H636R\u00a0\u00bb,\u00a0\u00bbdisplay_name\u00a0\u00bb:\u00a0\u00bbBilletterie\u00a0\u00bb,\u00a0\u00bburl\u00a0\u00bb:\u00a0\u00bbhttps:\/\/www.ticketmaster.fr\/fr\/index\/idtier\/43209120&Prime;},{\u00ab\u00a0_id\u00a0\u00bb:\u00a0\u00bblink-K6TDGRUCPFCWFDY6RJS5L5QBWM\u00a0\u00bb,\u00a0\u00bbdisplay_name\u00a0\u00bb:\u00a0\u00bbAnnonces immobili\u00e8res\u00a0\u00bb,\u00a0\u00bburl\u00a0\u00bb:\u00a0\u00bbhttps:\/\/www.leparisien.fr\/nos-services\/annonces-immobilieres\/\u00a0\u00bb}],\u00a0\u00bbname\u00a0\u00bb:\u00a0\u00bbServices\u00a0\u00bb,\u00a0\u00bbsite\u00a0\u00bb:{}},{\u00ab\u00a0_id\u00a0\u00bb:\u00a0\u00bblink-7AWCQT0FRN39199PD9Q658Z8VM\u00a0\u00bb,\u00a0\u00bbchildren\u00a0\u00bb:[],\u00a0\u00bbdisplay_name\u00a0\u00bb:\u00a0\u00bbContacter la r\u00e9daction\u00a0\u00bb,\u00a0\u00bburl\u00a0\u00bb:\u00a0\u00bb\/contact\u00a0\u00bb}],\u00a0\u00bb_id\u00a0\u00bb:\u00a0\u00bbhttps:\/\/www.leparisien.fr\/\u00a0\u00bb},\u00a0\u00bbexpires\u00a0\u00bb:1759065964858,\u00a0\u00bblastModified\u00a0\u00bb:1759065364592},\u00a0\u00bb{\\\u00a0\u00bb_id\\\u00a0\u00bb:\\\u00a0\u00bb\/\\\u00a0\u00bb,\\\u00a0\u00bb_website\\\u00a0\u00bb:\\\u00a0\u00bbleparisien\\\u00a0\u00bb,\\\u00a0\u00bbhierarchy\\\u00a0\u00bb:\\\u00a0\u00bbnav\\\u00a0\u00bb}\u00a0\u00bb:{\u00ab\u00a0data\u00a0\u00bb:{\u00ab\u00a0children\u00a0\u00bb:[{\u00ab\u00a0_id\u00a0\u00bb:\u00a0\u00bblink-2H5K0UW5J93258EYKHNEREX460&Prime;,\u00a0\u00bbchildren\u00a0\u00bb:[],\u00a0\u00bbdisplay_name\u00a0\u00bb:\u00a0\u00bb\u00c0 la une\u00a0\u00bb,\u00a0\u00bburl\u00a0\u00bb:\u00a0\u00bbhttps:\/\/www.leparisien.fr\/\u00a0\u00bb},{\u00ab\u00a0_id\u00a0\u00bb:\u00a0\u00bblink-CARE3IWDTNFIHIGE5CNV3X47YQ\u00a0\u00bb,\u00a0\u00bbchildren\u00a0\u00bb:[],\u00a0\u00bbdisplay_name\u00a0\u00bb:\u00a0\u00bbEn continu\u00a0\u00bb,\u00a0\u00bburl\u00a0\u00bb:\u00a0\u00bb\/actualites-en-continu\u00a0\u00bb},{\u00ab\u00a0_id\u00a0\u00bb:\u00a0\u00bb\/info-paris-ile-de-france-oise\u00a0\u00bb,\u00a0\u00bbchildren\u00a0\u00bb:[{\u00ab\u00a0_id\u00a0\u00bb:\u00a0\u00bb\/paris-75&Prime;,\u00a0\u00bbname\u00a0\u00bb:\u00a0\u00bbParis\u00a0\u00bb,\u00a0\u00bbsite\u00a0\u00bb:{}},{\u00ab\u00a0_id\u00a0\u00bb:\u00a0\u00bb\/essonne-91&Prime;,\u00a0\u00bbname\u00a0\u00bb:\u00a0\u00bbEssonne\u00a0\u00bb,\u00a0\u00bbsite\u00a0\u00bb:{}},{\u00ab\u00a0_id\u00a0\u00bb:\u00a0\u00bb\/hauts-de-seine-92&Prime;,\u00a0\u00bbname\u00a0\u00bb:\u00a0\u00bbHauts-de-Seine\u00a0\u00bb,\u00a0\u00bbsite\u00a0\u00bb:{}},{\u00ab\u00a0_id\u00a0\u00bb:\u00a0\u00bb\/seine-saint-denis-93&Prime;,\u00a0\u00bbname\u00a0\u00bb:\u00a0\u00bbSeine-Saint-Denis\u00a0\u00bb,\u00a0\u00bbsite\u00a0\u00bb:{}},{\u00ab\u00a0_id\u00a0\u00bb:\u00a0\u00bb\/val-de-marne-94&Prime;,\u00a0\u00bbname\u00a0\u00bb:\u00a0\u00bbVal-de-Marne\u00a0\u00bb,\u00a0\u00bbsite\u00a0\u00bb:{}},{\u00ab\u00a0_id\u00a0\u00bb:\u00a0\u00bb\/val-d-oise-95&Prime;,\u00a0\u00bbname\u00a0\u00bb:\u00a0\u00bbVal-d&rsquo;Oise\u00a0\u00bb,\u00a0\u00bbsite\u00a0\u00bb:{}},{\u00ab\u00a0_id\u00a0\u00bb:\u00a0\u00bb\/seine-et-marne-77&Prime;,\u00a0\u00bbname\u00a0\u00bb:\u00a0\u00bbSeine-et-Marne\u00a0\u00bb,\u00a0\u00bbsite\u00a0\u00bb:{}},{\u00ab\u00a0_id\u00a0\u00bb:\u00a0\u00bb\/yvelines-78&Prime;,\u00a0\u00bbname\u00a0\u00bb:\u00a0\u00bbYvelines\u00a0\u00bb,\u00a0\u00bbsite\u00a0\u00bb:{}},{\u00ab\u00a0_id\u00a0\u00bb:\u00a0\u00bb\/oise-60&Prime;,\u00a0\u00bbname\u00a0\u00bb:\u00a0\u00bbOise\u00a0\u00bb,\u00a0\u00bbsite\u00a0\u00bb:{}},{\u00ab\u00a0_id\u00a0\u00bb:\u00a0\u00bblink-75FLE22TTVCJNGKDBSZGJO3IDE\u00a0\u00bb,\u00a0\u00bbdisplay_name\u00a0\u00bb:\u00a0\u00bbTransports\u00a0\u00bb,\u00a0\u00bburl\u00a0\u00bb:\u00a0\u00bb\/info-paris-ile-de-france-oise\/transports\u00a0\u00bb}],\u00a0\u00bbname\u00a0\u00bb:\u00a0\u00bbParis &#038; \u00cele-de-France\u00a0\u00bb,\u00a0\u00bbsite\u00a0\u00bb:{}},{\u00ab\u00a0_id\u00a0\u00bb:\u00a0\u00bb\/faits-divers\u00a0\u00bb,\u00a0\u00bbchildren\u00a0\u00bb:[],\u00a0\u00bbname\u00a0\u00bb:\u00a0\u00bbFaits divers\u00a0\u00bb,\u00a0\u00bbsite\u00a0\u00bb:{}},{\u00ab\u00a0_id\u00a0\u00bb:\u00a0\u00bb\/politique\u00a0\u00bb,\u00a0\u00bbchildren\u00a0\u00bb:[],\u00a0\u00bbname\u00a0\u00bb:\u00a0\u00bbPolitique\u00a0\u00bb,\u00a0\u00bbsite\u00a0\u00bb:{}},{\u00ab\u00a0_id\u00a0\u00bb:\u00a0\u00bb\/international\u00a0\u00bb,\u00a0\u00bbchildren\u00a0\u00bb:[],\u00a0\u00bbname\u00a0\u00bb:\u00a0\u00bbInternational\u00a0\u00bb,\u00a0\u00bbsite\u00a0\u00bb:{}},{\u00ab\u00a0_id\u00a0\u00bb:\u00a0\u00bb\/economie\u00a0\u00bb,\u00a0\u00bbchildren\u00a0\u00bb:[],\u00a0\u00bbname\u00a0\u00bb:\u00a0\u00bb\u00c9conomie\u00a0\u00bb,\u00a0\u00bbsite\u00a0\u00bb:{}},{\u00ab\u00a0_id\u00a0\u00bb:\u00a0\u00bb\/societe\u00a0\u00bb,\u00a0\u00bbchildren\u00a0\u00bb:[],\u00a0\u00bbname\u00a0\u00bb:\u00a0\u00bbSoci\u00e9t\u00e9\u00a0\u00bb,\u00a0\u00bbsite\u00a0\u00bb:{}},{\u00ab\u00a0_id\u00a0\u00bb:\u00a0\u00bb\/sports\u00a0\u00bb,\u00a0\u00bbchildren\u00a0\u00bb:[],\u00a0\u00bbname\u00a0\u00bb:\u00a0\u00bbSports\u00a0\u00bb,\u00a0\u00bbsite\u00a0\u00bb:{}},{\u00ab\u00a0_id\u00a0\u00bb:\u00a0\u00bblink-QLQZ57ZTZRDSRDLYKVZN3AOLGE\u00a0\u00bb,\u00a0\u00bbchildren\u00a0\u00bb:[],\u00a0\u00bbdisplay_name\u00a0\u00bb:\u00a0\u00bbCulture\u00a0\u00bb,\u00a0\u00bburl\u00a0\u00bb:\u00a0\u00bb\/culture-loisirs\u00a0\u00bb},{\u00ab\u00a0_id\u00a0\u00bb:\u00a0\u00bblink-XVPDWNMJGN44D3KKNCHA0WJ9C0&Prime;,\u00a0\u00bbchildren\u00a0\u00bb:[],\u00a0\u00bbdisplay_name\u00a0\u00bb:\u00a0\u00bb\u00c9tudiant\u00a0\u00bb,\u00a0\u00bburl\u00a0\u00bb:\u00a0\u00bb\/etudiant\u00a0\u00bb},{\u00ab\u00a0_id\u00a0\u00bb:\u00a0\u00bb\/video\u00a0\u00bb,\u00a0\u00bbchildren\u00a0\u00bb:[],\u00a0\u00bbname\u00a0\u00bb:\u00a0\u00bbVid\u00e9os\u00a0\u00bb,\u00a0\u00bbsite\u00a0\u00bb:{}},{\u00ab\u00a0_id\u00a0\u00bb:\u00a0\u00bb\/guide-shopping\u00a0\u00bb,\u00a0\u00bbchildren\u00a0\u00bb:[],\u00a0\u00bbname\u00a0\u00bb:\u00a0\u00bbGuide d&rsquo;achat\u00a0\u00bb,\u00a0\u00bbsite\u00a0\u00bb:{}},{\u00ab\u00a0_id\u00a0\u00bb:\u00a0\u00bblink-LQXHVOZW6FENBABZ5WUDIF4TWA\u00a0\u00bb,\u00a0\u00bbchildren\u00a0\u00bb:[],\u00a0\u00bbdisplay_name\u00a0\u00bb:\u00a0\u00bbJardin\u00a0\u00bb,\u00a0\u00bburl\u00a0\u00bb:\u00a0\u00bbhttps:\/\/www.leparisien.fr\/jardin\/\u00a0\u00bb}],\u00a0\u00bb_id\u00a0\u00bb:\u00a0\u00bbhttps:\/\/www.leparisien.fr\/\u00a0\u00bb},\u00a0\u00bbexpires\u00a0\u00bb:1759065773248,\u00a0\u00bblastModified\u00a0\u00bb:1759065172861},\u00a0\u00bb{\\\u00a0\u00bb_id\\\u00a0\u00bb:\\\u00a0\u00bb\/\\\u00a0\u00bb,\\\u00a0\u00bb_website\\\u00a0\u00bb:\\\u00a0\u00bbleparisien\\\u00a0\u00bb,\\\u00a0\u00bbhierarchy\\\u00a0\u00bb:\\\u00a0\u00bbentretien-exterieurs\\\u00a0\u00bb}\u00a0\u00bb:{\u00ab\u00a0data\u00a0\u00bb:{\u00ab\u00a0_website\u00a0\u00bb:\u00a0\u00bbleparisien\u00a0\u00bb,\u00a0\u00bb_id\u00a0\u00bb:\u00a0\u00bbhttps:\/\/www.leparisien.fr\/\u00a0\u00bb,\u00a0\u00bbname\u00a0\u00bb:\u00a0\u00bbLe Parisien\u00a0\u00bb,\u00a0\u00bbnode_type\u00a0\u00bb:\u00a0\u00bbsection\u00a0\u00bb,\u00a0\u00bbchildren\u00a0\u00bb:[{\u00ab\u00a0_id\u00a0\u00bb:\u00a0\u00bblink-YI4EOL6FFJA6HAECOJ6X5PNFGQ\u00a0\u00bb,\u00a0\u00bb_website\u00a0\u00bb:\u00a0\u00bbleparisien\u00a0\u00bb,\u00a0\u00bbdisplay_name\u00a0\u00bb:\u00a0\u00bbEntretien pelouse\u00a0\u00bb,\u00a0\u00bburl\u00a0\u00bb:\u00a0\u00bbhttps:\/\/www.leparisien.fr\/jardin\/services\/service-de-tonte-de-pelouse-et-entretien-UXUAFJVETFANPOHQVBCWEY6JRY.php\u00a0\u00bb,\u00a0\u00bbparent\u00a0\u00bb:{\u00ab\u00a0entretien-exterieurs\u00a0\u00bb:\u00a0\u00bbhttps:\/\/www.leparisien.fr\/\u00a0\u00bb},\u00a0\u00bborder\u00a0\u00bb:{\u00ab\u00a0entretien-exterieurs\u00a0\u00bb:1001},\u00a0\u00bbnode_type\u00a0\u00bb:\u00a0\u00bblink\u00a0\u00bb,\u00a0\u00bbchildren\u00a0\u00bb:[]},{\u00ab\u00a0_id\u00a0\u00bb:\u00a0\u00bblink-QHZUEYCPWND5DFFQ3V3WZ42X4Q\u00a0\u00bb,\u00a0\u00bb_website\u00a0\u00bb:\u00a0\u00bbleparisien\u00a0\u00bb,\u00a0\u00bbdisplay_name\u00a0\u00bb:\u00a0\u00bbAbattage d\u2019arbre\u00a0\u00bb,\u00a0\u00bburl\u00a0\u00bb:\u00a0\u00bbhttps:\/\/www.leparisien.fr\/jardin\/services\/service-dabattage-darbre-KEDQ2XNJ5JE65ECP5G6A4OFA6M.php\u00a0\u00bb,\u00a0\u00bbparent\u00a0\u00bb:{\u00ab\u00a0entretien-exterieurs\u00a0\u00bb:\u00a0\u00bbhttps:\/\/www.leparisien.fr\/\u00a0\u00bb},\u00a0\u00bborder\u00a0\u00bb:{\u00ab\u00a0entretien-exterieurs\u00a0\u00bb:1002},\u00a0\u00bbnode_type\u00a0\u00bb:\u00a0\u00bblink\u00a0\u00bb,\u00a0\u00bbchildren\u00a0\u00bb:[]},{\u00ab\u00a0_id\u00a0\u00bb:\u00a0\u00bblink-SHCWNUIWDZGYBJVJT76ATZYOUQ\u00a0\u00bb,\u00a0\u00bb_website\u00a0\u00bb:\u00a0\u00bbleparisien\u00a0\u00bb,\u00a0\u00bbdisplay_name\u00a0\u00bb:\u00a0\u00bbPaysagiste\u00a0\u00bb,\u00a0\u00bburl\u00a0\u00bb:\u00a0\u00bbhttps:\/\/www.leparisien.fr\/jardin\/services\/paysagiste-a-domicile-QUI524ONOZF23ALVTGSD5O4PR4.php\u00a0\u00bb,\u00a0\u00bbparent\u00a0\u00bb:{\u00ab\u00a0entretien-exterieurs\u00a0\u00bb:\u00a0\u00bbhttps:\/\/www.leparisien.fr\/\u00a0\u00bb},\u00a0\u00bborder\u00a0\u00bb:{\u00ab\u00a0entretien-exterieurs\u00a0\u00bb:1003},\u00a0\u00bbnode_type\u00a0\u00bb:\u00a0\u00bblink\u00a0\u00bb,\u00a0\u00bbchildren\u00a0\u00bb:[]},{\u00ab\u00a0_id\u00a0\u00bb:\u00a0\u00bblink-OTRMJ6S5AZCIHKJAQA7LHTM57A\u00a0\u00bb,\u00a0\u00bb_website\u00a0\u00bb:\u00a0\u00bbleparisien\u00a0\u00bb,\u00a0\u00bbdisplay_name\u00a0\u00bb:\u00a0\u00bbEntretien du jardin\u00a0\u00bb,\u00a0\u00bburl\u00a0\u00bb:\u00a0\u00bbhttps:\/\/www.leparisien.fr\/jardin\/services\/jardinage-a-domicile-et-entretien-du-jardin-AQH777DWHBGYRDDQQNY33VDI5A.php\u00a0\u00bb,\u00a0\u00bbparent\u00a0\u00bb:{\u00ab\u00a0entretien-exterieurs\u00a0\u00bb:\u00a0\u00bbhttps:\/\/www.leparisien.fr\/\u00a0\u00bb},\u00a0\u00bborder\u00a0\u00bb:{\u00ab\u00a0entretien-exterieurs\u00a0\u00bb:1004},\u00a0\u00bbnode_type\u00a0\u00bb:\u00a0\u00bblink\u00a0\u00bb,\u00a0\u00bbchildren\u00a0\u00bb:[]},{\u00ab\u00a0_id\u00a0\u00bb:\u00a0\u00bblink-UQYSFQ6RZFC77EOGHBFPVPAJIA\u00a0\u00bb,\u00a0\u00bb_website\u00a0\u00bb:\u00a0\u00bbleparisien\u00a0\u00bb,\u00a0\u00bbdisplay_name\u00a0\u00bb:\u00a0\u00bbAm\u00e9nagement terrasse\u00a0\u00bb,\u00a0\u00bburl\u00a0\u00bb:\u00a0\u00bbhttps:\/\/www.leparisien.fr\/jardin\/service-8-construction-pose-et-amenagement-terrasse-NQ73NXTBLVAANAE26BG36RZVVE.php\u00a0\u00bb,\u00a0\u00bbparent\u00a0\u00bb:{\u00ab\u00a0entretien-exterieurs\u00a0\u00bb:\u00a0\u00bbhttps:\/\/www.leparisien.fr\/\u00a0\u00bb},\u00a0\u00bborder\u00a0\u00bb:{\u00ab\u00a0entretien-exterieurs\u00a0\u00bb:1005},\u00a0\u00bbnode_type\u00a0\u00bb:\u00a0\u00bblink\u00a0\u00bb,\u00a0\u00bbchildren\u00a0\u00bb:[]},{\u00ab\u00a0_id\u00a0\u00bb:\u00a0\u00bblink-3UU5LBEHNJCU5BWIN4T2UMWXSI\u00a0\u00bb,\u00a0\u00bb_website\u00a0\u00bb:\u00a0\u00bbleparisien\u00a0\u00bb,\u00a0\u00bbdisplay_name\u00a0\u00bb:\u00a0\u00bbEntretien arbres\u00a0\u00bb,\u00a0\u00bburl\u00a0\u00bb:\u00a0\u00bbhttps:\/\/www.leparisien.fr\/jardin\/services\/elagage-et-taille-darbre-a-domicile-GGWHSQVRJNCE3D3TIW642IWJVM.php\u00a0\u00bb,\u00a0\u00bbparent\u00a0\u00bb:{\u00ab\u00a0entretien-exterieurs\u00a0\u00bb:\u00a0\u00bbhttps:\/\/www.leparisien.fr\/\u00a0\u00bb},\u00a0\u00bborder\u00a0\u00bb:{\u00ab\u00a0entretien-exterieurs\u00a0\u00bb:1006},\u00a0\u00bbnode_type\u00a0\u00bb:\u00a0\u00bblink\u00a0\u00bb,\u00a0\u00bbchildren\u00a0\u00bb:[]},{\u00ab\u00a0_id\u00a0\u00bb:\u00a0\u00bblink-RVEZGAZJ6FCUNLDQZZ2LL24GEI\u00a0\u00bb,\u00a0\u00bb_website\u00a0\u00bb:\u00a0\u00bbleparisien\u00a0\u00bb,\u00a0\u00bbdisplay_name\u00a0\u00bb:\u00a0\u00bbAm\u00e9nagement all\u00e9e de jardin\u00a0\u00bb,\u00a0\u00bburl\u00a0\u00bb:\u00a0\u00bbhttps:\/\/www.leparisien.fr\/jardin\/services\/amenagement-allee-de-jardin-6P3X3ZM7OJFPTAEM4T463C3AKI.php\u00a0\u00bb,\u00a0\u00bbparent\u00a0\u00bb:{\u00ab\u00a0entretien-exterieurs\u00a0\u00bb:\u00a0\u00bbhttps:\/\/www.leparisien.fr\/\u00a0\u00bb},\u00a0\u00bborder\u00a0\u00bb:{\u00ab\u00a0entretien-exterieurs\u00a0\u00bb:1007},\u00a0\u00bbnode_type\u00a0\u00bb:\u00a0\u00bblink\u00a0\u00bb,\u00a0\u00bbchildren\u00a0\u00bb:[]},{\u00ab\u00a0_id\u00a0\u00bb:\u00a0\u00bblink-M3IOR4HBAZDMLLAWM5ZP62YSGU\u00a0\u00bb,\u00a0\u00bb_website\u00a0\u00bb:\u00a0\u00bbleparisien\u00a0\u00bb,\u00a0\u00bbdisplay_name\u00a0\u00bb:\u00a0\u00bbPose de v\u00e9randa\u00a0\u00bb,\u00a0\u00bburl\u00a0\u00bb:\u00a0\u00bbhttps:\/\/www.leparisien.fr\/jardin\/services\/installation-de-veranda-NFM4CXHW5BASZF3YMM75OLPZGI.php\u00a0\u00bb,\u00a0\u00bbparent\u00a0\u00bb:{\u00ab\u00a0entretien-exterieurs\u00a0\u00bb:\u00a0\u00bbhttps:\/\/www.leparisien.fr\/\u00a0\u00bb},\u00a0\u00bborder\u00a0\u00bb:{\u00ab\u00a0entretien-exterieurs\u00a0\u00bb:1008},\u00a0\u00bbnode_type\u00a0\u00bb:\u00a0\u00bblink\u00a0\u00bb,\u00a0\u00bbchildren\u00a0\u00bb:[]},{\u00ab\u00a0_id\u00a0\u00bb:\u00a0\u00bblink-DWIGRU3PZVHBTCB7D4IY3KLKJQ\u00a0\u00bb,\u00a0\u00bb_website\u00a0\u00bb:\u00a0\u00bbleparisien\u00a0\u00bb,\u00a0\u00bbdisplay_name\u00a0\u00bb:\u00a0\u00bbInstallation de portail\u00a0\u00bb,\u00a0\u00bburl\u00a0\u00bb:\u00a0\u00bbhttps:\/\/www.leparisien.fr\/jardin\/services\/installation-de-portail-ZJQTCSYIDZCDNN4LUCWGSZKCVQ.php\u00a0\u00bb,\u00a0\u00bbparent\u00a0\u00bb:{\u00ab\u00a0entretien-exterieurs\u00a0\u00bb:\u00a0\u00bbhttps:\/\/www.leparisien.fr\/\u00a0\u00bb},\u00a0\u00bborder\u00a0\u00bb:{\u00ab\u00a0entretien-exterieurs\u00a0\u00bb:1009},\u00a0\u00bbnode_type\u00a0\u00bb:\u00a0\u00bblink\u00a0\u00bb,\u00a0\u00bbchildren\u00a0\u00bb:[]},{\u00ab\u00a0_id\u00a0\u00bb:\u00a0\u00bblink-TRYZEMHRZZBYNNEVCQFDCFGDIM\u00a0\u00bb,\u00a0\u00bb_website\u00a0\u00bb:\u00a0\u00bbleparisien\u00a0\u00bb,\u00a0\u00bbdisplay_name\u00a0\u00bb:\u00a0\u00bbPose de pergola\u00a0\u00bb,\u00a0\u00bburl\u00a0\u00bb:\u00a0\u00bbhttps:\/\/www.leparisien.fr\/jardin\/services\/installation-de-pergola-ZRO4E2TKBFHRJKT67BCVDCPNZQ.php\u00a0\u00bb,\u00a0\u00bbparent\u00a0\u00bb:{\u00ab\u00a0entretien-exterieurs\u00a0\u00bb:\u00a0\u00bbhttps:\/\/www.leparisien.fr\/\u00a0\u00bb},\u00a0\u00bborder\u00a0\u00bb:{\u00ab\u00a0entretien-exterieurs\u00a0\u00bb:1010},\u00a0\u00bbnode_type\u00a0\u00bb:\u00a0\u00bblink\u00a0\u00bb,\u00a0\u00bbchildren\u00a0\u00bb:[]},{\u00ab\u00a0_id\u00a0\u00bb:\u00a0\u00bblink-FCJB4JG6VVBFLO5V43KDRZQKWY\u00a0\u00bb,\u00a0\u00bb_website\u00a0\u00bb:\u00a0\u00bbleparisien\u00a0\u00bb,\u00a0\u00bbdisplay_name\u00a0\u00bb:\u00a0\u00bbPose de store banne\u00a0\u00bb,\u00a0\u00bburl\u00a0\u00bb:\u00a0\u00bbhttps:\/\/www.leparisien.fr\/jardin\/services\/pose-et-installation-de-store-banne-65NHO65FZ5BA7OMFGJR76XNCAI.php\u00a0\u00bb,\u00a0\u00bbparent\u00a0\u00bb:{\u00ab\u00a0entretien-exterieurs\u00a0\u00bb:\u00a0\u00bbhttps:\/\/www.leparisien.fr\/\u00a0\u00bb},\u00a0\u00bborder\u00a0\u00bb:{\u00ab\u00a0entretien-exterieurs\u00a0\u00bb:1011},\u00a0\u00bbnode_type\u00a0\u00bb:\u00a0\u00bblink\u00a0\u00bb,\u00a0\u00bbchildren\u00a0\u00bb:[]},{\u00ab\u00a0_id\u00a0\u00bb:\u00a0\u00bblink-GVITD3GYK5EEZD4VYJKLJYKWY4&Prime;,\u00a0\u00bb_website\u00a0\u00bb:\u00a0\u00bbleparisien\u00a0\u00bb,\u00a0\u00bbdisplay_name\u00a0\u00bb:\u00a0\u00bbMontage d\u2019abri de jardin\u00a0\u00bb,\u00a0\u00bburl\u00a0\u00bb:\u00a0\u00bbhttps:\/\/www.leparisien.fr\/jardin\/services\/montage-abri-de-jardin-GD7FELN37RHX3FBK2M3QHUJ3SU.php\u00a0\u00bb,\u00a0\u00bbparent\u00a0\u00bb:{\u00ab\u00a0entretien-exterieurs\u00a0\u00bb:\u00a0\u00bbhttps:\/\/www.leparisien.fr\/\u00a0\u00bb},\u00a0\u00bborder\u00a0\u00bb:{\u00ab\u00a0entretien-exterieurs\u00a0\u00bb:1012},\u00a0\u00bbnode_type\u00a0\u00bb:\u00a0\u00bblink\u00a0\u00bb,\u00a0\u00bbchildren\u00a0\u00bb:[]}]},\u00a0\u00bbexpires\u00a0\u00bb:1759065461541,\u00a0\u00bblastModified\u00a0\u00bb:1759064861281},\u00a0\u00bb{\\\u00a0\u00bb_id\\\u00a0\u00bb:\\\u00a0\u00bb\/\\\u00a0\u00bb,\\\u00a0\u00bb_website\\\u00a0\u00bb:\\\u00a0\u00bbleparisien\\\u00a0\u00bb,\\\u00a0\u00bbhierarchy\\\u00a0\u00bb:\\\u00a0\u00bbservices-guide\\\u00a0\u00bb}\u00a0\u00bb:{\u00ab\u00a0data\u00a0\u00bb:{\u00ab\u00a0_website\u00a0\u00bb:\u00a0\u00bbleparisien\u00a0\u00bb,\u00a0\u00bb_id\u00a0\u00bb:\u00a0\u00bbhttps:\/\/www.leparisien.fr\/\u00a0\u00bb,\u00a0\u00bbname\u00a0\u00bb:\u00a0\u00bbLe Parisien\u00a0\u00bb,\u00a0\u00bbnode_type\u00a0\u00bb:\u00a0\u00bbsection\u00a0\u00bb,\u00a0\u00bbchildren\u00a0\u00bb:[{\u00ab\u00a0_id\u00a0\u00bb:\u00a0\u00bblink-59YEJQQ6Z52BQE6R88DXY0YW34&Prime;,\u00a0\u00bb_website\u00a0\u00bb:\u00a0\u00bbleparisien\u00a0\u00bb,\u00a0\u00bbdisplay_name\u00a0\u00bb:\u00a0\u00bbMots fl\u00e9ch\u00e9s, sudoku\u00a0\u00bb,\u00a0\u00bburl\u00a0\u00bb:\u00a0\u00bbhttps:\/\/www.leparisien.fr\/jeux\/\u00a0\u00bb,\u00a0\u00bbparent\u00a0\u00bb:{\u00ab\u00a0services-guide\u00a0\u00bb:\u00a0\u00bbhttps:\/\/www.leparisien.fr\/\u00a0\u00bb},\u00a0\u00bborder\u00a0\u00bb:{\u00ab\u00a0services-guide\u00a0\u00bb:1002},\u00a0\u00bbnode_type\u00a0\u00bb:\u00a0\u00bblink\u00a0\u00bb,\u00a0\u00bbchildren\u00a0\u00bb:[]},{\u00ab\u00a0_id\u00a0\u00bb:\u00a0\u00bblink-WAYF4CY86X1BFCN83Q28XT4DFR\u00a0\u00bb,\u00a0\u00bb_website\u00a0\u00bb:\u00a0\u00bbleparisien\u00a0\u00bb,\u00a0\u00bbdisplay_name\u00a0\u00bb:\u00a0\u00bbCitations et proverbes\u00a0\u00bb,\u00a0\u00bburl\u00a0\u00bb:\u00a0\u00bbhttps:\/\/citation-celebre.leparisien.fr\/\u00a0\u00bb,\u00a0\u00bbparent\u00a0\u00bb:{\u00ab\u00a0services-guide\u00a0\u00bb:\u00a0\u00bbhttps:\/\/www.leparisien.fr\/\u00a0\u00bb},\u00a0\u00bborder\u00a0\u00bb:{\u00ab\u00a0services-guide\u00a0\u00bb:1004},\u00a0\u00bbnode_type\u00a0\u00bb:\u00a0\u00bblink\u00a0\u00bb,\u00a0\u00bbchildren\u00a0\u00bb:[]},{\u00ab\u00a0_id\u00a0\u00bb:\u00a0\u00bblink-YCD7TVQE112GKA3CJVBMME9CH8&Prime;,\u00a0\u00bb_website\u00a0\u00bb:\u00a0\u00bbleparisien\u00a0\u00bb,\u00a0\u00bbdisplay_name\u00a0\u00bb:\u00a0\u00bbBilletterie\u00a0\u00bb,\u00a0\u00bburl\u00a0\u00bb:\u00a0\u00bbhttps:\/\/www.ticketmaster.fr\/fr\/index\/idtier\/43209120&Prime;,\u00a0\u00bbparent\u00a0\u00bb:{\u00ab\u00a0burger-menu\u00a0\u00bb:\u00a0\u00bb\/nos-services\u00a0\u00bb,\u00a0\u00bbservices-guide\u00a0\u00bb:\u00a0\u00bbhttps:\/\/www.leparisien.fr\/\u00a0\u00bb},\u00a0\u00bborder\u00a0\u00bb:{\u00ab\u00a0burger-menu\u00a0\u00bb:2007,\u00a0\u00bbservices-guide\u00a0\u00bb:1005},\u00a0\u00bbnode_type\u00a0\u00bb:\u00a0\u00bblink\u00a0\u00bb,\u00a0\u00bbchildren\u00a0\u00bb:[]},{\u00ab\u00a0_id\u00a0\u00bb:\u00a0\u00bblink-DS2YVERH4ZGG5IG4OFN65TGF6M\u00a0\u00bb,\u00a0\u00bb_website\u00a0\u00bb:\u00a0\u00bbleparisien\u00a0\u00bb,\u00a0\u00bbdisplay_name\u00a0\u00bb:\u00a0\u00bbAnnonces immobili\u00e8res\u00a0\u00bb,\u00a0\u00bburl\u00a0\u00bb:\u00a0\u00bbhttps:\/\/www.leparisien.fr\/nos-services\/annonces-immobilieres\/\u00a0\u00bb,\u00a0\u00bbparent\u00a0\u00bb:{\u00ab\u00a0menu\u00a0\u00bb:\u00a0\u00bb\/annonces\u00a0\u00bb,\u00a0\u00bbservices-guide\u00a0\u00bb:\u00a0\u00bbhttps:\/\/www.leparisien.fr\/\u00a0\u00bb},\u00a0\u00bborder\u00a0\u00bb:{\u00ab\u00a0menu\u00a0\u00bb:2001,\u00a0\u00bbservices-guide\u00a0\u00bb:1006},\u00a0\u00bbnode_type\u00a0\u00bb:\u00a0\u00bblink\u00a0\u00bb,\u00a0\u00bbchildren\u00a0\u00bb:[]},{\u00ab\u00a0_id\u00a0\u00bb:\u00a0\u00bblink-R1JENZM0WN1DKEXZ8138W77T1R\u00a0\u00bb,\u00a0\u00bb_website\u00a0\u00bb:\u00a0\u00bbleparisien\u00a0\u00bb,\u00a0\u00bbdisplay_name\u00a0\u00bb:\u00a0\u00bbBlog de vin\u00a0\u00bb,\u00a0\u00bburl\u00a0\u00bb:\u00a0\u00bbhttp:\/\/lesgrappes.leparisien.fr\/\u00a0\u00bb,\u00a0\u00bbparent\u00a0\u00bb:{\u00ab\u00a0services-guide\u00a0\u00bb:\u00a0\u00bbhttps:\/\/www.leparisien.fr\/\u00a0\u00bb},\u00a0\u00bborder\u00a0\u00bb:{\u00ab\u00a0services-guide\u00a0\u00bb:1008},\u00a0\u00bbnode_type\u00a0\u00bb:\u00a0\u00bblink\u00a0\u00bb,\u00a0\u00bbchildren\u00a0\u00bb:[]},{\u00ab\u00a0_id\u00a0\u00bb:\u00a0\u00bblink-15VBQMHKHH55ZFTM89WBP6TRHG\u00a0\u00bb,\u00a0\u00bb_website\u00a0\u00bb:\u00a0\u00bbleparisien\u00a0\u00bb,\u00a0\u00bbdisplay_name\u00a0\u00bb:\u00a0\u00bbAvis de d\u00e9c\u00e8s\u00a0\u00bb,\u00a0\u00bburl\u00a0\u00bb:\u00a0\u00bbhttps:\/\/carnet.leparisien.fr\u00a0\u00bb,\u00a0\u00bbparent\u00a0\u00bb:{\u00ab\u00a0services-guide\u00a0\u00bb:\u00a0\u00bbhttps:\/\/www.leparisien.fr\/\u00a0\u00bb},\u00a0\u00bborder\u00a0\u00bb:{\u00ab\u00a0services-guide\u00a0\u00bb:1009},\u00a0\u00bbnode_type\u00a0\u00bb:\u00a0\u00bblink\u00a0\u00bb,\u00a0\u00bbchildren\u00a0\u00bb:[]},{\u00ab\u00a0_id\u00a0\u00bb:\u00a0\u00bblink-KKP5NQR14T4ZXB8AYAJMFAPQBR\u00a0\u00bb,\u00a0\u00bb_website\u00a0\u00bb:\u00a0\u00bbleparisien\u00a0\u00bb,\u00a0\u00bbdisplay_name\u00a0\u00bb:\u00a0\u00bbAnnonces l\u00e9gales\u00a0\u00bb,\u00a0\u00bburl\u00a0\u00bb:\u00a0\u00bbhttps:\/\/www.annonces-legales.fr\/lp\/leparisien\/choisir-votre-journal\u00a0\u00bb,\u00a0\u00bbparent\u00a0\u00bb:{\u00ab\u00a0services-guide\u00a0\u00bb:\u00a0\u00bbhttps:\/\/www.leparisien.fr\/\u00a0\u00bb},\u00a0\u00bborder\u00a0\u00bb:{\u00ab\u00a0services-guide\u00a0\u00bb:1010},\u00a0\u00bbnode_type\u00a0\u00bb:\u00a0\u00bblink\u00a0\u00bb,\u00a0\u00bbchildren\u00a0\u00bb:[]},{\u00ab\u00a0_id\u00a0\u00bb:\u00a0\u00bblink-0HTUYEWW6136F3MYJF4P38B7A8&Prime;,\u00a0\u00bb_website\u00a0\u00bb:\u00a0\u00bbleparisien\u00a0\u00bb,\u00a0\u00bbdisplay_name\u00a0\u00bb:\u00a0\u00bbMarch\u00e9s publics\u00a0\u00bb,\u00a0\u00bburl\u00a0\u00bb:\u00a0\u00bbhttps:\/\/avisdemarches.leparisien.fr\/\u00a0\u00bb,\u00a0\u00bbparent\u00a0\u00bb:{\u00ab\u00a0services-guide\u00a0\u00bb:\u00a0\u00bbhttps:\/\/www.leparisien.fr\/\u00a0\u00bb},\u00a0\u00bborder\u00a0\u00bb:{\u00ab\u00a0services-guide\u00a0\u00bb:1011},\u00a0\u00bbnode_type\u00a0\u00bb:\u00a0\u00bblink\u00a0\u00bb,\u00a0\u00bbchildren\u00a0\u00bb:[]}]},\u00a0\u00bbexpires\u00a0\u00bb:1759065552039,\u00a0\u00bblastModified\u00a0\u00bb:1759064951710},\u00a0\u00bb{\\\u00a0\u00bb_id\\\u00a0\u00bb:\\\u00a0\u00bb\/\\\u00a0\u00bb,\\\u00a0\u00bb_website\\\u00a0\u00bb:\\\u00a0\u00bbleparisien\\\u00a0\u00bb,\\\u00a0\u00bbhierarchy\\\u00a0\u00bb:\\\u00a0\u00bbfooter-last\\\u00a0\u00bb}\u00a0\u00bb:{\u00ab\u00a0data\u00a0\u00bb:{\u00ab\u00a0children\u00a0\u00bb:[{\u00ab\u00a0display_name\u00a0\u00bb:\u00a0\u00bbNous \u00e9crire\u00a0\u00bb,\u00a0\u00bburl\u00a0\u00bb:\u00a0\u00bbhttps:\/\/www.leparisien.fr\/contact\/\u00a0\u00bb},{\u00ab\u00a0display_name\u00a0\u00bb:\u00a0\u00bbQui sommes nous ?\u00a0\u00bb,\u00a0\u00bburl\u00a0\u00bb:\u00a0\u00bbhttps:\/\/www.leparisien.fr\/qui-sommes-nous\/\u00a0\u00bb},{\u00ab\u00a0display_name\u00a0\u00bb:\u00a0\u00bbNos chartes\u00a0\u00bb,\u00a0\u00bburl\u00a0\u00bb:\u00a0\u00bbhttps:\/\/www.leparisien.fr\/charte.php\u00a0\u00bb},{\u00ab\u00a0display_name\u00a0\u00bb:\u00a0\u00bbCGU\u00a0\u00bb,\u00a0\u00bburl\u00a0\u00bb:\u00a0\u00bbhttps:\/\/www.leparisien.fr\/cgu\/\u00a0\u00bb},{\u00ab\u00a0display_name\u00a0\u00bb:\u00a0\u00bbPolitique de confidentialit\u00e9\u00a0\u00bb,\u00a0\u00bburl\u00a0\u00bb:\u00a0\u00bbhttps:\/\/www.leparisien.fr\/politique-confidentialite\/\u00a0\u00bb},{\u00ab\u00a0display_name\u00a0\u00bb:\u00a0\u00bbGestion des cookies\u00a0\u00bb,\u00a0\u00bburl\u00a0\u00bb:\u00a0\u00bbhttps:\/\/www.leparisien.fr\/cookies\/\u00a0\u00bb},{\u00ab\u00a0display_name\u00a0\u00bb:\u00a0\u00bbEspace pro\u00a0\u00bb,\u00a0\u00bburl\u00a0\u00bb:\u00a0\u00bbhttps:\/\/www.leparisien.fr\/espace-professionnel\/\u00a0\u00bb},{\u00ab\u00a0display_name\u00a0\u00bb:\u00a0\u00bbEspace presse\u00a0\u00bb,\u00a0\u00bburl\u00a0\u00bb:\u00a0\u00bbhttp:\/\/pressroom-lesechos-leparisien.com\/\u00a0\u00bb}],\u00a0\u00bb_id\u00a0\u00bb:\u00a0\u00bbhttps:\/\/www.leparisien.fr\/\u00a0\u00bb},\u00a0\u00bbexpires\u00a0\u00bb:1759065956559,\u00a0\u00bblastModified\u00a0\u00bb:1759065356289}},\u00a0\u00bbstory-card-feed-fullquery\u00a0\u00bb:{\u00ab\u00a0{\\\u00a0\u00bb_id\\\u00a0\u00bb:\\\u00a0\u00bbVQDPHE5LJJHLDMWJV3DAEVCPVM\\\u00a0\u00bb,\\\u00a0\u00bbfilterContent\\\u00a0\u00bb:[\\\u00a0\u00bb_id\\\u00a0\u00bb,\\\u00a0\u00bbheadlines\\\u00a0\u00bb,\\\u00a0\u00bbwebsite_url\\\u00a0\u00bb,\\\u00a0\u00bblabel\\\u00a0\u00bb],\\\u00a0\u00bboffset\\\u00a0\u00bb:0,\\\u00a0\u00bbprimarySectionId\\\u00a0\u00bb:\\\u00a0\u00bb\/faits-divers\\\u00a0\u00bb,\\\u00a0\u00bbsecondarySectionPath\\\u00a0\u00bb:\\\u00a0\u00bb\\\\\\\u00a0\u00bb\/faits-divers\\\\\\\u00a0\u00bb,\\\\\\\u00a0\u00bb\/rhone-69\\\\\\\u00a0\u00bb,\\\\\\\u00a0\u00bb\/en-region\\\\\\\u00a0\u00bb\\\u00a0\u00bb,\\\u00a0\u00bbsize\\\u00a0\u00bb:3,\\\u00a0\u00bbsubtype\\\u00a0\u00bb:\\\u00a0\u00bbarticle_live\\\u00a0\u00bb}\u00a0\u00bb:{\u00ab\u00a0data\u00a0\u00bb:{\u00ab\u00a0content_elements\u00a0\u00bb:[],\u00a0\u00bbcount\u00a0\u00bb:164,\u00a0\u00bbnext\u00a0\u00bb:3,\u00a0\u00bb_id\u00a0\u00bb:\u00a0\u00bbb897b4686dda35623e49b61e64ca670df82df2439f5eeb0fa861747a8ed6798c\u00a0\u00bb},\u00a0\u00bbexpires\u00a0\u00bb:1759065426058,\u00a0\u00bblastModified\u00a0\u00bb:1759065305961},\u00a0\u00bb{\\\u00a0\u00bbexcludeSubtype\\\u00a0\u00bb:\\\u00a0\u00bbarticle_like, article_sponsored\\\u00a0\u00bb,\\\u00a0\u00bboffset\\\u00a0\u00bb:0,\\\u00a0\u00bbsectionPath\\\u00a0\u00bb:\\\u00a0\u00bb\/podcasts\/crime-story\\\u00a0\u00bb,\\\u00a0\u00bbsize\\\u00a0\u00bb:1,\\\u00a0\u00bbwebsite\\\u00a0\u00bb:\\\u00a0\u00bbleparisien\\\u00a0\u00bb}\u00a0\u00bb:{\u00ab\u00a0data\u00a0\u00bb:{\u00ab\u00a0type\u00a0\u00bb:\u00a0\u00bbresults\u00a0\u00bb,\u00a0\u00bbversion\u00a0\u00bb:\u00a0\u00bb0.6.0&Prime;,\u00a0\u00bbcontent_elements\u00a0\u00bb:[{\u00ab\u00a0content_elements\u00a0\u00bb:[{\u00ab\u00a0_id\u00a0\u00bb:\u00a0\u00bbB7ERGBU7RFD4DL6GBX2U7UJWIU\u00a0\u00bb,\u00a0\u00bbadditional_properties\u00a0\u00bb:{\u00ab\u00a0_id\u00a0\u00bb:1678702158698},\u00a0\u00bbtype\u00a0\u00bb:\u00a0\u00bbtext\u00a0\u00bb,\u00a0\u00bbcontent\u00a0\u00bb:\u00a0\u00bb<b>\u00c9coutez Crime story, le podcast de faits divers du Parisien<\/b>\u00ab\u00a0,\u00a0\u00bbcredits\u00a0\u00bb:{\u00ab\u00a0by\u00a0\u00bb:[]}},{\u00ab\u00a0_id\u00a0\u00bb:\u00a0\u00bbW4KBQJNV65BBPBFAAAR6JGGB5M\u00a0\u00bb,\u00a0\u00bbadditional_properties\u00a0\u00bb:{\u00ab\u00a0_id\u00a0\u00bb:\u00a0\u00bbW35A7KXWMBDPVN4ZEZMLS6YJEA\u00a0\u00bb},\u00a0\u00bbtype\u00a0\u00bb:\u00a0\u00bbtext\u00a0\u00bb,\u00a0\u00bbcontent\u00a0\u00bb:\u00a0\u00bb<b>Partie 2<\/b>\u00ab\u00a0,\u00a0\u00bbcredits\u00a0\u00bb:{\u00ab\u00a0by\u00a0\u00bb:[]}},{\u00ab\u00a0_id\u00a0\u00bb:\u00a0\u00bb73J2MRA77ZFGRDEXTUTCCX2IDM\u00a0\u00bb,\u00a0\u00bbtype\u00a0\u00bb:\u00a0\u00bbraw_html\u00a0\u00bb,\u00a0\u00bbcontent\u00a0\u00bb:\u00a0\u00bb\u00a0\u00bb,\u00a0\u00bbcredits\u00a0\u00bb:{\u00ab\u00a0by\u00a0\u00bb:[]}},{\u00ab\u00a0_id\u00a0\u00bb:\u00a0\u00bbMXAT37CPXJBUVP24IROVAPAQMM\u00a0\u00bb,\u00a0\u00bbadditional_properties\u00a0\u00bb:{\u00ab\u00a0_id\u00a0\u00bb:\u00a0\u00bbAKTONKL7CBA5DD7KRGQZUTVW3I\u00a0\u00bb},\u00a0\u00bbtype\u00a0\u00bb:\u00a0\u00bbtext\u00a0\u00bb,\u00a0\u00bbcontent\u00a0\u00bb:\u00a0\u00bbSur votre smartphone ou votre tablette, \u00e9coutez Crime story et abonnez-vous sur :\u00a0\u00bb,\u00a0\u00bbcredits\u00a0\u00bb:{\u00ab\u00a0by\u00a0\u00bb:[]}},{\u00ab\u00a0list_type\u00a0\u00bb:\u00a0\u00bbunordered\u00a0\u00bb,\u00a0\u00bb_id\u00a0\u00bb:\u00a0\u00bbD4PZVVK2MZHXBKC32XMHHOUJCM\u00a0\u00bb,\u00a0\u00bbtype\u00a0\u00bb:\u00a0\u00bblist\u00a0\u00bb,\u00a0\u00bbitems\u00a0\u00bb:[{\u00ab\u00a0_id\u00a0\u00bb:\u00a0\u00bbKBBSFRXHH5H6RAXSW3NGTHCUME\u00a0\u00bb,\u00a0\u00bbadditional_properties\u00a0\u00bb:{\u00ab\u00a0indent\u00a0\u00bb:0},\u00a0\u00bbalignment\u00a0\u00bb:\u00a0\u00bbleft\u00a0\u00bb,\u00a0\u00bbtype\u00a0\u00bb:\u00a0\u00bbtext\u00a0\u00bb,\u00a0\u00bbcontent\u00a0\u00bb:\u00a0\u00bb<a href=\\\"https:\/\/podcasts.apple.com\/fr\/podcast\/crime-story\/id1658362786\\\">Apple Podcast<\/a> (iPhone, iPad)\u00a0\u00bb},{\u00ab\u00a0_id\u00a0\u00bb:\u00a0\u00bbGN3GESZBW5C2ZM3YUTCYIFLWA4&Prime;,\u00a0\u00bbadditional_properties\u00a0\u00bb:{\u00ab\u00a0indent\u00a0\u00bb:0},\u00a0\u00bbalignment\u00a0\u00bb:\u00a0\u00bbleft\u00a0\u00bb,\u00a0\u00bbtype\u00a0\u00bb:\u00a0\u00bbtext\u00a0\u00bb,\u00a0\u00bbcontent\u00a0\u00bb:\u00a0\u00bb<a href=\\\"https:\/\/podcasts.google.com\/feed\/aHR0cHM6Ly9mZWVkcy5hY2FzdC5jb20vcHVibGljL3Nob3dzL2NyaW1lLXN0b3J5?sa=X&amp;ved=0CAMQ4aUDahcKEwjYw6iz9v37AhUAAAAAHQAAAAAQNQ\\\">Google Podcast<\/a> (Android)\u00a0\u00bb},{\u00ab\u00a0_id\u00a0\u00bb:\u00a0\u00bb2RJ6QWAWWBE2VJP3S4PRDSW3JQ\u00a0\u00bb,\u00a0\u00bbadditional_properties\u00a0\u00bb:{\u00ab\u00a0indent\u00a0\u00bb:0},\u00a0\u00bbalignment\u00a0\u00bb:\u00a0\u00bbleft\u00a0\u00bb,\u00a0\u00bbtype\u00a0\u00bb:\u00a0\u00bbtext\u00a0\u00bb,\u00a0\u00bbcontent\u00a0\u00bb:\u00a0\u00bb<a href=\\\"https:\/\/podcastaddict.com\/podcast\/4165015\\\">Podcast Addict<\/a> ou <a href=\\\"https:\/\/castbox.fm\/channel\/Crime-story-id5239051?country=fr\\\">Castbox<\/a>\u00ab\u00a0},{\u00ab\u00a0_id\u00a0\u00bb:\u00a0\u00bbJM2SIISEHVBZLO7LY5UAKZIVG4&Prime;,\u00a0\u00bbadditional_properties\u00a0\u00bb:{\u00ab\u00a0indent\u00a0\u00bb:0},\u00a0\u00bbalignment\u00a0\u00bb:\u00a0\u00bbleft\u00a0\u00bb,\u00a0\u00bbtype\u00a0\u00bb:\u00a0\u00bbtext\u00a0\u00bb,\u00a0\u00bbcontent\u00a0\u00bb:\u00a0\u00bb<a href=\\\"https:\/\/www.deezer.com\/en\/show\/5539447\\\">Deezer<\/a>\u00ab\u00a0},{\u00ab\u00a0_id\u00a0\u00bb:\u00a0\u00bbYCBCFQPNNNFQ7AYJRSIGQWABAI\u00a0\u00bb,\u00a0\u00bbadditional_properties\u00a0\u00bb:{\u00ab\u00a0indent\u00a0\u00bb:0},\u00a0\u00bbalignment\u00a0\u00bb:\u00a0\u00bbleft\u00a0\u00bb,\u00a0\u00bbtype\u00a0\u00bb:\u00a0\u00bbtext\u00a0\u00bb,\u00a0\u00bbcontent\u00a0\u00bb:\u00a0\u00bb<a href=\\\"https:\/\/open.spotify.com\/show\/38EKOHm8o9LflZRiqDmrmf\\\">Spotify<\/a>\u00ab\u00a0}],\u00a0\u00bbcredits\u00a0\u00bb:{\u00ab\u00a0by\u00a0\u00bb:[]}},{\u00ab\u00a0_id\u00a0\u00bb:\u00a0\u00bbFCRCFOOLQND45MYKZLVUNZ5RVQ\u00a0\u00bb,\u00a0\u00bbadditional_properties\u00a0\u00bb:{\u00ab\u00a0_id\u00a0\u00bb:\u00a0\u00bbQ2YUGTQOW5B6ZJIN5BU4RKELOQ\u00a0\u00bb},\u00a0\u00bbalignment\u00a0\u00bb:\u00a0\u00bbleft\u00a0\u00bb,\u00a0\u00bbtype\u00a0\u00bb:\u00a0\u00bbtext\u00a0\u00bb,\u00a0\u00bbcontent\u00a0\u00bb:\u00a0\u00bb<b>R\u00e9sum\u00e9. <\/b>(Sixi\u00e8me et dernier \u00e9pisode). Dans la nuit du mardi 15 d\u00e9cembre au mercredi 16 d\u00e9cembre 2020, <a href=\\\"https:\/\/www.leparisien.fr\/faits-divers\/tarn-l-enigmatique-disparition-de-delphine-mere-de-famille-de-33-ans-20-12-2020-8415313.php\\\" target=\\\"_blank\\\" rel=\\\"noreferrer\\\" title=\\\"https:\/\/www.leparisien.fr\/faits-divers\/tarn-l-enigmatique-disparition-de-delphine-mere-de-famille-de-33-ans-20-12-2020-8415313.php\\\">C\u00e9dric Jubillar signale la disparition de son ex-femme Delphine, infirmi\u00e8re de 33 ans, \u00e0 Cagnac-Les-Mines, dans le Tarn.<\/a> Six mois plus tard, les enqu\u00eateurs disposent d\u2019un faisceau d\u2019indices laissant penser que C\u00e9dric a tu\u00e9 sa conjointe, mais d\u2019aucune preuve irr\u00e9futable. \u00ab\u00a0,\u00a0\u00bbcredits\u00a0\u00bb:{\u00ab\u00a0by\u00a0\u00bb:[]}},{\u00ab\u00a0_id\u00a0\u00bb:\u00a0\u00bbLFBQ2E5K7NEINMMF2KI6S3FMXA\u00a0\u00bb,\u00a0\u00bbadditional_properties\u00a0\u00bb:{},\u00a0\u00bbalignment\u00a0\u00bb:\u00a0\u00bbleft\u00a0\u00bb,\u00a0\u00bbtype\u00a0\u00bb:\u00a0\u00bbtext\u00a0\u00bb,\u00a0\u00bbcontent\u00a0\u00bb:\u00a0\u00bb<a href=\\\"https:\/\/www.leparisien.fr\/faits-divers\/disparition-de-delphine-jubillar-son-mari-cedric-place-en-garde-a-vue-16-06-2021-NSRAI77KCVFTVAWVGSLLE7H3RQ.php\\\" target=\\\"_blank\\\" rel=\\\"noreferrer\\\" title=\\\"https:\/\/www.leparisien.fr\/faits-divers\/disparition-de-delphine-jubillar-son-mari-cedric-place-en-garde-a-vue-16-06-2021-NSRAI77KCVFTVAWVGSLLE7H3RQ.php\\\">Incarc\u00e9r\u00e9 depuis juin 2021, le peintre-plaquiste continue de clamer son innocence<\/a>. Pourtant, \u00e0 l\u2019automne 2021, un ancien co-d\u00e9tenu de C\u00e9dric, r\u00e9cemment lib\u00e9r\u00e9, affirme aux gendarmes <a href=\\\"https:\/\/www.leparisien.fr\/faits-divers\/affaire-jubillar-cedric-ma-dit-avoir-etrangle-delphine-10-07-2025-V6OEZDAEAZAI7P4S2TLJ4BDQQA.php\\\" target=\\\"_blank\\\" rel=\\\"noreferrer\\\" title=\\\"https:\/\/www.leparisien.fr\/faits-divers\/affaire-jubillar-cedric-ma-dit-avoir-etrangle-delphine-10-07-2025-V6OEZDAEAZAI7P4S2TLJ4BDQQA.php\\\">que le suspect lui aurait r\u00e9v\u00e9l\u00e9 l\u2019endroit o\u00f9 il aurait enterr\u00e9 le corps de sa femme<\/a>\u2026\u00a0\u00bb,\u00a0\u00bbcredits\u00a0\u00bb:{\u00ab\u00a0by\u00a0\u00bb:[]}},{\u00ab\u00a0_id\u00a0\u00bb:\u00a0\u00bbQEUIDO3STFBBFO5PA2YZ5QQLD4&Prime;,\u00a0\u00bbadditional_properties\u00a0\u00bb:{},\u00a0\u00bbtype\u00a0\u00bb:\u00a0\u00bbtext\u00a0\u00bb,\u00a0\u00bbcontent\u00a0\u00bb:\u00a0\u00bbDans Crime story, la journaliste Clawdia Prolongeau raconte cette affaire avec Damien Delseny, chef du service police-justice du Parisien. \u00ab\u00a0,\u00a0\u00bbcredits\u00a0\u00bb:{\u00ab\u00a0by\u00a0\u00bb:[]}},{\u00ab\u00a0_id\u00a0\u00bb:\u00a0\u00bb6M7BARPS6FDXREUT6G5DRCLPMQ\u00a0\u00bb,\u00a0\u00bbadditional_properties\u00a0\u00bb:{},\u00a0\u00bbalignment\u00a0\u00bb:\u00a0\u00bbleft\u00a0\u00bb,\u00a0\u00bbtype\u00a0\u00bb:\u00a0\u00bbtext\u00a0\u00bb,\u00a0\u00bbcontent\u00a0\u00bb:\u00a0\u00bb<b>Cr\u00e9dits<\/b>. Direction de la r\u00e9daction : Pierre Chausse &#8211; R\u00e9dacteur en chef : Jules Lavie &#8211; Ecriture et voix : Clawdia Prolongeau et Damien Delseny &#8211; Production : Thibault Lambert, Clara Grouzis et P\u00e9n\u00e9lope Gualchierotti &#8211; R\u00e9alisation et mixage : Julien Montcouquiol &#8211; Musiques : Audio Network. \u00ab\u00a0,\u00a0\u00bbcredits\u00a0\u00bb:{\u00ab\u00a0by\u00a0\u00bb:[]}},{\u00ab\u00a0_id\u00a0\u00bb:\u00a0\u00bbH7OVN6TP7ZEDNLJL7A6JMQMYUY\u00a0\u00bb,\u00a0\u00bbadditional_properties\u00a0\u00bb:{},\u00a0\u00bbtype\u00a0\u00bb:\u00a0\u00bbtext\u00a0\u00bb,\u00a0\u00bbcontent\u00a0\u00bb:\u00a0\u00bb<b>Documentation.<\/b>\u00ab\u00a0,\u00a0\u00bbcredits\u00a0\u00bb:{\u00ab\u00a0by\u00a0\u00bb:[]}},{\u00ab\u00a0_id\u00a0\u00bb:\u00a0\u00bbTVF7GGGTRNBOPH25KIBNXFGRCQ\u00a0\u00bb,\u00a0\u00bbadditional_properties\u00a0\u00bb:{},\u00a0\u00bbtype\u00a0\u00bb:\u00a0\u00bbtext\u00a0\u00bb,\u00a0\u00bbcontent\u00a0\u00bb:\u00a0\u00bbCet \u00e9pisode de Crime story a \u00e9t\u00e9 pr\u00e9par\u00e9 en puisant dans les archives du Parisien, avec l\u2019aide de nos documentalistes. \u00ab\u00a0,\u00a0\u00bbcredits\u00a0\u00bb:{\u00ab\u00a0by\u00a0\u00bb:[]}},{\u00ab\u00a0_id\u00a0\u00bb:\u00a0\u00bbEKIKDJYIMZD4VALN5UQGKMQDNM\u00a0\u00bb,\u00a0\u00bbadditional_properties\u00a0\u00bb:{\u00ab\u00a0_id\u00a0\u00bb:\u00a0\u00bbZUK5LSL3XJHEJEK5EJJKXKUD4Q\u00a0\u00bb},\u00a0\u00bbalignment\u00a0\u00bb:\u00a0\u00bbleft\u00a0\u00bb,\u00a0\u00bbtype\u00a0\u00bb:\u00a0\u00bbtext\u00a0\u00bb,\u00a0\u00bbcontent\u00a0\u00bb:\u00a0\u00bb<b>\u00c0 propos de Crime story.<\/b> Le podcast Crime story raconte chaque semaine les grandes affaires criminelles qui ont marqu\u00e9 ces derni\u00e8res d\u00e9cennies. <a href=\\\"https:\/\/www.leparisien.fr\/faits-divers\/cest-samedi-cest-crime-story-10-12-2022-HR3EB53X4FG2NH7CU52JPWR26M.php\\\" title=\\\"\\\">Publi\u00e9 chaque samedi, Crime story <\/a>est pr\u00e9sent\u00e9 par la journaliste Clawdia Prolongeau et son invit\u00e9 permanent, Damien Delseny, le chef du service police justice du Parisien.\u00a0\u00bb,\u00a0\u00bbcredits\u00a0\u00bb:{\u00ab\u00a0by\u00a0\u00bb:[]}}],\u00a0\u00bbsubheadlines\u00a0\u00bb:{\u00ab\u00a0basic\u00a0\u00bb:\u00a0\u00bbPODCAST. Apr\u00e8s la disparition de Delphine Jubillar le 16 d\u00e9cembre 2020, les enqu\u00eateurs accumulent des indices incriminant C\u00e9dric, l\u2019ex-mari de Delphine, mais ne disposent d\u2019aucune preuve irr\u00e9futable. Crime story raconte cette affaire dans un podcast en six parties.\u00a0\u00bb},\u00a0\u00bbdescription\u00a0\u00bb:{\u00ab\u00a0basic\u00a0\u00bb:\u00a0\u00bb\u00a0\u00bb},\u00a0\u00bbsource\u00a0\u00bb:{\u00ab\u00a0system\u00a0\u00bb:\u00a0\u00bbcomposer\u00a0\u00bb,\u00a0\u00bbname\u00a0\u00bb:\u00a0\u00bbleparisien\u00a0\u00bb,\u00a0\u00bbsource_type\u00a0\u00bb:\u00a0\u00bbstaff\u00a0\u00bb},\u00a0\u00bbtaxonomy\u00a0\u00bb:{\u00ab\u00a0primary_site\u00a0\u00bb:{\u00ab\u00a0path\u00a0\u00bb:\u00a0\u00bb\/podcasts\/crime-story\u00a0\u00bb,\u00a0\u00bbparent_id\u00a0\u00bb:\u00a0\u00bb\/podcasts\u00a0\u00bb,\u00a0\u00bbname\u00a0\u00bb:\u00a0\u00bbCrime story\u00a0\u00bb,\u00a0\u00bbdescription\u00a0\u00bb:\u00a0\u00bbLe podcast faits divers Crime story raconte chaque semaine les grandes affaires criminelles qui ont marqu\u00e9 ces derni\u00e8res d\u00e9cennies. Publi\u00e9 chaque samedi, Crime story est pr\u00e9sent\u00e9 par la journaliste Clawdia Prolongeau et son invit\u00e9 permanent : Damien Delseny, le chef du service police justice du Parisien.\u00a0\u00bb,\u00a0\u00bb_id\u00a0\u00bb:\u00a0\u00bb\/podcasts\/crime-story\u00a0\u00bb,\u00a0\u00bbadditional_properties\u00a0\u00bb:{\u00ab\u00a0original\u00a0\u00bb:{\u00ab\u00a0parent\u00a0\u00bb:{\u00ab\u00a0default\u00a0\u00bb:\u00a0\u00bb\/podcasts\u00a0\u00bb,\u00a0\u00bbMaillage_SEO_Surfooter\u00a0\u00bb:\u00a0\u00bb\/podcasts\u00a0\u00bb,\u00a0\u00bbWebsked-plans\u00a0\u00bb:\u00a0\u00bb\/podcasts\u00a0\u00bb,\u00a0\u00bbsub-nav\u00a0\u00bb:\u00a0\u00bb\/podcasts\u00a0\u00bb,\u00a0\u00bbmenu\u00a0\u00bb:\u00a0\u00bb\/podcasts\u00a0\u00bb},\u00a0\u00bbin_the_news\u00a0\u00bb:{\u00ab\u00a0in_the_news_usefeature\u00a0\u00bb:null,\u00a0\u00bbin_the_news_usebasepage\u00a0\u00bb:\u00a0\u00bb\/in-the-news-forsections\/\u00a0\u00bb,\u00a0\u00bbin_the_news_usesectionbar\u00a0\u00bb:\u00a0\u00bbfalse\u00a0\u00bb},\u00a0\u00bbGoogle Analytics\u00a0\u00bb:{\u00ab\u00a0ga_name_level_2&Prime;:\u00a0\u00bbcrime-story\u00a0\u00bb,\u00a0\u00bbga_name_level_3&Prime;:null,\u00a0\u00bbga_name_level_1&Prime;:\u00a0\u00bbpodcasts\u00a0\u00bb},\u00a0\u00bbsocial\u00a0\u00bb:{\u00ab\u00a0archives\u00a0\u00bb:null,\u00a0\u00bbtwitter\u00a0\u00bb:null,\u00a0\u00bbrss\u00a0\u00bb:null,\u00a0\u00bbfacebook\u00a0\u00bb:null},\u00a0\u00bbSponsor\u00a0\u00bb:{\u00ab\u00a0sponsor_type\u00a0\u00bb:null,\u00a0\u00bbsponsor_message\u00a0\u00bb:null,\u00a0\u00bbcollection_id_for_pinned_content\u00a0\u00bb:null,\u00a0\u00bbsponsor_logo_url\u00a0\u00bb:null,\u00a0\u00bbsponsor_name\u00a0\u00bb:null},\u00a0\u00bbMobile\u00a0\u00bb:{\u00ab\u00a0background_color_section\u00a0\u00bb:\u00a0\u00bb#C0C0C0&Prime;,\u00a0\u00bbalternative_title\u00a0\u00bb:null,\u00a0\u00bbxtpage\u00a0\u00bb:null,\u00a0\u00bbsection_collection_id\u00a0\u00bb:null,\u00a0\u00bblabel\u00a0\u00bb:null,\u00a0\u00bbbackground_image_section\u00a0\u00bb:null},\u00a0\u00bbNewsletter\u00a0\u00bb:{\u00ab\u00a0newsletter_optin\u00a0\u00bb:\u00a0\u00bboptin_thematique_faits_divers\u00a0\u00bb,\u00a0\u00bbnewsletter_color\u00a0\u00bb:\u00a0\u00bb#1EA0E6&Prime;,\u00a0\u00bbnewsletter_title\u00a0\u00bb:\u00a0\u00bbUne plong\u00e9e dans l\u2019actualit\u00e9 des faits divers, pour \u00e9clairer la face sombre de notre \u00e9poque\u00a0\u00bb,\u00a0\u00bbnewsletter_name\u00a0\u00bb:\u00a0\u00bbL&rsquo;Essentiel de l&rsquo;actu\u00a0\u00bb,\u00a0\u00bbnewsletter_image\u00a0\u00bb:\u00a0\u00bbnewsletter-faits-divers-logo.png\u00a0\u00bb,\u00a0\u00bbnewsletter_slug\u00a0\u00bb:\u00a0\u00bbfaits-divers\u00a0\u00bb,\u00a0\u00bbmodule_message\u00a0\u00bb:null,\u00a0\u00bbnewsletter_label\u00a0\u00bb:\u00a0\u00bbEnqu\u00eate en cours\u00a0\u00bb},\u00a0\u00bb_admin\u00a0\u00bb:{\u00ab\u00a0tracking_node\u00a0\u00bb:null,\u00a0\u00bbalias_ids\u00a0\u00bb:[\u00ab\u00a0\/podcasts\/crime-story\u00a0\u00bb],\u00a0\u00bbdo_not_show_on_site\u00a0\u00bb:null,\u00a0\u00bbcommercial_node\u00a0\u00bb:null,\u00a0\u00bbdefault_content\u00a0\u00bb:null},\u00a0\u00bbnavigation\u00a0\u00bb:{\u00ab\u00a0nav_title\u00a0\u00bb:null,\u00a0\u00bbdisplay_in_top_strip\u00a0\u00bb:null,\u00a0\u00bbnav_display\u00a0\u00bb:null},\u00a0\u00bbsite\u00a0\u00bb:{\u00ab\u00a0is_clickable_on_menu\u00a0\u00bb:\u00a0\u00bbtrue\u00a0\u00bb,\u00a0\u00bbpresentation\u00a0\u00bb:\u00a0\u00bbLe podcast faits divers Crime story raconte chaque semaine les grandes affaires criminelles qui ont marqu\u00e9 ces derni\u00e8res d\u00e9cennies. Publi\u00e9 chaque samedi, Crime story est pr\u00e9sent\u00e9 par la journaliste Clawdia Prolongeau et son invit\u00e9 permanent : Damien Delseny, le chef du service police justice du Parisien.\u00a0\u00bb,\u00a0\u00bbpagebuilder_path_for_native_apps\u00a0\u00bb:null,\u00a0\u00bbsite_url\u00a0\u00bb:null,\u00a0\u00bbsite_keywords\u00a0\u00bb:null,\u00a0\u00bbnative_app_rendering\u00a0\u00bb:null,\u00a0\u00bbamp_deactivated\u00a0\u00bb:\u00a0\u00bbfalse\u00a0\u00bb,\u00a0\u00bbsite_about\u00a0\u00bb:null,\u00a0\u00bbpaywall_deactivated\u00a0\u00bb:\u00a0\u00bbfalse\u00a0\u00bb,\u00a0\u00bbsite_description\u00a0\u00bb:\u00a0\u00bbLe podcast faits divers Crime story raconte chaque semaine les grandes affaires criminelles qui ont marqu\u00e9 ces derni\u00e8res d\u00e9cennies. Publi\u00e9 chaque samedi, Crime story est pr\u00e9sent\u00e9 par la journaliste Clawdia Prolongeau et son invit\u00e9 permanent : Damien Delseny, le chef du service police justice du Parisien.\u00a0\u00bb,\u00a0\u00bbsite_title\u00a0\u00bb:\u00a0\u00bbCrime story : le podcast Faits divers du Parisien &#8211; Le Parisien\u00a0\u00bb,\u00a0\u00bbsite_tagline\u00a0\u00bb:null},\u00a0\u00bbinactive\u00a0\u00bb:false,\u00a0\u00bbname\u00a0\u00bb:\u00a0\u00bbCrime story\u00a0\u00bb,\u00a0\u00bbstory_list\u00a0\u00bb:{\u00ab\u00a0story_list_content\u00a0\u00bb:{}},\u00a0\u00bb_id\u00a0\u00bb:\u00a0\u00bb\/podcasts\/crime-story\u00a0\u00bb,\u00a0\u00bbancestors\u00a0\u00bb:{\u00ab\u00a0default\u00a0\u00bb:[\u00ab\u00a0\/podcasts\u00a0\u00bb],\u00a0\u00bbMaillage_SEO_Surfooter\u00a0\u00bb:[\u00ab\u00a0\/podcasts\u00a0\u00bb],\u00a0\u00bbWebsked-plans\u00a0\u00bb:[\u00ab\u00a0https:\/\/www.leparisien.fr\/\u00a0\u00bb,\u00a0\u00bb\/podcasts\u00a0\u00bb],\u00a0\u00bbsub-nav\u00a0\u00bb:[\u00ab\u00a0https:\/\/www.leparisien.fr\/\u00a0\u00bb,\u00a0\u00bb\/podcasts\u00a0\u00bb],\u00a0\u00bbmenu\u00a0\u00bb:[\u00ab\u00a0https:\/\/www.leparisien.fr\/\u00a0\u00bb,\u00a0\u00bb\/podcasts\u00a0\u00bb]},\u00a0\u00bborder\u00a0\u00bb:{\u00ab\u00a0default\u00a0\u00bb:2002,\u00a0\u00bbMaillage_SEO_Surfooter\u00a0\u00bb:2002,\u00a0\u00bbWebsked-plans\u00a0\u00bb:2002,\u00a0\u00bbsub-nav\u00a0\u00bb:2002,\u00a0\u00bbmenu\u00a0\u00bb:2002}}},\u00a0\u00bbtype\u00a0\u00bb:\u00a0\u00bbsite\u00a0\u00bb,\u00a0\u00bbversion\u00a0\u00bb:\u00a0\u00bb0.5.8&Prime;},\u00a0\u00bbsites\u00a0\u00bb:[{\u00ab\u00a0path\u00a0\u00bb:\u00a0\u00bb\/podcasts\/crime-story\u00a0\u00bb,\u00a0\u00bbparent_id\u00a0\u00bb:\u00a0\u00bb\/podcasts\u00a0\u00bb,\u00a0\u00bbname\u00a0\u00bb:\u00a0\u00bbCrime story\u00a0\u00bb,\u00a0\u00bbdescription\u00a0\u00bb:\u00a0\u00bbLe podcast faits divers Crime story raconte chaque semaine les grandes affaires criminelles qui ont marqu\u00e9 ces derni\u00e8res d\u00e9cennies. Publi\u00e9 chaque samedi, Crime story est pr\u00e9sent\u00e9 par la journaliste Clawdia Prolongeau et son invit\u00e9 permanent : Damien Delseny, le chef du service police justice du Parisien.\u00a0\u00bb,\u00a0\u00bb_id\u00a0\u00bb:\u00a0\u00bb\/podcasts\/crime-story\u00a0\u00bb,\u00a0\u00bbadditional_properties\u00a0\u00bb:{\u00ab\u00a0original\u00a0\u00bb:{\u00ab\u00a0parent\u00a0\u00bb:{\u00ab\u00a0default\u00a0\u00bb:\u00a0\u00bb\/podcasts\u00a0\u00bb,\u00a0\u00bbMaillage_SEO_Surfooter\u00a0\u00bb:\u00a0\u00bb\/podcasts\u00a0\u00bb,\u00a0\u00bbWebsked-plans\u00a0\u00bb:\u00a0\u00bb\/podcasts\u00a0\u00bb,\u00a0\u00bbsub-nav\u00a0\u00bb:\u00a0\u00bb\/podcasts\u00a0\u00bb,\u00a0\u00bbmenu\u00a0\u00bb:\u00a0\u00bb\/podcasts\u00a0\u00bb},\u00a0\u00bbin_the_news\u00a0\u00bb:{\u00ab\u00a0in_the_news_usefeature\u00a0\u00bb:null,\u00a0\u00bbin_the_news_usebasepage\u00a0\u00bb:\u00a0\u00bb\/in-the-news-forsections\/\u00a0\u00bb,\u00a0\u00bbin_the_news_usesectionbar\u00a0\u00bb:\u00a0\u00bbfalse\u00a0\u00bb},\u00a0\u00bbGoogle Analytics\u00a0\u00bb:{\u00ab\u00a0ga_name_level_2&Prime;:\u00a0\u00bbcrime-story\u00a0\u00bb,\u00a0\u00bbga_name_level_3&Prime;:null,\u00a0\u00bbga_name_level_1&Prime;:\u00a0\u00bbpodcasts\u00a0\u00bb},\u00a0\u00bbsocial\u00a0\u00bb:{\u00ab\u00a0archives\u00a0\u00bb:null,\u00a0\u00bbtwitter\u00a0\u00bb:null,\u00a0\u00bbrss\u00a0\u00bb:null,\u00a0\u00bbfacebook\u00a0\u00bb:null},\u00a0\u00bbSponsor\u00a0\u00bb:{\u00ab\u00a0sponsor_type\u00a0\u00bb:null,\u00a0\u00bbsponsor_message\u00a0\u00bb:null,\u00a0\u00bbcollection_id_for_pinned_content\u00a0\u00bb:null,\u00a0\u00bbsponsor_logo_url\u00a0\u00bb:null,\u00a0\u00bbsponsor_name\u00a0\u00bb:null},\u00a0\u00bbMobile\u00a0\u00bb:{\u00ab\u00a0background_color_section\u00a0\u00bb:\u00a0\u00bb#C0C0C0&Prime;,\u00a0\u00bbalternative_title\u00a0\u00bb:null,\u00a0\u00bbxtpage\u00a0\u00bb:null,\u00a0\u00bbsection_collection_id\u00a0\u00bb:null,\u00a0\u00bblabel\u00a0\u00bb:null,\u00a0\u00bbbackground_image_section\u00a0\u00bb:null},\u00a0\u00bbNewsletter\u00a0\u00bb:{\u00ab\u00a0newsletter_optin\u00a0\u00bb:\u00a0\u00bboptin_thematique_faits_divers\u00a0\u00bb,\u00a0\u00bbnewsletter_color\u00a0\u00bb:\u00a0\u00bb#1EA0E6&Prime;,\u00a0\u00bbnewsletter_title\u00a0\u00bb:\u00a0\u00bbUne plong\u00e9e dans l\u2019actualit\u00e9 des faits divers, pour \u00e9clairer la face sombre de notre \u00e9poque\u00a0\u00bb,\u00a0\u00bbnewsletter_name\u00a0\u00bb:\u00a0\u00bbL&rsquo;Essentiel de l&rsquo;actu\u00a0\u00bb,\u00a0\u00bbnewsletter_image\u00a0\u00bb:\u00a0\u00bbnewsletter-faits-divers-logo.png\u00a0\u00bb,\u00a0\u00bbnewsletter_slug\u00a0\u00bb:\u00a0\u00bbfaits-divers\u00a0\u00bb,\u00a0\u00bbmodule_message\u00a0\u00bb:null,\u00a0\u00bbnewsletter_label\u00a0\u00bb:\u00a0\u00bbEnqu\u00eate en cours\u00a0\u00bb},\u00a0\u00bb_admin\u00a0\u00bb:{\u00ab\u00a0tracking_node\u00a0\u00bb:null,\u00a0\u00bbalias_ids\u00a0\u00bb:[\u00ab\u00a0\/podcasts\/crime-story\u00a0\u00bb],\u00a0\u00bbdo_not_show_on_site\u00a0\u00bb:null,\u00a0\u00bbcommercial_node\u00a0\u00bb:null,\u00a0\u00bbdefault_content\u00a0\u00bb:null},\u00a0\u00bbnavigation\u00a0\u00bb:{\u00ab\u00a0nav_title\u00a0\u00bb:null,\u00a0\u00bbdisplay_in_top_strip\u00a0\u00bb:null,\u00a0\u00bbnav_display\u00a0\u00bb:null},\u00a0\u00bbsite\u00a0\u00bb:{\u00ab\u00a0is_clickable_on_menu\u00a0\u00bb:\u00a0\u00bbtrue\u00a0\u00bb,\u00a0\u00bbpresentation\u00a0\u00bb:\u00a0\u00bbLe podcast faits divers Crime story raconte chaque semaine les grandes affaires criminelles qui ont marqu\u00e9 ces derni\u00e8res d\u00e9cennies. Publi\u00e9 chaque samedi, Crime story est pr\u00e9sent\u00e9 par la journaliste Clawdia Prolongeau et son invit\u00e9 permanent : Damien Delseny, le chef du service police justice du Parisien.\u00a0\u00bb,\u00a0\u00bbpagebuilder_path_for_native_apps\u00a0\u00bb:null,\u00a0\u00bbsite_url\u00a0\u00bb:null,\u00a0\u00bbsite_keywords\u00a0\u00bb:null,\u00a0\u00bbnative_app_rendering\u00a0\u00bb:null,\u00a0\u00bbamp_deactivated\u00a0\u00bb:\u00a0\u00bbfalse\u00a0\u00bb,\u00a0\u00bbsite_about\u00a0\u00bb:null,\u00a0\u00bbpaywall_deactivated\u00a0\u00bb:\u00a0\u00bbfalse\u00a0\u00bb,\u00a0\u00bbsite_description\u00a0\u00bb:\u00a0\u00bbLe podcast faits divers Crime story raconte chaque semaine les grandes affaires criminelles qui ont marqu\u00e9 ces derni\u00e8res d\u00e9cennies. Publi\u00e9 chaque samedi, Crime story est pr\u00e9sent\u00e9 par la journaliste Clawdia Prolongeau et son invit\u00e9 permanent : Damien Delseny, le chef du service police justice du Parisien.\u00a0\u00bb,\u00a0\u00bbsite_title\u00a0\u00bb:\u00a0\u00bbCrime story : le podcast Faits divers du Parisien &#8211; Le Parisien\u00a0\u00bb,\u00a0\u00bbsite_tagline\u00a0\u00bb:null},\u00a0\u00bbinactive\u00a0\u00bb:false,\u00a0\u00bbname\u00a0\u00bb:\u00a0\u00bbCrime story\u00a0\u00bb,\u00a0\u00bbstory_list\u00a0\u00bb:{\u00ab\u00a0story_list_content\u00a0\u00bb:{}},\u00a0\u00bb_id\u00a0\u00bb:\u00a0\u00bb\/podcasts\/crime-story\u00a0\u00bb,\u00a0\u00bbancestors\u00a0\u00bb:{\u00ab\u00a0default\u00a0\u00bb:[\u00ab\u00a0\/podcasts\u00a0\u00bb],\u00a0\u00bbMaillage_SEO_Surfooter\u00a0\u00bb:[\u00ab\u00a0\/podcasts\u00a0\u00bb],\u00a0\u00bbWebsked-plans\u00a0\u00bb:[\u00ab\u00a0https:\/\/www.leparisien.fr\/\u00a0\u00bb,\u00a0\u00bb\/podcasts\u00a0\u00bb],\u00a0\u00bbsub-nav\u00a0\u00bb:[\u00ab\u00a0https:\/\/www.leparisien.fr\/\u00a0\u00bb,\u00a0\u00bb\/podcasts\u00a0\u00bb],\u00a0\u00bbmenu\u00a0\u00bb:[\u00ab\u00a0https:\/\/www.leparisien.fr\/\u00a0\u00bb,\u00a0\u00bb\/podcasts\u00a0\u00bb]},\u00a0\u00bborder\u00a0\u00bb:{\u00ab\u00a0default\u00a0\u00bb:2002,\u00a0\u00bbMaillage_SEO_Surfooter\u00a0\u00bb:2002,\u00a0\u00bbWebsked-plans\u00a0\u00bb:2002,\u00a0\u00bbsub-nav\u00a0\u00bb:2002,\u00a0\u00bbmenu\u00a0\u00bb:2002}}},\u00a0\u00bbtype\u00a0\u00bb:\u00a0\u00bbsite\u00a0\u00bb,\u00a0\u00bbversion\u00a0\u00bb:\u00a0\u00bb0.5.8&Prime;},{\u00ab\u00a0path\u00a0\u00bb:\u00a0\u00bb\/podcasts\u00a0\u00bb,\u00a0\u00bbparent_id\u00a0\u00bb:\u00a0\u00bbhttps:\/\/www.leparisien.fr\/\u00a0\u00bb,\u00a0\u00bbname\u00a0\u00bb:\u00a0\u00bbPodcasts\u00a0\u00bb,\u00a0\u00bbdescription\u00a0\u00bb:\u00a0\u00bbSuivez toute l&rsquo;actualit\u00e9 en France et en podcast : politique, faits divers, soci\u00e9t\u00e9 et toute l&rsquo;actualit\u00e9 sociale, \u00e9conomique et sportive avec Le Parisien\u00a0\u00bb,\u00a0\u00bb_id\u00a0\u00bb:\u00a0\u00bb\/podcasts\u00a0\u00bb,\u00a0\u00bbadditional_properties\u00a0\u00bb:{\u00ab\u00a0original\u00a0\u00bb:{\u00ab\u00a0parent\u00a0\u00bb:{\u00ab\u00a0default\u00a0\u00bb:\u00a0\u00bbhttps:\/\/www.leparisien.fr\/\u00a0\u00bb,\u00a0\u00bbburger-menu-etudiant\u00a0\u00bb:null,\u00a0\u00bbnavbar\u00a0\u00bb:\u00a0\u00bbhttps:\/\/www.leparisien.fr\/\u00a0\u00bb,\u00a0\u00bbMaillage_SEO_Surfooter\u00a0\u00bb:\u00a0\u00bbhttps:\/\/www.leparisien.fr\/\u00a0\u00bb,\u00a0\u00bbfooter\u00a0\u00bb:\u00a0\u00bbhttps:\/\/www.leparisien.fr\/\u00a0\u00bb,\u00a0\u00bbWebsked-plans\u00a0\u00bb:\u00a0\u00bbhttps:\/\/www.leparisien.fr\/\u00a0\u00bb,\u00a0\u00bbsurfooter\u00a0\u00bb:\u00a0\u00bbhttps:\/\/www.leparisien.fr\/\u00a0\u00bb,\u00a0\u00bbsub-nav\u00a0\u00bb:\u00a0\u00bbhttps:\/\/www.leparisien.fr\/\u00a0\u00bb,\u00a0\u00bbmobile-menu-sections-list\u00a0\u00bb:\u00a0\u00bbhttps:\/\/www.leparisien.fr\/\u00a0\u00bb,\u00a0\u00bbmenu\u00a0\u00bb:\u00a0\u00bbhttps:\/\/www.leparisien.fr\/\u00a0\u00bb,\u00a0\u00bbburger-menu\u00a0\u00bb:\u00a0\u00bbhttps:\/\/www.leparisien.fr\/\u00a0\u00bb,\u00a0\u00bbmosaic_app\u00a0\u00bb:\u00a0\u00bbhttps:\/\/www.leparisien.fr\/\u00a0\u00bb},\u00a0\u00bbGoogle Analytics\u00a0\u00bb:{\u00ab\u00a0ga_name_level_2&Prime;:null,\u00a0\u00bbga_name_level_3&Prime;:null,\u00a0\u00bbga_name_level_1&Prime;:\u00a0\u00bbpodcasts\u00a0\u00bb},\u00a0\u00bbSponsor\u00a0\u00bb:{\u00ab\u00a0collection_id_for_pinned_content\u00a0\u00bb:\u00a0\u00bbEB7A434XEJFU3DQ3VMQL6T2CBE\u00a0\u00bb},\u00a0\u00bbMobile\u00a0\u00bb:{\u00ab\u00a0background_color_section\u00a0\u00bb:\u00a0\u00bb#C89900&Prime;,\u00a0\u00bbsection_left_logo_dark\u00a0\u00bb:\u00a0\u00bbhttps:\/\/assets.leparisien.fr\/mobile\/images\/menu\/dark\/podcast.png\u00a0\u00bb,\u00a0\u00bbbackground_image_section\u00a0\u00bb:\u00a0\u00bbhttps:\/\/assets.leparisien.fr\/mobile\/images\/explorer\/podcasts.png\u00a0\u00bb,\u00a0\u00bbsection_left_logo_light\u00a0\u00bb:\u00a0\u00bbhttps:\/\/assets.leparisien.fr\/mobile\/images\/menu\/podcast.png\u00a0\u00bb},\u00a0\u00bb_admin\u00a0\u00bb:{\u00ab\u00a0alias_ids\u00a0\u00bb:[]},\u00a0\u00bbsite\u00a0\u00bb:{\u00ab\u00a0amp_deactivated\u00a0\u00bb:\u00a0\u00bbtrue\u00a0\u00bb,\u00a0\u00bbpaywall_deactivated\u00a0\u00bb:\u00a0\u00bbtrue\u00a0\u00bb,\u00a0\u00bbsite_description\u00a0\u00bb:\u00a0\u00bbSuivez toute l&rsquo;actualit\u00e9 en France et en podcast : politique, faits divers, soci\u00e9t\u00e9 et toute l&rsquo;actualit\u00e9 sociale, \u00e9conomique et sportive avec Le Parisien\u00a0\u00bb,\u00a0\u00bbsite_title\u00a0\u00bb:\u00a0\u00bbPodcasts d&rsquo;actualit\u00e9 : \u00e9coutez les meilleurs podcasts du Parisien &#8211; Le Parisien\u00a0\u00bb},\u00a0\u00bbinactive\u00a0\u00bb:false,\u00a0\u00bbnode_type\u00a0\u00bb:\u00a0\u00bbsection\u00a0\u00bb,\u00a0\u00bbname\u00a0\u00bb:\u00a0\u00bbPodcasts\u00a0\u00bb,\u00a0\u00bbstory_list\u00a0\u00bb:{\u00ab\u00a0story_list_content\u00a0\u00bb:{}},\u00a0\u00bbheader\u00a0\u00bb:{\u00ab\u00a0title_logo_only\u00a0\u00bb:\u00a0\u00bbfalse\u00a0\u00bb},\u00a0\u00bb_id\u00a0\u00bb:\u00a0\u00bb\/podcasts\u00a0\u00bb,\u00a0\u00bbancestors\u00a0\u00bb:{\u00ab\u00a0burger-menu-etudiant\u00a0\u00bb:[],\u00a0\u00bbdefault\u00a0\u00bb:[\u00ab\u00a0https:\/\/www.leparisien.fr\/\u00a0\u00bb],\u00a0\u00bbnavbar\u00a0\u00bb:[\u00ab\u00a0https:\/\/www.leparisien.fr\/\u00a0\u00bb],\u00a0\u00bbfooter\u00a0\u00bb:[\u00ab\u00a0https:\/\/www.leparisien.fr\/\u00a0\u00bb],\u00a0\u00bbWebsked-plans\u00a0\u00bb:[\u00ab\u00a0https:\/\/www.leparisien.fr\/\u00a0\u00bb],\u00a0\u00bbsurfooter\u00a0\u00bb:[\u00ab\u00a0https:\/\/www.leparisien.fr\/\u00a0\u00bb],\u00a0\u00bbsub-nav\u00a0\u00bb:[\u00ab\u00a0https:\/\/www.leparisien.fr\/\u00a0\u00bb],\u00a0\u00bbmobile-menu-sections-list\u00a0\u00bb:[\u00ab\u00a0https:\/\/www.leparisien.fr\/\u00a0\u00bb],\u00a0\u00bbmenu\u00a0\u00bb:[\u00ab\u00a0https:\/\/www.leparisien.fr\/\u00a0\u00bb],\u00a0\u00bbburger-menu\u00a0\u00bb:[\u00ab\u00a0https:\/\/www.leparisien.fr\/\u00a0\u00bb],\u00a0\u00bbmosaic_app\u00a0\u00bb:[\u00ab\u00a0https:\/\/www.leparisien.fr\/\u00a0\u00bb]},\u00a0\u00bborder\u00a0\u00bb:{\u00ab\u00a0default\u00a0\u00bb:1071,\u00a0\u00bbnavbar\u00a0\u00bb:1010,\u00a0\u00bbMaillage_SEO_Surfooter\u00a0\u00bb:1065,\u00a0\u00bbfooter\u00a0\u00bb:1016,\u00a0\u00bbWebsked-plans\u00a0\u00bb:1017,\u00a0\u00bbsurfooter\u00a0\u00bb:1016,\u00a0\u00bbsub-nav\u00a0\u00bb:1021,\u00a0\u00bbmobile-menu-sections-list\u00a0\u00bb:1004,\u00a0\u00bbmenu\u00a0\u00bb:1022,\u00a0\u00bbburger-menu\u00a0\u00bb:1019,\u00a0\u00bbmosaic_app\u00a0\u00bb:1014}}},\u00a0\u00bbtype\u00a0\u00bb:\u00a0\u00bbsite\u00a0\u00bb,\u00a0\u00bbversion\u00a0\u00bb:\u00a0\u00bb0.5.8&Prime;},{\u00ab\u00a0path\u00a0\u00bb:\u00a0\u00bb\/faits-divers\u00a0\u00bb,\u00a0\u00bbparent_id\u00a0\u00bb:\u00a0\u00bbhttps:\/\/www.leparisien.fr\/\u00a0\u00bb,\u00a0\u00bbname\u00a0\u00bb:\u00a0\u00bbFaits divers\u00a0\u00bb,\u00a0\u00bbdescription\u00a0\u00bb:\u00a0\u00bbSuivez toute l&rsquo;actualit\u00e9 des faits divers \u00e0 Paris et en France en direct avec leParisien.fr : enqu\u00eates, interviews, vid\u00e9os et infos exclusives sur les meutres, vols\u2026\u00a0\u00bb,\u00a0\u00bb_id\u00a0\u00bb:\u00a0\u00bb\/faits-divers\u00a0\u00bb,\u00a0\u00bbadditional_properties\u00a0\u00bb:{\u00ab\u00a0original\u00a0\u00bb:{\u00ab\u00a0parent\u00a0\u00bb:{\u00ab\u00a0nav\u00a0\u00bb:\u00a0\u00bbhttps:\/\/www.leparisien.fr\/\u00a0\u00bb,\u00a0\u00bbMaillage_SEO_Surfooter\u00a0\u00bb:\u00a0\u00bbhttps:\/\/www.leparisien.fr\/\u00a0\u00bb,\u00a0\u00bbfooter\u00a0\u00bb:\u00a0\u00bbhttps:\/\/www.leparisien.fr\/\u00a0\u00bb,\u00a0\u00bbWebsked-plans\u00a0\u00bb:\u00a0\u00bbhttps:\/\/www.leparisien.fr\/\u00a0\u00bb,\u00a0\u00bbsurfooter\u00a0\u00bb:\u00a0\u00bbhttps:\/\/www.leparisien.fr\/\u00a0\u00bb,\u00a0\u00bbmobile-menu-sections-list\u00a0\u00bb:\u00a0\u00bbhttps:\/\/www.leparisien.fr\/\u00a0\u00bb,\u00a0\u00bbmenu\u00a0\u00bb:\u00a0\u00bbhttps:\/\/www.leparisien.fr\/\u00a0\u00bb,\u00a0\u00bbburger-menu\u00a0\u00bb:\u00a0\u00bbhttps:\/\/www.leparisien.fr\/\u00a0\u00bb,\u00a0\u00bbmosaic_app\u00a0\u00bb:\u00a0\u00bbhttps:\/\/www.leparisien.fr\/\u00a0\u00bb,\u00a0\u00bbdefault\u00a0\u00bb:\u00a0\u00bbhttps:\/\/www.leparisien.fr\/\u00a0\u00bb,\u00a0\u00bbburger-menu-etudiant\u00a0\u00bb:null,\u00a0\u00bbnavbar\u00a0\u00bb:\u00a0\u00bbhttps:\/\/www.leparisien.fr\/\u00a0\u00bb,\u00a0\u00bbsub-nav\u00a0\u00bb:\u00a0\u00bbhttps:\/\/www.leparisien.fr\/\u00a0\u00bb},\u00a0\u00bbGoogle Analytics\u00a0\u00bb:{\u00ab\u00a0ga_name_level_2&Prime;:null,\u00a0\u00bbga_name_level_3&Prime;:null,\u00a0\u00bbga_name_level_1&Prime;:\u00a0\u00bbfaits-divers\u00a0\u00bb},\u00a0\u00bbSponsor\u00a0\u00bb:{\u00ab\u00a0collection_id_for_pinned_content\u00a0\u00bb:\u00a0\u00bbZ5HL7A52HBDMPKNIFEGG3Q667I\u00a0\u00bb},\u00a0\u00bbMobile\u00a0\u00bb:{\u00ab\u00a0background_color_section\u00a0\u00bb:\u00a0\u00bb#4F6069&Prime;,\u00a0\u00bbbackground_image_section\u00a0\u00bb:\u00a0\u00bbhttps:\/\/assets.leparisien.fr\/mobile\/images\/explorer\/faits_divers.png\u00a0\u00bb},\u00a0\u00bbNewsletter\u00a0\u00bb:{\u00ab\u00a0newsletter_optin\u00a0\u00bb:\u00a0\u00bboptin_thematique_faits_divers\u00a0\u00bb,\u00a0\u00bbnewsletter_color\u00a0\u00bb:\u00a0\u00bb#7779A6&Prime;,\u00a0\u00bbnewsletter_title\u00a0\u00bb:\u00a0\u00bbUne plong\u00e9e dans l\u2019actualit\u00e9 des faits divers, pour \u00e9clairer la face sombre de notre \u00e9poque\u00a0\u00bb,\u00a0\u00bbnewsletter_name\u00a0\u00bb:\u00a0\u00bbEnqu\u00eate en cours\u00a0\u00bb,\u00a0\u00bbnewsletter_image\u00a0\u00bb:\u00a0\u00bbnewsletter-faits-divers-logo.png\u00a0\u00bb,\u00a0\u00bbnewsletter_slug\u00a0\u00bb:\u00a0\u00bbfaits-divers\u00a0\u00bb,\u00a0\u00bbnewsletter_label\u00a0\u00bb:\u00a0\u00bbEnqu\u00eate en cours\u00a0\u00bb},\u00a0\u00bb_admin\u00a0\u00bb:{\u00ab\u00a0alias_ids\u00a0\u00bb:[]},\u00a0\u00bbsite\u00a0\u00bb:{\u00ab\u00a0section_show_videos\u00a0\u00bb:\u00a0\u00bbtrue\u00a0\u00bb,\u00a0\u00bbsite_description\u00a0\u00bb:\u00a0\u00bbSuivez toute l&rsquo;actualit\u00e9 des faits divers \u00e0 Paris et en France en direct avec leParisien.fr : enqu\u00eates, interviews, vid\u00e9os et infos exclusives sur les meutres, vols\u2026\u00a0\u00bb,\u00a0\u00bbsite_title\u00a0\u00bb:\u00a0\u00bbFaits Divers : Toute l&rsquo;actualit\u00e9 des faits divers &#8211; Le Parisien\u00a0\u00bb},\u00a0\u00bbinactive\u00a0\u00bb:false,\u00a0\u00bbnode_type\u00a0\u00bb:\u00a0\u00bbsection\u00a0\u00bb,\u00a0\u00bbname\u00a0\u00bb:\u00a0\u00bbFaits divers\u00a0\u00bb,\u00a0\u00bbstory_list\u00a0\u00bb:{\u00ab\u00a0story_list_content\u00a0\u00bb:{}},\u00a0\u00bbheader\u00a0\u00bb:{\u00ab\u00a0title_logo_only\u00a0\u00bb:\u00a0\u00bbfalse\u00a0\u00bb},\u00a0\u00bb_id\u00a0\u00bb:\u00a0\u00bb\/faits-divers\u00a0\u00bb,\u00a0\u00bbancestors\u00a0\u00bb:{\u00ab\u00a0burger-menu-etudiant\u00a0\u00bb:[],\u00a0\u00bbnav\u00a0\u00bb:[\u00ab\u00a0https:\/\/www.leparisien.fr\/\u00a0\u00bb],\u00a0\u00bbdefault\u00a0\u00bb:[\u00ab\u00a0https:\/\/www.leparisien.fr\/\u00a0\u00bb],\u00a0\u00bbnavbar\u00a0\u00bb:[\u00ab\u00a0https:\/\/www.leparisien.fr\/\u00a0\u00bb],\u00a0\u00bbfooter\u00a0\u00bb:[\u00ab\u00a0https:\/\/www.leparisien.fr\/\u00a0\u00bb],\u00a0\u00bbWebsked-plans\u00a0\u00bb:[\u00ab\u00a0https:\/\/www.leparisien.fr\/\u00a0\u00bb],\u00a0\u00bbsurfooter\u00a0\u00bb:[\u00ab\u00a0https:\/\/www.leparisien.fr\/\u00a0\u00bb],\u00a0\u00bbsub-nav\u00a0\u00bb:[\u00ab\u00a0https:\/\/www.leparisien.fr\/\u00a0\u00bb],\u00a0\u00bbmobile-menu-sections-list\u00a0\u00bb:[\u00ab\u00a0https:\/\/www.leparisien.fr\/\u00a0\u00bb],\u00a0\u00bbmenu\u00a0\u00bb:[\u00ab\u00a0https:\/\/www.leparisien.fr\/\u00a0\u00bb],\u00a0\u00bbburger-menu\u00a0\u00bb:[\u00ab\u00a0https:\/\/www.leparisien.fr\/\u00a0\u00bb],\u00a0\u00bbmosaic_app\u00a0\u00bb:[\u00ab\u00a0https:\/\/www.leparisien.fr\/\u00a0\u00bb]},\u00a0\u00bborder\u00a0\u00bb:{\u00ab\u00a0default\u00a0\u00bb:1069,\u00a0\u00bbnav\u00a0\u00bb:1004,\u00a0\u00bbnavbar\u00a0\u00bb:1004,\u00a0\u00bbMaillage_SEO_Surfooter\u00a0\u00bb:1063,\u00a0\u00bbfooter\u00a0\u00bb:1013,\u00a0\u00bbWebsked-plans\u00a0\u00bb:1007,\u00a0\u00bbsurfooter\u00a0\u00bb:1013,\u00a0\u00bbsub-nav\u00a0\u00bb:1008,\u00a0\u00bbmobile-menu-sections-list\u00a0\u00bb:1001,\u00a0\u00bbmenu\u00a0\u00bb:1004,\u00a0\u00bbburger-menu\u00a0\u00bb:1002,\u00a0\u00bbmosaic_app\u00a0\u00bb:1001}}},\u00a0\u00bbtype\u00a0\u00bb:\u00a0\u00bbsite\u00a0\u00bb,\u00a0\u00bbversion\u00a0\u00bb:\u00a0\u00bb0.5.8&Prime;},{\u00ab\u00a0path\u00a0\u00bb:\u00a0\u00bb\/tarn-81&Prime;,\u00a0\u00bbparent_id\u00a0\u00bb:\u00a0\u00bb\/en-region\u00a0\u00bb,\u00a0\u00bbname\u00a0\u00bb:\u00a0\u00bbTarn\u00a0\u00bb,\u00a0\u00bbdescription\u00a0\u00bb:\u00a0\u00bbSuivez toute l&rsquo;actualit\u00e9 et les informations locales du Tarn en direct et en vid\u00e9o sur le Parisien.fr\u00a0\u00bb,\u00a0\u00bb_id\u00a0\u00bb:\u00a0\u00bb\/tarn-81&Prime;,\u00a0\u00bbadditional_properties\u00a0\u00bb:{\u00ab\u00a0original\u00a0\u00bb:{\u00ab\u00a0parent\u00a0\u00bb:{\u00ab\u00a0default\u00a0\u00bb:\u00a0\u00bb\/en-region\u00a0\u00bb,\u00a0\u00bbMaillage_SEO_Surfooter\u00a0\u00bb:\u00a0\u00bb\/en-region\u00a0\u00bb,\u00a0\u00bbWebsked-plans\u00a0\u00bb:\u00a0\u00bb\/en-region\u00a0\u00bb,\u00a0\u00bbsub-nav\u00a0\u00bb:null},\u00a0\u00bb_admin\u00a0\u00bb:{\u00ab\u00a0alias_ids\u00a0\u00bb:[]},\u00a0\u00bbsite\u00a0\u00bb:{\u00ab\u00a0site_description\u00a0\u00bb:\u00a0\u00bbSuivez toute l&rsquo;actualit\u00e9 et les informations locales du Tarn en direct et en vid\u00e9o sur le Parisien.fr\u00a0\u00bb,\u00a0\u00bbsite_title\u00a0\u00bb:\u00a0\u00bbActualit\u00e9s du d\u00e9partement du Tarn (81) &#8211; Infos locales dans le Tarn &#8211; Le Parisien\u00a0\u00bb},\u00a0\u00bbGoogle Analytics\u00a0\u00bb:{\u00ab\u00a0ga_name_level_2&Prime;:\u00a0\u00bbtarn-81&Prime;,\u00a0\u00bbga_name_level_3&Prime;:null,\u00a0\u00bbga_name_level_1&Prime;:\u00a0\u00bbdepartements-horsidfo\u00a0\u00bb},\u00a0\u00bbinactive\u00a0\u00bb:false,\u00a0\u00bbnode_type\u00a0\u00bb:\u00a0\u00bbsection\u00a0\u00bb,\u00a0\u00bbstory_list\u00a0\u00bb:{\u00ab\u00a0story_list_content\u00a0\u00bb:{}},\u00a0\u00bbname\u00a0\u00bb:\u00a0\u00bbTarn\u00a0\u00bb,\u00a0\u00bb_id\u00a0\u00bb:\u00a0\u00bb\/tarn-81&Prime;,\u00a0\u00bbancestors\u00a0\u00bb:{\u00ab\u00a0default\u00a0\u00bb:[\u00ab\u00a0\/en-region\u00a0\u00bb],\u00a0\u00bbMaillage_SEO_Surfooter\u00a0\u00bb:[\u00ab\u00a0\/en-region\u00a0\u00bb],\u00a0\u00bbWebsked-plans\u00a0\u00bb:[\u00ab\u00a0https:\/\/www.leparisien.fr\/\u00a0\u00bb,\u00a0\u00bb\/en-region\u00a0\u00bb]},\u00a0\u00bborder\u00a0\u00bb:{\u00ab\u00a0default\u00a0\u00bb:2076,\u00a0\u00bbMaillage_SEO_Surfooter\u00a0\u00bb:2076,\u00a0\u00bbWebsked-plans\u00a0\u00bb:2078}}},\u00a0\u00bbtype\u00a0\u00bb:\u00a0\u00bbsite\u00a0\u00bb,\u00a0\u00bbversion\u00a0\u00bb:\u00a0\u00bb0.5.8&Prime;},{\u00ab\u00a0path\u00a0\u00bb:\u00a0\u00bb\/en-region\u00a0\u00bb,\u00a0\u00bbparent_id\u00a0\u00bb:\u00a0\u00bbhttps:\/\/www.leparisien.fr\/\u00a0\u00bb,\u00a0\u00bbname\u00a0\u00bb:\u00a0\u00bbEn r\u00e9gion\u00a0\u00bb,\u00a0\u00bbdescription\u00a0\u00bb:\u00a0\u00bbRetrouvez toute l&rsquo;actu de votre r\u00e9gion avec Aujourd&rsquo;hui en France.\u00a0\u00bb,\u00a0\u00bb_id\u00a0\u00bb:\u00a0\u00bb\/en-region\u00a0\u00bb,\u00a0\u00bbadditional_properties\u00a0\u00bb:{\u00ab\u00a0original\u00a0\u00bb:{\u00ab\u00a0parent\u00a0\u00bb:{\u00ab\u00a0default\u00a0\u00bb:\u00a0\u00bbhttps:\/\/www.leparisien.fr\/\u00a0\u00bb,\u00a0\u00bbburger-menu-etudiant\u00a0\u00bb:null,\u00a0\u00bbMaillage_SEO_Surfooter\u00a0\u00bb:\u00a0\u00bbhttps:\/\/www.leparisien.fr\/\u00a0\u00bb,\u00a0\u00bbWebsked-plans\u00a0\u00bb:\u00a0\u00bbhttps:\/\/www.leparisien.fr\/\u00a0\u00bb,\u00a0\u00bbsub-nav\u00a0\u00bb:\u00a0\u00bbhttps:\/\/www.leparisien.fr\/\u00a0\u00bb,\u00a0\u00bbmenu\u00a0\u00bb:\u00a0\u00bbhttps:\/\/www.leparisien.fr\/\u00a0\u00bb,\u00a0\u00bbburger-menu\u00a0\u00bb:\u00a0\u00bbhttps:\/\/www.leparisien.fr\/\u00a0\u00bb},\u00a0\u00bbin_the_news\u00a0\u00bb:{\u00ab\u00a0in_the_news_usefeature\u00a0\u00bb:null,\u00a0\u00bbin_the_news_usebasepage\u00a0\u00bb:\u00a0\u00bb\/in-the-news-forsections\/\u00a0\u00bb,\u00a0\u00bbin_the_news_usesectionbar\u00a0\u00bb:\u00a0\u00bbfalse\u00a0\u00bb},\u00a0\u00bbGoogle Analytics\u00a0\u00bb:{\u00ab\u00a0ga_name_level_2&Prime;:null,\u00a0\u00bbga_name_level_3&Prime;:null,\u00a0\u00bbga_name_level_1&Prime;:\u00a0\u00bbdepartements-horsidfo\u00a0\u00bb},\u00a0\u00bbsocial\u00a0\u00bb:{\u00ab\u00a0archives\u00a0\u00bb:null,\u00a0\u00bbtwitter\u00a0\u00bb:null,\u00a0\u00bbrss\u00a0\u00bb:null,\u00a0\u00bbfacebook\u00a0\u00bb:null},\u00a0\u00bbevent_logo_mobile_height\u00a0\u00bb:\u00a0\u00bb40&Prime;,\u00a0\u00bbSponsor\u00a0\u00bb:{\u00ab\u00a0sponsor_type\u00a0\u00bb:null,\u00a0\u00bbsponsor_message\u00a0\u00bb:null,\u00a0\u00bbcollection_id_for_pinned_content\u00a0\u00bb:null,\u00a0\u00bbsponsor_logo_url\u00a0\u00bb:null,\u00a0\u00bbsponsor_name\u00a0\u00bb:null},\u00a0\u00bbevent_logo_url\u00a0\u00bb:\u00a0\u00bbhttps:\/\/leparisien-assets-prod.s3.eu-west-1.amazonaws.com\/website\/images\/events_logo\/aujourdhui-en-france.svg\u00a0\u00bb,\u00a0\u00bbevent_logo_mobile_width\u00a0\u00bb:\u00a0\u00bb128&Prime;,\u00a0\u00bbMobile\u00a0\u00bb:{\u00ab\u00a0background_color_section\u00a0\u00bb:\u00a0\u00bb#C0C0C0&Prime;,\u00a0\u00bbxtpage\u00a0\u00bb:null,\u00a0\u00bblabel\u00a0\u00bb:null,\u00a0\u00bbbackground_image_section\u00a0\u00bb:null},\u00a0\u00bbevent_logo_tablet_width\u00a0\u00bb:\u00a0\u00bb153&Prime;,\u00a0\u00bbNewsletter\u00a0\u00bb:{\u00ab\u00a0newsletter_optin\u00a0\u00bb:\u00a0\u00bboptin_newsletter\u00a0\u00bb,\u00a0\u00bbnewsletter_color\u00a0\u00bb:\u00a0\u00bb#1EA0E6&Prime;,\u00a0\u00bbnewsletter_title\u00a0\u00bb:\u00a0\u00bbUn tour de l\u2019actualit\u00e9 pour commencer la journ\u00e9e\u00a0\u00bb,\u00a0\u00bbnewsletter_name\u00a0\u00bb:\u00a0\u00bbL&rsquo;Essentiel de l&rsquo;actu\u00a0\u00bb,\u00a0\u00bbnewsletter_image\u00a0\u00bb:\u00a0\u00bbnewsletter-essentiel-matin-logo.png\u00a0\u00bb,\u00a0\u00bbmodule_message\u00a0\u00bb:null,\u00a0\u00bbnewsletter_label\u00a0\u00bb:\u00a0\u00bbL&rsquo;essentiel du matin\u00a0\u00bb},\u00a0\u00bbevent_logo_desktop_height\u00a0\u00bb:\u00a0\u00bb64&Prime;,\u00a0\u00bbevent_logo_desktop_width\u00a0\u00bb:\u00a0\u00bb204&Prime;,\u00a0\u00bbevent_logo_tablet_height\u00a0\u00bb:\u00a0\u00bb48&Prime;,\u00a0\u00bb_admin\u00a0\u00bb:{\u00ab\u00a0tracking_node\u00a0\u00bb:null,\u00a0\u00bbalias_ids\u00a0\u00bb:[\u00ab\u00a0\/en-region\u00a0\u00bb],\u00a0\u00bbdo_not_show_on_site\u00a0\u00bb:null,\u00a0\u00bbcommercial_node\u00a0\u00bb:null,\u00a0\u00bbdefault_content\u00a0\u00bb:null},\u00a0\u00bbnavigation\u00a0\u00bb:{\u00ab\u00a0nav_title\u00a0\u00bb:null,\u00a0\u00bbdisplay_in_top_strip\u00a0\u00bb:null,\u00a0\u00bbnav_display\u00a0\u00bb:null},\u00a0\u00bbsite\u00a0\u00bb:{\u00ab\u00a0is_clickable_on_menu\u00a0\u00bb:\u00a0\u00bbtrue\u00a0\u00bb,\u00a0\u00bbpresentation\u00a0\u00bb:null,\u00a0\u00bbpagebuilder_path_for_native_apps\u00a0\u00bb:null,\u00a0\u00bbsite_url\u00a0\u00bb:null,\u00a0\u00bbsite_keywords\u00a0\u00bb:null,\u00a0\u00bbnative_app_rendering\u00a0\u00bb:null,\u00a0\u00bbamp_deactivated\u00a0\u00bb:\u00a0\u00bbfalse\u00a0\u00bb,\u00a0\u00bbsite_about\u00a0\u00bb:null,\u00a0\u00bbpaywall_deactivated\u00a0\u00bb:\u00a0\u00bbfalse\u00a0\u00bb,\u00a0\u00bbsite_description\u00a0\u00bb:\u00a0\u00bbRetrouvez toute l&rsquo;actu de votre r\u00e9gion avec Aujourd&rsquo;hui en France.\u00a0\u00bb,\u00a0\u00bbsite_title\u00a0\u00bb:\u00a0\u00bbL&rsquo;info en r\u00e9gion &#8211; Aujourd&rsquo;hui en France &#8211; Le Parisien\u00a0\u00bb,\u00a0\u00bbsite_tagline\u00a0\u00bb:null},\u00a0\u00bbinactive\u00a0\u00bb:false,\u00a0\u00bbnode_type\u00a0\u00bb:\u00a0\u00bbsection\u00a0\u00bb,\u00a0\u00bbname\u00a0\u00bb:\u00a0\u00bbEn r\u00e9gion\u00a0\u00bb,\u00a0\u00bbstory_list\u00a0\u00bb:{\u00ab\u00a0story_list_content\u00a0\u00bb:{}},\u00a0\u00bb_id\u00a0\u00bb:\u00a0\u00bb\/en-region\u00a0\u00bb,\u00a0\u00bbancestors\u00a0\u00bb:{\u00ab\u00a0default\u00a0\u00bb:[\u00ab\u00a0https:\/\/www.leparisien.fr\/\u00a0\u00bb],\u00a0\u00bbburger-menu-etudiant\u00a0\u00bb:[],\u00a0\u00bbMaillage_SEO_Surfooter\u00a0\u00bb:[],\u00a0\u00bbWebsked-plans\u00a0\u00bb:[\u00ab\u00a0https:\/\/www.leparisien.fr\/\u00a0\u00bb],\u00a0\u00bbsub-nav\u00a0\u00bb:[\u00ab\u00a0https:\/\/www.leparisien.fr\/\u00a0\u00bb],\u00a0\u00bbmenu\u00a0\u00bb:[\u00ab\u00a0https:\/\/www.leparisien.fr\/\u00a0\u00bb],\u00a0\u00bbburger-menu\u00a0\u00bb:[\u00ab\u00a0https:\/\/www.leparisien.fr\/\u00a0\u00bb]},\u00a0\u00bborder\u00a0\u00bb:{\u00ab\u00a0default\u00a0\u00bb:1060,\u00a0\u00bbMaillage_SEO_Surfooter\u00a0\u00bb:1052,\u00a0\u00bbWebsked-plans\u00a0\u00bb:1033,\u00a0\u00bbsub-nav\u00a0\u00bb:1009,\u00a0\u00bbmenu\u00a0\u00bb:1015,\u00a0\u00bbburger-menu\u00a0\u00bb:1015}}},\u00a0\u00bbtype\u00a0\u00bb:\u00a0\u00bbsite\u00a0\u00bb,\u00a0\u00bbversion\u00a0\u00bb:\u00a0\u00bb0.5.8&Prime;}],\u00a0\u00bbsections\u00a0\u00bb:[{\u00ab\u00a0path\u00a0\u00bb:\u00a0\u00bb\/podcasts\/crime-story\u00a0\u00bb,\u00a0\u00bbparent\u00a0\u00bb:{\u00ab\u00a0default\u00a0\u00bb:\u00a0\u00bb\/podcasts\u00a0\u00bb},\u00a0\u00bb_website\u00a0\u00bb:\u00a0\u00bbleparisien\u00a0\u00bb,\u00a0\u00bbparent_id\u00a0\u00bb:\u00a0\u00bb\/podcasts\u00a0\u00bb,\u00a0\u00bbname\u00a0\u00bb:\u00a0\u00bbCrime story\u00a0\u00bb,\u00a0\u00bbdescription\u00a0\u00bb:\u00a0\u00bbLe podcast faits divers Crime story raconte chaque semaine les grandes affaires criminelles qui ont marqu\u00e9 ces derni\u00e8res d\u00e9cennies. Publi\u00e9 chaque samedi, Crime story est pr\u00e9sent\u00e9 par la journaliste Clawdia Prolongeau et son invit\u00e9 permanent : Damien Delseny, le chef du service police justice du Parisien.\u00a0\u00bb,\u00a0\u00bb_id\u00a0\u00bb:\u00a0\u00bb\/podcasts\/crime-story\u00a0\u00bb,\u00a0\u00bbadditional_properties\u00a0\u00bb:{\u00ab\u00a0original\u00a0\u00bb:{\u00ab\u00a0parent\u00a0\u00bb:{\u00ab\u00a0default\u00a0\u00bb:\u00a0\u00bb\/podcasts\u00a0\u00bb,\u00a0\u00bbMaillage_SEO_Surfooter\u00a0\u00bb:\u00a0\u00bb\/podcasts\u00a0\u00bb,\u00a0\u00bbWebsked-plans\u00a0\u00bb:\u00a0\u00bb\/podcasts\u00a0\u00bb,\u00a0\u00bbsub-nav\u00a0\u00bb:\u00a0\u00bb\/podcasts\u00a0\u00bb,\u00a0\u00bbmenu\u00a0\u00bb:\u00a0\u00bb\/podcasts\u00a0\u00bb},\u00a0\u00bbin_the_news\u00a0\u00bb:{\u00ab\u00a0in_the_news_usefeature\u00a0\u00bb:null,\u00a0\u00bbin_the_news_usebasepage\u00a0\u00bb:\u00a0\u00bb\/in-the-news-forsections\/\u00a0\u00bb,\u00a0\u00bbin_the_news_usesectionbar\u00a0\u00bb:\u00a0\u00bbfalse\u00a0\u00bb},\u00a0\u00bbGoogle Analytics\u00a0\u00bb:{\u00ab\u00a0ga_name_level_2&Prime;:\u00a0\u00bbcrime-story\u00a0\u00bb,\u00a0\u00bbga_name_level_3&Prime;:null,\u00a0\u00bbga_name_level_1&Prime;:\u00a0\u00bbpodcasts\u00a0\u00bb},\u00a0\u00bbsocial\u00a0\u00bb:{\u00ab\u00a0archives\u00a0\u00bb:null,\u00a0\u00bbtwitter\u00a0\u00bb:null,\u00a0\u00bbrss\u00a0\u00bb:null,\u00a0\u00bbfacebook\u00a0\u00bb:null},\u00a0\u00bbSponsor\u00a0\u00bb:{\u00ab\u00a0sponsor_type\u00a0\u00bb:null,\u00a0\u00bbsponsor_message\u00a0\u00bb:null,\u00a0\u00bbcollection_id_for_pinned_content\u00a0\u00bb:null,\u00a0\u00bbsponsor_logo_url\u00a0\u00bb:null,\u00a0\u00bbsponsor_name\u00a0\u00bb:null},\u00a0\u00bbMobile\u00a0\u00bb:{\u00ab\u00a0background_color_section\u00a0\u00bb:\u00a0\u00bb#C0C0C0&Prime;,\u00a0\u00bbalternative_title\u00a0\u00bb:null,\u00a0\u00bbxtpage\u00a0\u00bb:null,\u00a0\u00bbsection_collection_id\u00a0\u00bb:null,\u00a0\u00bblabel\u00a0\u00bb:null,\u00a0\u00bbbackground_image_section\u00a0\u00bb:null},\u00a0\u00bbNewsletter\u00a0\u00bb:{\u00ab\u00a0newsletter_optin\u00a0\u00bb:\u00a0\u00bboptin_thematique_faits_divers\u00a0\u00bb,\u00a0\u00bbnewsletter_color\u00a0\u00bb:\u00a0\u00bb#1EA0E6&Prime;,\u00a0\u00bbnewsletter_title\u00a0\u00bb:\u00a0\u00bbUne plong\u00e9e dans l\u2019actualit\u00e9 des faits divers, pour \u00e9clairer la face sombre de notre \u00e9poque\u00a0\u00bb,\u00a0\u00bbnewsletter_name\u00a0\u00bb:\u00a0\u00bbL&rsquo;Essentiel de l&rsquo;actu\u00a0\u00bb,\u00a0\u00bbnewsletter_image\u00a0\u00bb:\u00a0\u00bbnewsletter-faits-divers-logo.png\u00a0\u00bb,\u00a0\u00bbnewsletter_slug\u00a0\u00bb:\u00a0\u00bbfaits-divers\u00a0\u00bb,\u00a0\u00bbmodule_message\u00a0\u00bb:null,\u00a0\u00bbnewsletter_label\u00a0\u00bb:\u00a0\u00bbEnqu\u00eate en cours\u00a0\u00bb},\u00a0\u00bb_admin\u00a0\u00bb:{\u00ab\u00a0tracking_node\u00a0\u00bb:null,\u00a0\u00bbalias_ids\u00a0\u00bb:[\u00ab\u00a0\/podcasts\/crime-story\u00a0\u00bb],\u00a0\u00bbdo_not_show_on_site\u00a0\u00bb:null,\u00a0\u00bbcommercial_node\u00a0\u00bb:null,\u00a0\u00bbdefault_content\u00a0\u00bb:null},\u00a0\u00bbnavigation\u00a0\u00bb:{\u00ab\u00a0nav_title\u00a0\u00bb:null,\u00a0\u00bbdisplay_in_top_strip\u00a0\u00bb:null,\u00a0\u00bbnav_display\u00a0\u00bb:null},\u00a0\u00bbsite\u00a0\u00bb:{\u00ab\u00a0is_clickable_on_menu\u00a0\u00bb:\u00a0\u00bbtrue\u00a0\u00bb,\u00a0\u00bbpresentation\u00a0\u00bb:\u00a0\u00bbLe podcast faits divers Crime story raconte chaque semaine les grandes affaires criminelles qui ont marqu\u00e9 ces derni\u00e8res d\u00e9cennies. Publi\u00e9 chaque samedi, Crime story est pr\u00e9sent\u00e9 par la journaliste Clawdia Prolongeau et son invit\u00e9 permanent : Damien Delseny, le chef du service police justice du Parisien.\u00a0\u00bb,\u00a0\u00bbpagebuilder_path_for_native_apps\u00a0\u00bb:null,\u00a0\u00bbsite_url\u00a0\u00bb:null,\u00a0\u00bbsite_keywords\u00a0\u00bb:null,\u00a0\u00bbnative_app_rendering\u00a0\u00bb:null,\u00a0\u00bbamp_deactivated\u00a0\u00bb:\u00a0\u00bbfalse\u00a0\u00bb,\u00a0\u00bbsite_about\u00a0\u00bb:null,\u00a0\u00bbpaywall_deactivated\u00a0\u00bb:\u00a0\u00bbfalse\u00a0\u00bb,\u00a0\u00bbsite_description\u00a0\u00bb:\u00a0\u00bbLe podcast faits divers Crime story raconte chaque semaine les grandes affaires criminelles qui ont marqu\u00e9 ces derni\u00e8res d\u00e9cennies. Publi\u00e9 chaque samedi, Crime story est pr\u00e9sent\u00e9 par la journaliste Clawdia Prolongeau et son invit\u00e9 permanent : Damien Delseny, le chef du service police justice du Parisien.\u00a0\u00bb,\u00a0\u00bbsite_title\u00a0\u00bb:\u00a0\u00bbCrime story : le podcast Faits divers du Parisien &#8211; Le Parisien\u00a0\u00bb,\u00a0\u00bbsite_tagline\u00a0\u00bb:null},\u00a0\u00bbinactive\u00a0\u00bb:false,\u00a0\u00bbnode_type\u00a0\u00bb:\u00a0\u00bbsection\u00a0\u00bb,\u00a0\u00bb_website\u00a0\u00bb:\u00a0\u00bbleparisien\u00a0\u00bb,\u00a0\u00bbname\u00a0\u00bb:\u00a0\u00bbCrime story\u00a0\u00bb,\u00a0\u00bbstory_list\u00a0\u00bb:{\u00ab\u00a0story_list_content\u00a0\u00bb:{}},\u00a0\u00bb_id\u00a0\u00bb:\u00a0\u00bb\/podcasts\/crime-story\u00a0\u00bb,\u00a0\u00bbancestors\u00a0\u00bb:{\u00ab\u00a0default\u00a0\u00bb:[\u00ab\u00a0\/podcasts\u00a0\u00bb],\u00a0\u00bbMaillage_SEO_Surfooter\u00a0\u00bb:[\u00ab\u00a0\/podcasts\u00a0\u00bb],\u00a0\u00bbWebsked-plans\u00a0\u00bb:[\u00ab\u00a0https:\/\/www.leparisien.fr\/\u00a0\u00bb,\u00a0\u00bb\/podcasts\u00a0\u00bb],\u00a0\u00bbsub-nav\u00a0\u00bb:[\u00ab\u00a0https:\/\/www.leparisien.fr\/\u00a0\u00bb,\u00a0\u00bb\/podcasts\u00a0\u00bb],\u00a0\u00bbmenu\u00a0\u00bb:[\u00ab\u00a0https:\/\/www.leparisien.fr\/\u00a0\u00bb,\u00a0\u00bb\/podcasts\u00a0\u00bb]},\u00a0\u00bborder\u00a0\u00bb:{\u00ab\u00a0default\u00a0\u00bb:2002,\u00a0\u00bbMaillage_SEO_Surfooter\u00a0\u00bb:2002,\u00a0\u00bbWebsked-plans\u00a0\u00bb:2002,\u00a0\u00bbsub-nav\u00a0\u00bb:2002,\u00a0\u00bbmenu\u00a0\u00bb:2002}}},\u00a0\u00bb_website_section_id\u00a0\u00bb:\u00a0\u00bbleparisien.\/podcasts\/crime-story\u00a0\u00bb,\u00a0\u00bbtype\u00a0\u00bb:\u00a0\u00bbsection\u00a0\u00bb,\u00a0\u00bbversion\u00a0\u00bb:\u00a0\u00bb0.6.0&Prime;},{\u00ab\u00a0path\u00a0\u00bb:\u00a0\u00bb\/podcasts\u00a0\u00bb,\u00a0\u00bbparent\u00a0\u00bb:{\u00ab\u00a0default\u00a0\u00bb:\u00a0\u00bbhttps:\/\/www.leparisien.fr\/\u00a0\u00bb},\u00a0\u00bb_website\u00a0\u00bb:\u00a0\u00bbleparisien\u00a0\u00bb,\u00a0\u00bbparent_id\u00a0\u00bb:\u00a0\u00bbhttps:\/\/www.leparisien.fr\/\u00a0\u00bb,\u00a0\u00bbname\u00a0\u00bb:\u00a0\u00bbPodcasts\u00a0\u00bb,\u00a0\u00bbdescription\u00a0\u00bb:\u00a0\u00bbSuivez toute l&rsquo;actualit\u00e9 en France et en podcast : politique, faits divers, soci\u00e9t\u00e9 et toute l&rsquo;actualit\u00e9 sociale, \u00e9conomique et sportive avec Le Parisien\u00a0\u00bb,\u00a0\u00bb_id\u00a0\u00bb:\u00a0\u00bb\/podcasts\u00a0\u00bb,\u00a0\u00bbadditional_properties\u00a0\u00bb:{\u00ab\u00a0original\u00a0\u00bb:{\u00ab\u00a0parent\u00a0\u00bb:{\u00ab\u00a0default\u00a0\u00bb:\u00a0\u00bbhttps:\/\/www.leparisien.fr\/\u00a0\u00bb,\u00a0\u00bbburger-menu-etudiant\u00a0\u00bb:null,\u00a0\u00bbnavbar\u00a0\u00bb:\u00a0\u00bbhttps:\/\/www.leparisien.fr\/\u00a0\u00bb,\u00a0\u00bbMaillage_SEO_Surfooter\u00a0\u00bb:\u00a0\u00bbhttps:\/\/www.leparisien.fr\/\u00a0\u00bb,\u00a0\u00bbfooter\u00a0\u00bb:\u00a0\u00bbhttps:\/\/www.leparisien.fr\/\u00a0\u00bb,\u00a0\u00bbWebsked-plans\u00a0\u00bb:\u00a0\u00bbhttps:\/\/www.leparisien.fr\/\u00a0\u00bb,\u00a0\u00bbsurfooter\u00a0\u00bb:\u00a0\u00bbhttps:\/\/www.leparisien.fr\/\u00a0\u00bb,\u00a0\u00bbsub-nav\u00a0\u00bb:\u00a0\u00bbhttps:\/\/www.leparisien.fr\/\u00a0\u00bb,\u00a0\u00bbmobile-menu-sections-list\u00a0\u00bb:\u00a0\u00bbhttps:\/\/www.leparisien.fr\/\u00a0\u00bb,\u00a0\u00bbmenu\u00a0\u00bb:\u00a0\u00bbhttps:\/\/www.leparisien.fr\/\u00a0\u00bb,\u00a0\u00bbburger-menu\u00a0\u00bb:\u00a0\u00bbhttps:\/\/www.leparisien.fr\/\u00a0\u00bb,\u00a0\u00bbmosaic_app\u00a0\u00bb:\u00a0\u00bbhttps:\/\/www.leparisien.fr\/\u00a0\u00bb},\u00a0\u00bbGoogle Analytics\u00a0\u00bb:{\u00ab\u00a0ga_name_level_2&Prime;:null,\u00a0\u00bbga_name_level_3&Prime;:null,\u00a0\u00bbga_name_level_1&Prime;:\u00a0\u00bbpodcasts\u00a0\u00bb},\u00a0\u00bbSponsor\u00a0\u00bb:{\u00ab\u00a0collection_id_for_pinned_content\u00a0\u00bb:\u00a0\u00bbEB7A434XEJFU3DQ3VMQL6T2CBE\u00a0\u00bb},\u00a0\u00bbMobile\u00a0\u00bb:{\u00ab\u00a0background_color_section\u00a0\u00bb:\u00a0\u00bb#C89900&Prime;,\u00a0\u00bbsection_left_logo_dark\u00a0\u00bb:\u00a0\u00bbhttps:\/\/assets.leparisien.fr\/mobile\/images\/menu\/dark\/podcast.png\u00a0\u00bb,\u00a0\u00bbbackground_image_section\u00a0\u00bb:\u00a0\u00bbhttps:\/\/assets.leparisien.fr\/mobile\/images\/explorer\/podcasts.png\u00a0\u00bb,\u00a0\u00bbsection_left_logo_light\u00a0\u00bb:\u00a0\u00bbhttps:\/\/assets.leparisien.fr\/mobile\/images\/menu\/podcast.png\u00a0\u00bb},\u00a0\u00bb_admin\u00a0\u00bb:{\u00ab\u00a0alias_ids\u00a0\u00bb:[]},\u00a0\u00bbsite\u00a0\u00bb:{\u00ab\u00a0amp_deactivated\u00a0\u00bb:\u00a0\u00bbtrue\u00a0\u00bb,\u00a0\u00bbpaywall_deactivated\u00a0\u00bb:\u00a0\u00bbtrue\u00a0\u00bb,\u00a0\u00bbsite_description\u00a0\u00bb:\u00a0\u00bbSuivez toute l&rsquo;actualit\u00e9 en France et en podcast : politique, faits divers, soci\u00e9t\u00e9 et toute l&rsquo;actualit\u00e9 sociale, \u00e9conomique et sportive avec Le Parisien\u00a0\u00bb,\u00a0\u00bbsite_title\u00a0\u00bb:\u00a0\u00bbPodcasts d&rsquo;actualit\u00e9 : \u00e9coutez les meilleurs podcasts du Parisien &#8211; Le Parisien\u00a0\u00bb},\u00a0\u00bbinactive\u00a0\u00bb:false,\u00a0\u00bbnode_type\u00a0\u00bb:\u00a0\u00bbsection\u00a0\u00bb,\u00a0\u00bb_website\u00a0\u00bb:\u00a0\u00bbleparisien\u00a0\u00bb,\u00a0\u00bbname\u00a0\u00bb:\u00a0\u00bbPodcasts\u00a0\u00bb,\u00a0\u00bbstory_list\u00a0\u00bb:{\u00ab\u00a0story_list_content\u00a0\u00bb:{}},\u00a0\u00bbheader\u00a0\u00bb:{\u00ab\u00a0title_logo_only\u00a0\u00bb:\u00a0\u00bbfalse\u00a0\u00bb},\u00a0\u00bb_id\u00a0\u00bb:\u00a0\u00bb\/podcasts\u00a0\u00bb,\u00a0\u00bbancestors\u00a0\u00bb:{\u00ab\u00a0burger-menu-etudiant\u00a0\u00bb:[],\u00a0\u00bbdefault\u00a0\u00bb:[\u00ab\u00a0https:\/\/www.leparisien.fr\/\u00a0\u00bb],\u00a0\u00bbnavbar\u00a0\u00bb:[\u00ab\u00a0https:\/\/www.leparisien.fr\/\u00a0\u00bb],\u00a0\u00bbfooter\u00a0\u00bb:[\u00ab\u00a0https:\/\/www.leparisien.fr\/\u00a0\u00bb],\u00a0\u00bbWebsked-plans\u00a0\u00bb:[\u00ab\u00a0https:\/\/www.leparisien.fr\/\u00a0\u00bb],\u00a0\u00bbsurfooter\u00a0\u00bb:[\u00ab\u00a0https:\/\/www.leparisien.fr\/\u00a0\u00bb],\u00a0\u00bbsub-nav\u00a0\u00bb:[\u00ab\u00a0https:\/\/www.leparisien.fr\/\u00a0\u00bb],\u00a0\u00bbmobile-menu-sections-list\u00a0\u00bb:[\u00ab\u00a0https:\/\/www.leparisien.fr\/\u00a0\u00bb],\u00a0\u00bbmenu\u00a0\u00bb:[\u00ab\u00a0https:\/\/www.leparisien.fr\/\u00a0\u00bb],\u00a0\u00bbburger-menu\u00a0\u00bb:[\u00ab\u00a0https:\/\/www.leparisien.fr\/\u00a0\u00bb],\u00a0\u00bbmosaic_app\u00a0\u00bb:[\u00ab\u00a0https:\/\/www.leparisien.fr\/\u00a0\u00bb]},\u00a0\u00bborder\u00a0\u00bb:{\u00ab\u00a0default\u00a0\u00bb:1071,\u00a0\u00bbnavbar\u00a0\u00bb:1010,\u00a0\u00bbMaillage_SEO_Surfooter\u00a0\u00bb:1065,\u00a0\u00bbfooter\u00a0\u00bb:1016,\u00a0\u00bbWebsked-plans\u00a0\u00bb:1017,\u00a0\u00bbsurfooter\u00a0\u00bb:1016,\u00a0\u00bbsub-nav\u00a0\u00bb:1021,\u00a0\u00bbmobile-menu-sections-list\u00a0\u00bb:1004,\u00a0\u00bbmenu\u00a0\u00bb:1022,\u00a0\u00bbburger-menu\u00a0\u00bb:1019,\u00a0\u00bbmosaic_app\u00a0\u00bb:1014}}},\u00a0\u00bb_website_section_id\u00a0\u00bb:\u00a0\u00bbleparisien.\/podcasts\u00a0\u00bb,\u00a0\u00bbtype\u00a0\u00bb:\u00a0\u00bbsection\u00a0\u00bb,\u00a0\u00bbversion\u00a0\u00bb:\u00a0\u00bb0.6.0&Prime;},{\u00ab\u00a0path\u00a0\u00bb:\u00a0\u00bb\/faits-divers\u00a0\u00bb,\u00a0\u00bbparent\u00a0\u00bb:{\u00ab\u00a0default\u00a0\u00bb:\u00a0\u00bbhttps:\/\/www.leparisien.fr\/\u00a0\u00bb},\u00a0\u00bb_website\u00a0\u00bb:\u00a0\u00bbleparisien\u00a0\u00bb,\u00a0\u00bbparent_id\u00a0\u00bb:\u00a0\u00bbhttps:\/\/www.leparisien.fr\/\u00a0\u00bb,\u00a0\u00bbname\u00a0\u00bb:\u00a0\u00bbFaits divers\u00a0\u00bb,\u00a0\u00bbdescription\u00a0\u00bb:\u00a0\u00bbSuivez toute l&rsquo;actualit\u00e9 des faits divers \u00e0 Paris et en France en direct avec leParisien.fr : enqu\u00eates, interviews, vid\u00e9os et infos exclusives sur les meutres, vols\u2026\u00a0\u00bb,\u00a0\u00bb_id\u00a0\u00bb:\u00a0\u00bb\/faits-divers\u00a0\u00bb,\u00a0\u00bbadditional_properties\u00a0\u00bb:{\u00ab\u00a0original\u00a0\u00bb:{\u00ab\u00a0parent\u00a0\u00bb:{\u00ab\u00a0nav\u00a0\u00bb:\u00a0\u00bbhttps:\/\/www.leparisien.fr\/\u00a0\u00bb,\u00a0\u00bbMaillage_SEO_Surfooter\u00a0\u00bb:\u00a0\u00bbhttps:\/\/www.leparisien.fr\/\u00a0\u00bb,\u00a0\u00bbfooter\u00a0\u00bb:\u00a0\u00bbhttps:\/\/www.leparisien.fr\/\u00a0\u00bb,\u00a0\u00bbWebsked-plans\u00a0\u00bb:\u00a0\u00bbhttps:\/\/www.leparisien.fr\/\u00a0\u00bb,\u00a0\u00bbsurfooter\u00a0\u00bb:\u00a0\u00bbhttps:\/\/www.leparisien.fr\/\u00a0\u00bb,\u00a0\u00bbmobile-menu-sections-list\u00a0\u00bb:\u00a0\u00bbhttps:\/\/www.leparisien.fr\/\u00a0\u00bb,\u00a0\u00bbmenu\u00a0\u00bb:\u00a0\u00bbhttps:\/\/www.leparisien.fr\/\u00a0\u00bb,\u00a0\u00bbburger-menu\u00a0\u00bb:\u00a0\u00bbhttps:\/\/www.leparisien.fr\/\u00a0\u00bb,\u00a0\u00bbmosaic_app\u00a0\u00bb:\u00a0\u00bbhttps:\/\/www.leparisien.fr\/\u00a0\u00bb,\u00a0\u00bbdefault\u00a0\u00bb:\u00a0\u00bbhttps:\/\/www.leparisien.fr\/\u00a0\u00bb,\u00a0\u00bbburger-menu-etudiant\u00a0\u00bb:null,\u00a0\u00bbnavbar\u00a0\u00bb:\u00a0\u00bbhttps:\/\/www.leparisien.fr\/\u00a0\u00bb,\u00a0\u00bbsub-nav\u00a0\u00bb:\u00a0\u00bbhttps:\/\/www.leparisien.fr\/\u00a0\u00bb},\u00a0\u00bbGoogle Analytics\u00a0\u00bb:{\u00ab\u00a0ga_name_level_2&Prime;:null,\u00a0\u00bbga_name_level_3&Prime;:null,\u00a0\u00bbga_name_level_1&Prime;:\u00a0\u00bbfaits-divers\u00a0\u00bb},\u00a0\u00bbSponsor\u00a0\u00bb:{\u00ab\u00a0collection_id_for_pinned_content\u00a0\u00bb:\u00a0\u00bbZ5HL7A52HBDMPKNIFEGG3Q667I\u00a0\u00bb},\u00a0\u00bbMobile\u00a0\u00bb:{\u00ab\u00a0background_color_section\u00a0\u00bb:\u00a0\u00bb#4F6069&Prime;,\u00a0\u00bbbackground_image_section\u00a0\u00bb:\u00a0\u00bbhttps:\/\/assets.leparisien.fr\/mobile\/images\/explorer\/faits_divers.png\u00a0\u00bb},\u00a0\u00bbNewsletter\u00a0\u00bb:{\u00ab\u00a0newsletter_optin\u00a0\u00bb:\u00a0\u00bboptin_thematique_faits_divers\u00a0\u00bb,\u00a0\u00bbnewsletter_color\u00a0\u00bb:\u00a0\u00bb#7779A6&Prime;,\u00a0\u00bbnewsletter_title\u00a0\u00bb:\u00a0\u00bbUne plong\u00e9e dans l\u2019actualit\u00e9 des faits divers, pour \u00e9clairer la face sombre de notre \u00e9poque\u00a0\u00bb,\u00a0\u00bbnewsletter_name\u00a0\u00bb:\u00a0\u00bbEnqu\u00eate en cours\u00a0\u00bb,\u00a0\u00bbnewsletter_image\u00a0\u00bb:\u00a0\u00bbnewsletter-faits-divers-logo.png\u00a0\u00bb,\u00a0\u00bbnewsletter_slug\u00a0\u00bb:\u00a0\u00bbfaits-divers\u00a0\u00bb,\u00a0\u00bbnewsletter_label\u00a0\u00bb:\u00a0\u00bbEnqu\u00eate en cours\u00a0\u00bb},\u00a0\u00bb_admin\u00a0\u00bb:{\u00ab\u00a0alias_ids\u00a0\u00bb:[]},\u00a0\u00bbsite\u00a0\u00bb:{\u00ab\u00a0section_show_videos\u00a0\u00bb:\u00a0\u00bbtrue\u00a0\u00bb,\u00a0\u00bbsite_description\u00a0\u00bb:\u00a0\u00bbSuivez toute l&rsquo;actualit\u00e9 des faits divers \u00e0 Paris et en France en direct avec leParisien.fr : enqu\u00eates, interviews, vid\u00e9os et infos exclusives sur les meutres, vols\u2026\u00a0\u00bb,\u00a0\u00bbsite_title\u00a0\u00bb:\u00a0\u00bbFaits Divers : Toute l&rsquo;actualit\u00e9 des faits divers &#8211; Le Parisien\u00a0\u00bb},\u00a0\u00bbinactive\u00a0\u00bb:false,\u00a0\u00bbnode_type\u00a0\u00bb:\u00a0\u00bbsection\u00a0\u00bb,\u00a0\u00bb_website\u00a0\u00bb:\u00a0\u00bbleparisien\u00a0\u00bb,\u00a0\u00bbname\u00a0\u00bb:\u00a0\u00bbFaits divers\u00a0\u00bb,\u00a0\u00bbstory_list\u00a0\u00bb:{\u00ab\u00a0story_list_content\u00a0\u00bb:{}},\u00a0\u00bbheader\u00a0\u00bb:{\u00ab\u00a0title_logo_only\u00a0\u00bb:\u00a0\u00bbfalse\u00a0\u00bb},\u00a0\u00bb_id\u00a0\u00bb:\u00a0\u00bb\/faits-divers\u00a0\u00bb,\u00a0\u00bbancestors\u00a0\u00bb:{\u00ab\u00a0burger-menu-etudiant\u00a0\u00bb:[],\u00a0\u00bbnav\u00a0\u00bb:[\u00ab\u00a0https:\/\/www.leparisien.fr\/\u00a0\u00bb],\u00a0\u00bbdefault\u00a0\u00bb:[\u00ab\u00a0https:\/\/www.leparisien.fr\/\u00a0\u00bb],\u00a0\u00bbnavbar\u00a0\u00bb:[\u00ab\u00a0https:\/\/www.leparisien.fr\/\u00a0\u00bb],\u00a0\u00bbfooter\u00a0\u00bb:[\u00ab\u00a0https:\/\/www.leparisien.fr\/\u00a0\u00bb],\u00a0\u00bbWebsked-plans\u00a0\u00bb:[\u00ab\u00a0https:\/\/www.leparisien.fr\/\u00a0\u00bb],\u00a0\u00bbsurfooter\u00a0\u00bb:[\u00ab\u00a0https:\/\/www.leparisien.fr\/\u00a0\u00bb],\u00a0\u00bbsub-nav\u00a0\u00bb:[\u00ab\u00a0https:\/\/www.leparisien.fr\/\u00a0\u00bb],\u00a0\u00bbmobile-menu-sections-list\u00a0\u00bb:[\u00ab\u00a0https:\/\/www.leparisien.fr\/\u00a0\u00bb],\u00a0\u00bbmenu\u00a0\u00bb:[\u00ab\u00a0https:\/\/www.leparisien.fr\/\u00a0\u00bb],\u00a0\u00bbburger-menu\u00a0\u00bb:[\u00ab\u00a0https:\/\/www.leparisien.fr\/\u00a0\u00bb],\u00a0\u00bbmosaic_app\u00a0\u00bb:[\u00ab\u00a0https:\/\/www.leparisien.fr\/\u00a0\u00bb]},\u00a0\u00bborder\u00a0\u00bb:{\u00ab\u00a0default\u00a0\u00bb:1069,\u00a0\u00bbnav\u00a0\u00bb:1004,\u00a0\u00bbnavbar\u00a0\u00bb:1004,\u00a0\u00bbMaillage_SEO_Surfooter\u00a0\u00bb:1063,\u00a0\u00bbfooter\u00a0\u00bb:1013,\u00a0\u00bbWebsked-plans\u00a0\u00bb:1007,\u00a0\u00bbsurfooter\u00a0\u00bb:1013,\u00a0\u00bbsub-nav\u00a0\u00bb:1008,\u00a0\u00bbmobile-menu-sections-list\u00a0\u00bb:1001,\u00a0\u00bbmenu\u00a0\u00bb:1004,\u00a0\u00bbburger-menu\u00a0\u00bb:1002,\u00a0\u00bbmosaic_app\u00a0\u00bb:1001}}},\u00a0\u00bb_website_section_id\u00a0\u00bb:\u00a0\u00bbleparisien.\/faits-divers\u00a0\u00bb,\u00a0\u00bbtype\u00a0\u00bb:\u00a0\u00bbsection\u00a0\u00bb,\u00a0\u00bbversion\u00a0\u00bb:\u00a0\u00bb0.6.0&Prime;},{\u00ab\u00a0path\u00a0\u00bb:\u00a0\u00bb\/tarn-81&Prime;,\u00a0\u00bbparent\u00a0\u00bb:{\u00ab\u00a0default\u00a0\u00bb:\u00a0\u00bb\/en-region\u00a0\u00bb},\u00a0\u00bb_website\u00a0\u00bb:\u00a0\u00bbleparisien\u00a0\u00bb,\u00a0\u00bbparent_id\u00a0\u00bb:\u00a0\u00bb\/en-region\u00a0\u00bb,\u00a0\u00bbname\u00a0\u00bb:\u00a0\u00bbTarn\u00a0\u00bb,\u00a0\u00bbdescription\u00a0\u00bb:\u00a0\u00bbSuivez toute l&rsquo;actualit\u00e9 et les informations locales du Tarn en direct et en vid\u00e9o sur le Parisien.fr\u00a0\u00bb,\u00a0\u00bb_id\u00a0\u00bb:\u00a0\u00bb\/tarn-81&Prime;,\u00a0\u00bbadditional_properties\u00a0\u00bb:{\u00ab\u00a0original\u00a0\u00bb:{\u00ab\u00a0parent\u00a0\u00bb:{\u00ab\u00a0default\u00a0\u00bb:\u00a0\u00bb\/en-region\u00a0\u00bb,\u00a0\u00bbMaillage_SEO_Surfooter\u00a0\u00bb:\u00a0\u00bb\/en-region\u00a0\u00bb,\u00a0\u00bbWebsked-plans\u00a0\u00bb:\u00a0\u00bb\/en-region\u00a0\u00bb,\u00a0\u00bbsub-nav\u00a0\u00bb:null},\u00a0\u00bb_admin\u00a0\u00bb:{\u00ab\u00a0alias_ids\u00a0\u00bb:[]},\u00a0\u00bbsite\u00a0\u00bb:{\u00ab\u00a0site_description\u00a0\u00bb:\u00a0\u00bbSuivez toute l&rsquo;actualit\u00e9 et les informations locales du Tarn en direct et en vid\u00e9o sur le Parisien.fr\u00a0\u00bb,\u00a0\u00bbsite_title\u00a0\u00bb:\u00a0\u00bbActualit\u00e9s du d\u00e9partement du Tarn (81) &#8211; Infos locales dans le Tarn &#8211; Le Parisien\u00a0\u00bb},\u00a0\u00bbGoogle Analytics\u00a0\u00bb:{\u00ab\u00a0ga_name_level_2&Prime;:\u00a0\u00bbtarn-81&Prime;,\u00a0\u00bbga_name_level_3&Prime;:null,\u00a0\u00bbga_name_level_1&Prime;:\u00a0\u00bbdepartements-horsidfo\u00a0\u00bb},\u00a0\u00bbinactive\u00a0\u00bb:false,\u00a0\u00bbnode_type\u00a0\u00bb:\u00a0\u00bbsection\u00a0\u00bb,\u00a0\u00bb_website\u00a0\u00bb:\u00a0\u00bbleparisien\u00a0\u00bb,\u00a0\u00bbstory_list\u00a0\u00bb:{\u00ab\u00a0story_list_content\u00a0\u00bb:{}},\u00a0\u00bbname\u00a0\u00bb:\u00a0\u00bbTarn\u00a0\u00bb,\u00a0\u00bb_id\u00a0\u00bb:\u00a0\u00bb\/tarn-81&Prime;,\u00a0\u00bbancestors\u00a0\u00bb:{\u00ab\u00a0default\u00a0\u00bb:[\u00ab\u00a0\/en-region\u00a0\u00bb],\u00a0\u00bbMaillage_SEO_Surfooter\u00a0\u00bb:[\u00ab\u00a0\/en-region\u00a0\u00bb],\u00a0\u00bbWebsked-plans\u00a0\u00bb:[\u00ab\u00a0https:\/\/www.leparisien.fr\/\u00a0\u00bb,\u00a0\u00bb\/en-region\u00a0\u00bb]},\u00a0\u00bborder\u00a0\u00bb:{\u00ab\u00a0default\u00a0\u00bb:2076,\u00a0\u00bbMaillage_SEO_Surfooter\u00a0\u00bb:2076,\u00a0\u00bbWebsked-plans\u00a0\u00bb:2078}}},\u00a0\u00bb_website_section_id\u00a0\u00bb:\u00a0\u00bbleparisien.\/tarn-81&Prime;,\u00a0\u00bbtype\u00a0\u00bb:\u00a0\u00bbsection\u00a0\u00bb,\u00a0\u00bbversion\u00a0\u00bb:\u00a0\u00bb0.6.0&Prime;},{\u00ab\u00a0path\u00a0\u00bb:\u00a0\u00bb\/en-region\u00a0\u00bb,\u00a0\u00bbparent\u00a0\u00bb:{\u00ab\u00a0default\u00a0\u00bb:\u00a0\u00bbhttps:\/\/www.leparisien.fr\/\u00a0\u00bb},\u00a0\u00bb_website\u00a0\u00bb:\u00a0\u00bbleparisien\u00a0\u00bb,\u00a0\u00bbparent_id\u00a0\u00bb:\u00a0\u00bbhttps:\/\/www.leparisien.fr\/\u00a0\u00bb,\u00a0\u00bbname\u00a0\u00bb:\u00a0\u00bbEn r\u00e9gion\u00a0\u00bb,\u00a0\u00bbdescription\u00a0\u00bb:\u00a0\u00bbRetrouvez toute l&rsquo;actu de votre r\u00e9gion avec Aujourd&rsquo;hui en France.\u00a0\u00bb,\u00a0\u00bb_id\u00a0\u00bb:\u00a0\u00bb\/en-region\u00a0\u00bb,\u00a0\u00bbadditional_properties\u00a0\u00bb:{\u00ab\u00a0original\u00a0\u00bb:{\u00ab\u00a0parent\u00a0\u00bb:{\u00ab\u00a0default\u00a0\u00bb:\u00a0\u00bbhttps:\/\/www.leparisien.fr\/\u00a0\u00bb,\u00a0\u00bbburger-menu-etudiant\u00a0\u00bb:null,\u00a0\u00bbMaillage_SEO_Surfooter\u00a0\u00bb:\u00a0\u00bbhttps:\/\/www.leparisien.fr\/\u00a0\u00bb,\u00a0\u00bbWebsked-plans\u00a0\u00bb:\u00a0\u00bbhttps:\/\/www.leparisien.fr\/\u00a0\u00bb,\u00a0\u00bbsub-nav\u00a0\u00bb:\u00a0\u00bbhttps:\/\/www.leparisien.fr\/\u00a0\u00bb,\u00a0\u00bbmenu\u00a0\u00bb:\u00a0\u00bbhttps:\/\/www.leparisien.fr\/\u00a0\u00bb,\u00a0\u00bbburger-menu\u00a0\u00bb:\u00a0\u00bbhttps:\/\/www.leparisien.fr\/\u00a0\u00bb},\u00a0\u00bbGoogle Analytics\u00a0\u00bb:{\u00ab\u00a0ga_name_level_2&Prime;:null,\u00a0\u00bbga_name_level_3&Prime;:null,\u00a0\u00bbga_name_level_1&Prime;:\u00a0\u00bbdepartements-horsidfo\u00a0\u00bb},\u00a0\u00bbevent_logo_mobile_width\u00a0\u00bb:\u00a0\u00bb128&Prime;,\u00a0\u00bbevent_logo_tablet_width\u00a0\u00bb:\u00a0\u00bb153&Prime;,\u00a0\u00bbNewsletter\u00a0\u00bb:{\u00ab\u00a0newsletter_optin\u00a0\u00bb:\u00a0\u00bboptin_newsletter\u00a0\u00bb,\u00a0\u00bbnewsletter_color\u00a0\u00bb:\u00a0\u00bb#1EA0E6&Prime;,\u00a0\u00bbnewsletter_title\u00a0\u00bb:\u00a0\u00bbUn tour de l\u2019actualit\u00e9 pour commencer la journ\u00e9e\u00a0\u00bb,\u00a0\u00bbnewsletter_name\u00a0\u00bb:\u00a0\u00bbL&rsquo;Essentiel de l&rsquo;actu\u00a0\u00bb,\u00a0\u00bbnewsletter_image\u00a0\u00bb:\u00a0\u00bbnewsletter-essentiel-matin-logo.png\u00a0\u00bb,\u00a0\u00bbmodule_message\u00a0\u00bb:null,\u00a0\u00bbnewsletter_label\u00a0\u00bb:\u00a0\u00bbL&rsquo;essentiel du matin\u00a0\u00bb},\u00a0\u00bbevent_logo_desktop_width\u00a0\u00bb:\u00a0\u00bb204&Prime;,\u00a0\u00bbevent_logo_tablet_height\u00a0\u00bb:\u00a0\u00bb48&Prime;,\u00a0\u00bbnavigation\u00a0\u00bb:{\u00ab\u00a0nav_title\u00a0\u00bb:null,\u00a0\u00bbdisplay_in_top_strip\u00a0\u00bb:null,\u00a0\u00bbnav_display\u00a0\u00bb:null},\u00a0\u00bbinactive\u00a0\u00bb:false,\u00a0\u00bbnode_type\u00a0\u00bb:\u00a0\u00bbsection\u00a0\u00bb,\u00a0\u00bb_website\u00a0\u00bb:\u00a0\u00bbleparisien\u00a0\u00bb,\u00a0\u00bbancestors\u00a0\u00bb:{\u00ab\u00a0default\u00a0\u00bb:[\u00ab\u00a0https:\/\/www.leparisien.fr\/\u00a0\u00bb],\u00a0\u00bbburger-menu-etudiant\u00a0\u00bb:[],\u00a0\u00bbMaillage_SEO_Surfooter\u00a0\u00bb:[],\u00a0\u00bbWebsked-plans\u00a0\u00bb:[\u00ab\u00a0https:\/\/www.leparisien.fr\/\u00a0\u00bb],\u00a0\u00bbsub-nav\u00a0\u00bb:[\u00ab\u00a0https:\/\/www.leparisien.fr\/\u00a0\u00bb],\u00a0\u00bbmenu\u00a0\u00bb:[\u00ab\u00a0https:\/\/www.leparisien.fr\/\u00a0\u00bb],\u00a0\u00bbburger-menu\u00a0\u00bb:[\u00ab\u00a0https:\/\/www.leparisien.fr\/\u00a0\u00bb]},\u00a0\u00bborder\u00a0\u00bb:{\u00ab\u00a0default\u00a0\u00bb:1060,\u00a0\u00bbMaillage_SEO_Surfooter\u00a0\u00bb:1052,\u00a0\u00bbWebsked-plans\u00a0\u00bb:1033,\u00a0\u00bbsub-nav\u00a0\u00bb:1009,\u00a0\u00bbmenu\u00a0\u00bb:1015,\u00a0\u00bbburger-menu\u00a0\u00bb:1015},\u00a0\u00bbin_the_news\u00a0\u00bb:{\u00ab\u00a0in_the_news_usefeature\u00a0\u00bb:null,\u00a0\u00bbin_the_news_usebasepage\u00a0\u00bb:\u00a0\u00bb\/in-the-news-forsections\/\u00a0\u00bb,\u00a0\u00bbin_the_news_usesectionbar\u00a0\u00bb:\u00a0\u00bbfalse\u00a0\u00bb},\u00a0\u00bbsocial\u00a0\u00bb:{\u00ab\u00a0archives\u00a0\u00bb:null,\u00a0\u00bbtwitter\u00a0\u00bb:null,\u00a0\u00bbrss\u00a0\u00bb:null,\u00a0\u00bbfacebook\u00a0\u00bb:null},\u00a0\u00bbevent_logo_mobile_height\u00a0\u00bb:\u00a0\u00bb40&Prime;,\u00a0\u00bbSponsor\u00a0\u00bb:{\u00ab\u00a0sponsor_type\u00a0\u00bb:null,\u00a0\u00bbsponsor_message\u00a0\u00bb:null,\u00a0\u00bbcollection_id_for_pinned_content\u00a0\u00bb:null,\u00a0\u00bbsponsor_logo_url\u00a0\u00bb:null,\u00a0\u00bbsponsor_name\u00a0\u00bb:null},\u00a0\u00bbevent_logo_url\u00a0\u00bb:\u00a0\u00bbhttps:\/\/leparisien-assets-prod.s3.eu-west-1.amazonaws.com\/website\/images\/events_logo\/aujourdhui-en-france.svg\u00a0\u00bb,\u00a0\u00bbMobile\u00a0\u00bb:{\u00ab\u00a0background_color_section\u00a0\u00bb:\u00a0\u00bb#C0C0C0&Prime;,\u00a0\u00bbxtpage\u00a0\u00bb:null,\u00a0\u00bblabel\u00a0\u00bb:null,\u00a0\u00bbbackground_image_section\u00a0\u00bb:null},\u00a0\u00bbevent_logo_desktop_height\u00a0\u00bb:\u00a0\u00bb64&Prime;,\u00a0\u00bb_admin\u00a0\u00bb:{\u00ab\u00a0tracking_node\u00a0\u00bb:null,\u00a0\u00bbalias_ids\u00a0\u00bb:[\u00ab\u00a0\/en-region\u00a0\u00bb],\u00a0\u00bbdo_not_show_on_site\u00a0\u00bb:null,\u00a0\u00bbcommercial_node\u00a0\u00bb:null,\u00a0\u00bbdefault_content\u00a0\u00bb:null},\u00a0\u00bbsite\u00a0\u00bb:{\u00ab\u00a0is_clickable_on_menu\u00a0\u00bb:\u00a0\u00bbtrue\u00a0\u00bb,\u00a0\u00bbpresentation\u00a0\u00bb:null,\u00a0\u00bbpagebuilder_path_for_native_apps\u00a0\u00bb:null,\u00a0\u00bbsite_url\u00a0\u00bb:null,\u00a0\u00bbsite_keywords\u00a0\u00bb:null,\u00a0\u00bbnative_app_rendering\u00a0\u00bb:null,\u00a0\u00bbamp_deactivated\u00a0\u00bb:\u00a0\u00bbfalse\u00a0\u00bb,\u00a0\u00bbsite_about\u00a0\u00bb:null,\u00a0\u00bbpaywall_deactivated\u00a0\u00bb:\u00a0\u00bbfalse\u00a0\u00bb,\u00a0\u00bbsite_description\u00a0\u00bb:\u00a0\u00bbRetrouvez toute l&rsquo;actu de votre r\u00e9gion avec Aujourd&rsquo;hui en France.\u00a0\u00bb,\u00a0\u00bbsite_title\u00a0\u00bb:\u00a0\u00bbL&rsquo;info en r\u00e9gion &#8211; Aujourd&rsquo;hui en France &#8211; Le Parisien\u00a0\u00bb,\u00a0\u00bbsite_tagline\u00a0\u00bb:null},\u00a0\u00bbname\u00a0\u00bb:\u00a0\u00bbEn r\u00e9gion\u00a0\u00bb,\u00a0\u00bbstory_list\u00a0\u00bb:{\u00ab\u00a0story_list_content\u00a0\u00bb:{}},\u00a0\u00bb_id\u00a0\u00bb:\u00a0\u00bb\/en-region\u00a0\u00bb}},\u00a0\u00bb_website_section_id\u00a0\u00bb:\u00a0\u00bbleparisien.\/en-region\u00a0\u00bb,\u00a0\u00bbtype\u00a0\u00bb:\u00a0\u00bbsection\u00a0\u00bb,\u00a0\u00bbversion\u00a0\u00bb:\u00a0\u00bb0.6.0&Prime;}],\u00a0\u00bbprimary_section\u00a0\u00bb:{\u00ab\u00a0path\u00a0\u00bb:\u00a0\u00bb\/podcasts\/crime-story\u00a0\u00bb,\u00a0\u00bbparent\u00a0\u00bb:{\u00ab\u00a0default\u00a0\u00bb:\u00a0\u00bb\/podcasts\u00a0\u00bb},\u00a0\u00bb_website\u00a0\u00bb:\u00a0\u00bbleparisien\u00a0\u00bb,\u00a0\u00bbparent_id\u00a0\u00bb:\u00a0\u00bb\/podcasts\u00a0\u00bb,\u00a0\u00bbname\u00a0\u00bb:\u00a0\u00bbCrime story\u00a0\u00bb,\u00a0\u00bbdescription\u00a0\u00bb:\u00a0\u00bbLe podcast faits divers Crime story raconte chaque semaine les grandes affaires criminelles qui ont marqu\u00e9 ces derni\u00e8res d\u00e9cennies. Publi\u00e9 chaque samedi, Crime story est pr\u00e9sent\u00e9 par la journaliste Clawdia Prolongeau et son invit\u00e9 permanent : Damien Delseny, le chef du service police justice du Parisien.\u00a0\u00bb,\u00a0\u00bb_id\u00a0\u00bb:\u00a0\u00bb\/podcasts\/crime-story\u00a0\u00bb,\u00a0\u00bbadditional_properties\u00a0\u00bb:{\u00ab\u00a0original\u00a0\u00bb:{\u00ab\u00a0parent\u00a0\u00bb:{\u00ab\u00a0default\u00a0\u00bb:\u00a0\u00bb\/podcasts\u00a0\u00bb,\u00a0\u00bbMaillage_SEO_Surfooter\u00a0\u00bb:\u00a0\u00bb\/podcasts\u00a0\u00bb,\u00a0\u00bbWebsked-plans\u00a0\u00bb:\u00a0\u00bb\/podcasts\u00a0\u00bb,\u00a0\u00bbsub-nav\u00a0\u00bb:\u00a0\u00bb\/podcasts\u00a0\u00bb,\u00a0\u00bbmenu\u00a0\u00bb:\u00a0\u00bb\/podcasts\u00a0\u00bb},\u00a0\u00bbin_the_news\u00a0\u00bb:{\u00ab\u00a0in_the_news_usefeature\u00a0\u00bb:null,\u00a0\u00bbin_the_news_usebasepage\u00a0\u00bb:\u00a0\u00bb\/in-the-news-forsections\/\u00a0\u00bb,\u00a0\u00bbin_the_news_usesectionbar\u00a0\u00bb:\u00a0\u00bbfalse\u00a0\u00bb},\u00a0\u00bbGoogle Analytics\u00a0\u00bb:{\u00ab\u00a0ga_name_level_2&Prime;:\u00a0\u00bbcrime-story\u00a0\u00bb,\u00a0\u00bbga_name_level_3&Prime;:null,\u00a0\u00bbga_name_level_1&Prime;:\u00a0\u00bbpodcasts\u00a0\u00bb},\u00a0\u00bbsocial\u00a0\u00bb:{\u00ab\u00a0archives\u00a0\u00bb:null,\u00a0\u00bbtwitter\u00a0\u00bb:null,\u00a0\u00bbrss\u00a0\u00bb:null,\u00a0\u00bbfacebook\u00a0\u00bb:null},\u00a0\u00bbSponsor\u00a0\u00bb:{\u00ab\u00a0sponsor_type\u00a0\u00bb:null,\u00a0\u00bbsponsor_message\u00a0\u00bb:null,\u00a0\u00bbcollection_id_for_pinned_content\u00a0\u00bb:null,\u00a0\u00bbsponsor_logo_url\u00a0\u00bb:null,\u00a0\u00bbsponsor_name\u00a0\u00bb:null},\u00a0\u00bbMobile\u00a0\u00bb:{\u00ab\u00a0background_color_section\u00a0\u00bb:\u00a0\u00bb#C0C0C0&Prime;,\u00a0\u00bbalternative_title\u00a0\u00bb:null,\u00a0\u00bbxtpage\u00a0\u00bb:null,\u00a0\u00bbsection_collection_id\u00a0\u00bb:null,\u00a0\u00bblabel\u00a0\u00bb:null,\u00a0\u00bbbackground_image_section\u00a0\u00bb:null},\u00a0\u00bbNewsletter\u00a0\u00bb:{\u00ab\u00a0newsletter_optin\u00a0\u00bb:\u00a0\u00bboptin_thematique_faits_divers\u00a0\u00bb,\u00a0\u00bbnewsletter_color\u00a0\u00bb:\u00a0\u00bb#1EA0E6&Prime;,\u00a0\u00bbnewsletter_title\u00a0\u00bb:\u00a0\u00bbUne plong\u00e9e dans l\u2019actualit\u00e9 des faits divers, pour \u00e9clairer la face sombre de notre \u00e9poque\u00a0\u00bb,\u00a0\u00bbnewsletter_name\u00a0\u00bb:\u00a0\u00bbL&rsquo;Essentiel de l&rsquo;actu\u00a0\u00bb,\u00a0\u00bbnewsletter_image\u00a0\u00bb:\u00a0\u00bbnewsletter-faits-divers-logo.png\u00a0\u00bb,\u00a0\u00bbnewsletter_slug\u00a0\u00bb:\u00a0\u00bbfaits-divers\u00a0\u00bb,\u00a0\u00bbmodule_message\u00a0\u00bb:null,\u00a0\u00bbnewsletter_label\u00a0\u00bb:\u00a0\u00bbEnqu\u00eate en cours\u00a0\u00bb},\u00a0\u00bb_admin\u00a0\u00bb:{\u00ab\u00a0tracking_node\u00a0\u00bb:null,\u00a0\u00bbalias_ids\u00a0\u00bb:[\u00ab\u00a0\/podcasts\/crime-story\u00a0\u00bb],\u00a0\u00bbdo_not_show_on_site\u00a0\u00bb:null,\u00a0\u00bbcommercial_node\u00a0\u00bb:null,\u00a0\u00bbdefault_content\u00a0\u00bb:null},\u00a0\u00bbnavigation\u00a0\u00bb:{\u00ab\u00a0nav_title\u00a0\u00bb:null,\u00a0\u00bbdisplay_in_top_strip\u00a0\u00bb:null,\u00a0\u00bbnav_display\u00a0\u00bb:null},\u00a0\u00bbsite\u00a0\u00bb:{\u00ab\u00a0is_clickable_on_menu\u00a0\u00bb:\u00a0\u00bbtrue\u00a0\u00bb,\u00a0\u00bbpresentation\u00a0\u00bb:\u00a0\u00bbLe podcast faits divers Crime story raconte chaque semaine les grandes affaires criminelles qui ont marqu\u00e9 ces derni\u00e8res d\u00e9cennies. Publi\u00e9 chaque samedi, Crime story est pr\u00e9sent\u00e9 par la journaliste Clawdia Prolongeau et son invit\u00e9 permanent : Damien Delseny, le chef du service police justice du Parisien.\u00a0\u00bb,\u00a0\u00bbpagebuilder_path_for_native_apps\u00a0\u00bb:null,\u00a0\u00bbsite_url\u00a0\u00bb:null,\u00a0\u00bbsite_keywords\u00a0\u00bb:null,\u00a0\u00bbnative_app_rendering\u00a0\u00bb:null,\u00a0\u00bbamp_deactivated\u00a0\u00bb:\u00a0\u00bbfalse\u00a0\u00bb,\u00a0\u00bbsite_about\u00a0\u00bb:null,\u00a0\u00bbpaywall_deactivated\u00a0\u00bb:\u00a0\u00bbfalse\u00a0\u00bb,\u00a0\u00bbsite_description\u00a0\u00bb:\u00a0\u00bbLe podcast faits divers Crime story raconte chaque semaine les grandes affaires criminelles qui ont marqu\u00e9 ces derni\u00e8res d\u00e9cennies. Publi\u00e9 chaque samedi, Crime story est pr\u00e9sent\u00e9 par la journaliste Clawdia Prolongeau et son invit\u00e9 permanent : Damien Delseny, le chef du service police justice du Parisien.\u00a0\u00bb,\u00a0\u00bbsite_title\u00a0\u00bb:\u00a0\u00bbCrime story : le podcast Faits divers du Parisien &#8211; Le Parisien\u00a0\u00bb,\u00a0\u00bbsite_tagline\u00a0\u00bb:null},\u00a0\u00bbinactive\u00a0\u00bb:false,\u00a0\u00bbnode_type\u00a0\u00bb:\u00a0\u00bbsection\u00a0\u00bb,\u00a0\u00bb_website\u00a0\u00bb:\u00a0\u00bbleparisien\u00a0\u00bb,\u00a0\u00bbname\u00a0\u00bb:\u00a0\u00bbCrime story\u00a0\u00bb,\u00a0\u00bbstory_list\u00a0\u00bb:{\u00ab\u00a0story_list_content\u00a0\u00bb:{}},\u00a0\u00bb_id\u00a0\u00bb:\u00a0\u00bb\/podcasts\/crime-story\u00a0\u00bb,\u00a0\u00bbancestors\u00a0\u00bb:{\u00ab\u00a0default\u00a0\u00bb:[\u00ab\u00a0\/podcasts\u00a0\u00bb],\u00a0\u00bbMaillage_SEO_Surfooter\u00a0\u00bb:[\u00ab\u00a0\/podcasts\u00a0\u00bb],\u00a0\u00bbWebsked-plans\u00a0\u00bb:[\u00ab\u00a0https:\/\/www.leparisien.fr\/\u00a0\u00bb,\u00a0\u00bb\/podcasts\u00a0\u00bb],\u00a0\u00bbsub-nav\u00a0\u00bb:[\u00ab\u00a0https:\/\/www.leparisien.fr\/\u00a0\u00bb,\u00a0\u00bb\/podcasts\u00a0\u00bb],\u00a0\u00bbmenu\u00a0\u00bb:[\u00ab\u00a0https:\/\/www.leparisien.fr\/\u00a0\u00bb,\u00a0\u00bb\/podcasts\u00a0\u00bb]},\u00a0\u00bborder\u00a0\u00bb:{\u00ab\u00a0default\u00a0\u00bb:2002,\u00a0\u00bbMaillage_SEO_Surfooter\u00a0\u00bb:2002,\u00a0\u00bbWebsked-plans\u00a0\u00bb:2002,\u00a0\u00bbsub-nav\u00a0\u00bb:2002,\u00a0\u00bbmenu\u00a0\u00bb:2002}}},\u00a0\u00bbtype\u00a0\u00bb:\u00a0\u00bbsection\u00a0\u00bb,\u00a0\u00bbversion\u00a0\u00bb:\u00a0\u00bb0.6.0&Prime;},\u00a0\u00bbseo_keywords\u00a0\u00bb:[\u00ab\u00a0crime\u00a0\u00bb,\u00a0\u00bbfaits divers\u00a0\u00bb,\u00a0\u00bbaffaires criminelles\u00a0\u00bb,\u00a0\u00bbpodcast\u00a0\u00bb],\u00a0\u00bbtags\u00a0\u00bb:[{\u00ab\u00a0description\u00a0\u00bb:\u00a0\u00bb\/affaire-delphine-jubillar\/\u00a0\u00bb,\u00a0\u00bb_id\u00a0\u00bb:\u00a0\u00bb2QSWQEVPZFB4LHPTKK3FEONSNA\u00a0\u00bb,\u00a0\u00bbtext\u00a0\u00bb:\u00a0\u00bbAffaire Delphine Jubillar\u00a0\u00bb,\u00a0\u00bbslug\u00a0\u00bb:\u00a0\u00bbdelphine-jubillar\u00a0\u00bb}],\u00a0\u00bbkeywords\u00a0\u00bb:[\u00ab\u00a0crime\u00a0\u00bb,\u00a0\u00bbfaits divers\u00a0\u00bb,\u00a0\u00bbaffaires criminelles\u00a0\u00bb,\u00a0\u00bbpodcast\u00a0\u00bb]},\u00a0\u00bbrelated_content\u00a0\u00bb:{\u00ab\u00a0basic\u00a0\u00bb:[]},\u00a0\u00bbtype\u00a0\u00bb:\u00a0\u00bbstory\u00a0\u00bb,\u00a0\u00bbcredits\u00a0\u00bb:{\u00ab\u00a0by\u00a0\u00bb:[{\u00ab\u00a0socialLinks\u00a0\u00bb:[{\u00ab\u00a0site\u00a0\u00bb:\u00a0\u00bbemail\u00a0\u00bb,\u00a0\u00bbdeprecated\u00a0\u00bb:true,\u00a0\u00bbdeprecation_msg\u00a0\u00bb:\u00a0\u00bbPlease use social_links.\u00a0\u00bb,\u00a0\u00bburl\u00a0\u00bb:\u00a0\u00bb\u00a0\u00bb},{\u00ab\u00a0site\u00a0\u00bb:\u00a0\u00bbtwitter\u00a0\u00bb,\u00a0\u00bbdeprecated\u00a0\u00bb:true,\u00a0\u00bbdeprecation_msg\u00a0\u00bb:\u00a0\u00bbPlease use social_links.\u00a0\u00bb,\u00a0\u00bburl\u00a0\u00bb:\u00a0\u00bb\u00a0\u00bb}],\u00a0\u00bborg\u00a0\u00bb:\u00a0\u00bbPodcast\u00a0\u00bb,\u00a0\u00bbsocial_links\u00a0\u00bb:[{\u00ab\u00a0site\u00a0\u00bb:\u00a0\u00bbemail\u00a0\u00bb,\u00a0\u00bburl\u00a0\u00bb:\u00a0\u00bb\u00a0\u00bb},{\u00ab\u00a0site\u00a0\u00bb:\u00a0\u00bbtwitter\u00a0\u00bb,\u00a0\u00bburl\u00a0\u00bb:\u00a0\u00bb\u00a0\u00bb}],\u00a0\u00bbname\u00a0\u00bb:\u00a0\u00bbL&rsquo;\u00e9quipe de Crime Story\u00a0\u00bb,\u00a0\u00bb_id\u00a0\u00bb:\u00a0\u00bbEquipeCrimeStory\u00a0\u00bb,\u00a0\u00bbadditional_properties\u00a0\u00bb:{\u00ab\u00a0original\u00a0\u00bb:{\u00ab\u00a0lastName\u00a0\u00bb:\u00a0\u00bbde Crime Story\u00a0\u00bb,\u00a0\u00bbeducation\u00a0\u00bb:[],\u00a0\u00bblongBio\u00a0\u00bb:\u00a0\u00bb\u00a0\u00bb,\u00a0\u00bbfirstName\u00a0\u00bb:\u00a0\u00bbL&rsquo;\u00e9quipe\u00a0\u00bb,\u00a0\u00bbtwitter\u00a0\u00bb:\u00a0\u00bb\u00a0\u00bb,\u00a0\u00bbbooks\u00a0\u00bb:[],\u00a0\u00bbpodcasts\u00a0\u00bb:[],\u00a0\u00bbawards\u00a0\u00bb:[],\u00a0\u00bblocation\u00a0\u00bb:\u00a0\u00bbPodcast\u00a0\u00bb,\u00a0\u00bb_id\u00a0\u00bb:\u00a0\u00bbEquipeCrimeStory\u00a0\u00bb,\u00a0\u00bblast_updated_date\u00a0\u00bb:\u00a0\u00bb2023-12-22T10:31:47.195Z\u00a0\u00bb,\u00a0\u00bbbyline\u00a0\u00bb:\u00a0\u00bbL&rsquo;\u00e9quipe de Crime Story\u00a0\u00bb,\u00a0\u00bbemail\u00a0\u00bb:\u00a0\u00bb\u00a0\u00bb,\u00a0\u00bbslug\u00a0\u00bb:\u00a0\u00bb\u00a0\u00bb}},\u00a0\u00bbtype\u00a0\u00bb:\u00a0\u00bbauthor\u00a0\u00bb,\u00a0\u00bbversion\u00a0\u00bb:\u00a0\u00bb0.5.8&Prime;,\u00a0\u00bbslug\u00a0\u00bb:\u00a0\u00bb\u00a0\u00bb,\u00a0\u00bbdisplay_name\u00a0\u00bb:\u00a0\u00bbL&rsquo;\u00e9quipe de Crime Story\u00a0\u00bb}]},\u00a0\u00bbsubtype\u00a0\u00bb:\u00a0\u00bbART:\u00a0\u00bb,\u00a0\u00bbfirst_publish_date\u00a0\u00bb:\u00a0\u00bb2025-09-21T06:05:00Z\u00a0\u00bb,\u00a0\u00bbadditional_properties\u00a0\u00bb:{\u00ab\u00a0is_published\u00a0\u00bb:true,\u00a0\u00bbpublish_date\u00a0\u00bb:\u00a0\u00bb2025-09-21T06:05:00Z\u00a0\u00bb,\u00a0\u00bbhas_published_copy\u00a0\u00bb:true},\u00a0\u00bblast_updated_date\u00a0\u00bb:\u00a0\u00bb2025-09-21T06:13:47.468Z\u00a0\u00bb,\u00a0\u00bbowner\u00a0\u00bb:{\u00ab\u00a0sponsored\u00a0\u00bb:false,\u00a0\u00bbid\u00a0\u00bb:\u00a0\u00bbleparisien\u00a0\u00bb},\u00a0\u00bbaddress\u00a0\u00bb:{},\u00a0\u00bblabel\u00a0\u00bb:{\u00ab\u00a0url_redirection\u00a0\u00bb:{\u00ab\u00a0display\u00a0\u00bb:true,\u00a0\u00bbtext\u00a0\u00bb:\u00a0\u00bbhttps:\/\/podcasts.leparisien.fr\/le-parisien-crime-story\/202509200558-66-jubillar-de-la-disparition-au-proces-une-affaire-sans-cor\u00a0\u00bb},\u00a0\u00bbformat\u00a0\u00bb:{\u00ab\u00a0display\u00a0\u00bb:true,\u00a0\u00bbtext\u00a0\u00bb:\u00a0\u00bbPodcast\u00a0\u00bb,\u00a0\u00bburl\u00a0\u00bb:\u00a0\u00bb\/podcast\u00a0\u00bb}},\u00a0\u00bbpromo_items\u00a0\u00bb:{\u00ab\u00a0basic\u00a0\u00bb:{\u00ab\u00a0owner\u00a0\u00bb:{\u00ab\u00a0sponsored\u00a0\u00bb:false,\u00a0\u00bbid\u00a0\u00bb:\u00a0\u00bbleparisien\u00a0\u00bb},\u00a0\u00bbaddress\u00a0\u00bb:{},\u00a0\u00bbsyndication\u00a0\u00bb:{\u00ab\u00a0search\u00a0\u00bb:false,\u00a0\u00bbexternal_distribution\u00a0\u00bb:false},\u00a0\u00bbauth\u00a0\u00bb:{\u00ab\u00a01&Prime;:\u00a0\u00bbf8264b9de7193d79291c55a931675ef3dd8d8189e4b8c51a97f2bbf03f16b69b\u00a0\u00bb},\u00a0\u00bbcaption\u00a0\u00bb:\u00a0\u00bbC\u00e9dric Jubillar, qui clame son innocence, est soup\u00e7onn\u00e9 du meurtre de son \u00e9pouse Delphine, dont le corps n&rsquo;a jamais \u00e9t\u00e9 retrouv\u00e9. DR\u00a0\u00bb,\u00a0\u00bbsource\u00a0\u00bb:{\u00ab\u00a0system\u00a0\u00bb:\u00a0\u00bbphoto center\u00a0\u00bb,\u00a0\u00bbedit_url\u00a0\u00bb:\u00a0\u00bb\u00a0\u00bb,\u00a0\u00bbadditional_properties\u00a0\u00bb:{\u00ab\u00a0editor\u00a0\u00bb:\u00a0\u00bbphoto center\u00a0\u00bb}},\u00a0\u00bbtaxonomy\u00a0\u00bb:{\u00ab\u00a0associated_tasks\u00a0\u00bb:[]},\u00a0\u00bbtype\u00a0\u00bb:\u00a0\u00bbimage\u00a0\u00bb,\u00a0\u00bbversion\u00a0\u00bb:\u00a0\u00bb0.10.9&Prime;,\u00a0\u00bburl\u00a0\u00bb:\u00a0\u00bbhttps:\/\/cloudfront-eu-central-1.images.arcpublishing.com\/leparisien\/DQDTDJLXXNDNBB36SKPWYTSXTM.jpg\u00a0\u00bb,\u00a0\u00bblicensable\u00a0\u00bb:false,\u00a0\u00bbcredits\u00a0\u00bb:{\u00ab\u00a0affiliation\u00a0\u00bb:[],\u00a0\u00bbby\u00a0\u00bb:[]},\u00a0\u00bbsubtitle\u00a0\u00bb:\u00a0\u00bb\u00a0\u00bb,\u00a0\u00bbwidth\u00a0\u00bb:1622,\u00a0\u00bb_id\u00a0\u00bb:\u00a0\u00bbDQDTDJLXXNDNBB36SKPWYTSXTM\u00a0\u00bb,\u00a0\u00bbadditional_properties\u00a0\u00bb:{\u00ab\u00a0fullSizeResizeUrl\u00a0\u00bb:\u00a0\u00bb\/resizer\/v2\/DQDTDJLXXNDNBB36SKPWYTSXTM.jpg?auth=f8264b9de7193d79291c55a931675ef3dd8d8189e4b8c51a97f2bbf03f16b69b\u00a0\u00bb,\u00a0\u00bbkeywords\u00a0\u00bb:[\u00ab\u00a0jubillar\u00a0\u00bb],\u00a0\u00bbproxyUrl\u00a0\u00bb:\u00a0\u00bb\/resizer\/v2\/DQDTDJLXXNDNBB36SKPWYTSXTM.jpg?auth=f8264b9de7193d79291c55a931675ef3dd8d8189e4b8c51a97f2bbf03f16b69b\u00a0\u00bb,\u00a0\u00bboriginalUrl\u00a0\u00bb:\u00a0\u00bbhttps:\/\/cloudfront-eu-central-1.images.arcpublishing.com\/leparisien\/DQDTDJLXXNDNBB36SKPWYTSXTM.jpg\u00a0\u00bb,\u00a0\u00bbpublished\u00a0\u00bb:true,\u00a0\u00bbresizeUrl\u00a0\u00bb:\u00a0\u00bb\/resizer\/v2\/DQDTDJLXXNDNBB36SKPWYTSXTM.jpg?auth=f8264b9de7193d79291c55a931675ef3dd8d8189e4b8c51a97f2bbf03f16b69b\u00a0\u00bb,\u00a0\u00bbingestionMethod\u00a0\u00bb:\u00a0\u00bbmanual\u00a0\u00bb,\u00a0\u00bbthumbnailResizeUrl\u00a0\u00bb:\u00a0\u00bb\/resizer\/v2\/DQDTDJLXXNDNBB36SKPWYTSXTM.jpg?auth=f8264b9de7193d79291c55a931675ef3dd8d8189e4b8c51a97f2bbf03f16b69b&#038;width=300&Prime;,\u00a0\u00bbversion\u00a0\u00bb:1,\u00a0\u00bboriginalName\u00a0\u00bb:\u00a0\u00bbWeb_Jubillar_EP516.jpg\u00a0\u00bb,\u00a0\u00bbmime_type\u00a0\u00bb:\u00a0\u00bbimage\/jpeg\u00a0\u00bb,\u00a0\u00bbrestricted\u00a0\u00bb:false,\u00a0\u00bbtemplate_id\u00a0\u00bb:68,\u00a0\u00bbgalleries\u00a0\u00bb:[]},\u00a0\u00bbcreated_date\u00a0\u00bb:\u00a0\u00bb2025-09-19T16:04:18Z\u00a0\u00bb,\u00a0\u00bblast_updated_date\u00a0\u00bb:\u00a0\u00bb2025-09-20T07:26:11Z\u00a0\u00bb,\u00a0\u00bbheight\u00a0\u00bb:1013,\u00a0\u00bbimage_type\u00a0\u00bb:\u00a0\u00bbphotograph\u00a0\u00bb,\u00a0\u00bbstatus\u00a0\u00bb:\u00a0\u00bb\u00a0\u00bb}},\u00a0\u00bbcanonical_url\u00a0\u00bb:\u00a0\u00bb\/podcasts\/crime-story\/66-jubillar-de-la-disparition-au-proces-une-affaire-sans-corps-ni-aveux-21-09-2025-ECQ6ROYFIRFAJIUBQ5NJZTJYOU.php\u00a0\u00bb,\u00a0\u00bbdistributor\u00a0\u00bb:{\u00ab\u00a0name\u00a0\u00bb:\u00a0\u00bbleparisien\u00a0\u00bb,\u00a0\u00bbcategory\u00a0\u00bb:\u00a0\u00bbstaff\u00a0\u00bb,\u00a0\u00bbsubcategory\u00a0\u00bb:\u00a0\u00bb\u00a0\u00bb},\u00a0\u00bbcanonical_website\u00a0\u00bb:\u00a0\u00bbleparisien\u00a0\u00bb,\u00a0\u00bbcontent_restrictions\u00a0\u00bb:{\u00ab\u00a0content_code\u00a0\u00bb:\u00a0\u00bbmetered\u00a0\u00bb},\u00a0\u00bbdisplay_date\u00a0\u00bb:\u00a0\u00bb2025-09-21T06:05:00Z\u00a0\u00bb,\u00a0\u00bbheadlines\u00a0\u00bb:{\u00ab\u00a0tablet\u00a0\u00bb:\u00a0\u00bb\u00a0\u00bb,\u00a0\u00bbprint\u00a0\u00bb:\u00a0\u00bb\u00a0\u00bb,\u00a0\u00bbmeta_title\u00a0\u00bb:\u00a0\u00bb\u00a0\u00bb,\u00a0\u00bbnative\u00a0\u00bb:\u00a0\u00bb\u00a0\u00bb,\u00a0\u00bbweb\u00a0\u00bb:\u00a0\u00bb\u00a0\u00bb,\u00a0\u00bbmobile\u00a0\u00bb:\u00a0\u00bb\u00a0\u00bb,\u00a0\u00bbbasic\u00a0\u00bb:\u00a0\u00bb[6\/6] Jubillar : de la disparition au proc\u00e8s, une affaire sans corps ni aveux \u00ab\u00a0,\u00a0\u00bbtable\u00a0\u00bb:\u00a0\u00bb\u00a0\u00bb},\u00a0\u00bbwebsites\u00a0\u00bb:{\u00ab\u00a0leparisien\u00a0\u00bb:{\u00ab\u00a0website_url\u00a0\u00bb:\u00a0\u00bb\/podcasts\/crime-story\/66-jubillar-de-la-disparition-au-proces-une-affaire-sans-corps-ni-aveux-21-09-2025-ECQ6ROYFIRFAJIUBQ5NJZTJYOU.php\u00a0\u00bb,\u00a0\u00bbwebsite_section\u00a0\u00bb:{\u00ab\u00a0path\u00a0\u00bb:\u00a0\u00bb\/podcasts\/crime-story\u00a0\u00bb,\u00a0\u00bbparent\u00a0\u00bb:{\u00ab\u00a0default\u00a0\u00bb:\u00a0\u00bb\/podcasts\u00a0\u00bb},\u00a0\u00bb_website\u00a0\u00bb:\u00a0\u00bbleparisien\u00a0\u00bb,\u00a0\u00bbparent_id\u00a0\u00bb:\u00a0\u00bb\/podcasts\u00a0\u00bb,\u00a0\u00bbname\u00a0\u00bb:\u00a0\u00bbCrime story\u00a0\u00bb,\u00a0\u00bbdescription\u00a0\u00bb:\u00a0\u00bbLe podcast faits divers Crime story raconte chaque semaine les grandes affaires criminelles qui ont marqu\u00e9 ces derni\u00e8res d\u00e9cennies. Publi\u00e9 chaque samedi, Crime story est pr\u00e9sent\u00e9 par la journaliste Clawdia Prolongeau et son invit\u00e9 permanent : Damien Delseny, le chef du service police justice du Parisien.\u00a0\u00bb,\u00a0\u00bb_id\u00a0\u00bb:\u00a0\u00bb\/podcasts\/crime-story\u00a0\u00bb,\u00a0\u00bbadditional_properties\u00a0\u00bb:{\u00ab\u00a0original\u00a0\u00bb:{\u00ab\u00a0parent\u00a0\u00bb:{\u00ab\u00a0default\u00a0\u00bb:\u00a0\u00bb\/podcasts\u00a0\u00bb,\u00a0\u00bbMaillage_SEO_Surfooter\u00a0\u00bb:\u00a0\u00bb\/podcasts\u00a0\u00bb,\u00a0\u00bbWebsked-plans\u00a0\u00bb:\u00a0\u00bb\/podcasts\u00a0\u00bb,\u00a0\u00bbsub-nav\u00a0\u00bb:\u00a0\u00bb\/podcasts\u00a0\u00bb,\u00a0\u00bbmenu\u00a0\u00bb:\u00a0\u00bb\/podcasts\u00a0\u00bb},\u00a0\u00bbin_the_news\u00a0\u00bb:{\u00ab\u00a0in_the_news_usefeature\u00a0\u00bb:null,\u00a0\u00bbin_the_news_usebasepage\u00a0\u00bb:\u00a0\u00bb\/in-the-news-forsections\/\u00a0\u00bb,\u00a0\u00bbin_the_news_usesectionbar\u00a0\u00bb:\u00a0\u00bbfalse\u00a0\u00bb},\u00a0\u00bbGoogle Analytics\u00a0\u00bb:{\u00ab\u00a0ga_name_level_2&Prime;:\u00a0\u00bbcrime-story\u00a0\u00bb,\u00a0\u00bbga_name_level_3&Prime;:null,\u00a0\u00bbga_name_level_1&Prime;:\u00a0\u00bbpodcasts\u00a0\u00bb},\u00a0\u00bbsocial\u00a0\u00bb:{\u00ab\u00a0archives\u00a0\u00bb:null,\u00a0\u00bbtwitter\u00a0\u00bb:null,\u00a0\u00bbrss\u00a0\u00bb:null,\u00a0\u00bbfacebook\u00a0\u00bb:null},\u00a0\u00bbSponsor\u00a0\u00bb:{\u00ab\u00a0sponsor_type\u00a0\u00bb:null,\u00a0\u00bbsponsor_message\u00a0\u00bb:null,\u00a0\u00bbcollection_id_for_pinned_content\u00a0\u00bb:null,\u00a0\u00bbsponsor_logo_url\u00a0\u00bb:null,\u00a0\u00bbsponsor_name\u00a0\u00bb:null},\u00a0\u00bbMobile\u00a0\u00bb:{\u00ab\u00a0background_color_section\u00a0\u00bb:\u00a0\u00bb#C0C0C0&Prime;,\u00a0\u00bbalternative_title\u00a0\u00bb:null,\u00a0\u00bbxtpage\u00a0\u00bb:null,\u00a0\u00bbsection_collection_id\u00a0\u00bb:null,\u00a0\u00bblabel\u00a0\u00bb:null,\u00a0\u00bbbackground_image_section\u00a0\u00bb:null},\u00a0\u00bbNewsletter\u00a0\u00bb:{\u00ab\u00a0newsletter_optin\u00a0\u00bb:\u00a0\u00bboptin_thematique_faits_divers\u00a0\u00bb,\u00a0\u00bbnewsletter_color\u00a0\u00bb:\u00a0\u00bb#1EA0E6&Prime;,\u00a0\u00bbnewsletter_title\u00a0\u00bb:\u00a0\u00bbUne plong\u00e9e dans l\u2019actualit\u00e9 des faits divers, pour \u00e9clairer la face sombre de notre \u00e9poque\u00a0\u00bb,\u00a0\u00bbnewsletter_name\u00a0\u00bb:\u00a0\u00bbL&rsquo;Essentiel de l&rsquo;actu\u00a0\u00bb,\u00a0\u00bbnewsletter_image\u00a0\u00bb:\u00a0\u00bbnewsletter-faits-divers-logo.png\u00a0\u00bb,\u00a0\u00bbnewsletter_slug\u00a0\u00bb:\u00a0\u00bbfaits-divers\u00a0\u00bb,\u00a0\u00bbmodule_message\u00a0\u00bb:null,\u00a0\u00bbnewsletter_label\u00a0\u00bb:\u00a0\u00bbEnqu\u00eate en cours\u00a0\u00bb},\u00a0\u00bb_admin\u00a0\u00bb:{\u00ab\u00a0tracking_node\u00a0\u00bb:null,\u00a0\u00bbalias_ids\u00a0\u00bb:[\u00ab\u00a0\/podcasts\/crime-story\u00a0\u00bb],\u00a0\u00bbdo_not_show_on_site\u00a0\u00bb:null,\u00a0\u00bbcommercial_node\u00a0\u00bb:null,\u00a0\u00bbdefault_content\u00a0\u00bb:null},\u00a0\u00bbnavigation\u00a0\u00bb:{\u00ab\u00a0nav_title\u00a0\u00bb:null,\u00a0\u00bbdisplay_in_top_strip\u00a0\u00bb:null,\u00a0\u00bbnav_display\u00a0\u00bb:null},\u00a0\u00bbsite\u00a0\u00bb:{\u00ab\u00a0is_clickable_on_menu\u00a0\u00bb:\u00a0\u00bbtrue\u00a0\u00bb,\u00a0\u00bbpresentation\u00a0\u00bb:\u00a0\u00bbLe podcast faits divers Crime story raconte chaque semaine les grandes affaires criminelles qui ont marqu\u00e9 ces derni\u00e8res d\u00e9cennies. Publi\u00e9 chaque samedi, Crime story est pr\u00e9sent\u00e9 par la journaliste Clawdia Prolongeau et son invit\u00e9 permanent : Damien Delseny, le chef du service police justice du Parisien.\u00a0\u00bb,\u00a0\u00bbpagebuilder_path_for_native_apps\u00a0\u00bb:null,\u00a0\u00bbsite_url\u00a0\u00bb:null,\u00a0\u00bbsite_keywords\u00a0\u00bb:null,\u00a0\u00bbnative_app_rendering\u00a0\u00bb:null,\u00a0\u00bbamp_deactivated\u00a0\u00bb:\u00a0\u00bbfalse\u00a0\u00bb,\u00a0\u00bbsite_about\u00a0\u00bb:null,\u00a0\u00bbpaywall_deactivated\u00a0\u00bb:\u00a0\u00bbfalse\u00a0\u00bb,\u00a0\u00bbsite_description\u00a0\u00bb:\u00a0\u00bbLe podcast faits divers Crime story raconte chaque semaine les grandes affaires criminelles qui ont marqu\u00e9 ces derni\u00e8res d\u00e9cennies. Publi\u00e9 chaque samedi, Crime story est pr\u00e9sent\u00e9 par la journaliste Clawdia Prolongeau et son invit\u00e9 permanent : Damien Delseny, le chef du service police justice du Parisien.\u00a0\u00bb,\u00a0\u00bbsite_title\u00a0\u00bb:\u00a0\u00bbCrime story : le podcast Faits divers du Parisien &#8211; Le Parisien\u00a0\u00bb,\u00a0\u00bbsite_tagline\u00a0\u00bb:null},\u00a0\u00bbinactive\u00a0\u00bb:false,\u00a0\u00bbnode_type\u00a0\u00bb:\u00a0\u00bbsection\u00a0\u00bb,\u00a0\u00bb_website\u00a0\u00bb:\u00a0\u00bbleparisien\u00a0\u00bb,\u00a0\u00bbname\u00a0\u00bb:\u00a0\u00bbCrime story\u00a0\u00bb,\u00a0\u00bbstory_list\u00a0\u00bb:{\u00ab\u00a0story_list_content\u00a0\u00bb:{}},\u00a0\u00bb_id\u00a0\u00bb:\u00a0\u00bb\/podcasts\/crime-story\u00a0\u00bb,\u00a0\u00bbancestors\u00a0\u00bb:{\u00ab\u00a0default\u00a0\u00bb:[\u00ab\u00a0\/podcasts\u00a0\u00bb],\u00a0\u00bbMaillage_SEO_Surfooter\u00a0\u00bb:[\u00ab\u00a0\/podcasts\u00a0\u00bb],\u00a0\u00bbWebsked-plans\u00a0\u00bb:[\u00ab\u00a0https:\/\/www.leparisien.fr\/\u00a0\u00bb,\u00a0\u00bb\/podcasts\u00a0\u00bb],\u00a0\u00bbsub-nav\u00a0\u00bb:[\u00ab\u00a0https:\/\/www.leparisien.fr\/\u00a0\u00bb,\u00a0\u00bb\/podcasts\u00a0\u00bb],\u00a0\u00bbmenu\u00a0\u00bb:[\u00ab\u00a0https:\/\/www.leparisien.fr\/\u00a0\u00bb,\u00a0\u00bb\/podcasts\u00a0\u00bb]},\u00a0\u00bborder\u00a0\u00bb:{\u00ab\u00a0default\u00a0\u00bb:2002,\u00a0\u00bbMaillage_SEO_Surfooter\u00a0\u00bb:2002,\u00a0\u00bbWebsked-plans\u00a0\u00bb:2002,\u00a0\u00bbsub-nav\u00a0\u00bb:2002,\u00a0\u00bbmenu\u00a0\u00bb:2002}}},\u00a0\u00bb_website_section_id\u00a0\u00bb:\u00a0\u00bbleparisien.\/podcasts\/crime-story\u00a0\u00bb,\u00a0\u00bbtype\u00a0\u00bb:\u00a0\u00bbsection\u00a0\u00bb,\u00a0\u00bbversion\u00a0\u00bb:\u00a0\u00bb0.6.0&Prime;}}},\u00a0\u00bbcreated_date\u00a0\u00bb:\u00a0\u00bb2025-09-19T16:07:25.019Z\u00a0\u00bb,\u00a0\u00bbpublish_date\u00a0\u00bb:\u00a0\u00bb2025-09-21T06:13:47Z\u00a0\u00bb,\u00a0\u00bb_id\u00a0\u00bb:\u00a0\u00bbECQ6ROYFIRFAJIUBQ5NJZTJYOU\u00a0\u00bb,\u00a0\u00bbwebsite\u00a0\u00bb:\u00a0\u00bbleparisien\u00a0\u00bb,\u00a0\u00bbwebsite_url\u00a0\u00bb:\u00a0\u00bb\/podcasts\/crime-story\/66-jubillar-de-la-disparition-au-proces-une-affaire-sans-corps-ni-aveux-21-09-2025-ECQ6ROYFIRFAJIUBQ5NJZTJYOU.php\u00a0\u00bb}],\u00a0\u00bbadditional_properties\u00a0\u00bb:{\u00ab\u00a0took\u00a0\u00bb:37,\u00a0\u00bbtimed_out\u00a0\u00bb:false},\u00a0\u00bbcount\u00a0\u00bb:155,\u00a0\u00bbnext\u00a0\u00bb:1,\u00a0\u00bb_id\u00a0\u00bb:\u00a0\u00bb22531c8a92d5079a1229f58951088c93ac18bb7e59d8fba917be589b6bcd4208&Prime;},\u00a0\u00bbexpires\u00a0\u00bb:1759065411572,\u00a0\u00bblastModified\u00a0\u00bb:1759065291213},\u00a0\u00bb{\\\u00a0\u00bbexcludeSections\\\u00a0\u00bb:[\\\u00a0\u00bb\/podcasts\/code-source\\\u00a0\u00bb,\\\u00a0\u00bb\/politique\/newsletter\\\u00a0\u00bb,\\\u00a0\u00bb\/newsletters\\\u00a0\u00bb],\\\u00a0\u00bbexcludeSubtype\\\u00a0\u00bb:\\\u00a0\u00bbarticle_sponsored,article_like\\\u00a0\u00bb,\\\u00a0\u00bbfilterContent\\\u00a0\u00bb:[\\\u00a0\u00bb_id\\\u00a0\u00bb,\\\u00a0\u00bbheadlines\\\u00a0\u00bb,\\\u00a0\u00bbwebsite_url\\\u00a0\u00bb,\\\u00a0\u00bblabel\\\u00a0\u00bb],\\\u00a0\u00bboffset\\\u00a0\u00bb:0,\\\u00a0\u00bbsectionPath\\\u00a0\u00bb:\\\u00a0\u00bb\/faits-divers\\\u00a0\u00bb,\\\u00a0\u00bbsize\\\u00a0\u00bb:20,\\\u00a0\u00bbtags\\\u00a0\u00bb:null,\\\u00a0\u00bbwebsite\\\u00a0\u00bb:\\\u00a0\u00bbleparisien\\\u00a0\u00bb}\u00a0\u00bb:{\u00ab\u00a0data\u00a0\u00bb:{\u00ab\u00a0content_elements\u00a0\u00bb:[{\u00ab\u00a0_id\u00a0\u00bb:\u00a0\u00bbREMS7O5N5JF7BCUP4FJDQHOJBU\u00a0\u00bb,\u00a0\u00bbcontent_restrictions\u00a0\u00bb:{\u00ab\u00a0content_code\u00a0\u00bb:\u00a0\u00bbhard-paywall\u00a0\u00bb},\u00a0\u00bbdistributor\u00a0\u00bb:{\u00ab\u00a0name\u00a0\u00bb:\u00a0\u00bbleparisien\u00a0\u00bb},\u00a0\u00bbheadlines\u00a0\u00bb:{\u00ab\u00a0basic\u00a0\u00bb:\u00a0\u00bbNoisy-le-Grand\u00a0: agress\u00e9, l\u2019\u00e9lu d\u2019opposition Emmanuel Constant porte plainte et accuse \u00ab\u00a0un soutien de la maire\u00a0\u00bb\u00a0\u00bb},\u00a0\u00bblabel\u00a0\u00bb:{\u00ab\u00a0profil\u00a0\u00bb:{\u00ab\u00a0text\u00a0\u00bb:\u00a0\u00bbABO\u00a0\u00bb}},\u00a0\u00bbpromo_items\u00a0\u00bb:{\u00ab\u00a0basic\u00a0\u00bb:{\u00ab\u00a0additional_properties\u00a0\u00bb:{},\u00a0\u00bbcaption\u00a0\u00bb:\u00a0\u00bbEmmanuel Constant d\u00e9nonce l&rsquo;agression dont il a \u00e9t\u00e9 victime vendredi devant une \u00e9cole de Noisy-le-Grand, ville o\u00f9 il est \u00e9lu d&rsquo;opposition. LP\/Olivier Arandel\u00a0\u00bb,\u00a0\u00bbheight\u00a0\u00bb:841,\u00a0\u00bbtype\u00a0\u00bb:\u00a0\u00bbimage\u00a0\u00bb,\u00a0\u00bburl\u00a0\u00bb:\u00a0\u00bbhttps:\/\/cloudfront-eu-central-1.images.arcpublishing.com\/leparisien\/I6Y4C7BQXQBMG5GU5EE25KD23U.jpg\u00a0\u00bb,\u00a0\u00bbwidth\u00a0\u00bb:1280}},\u00a0\u00bbsubtype\u00a0\u00bb:\u00a0\u00bbART:\u00a0\u00bb,\u00a0\u00bbtaxonomy\u00a0\u00bb:{\u00ab\u00a0primary_section\u00a0\u00bb:{\u00ab\u00a0_id\u00a0\u00bb:\u00a0\u00bb\/seine-saint-denis-93&Prime;,\u00a0\u00bbadditional_properties\u00a0\u00bb:{\u00ab\u00a0original\u00a0\u00bb:{\u00ab\u00a0site\u00a0\u00bb:{}}},\u00a0\u00bbname\u00a0\u00bb:\u00a0\u00bbSeine-Saint-Denis\u00a0\u00bb}},\u00a0\u00bbwebsite_url\u00a0\u00bb:\u00a0\u00bbhttps:\/\/www.leparisien.fr\/seine-saint-denis-93\/noisy-le-grand-agresse-lelu-dopposition-emmanuel-constant-porte-plainte-et-accuse-un-soutien-de-la-maire-28-09-2025-REMS7O5N5JF7BCUP4FJDQHOJBU.php\u00a0\u00bb},{\u00ab\u00a0_id\u00a0\u00bb:\u00a0\u00bbVQDPHE5LJJHLDMWJV3DAEVCPVM\u00a0\u00bb,\u00a0\u00bbcontent_restrictions\u00a0\u00bb:{\u00ab\u00a0content_code\u00a0\u00bb:\u00a0\u00bbmetered\u00a0\u00bb},\u00a0\u00bbdistributor\u00a0\u00bb:{\u00ab\u00a0name\u00a0\u00bb:\u00a0\u00bbleparisien\u00a0\u00bb},\u00a0\u00bbheadlines\u00a0\u00bb:{\u00ab\u00a0basic\u00a0\u00bb:\u00a0\u00bbCoups et insultes\u00a0: trois artistes victimes d\u2019une agression raciste \u00e0 Lyon en pleine rue, une enqu\u00eate ouverte\u00a0\u00bb},\u00a0\u00bblabel\u00a0\u00bb:{},\u00a0\u00bbpromo_items\u00a0\u00bb:{\u00ab\u00a0basic\u00a0\u00bb:{\u00ab\u00a0additional_properties\u00a0\u00bb:{},\u00a0\u00bbcaption\u00a0\u00bb:\u00a0\u00bbTrois artistes ont \u00e9t\u00e9 victimes d&rsquo;une agression raciste \u00e0 Lyon (Rh\u00f4ne) vendredi soir. Une enqu\u00eate a \u00e9t\u00e9 confi\u00e9e \u00e0 la police nationale. (Illustration) LP\/Arnaud Journois\u00a0\u00bb,\u00a0\u00bbheight\u00a0\u00bb:582,\u00a0\u00bbtype\u00a0\u00bb:\u00a0\u00bbimage\u00a0\u00bb,\u00a0\u00bburl\u00a0\u00bb:\u00a0\u00bbhttps:\/\/cloudfront-eu-central-1.images.arcpublishing.com\/leparisien\/DG5UNJL7QJDMFEMFAWOGMOS7VM.jpg\u00a0\u00bb,\u00a0\u00bbwidth\u00a0\u00bb:932}},\u00a0\u00bbsubtype\u00a0\u00bb:\u00a0\u00bbART:\u00a0\u00bb,\u00a0\u00bbtaxonomy\u00a0\u00bb:{\u00ab\u00a0primary_section\u00a0\u00bb:{\u00ab\u00a0_id\u00a0\u00bb:\u00a0\u00bb\/faits-divers\u00a0\u00bb,\u00a0\u00bbadditional_properties\u00a0\u00bb:{\u00ab\u00a0original\u00a0\u00bb:{\u00ab\u00a0site\u00a0\u00bb:{}}},\u00a0\u00bbname\u00a0\u00bb:\u00a0\u00bbFaits divers\u00a0\u00bb}},\u00a0\u00bbwebsite_url\u00a0\u00bb:\u00a0\u00bb\/faits-divers\/coups-et-insultes-trois-artistes-victimes-dune-agression-raciste-a-lyon-en-pleine-rue-une-enquete-ouverte-28-09-2025-VQDPHE5LJJHLDMWJV3DAEVCPVM.php\u00a0\u00bb},{\u00ab\u00a0_id\u00a0\u00bb:\u00a0\u00bbOXQRX5APWFGDPCVJOFUEUXALDA\u00a0\u00bb,\u00a0\u00bbcontent_restrictions\u00a0\u00bb:{\u00ab\u00a0content_code\u00a0\u00bb:\u00a0\u00bbmetered\u00a0\u00bb},\u00a0\u00bbdistributor\u00a0\u00bb:{\u00ab\u00a0name\u00a0\u00bb:\u00a0\u00bbleparisien\u00a0\u00bb},\u00a0\u00bbheadlines\u00a0\u00bb:{\u00ab\u00a0basic\u00a0\u00bb:\u00a0\u00bbCondamnation de Nicolas Sarkozy\u00a0: pour Fran\u00e7ois Bayrou, si l\u2019ex\u00e9cution provisoire est g\u00e9n\u00e9ralis\u00e9e, \u00ab\u00a0il n\u2019y a plus d\u2019appel possible\u00a0\u00bb\u00a0\u00bb},\u00a0\u00bblabel\u00a0\u00bb:{},\u00a0\u00bbpromo_items\u00a0\u00bb:{\u00ab\u00a0basic\u00a0\u00bb:{\u00ab\u00a0additional_properties\u00a0\u00bb:{},\u00a0\u00bbcaption\u00a0\u00bb:\u00a0\u00bbL&rsquo;ex-Premier ministre Fran\u00e7ois Bayrou \u00e0 l&rsquo;universit\u00e9 d&rsquo;\u00e9t\u00e9 du MoDem le 26 septembre 2025. AFP\/MIGUEL MEDINA\u00a0\u00bb,\u00a0\u00bbheight\u00a0\u00bb:1867,\u00a0\u00bbtype\u00a0\u00bb:\u00a0\u00bbimage\u00a0\u00bb,\u00a0\u00bburl\u00a0\u00bb:\u00a0\u00bbhttps:\/\/cloudfront-eu-central-1.images.arcpublishing.com\/leparisien\/L7PWCEZJK5DG5ET63LQMZISBYI.jpg\u00a0\u00bb,\u00a0\u00bbwidth\u00a0\u00bb:2800}},\u00a0\u00bbsubtype\u00a0\u00bb:\u00a0\u00bbART:\u00a0\u00bb,\u00a0\u00bbtaxonomy\u00a0\u00bb:{\u00ab\u00a0primary_section\u00a0\u00bb:{\u00ab\u00a0_id\u00a0\u00bb:\u00a0\u00bb\/faits-divers\u00a0\u00bb,\u00a0\u00bbadditional_properties\u00a0\u00bb:{\u00ab\u00a0original\u00a0\u00bb:{\u00ab\u00a0site\u00a0\u00bb:{}}},\u00a0\u00bbname\u00a0\u00bb:\u00a0\u00bbFaits divers\u00a0\u00bb},\u00a0\u00bbtags\u00a0\u00bb:[{\u00ab\u00a0text\u00a0\u00bb:\u00a0\u00bbNicolas Sarkozy\u00a0\u00bb}]},\u00a0\u00bbwebsite_url\u00a0\u00bb:\u00a0\u00bbhttps:\/\/www.leparisien.fr\/faits-divers\/condamnation-de-nicolas-sarkozy-pour-francois-bayrou-si-lexecution-provisoire-est-generalisee-il-ny-a-plus-dappel-possible-28-09-2025-OXQRX5APWFGDPCVJOFUEUXALDA.php\u00a0\u00bb},{\u00ab\u00a0_id\u00a0\u00bb:\u00a0\u00bbSH5DD56TZNADDKMHA27733C2XQ\u00a0\u00bb,\u00a0\u00bbcontent_restrictions\u00a0\u00bb:{\u00ab\u00a0content_code\u00a0\u00bb:\u00a0\u00bbmetered\u00a0\u00bb},\u00a0\u00bbdistributor\u00a0\u00bb:{\u00ab\u00a0name\u00a0\u00bb:\u00a0\u00bbleparisien\u00a0\u00bb},\u00a0\u00bbheadlines\u00a0\u00bb:{\u00ab\u00a0basic\u00a0\u00bb:\u00a0\u00bbPas-de-Calais\u00a0: un nouveau migrant retrouv\u00e9 mort, une enqu\u00eate ouverte\u00a0\u00bb},\u00a0\u00bblabel\u00a0\u00bb:{},\u00a0\u00bbpromo_items\u00a0\u00bb:{\u00ab\u00a0basic\u00a0\u00bb:{\u00ab\u00a0additional_properties\u00a0\u00bb:{},\u00a0\u00bbcaption\u00a0\u00bb:\u00a0\u00bbLe corps sans vie d&rsquo;un nouveau migrant a \u00e9t\u00e9 retrouv\u00e9 dimanche 28 septembre dans le Pas-de-Calais. Ici, un groupe de migrants sur un canot pneumatique le 27 septembre \u00e0 Gravelines. Reuters\/Abdul Saboor\u00a0\u00bb,\u00a0\u00bbheight\u00a0\u00bb:1866,\u00a0\u00bbtype\u00a0\u00bb:\u00a0\u00bbimage\u00a0\u00bb,\u00a0\u00bburl\u00a0\u00bb:\u00a0\u00bbhttps:\/\/cloudfront-eu-central-1.images.arcpublishing.com\/leparisien\/MH3WMRKIQBGSNDTGWLV3UAR47M.jpg\u00a0\u00bb,\u00a0\u00bbwidth\u00a0\u00bb:2800}},\u00a0\u00bbsubtype\u00a0\u00bb:\u00a0\u00bbART:\u00a0\u00bb,\u00a0\u00bbtaxonomy\u00a0\u00bb:{\u00ab\u00a0primary_section\u00a0\u00bb:{\u00ab\u00a0_id\u00a0\u00bb:\u00a0\u00bb\/faits-divers\u00a0\u00bb,\u00a0\u00bbadditional_properties\u00a0\u00bb:{\u00ab\u00a0original\u00a0\u00bb:{\u00ab\u00a0site\u00a0\u00bb:{}}},\u00a0\u00bbname\u00a0\u00bb:\u00a0\u00bbFaits divers\u00a0\u00bb}},\u00a0\u00bbwebsite_url\u00a0\u00bb:\u00a0\u00bbhttps:\/\/www.leparisien.fr\/faits-divers\/pas-de-calais-un-nouveau-migrant-retrouve-mort-une-enquete-ouverte-28-09-2025-SH5DD56TZNADDKMHA27733C2XQ.php\u00a0\u00bb},{\u00ab\u00a0_id\u00a0\u00bb:\u00a0\u00bb2I5E2ZZGC5HQXAWNZ5WSCFHVZY\u00a0\u00bb,\u00a0\u00bbcontent_restrictions\u00a0\u00bb:{\u00ab\u00a0content_code\u00a0\u00bb:\u00a0\u00bbhard-paywall\u00a0\u00bb},\u00a0\u00bbdistributor\u00a0\u00bb:{\u00ab\u00a0name\u00a0\u00bb:\u00a0\u00bbleparisien\u00a0\u00bb},\u00a0\u00bbheadlines\u00a0\u00bb:{\u00ab\u00a0basic\u00a0\u00bb:\u00a0\u00bb\u00ab\u00a0En quelques clics, le rendez-vous est pris\u00a0\u00bb\u00a0: plong\u00e9e dans l\u2019horreur de la prostitution de mineures \u00e0 Creil\u00a0\u00bb},\u00a0\u00bblabel\u00a0\u00bb:{\u00ab\u00a0format\u00a0\u00bb:{\u00ab\u00a0text\u00a0\u00bb:\u00a0\u00bbR\u00e9cit\u00a0\u00bb,\u00a0\u00bburl\u00a0\u00bb:\u00a0\u00bb\/recit\u00a0\u00bb},\u00a0\u00bbprofil\u00a0\u00bb:{\u00ab\u00a0text\u00a0\u00bb:\u00a0\u00bbABO\u00a0\u00bb}},\u00a0\u00bbpromo_items\u00a0\u00bb:{\u00ab\u00a0basic\u00a0\u00bb:{\u00ab\u00a0additional_properties\u00a0\u00bb:{},\u00a0\u00bbcaption\u00a0\u00bb:\u00a0\u00bbApp\u00e2t du gain, emprise\u2026 Le fl\u00e9au de la prostitution des mineurs touche fortement le quartier de la gare de Creil, dans l&rsquo;Oise. St\u00e9phane Oiry pour Le Parisien\u00a0\u00bb,\u00a0\u00bbheight\u00a0\u00bb:2711,\u00a0\u00bbtype\u00a0\u00bb:\u00a0\u00bbimage\u00a0\u00bb,\u00a0\u00bburl\u00a0\u00bb:\u00a0\u00bbhttps:\/\/cloudfront-eu-central-1.images.arcpublishing.com\/leparisien\/IPQR3Y2LQJAGZJR6RAPGLTY32I.jpg\u00a0\u00bb,\u00a0\u00bbwidth\u00a0\u00bb:4341}},\u00a0\u00bbsubtype\u00a0\u00bb:\u00a0\u00bbarticle_large_format_bicolor\u00a0\u00bb,\u00a0\u00bbtaxonomy\u00a0\u00bb:{\u00ab\u00a0primary_section\u00a0\u00bb:{\u00ab\u00a0_id\u00a0\u00bb:\u00a0\u00bb\/oise-60&Prime;,\u00a0\u00bbadditional_properties\u00a0\u00bb:{\u00ab\u00a0original\u00a0\u00bb:{\u00ab\u00a0site\u00a0\u00bb:{}}},\u00a0\u00bbname\u00a0\u00bb:\u00a0\u00bbOise\u00a0\u00bb}},\u00a0\u00bbwebsite_url\u00a0\u00bb:\u00a0\u00bb\/oise-60\/en-quelques-clics-le-rendez-vous-est-pris-plongee-dans-lhorreur-de-la-prostitution-de-mineures-a-creil-28-09-2025-2I5E2ZZGC5HQXAWNZ5WSCFHVZY.php\u00a0\u00bb},{\u00ab\u00a0_id\u00a0\u00bb:\u00a0\u00bbYBCRWJ7RINES3LJRWZ77ORT4M4&Prime;,\u00a0\u00bbcontent_restrictions\u00a0\u00bb:{\u00ab\u00a0content_code\u00a0\u00bb:\u00a0\u00bbmetered\u00a0\u00bb},\u00a0\u00bbdistributor\u00a0\u00bb:{\u00ab\u00a0name\u00a0\u00bb:\u00a0\u00bbleparisien\u00a0\u00bb},\u00a0\u00bbheadlines\u00a0\u00bb:{\u00ab\u00a0basic\u00a0\u00bb:\u00a0\u00bbMenaces apr\u00e8s le jugement Sarkozy\u00a0: le Syndicat de la magistrature d\u00e9nonce le \u00ab\u00a0silence assourdissant\u00a0\u00bb de Macron\u00a0\u00bb},\u00a0\u00bblabel\u00a0\u00bb:{},\u00a0\u00bbpromo_items\u00a0\u00bb:{\u00ab\u00a0basic\u00a0\u00bb:{\u00ab\u00a0additional_properties\u00a0\u00bb:{},\u00a0\u00bbcaption\u00a0\u00bb:\u00a0\u00bbNicolas Sarkozy accomgan\u00e9 de son \u00e9pouse Carla Bruni-Sarkozy et de ses avocats au tribunal de Paris, jeudi dernier. REUTERS\/Stephanie Lecocq\u00a0\u00bb,\u00a0\u00bbheight\u00a0\u00bb:1867,\u00a0\u00bbtype\u00a0\u00bb:\u00a0\u00bbimage\u00a0\u00bb,\u00a0\u00bburl\u00a0\u00bb:\u00a0\u00bbhttps:\/\/cloudfront-eu-central-1.images.arcpublishing.com\/leparisien\/FC2XTV5WEZCIJJ2BH5SEMKJ2BY.jpg\u00a0\u00bb,\u00a0\u00bbwidth\u00a0\u00bb:2800}},\u00a0\u00bbsubtype\u00a0\u00bb:\u00a0\u00bbART:\u00a0\u00bb,\u00a0\u00bbtaxonomy\u00a0\u00bb:{\u00ab\u00a0primary_section\u00a0\u00bb:{\u00ab\u00a0_id\u00a0\u00bb:\u00a0\u00bb\/faits-divers\u00a0\u00bb,\u00a0\u00bbadditional_properties\u00a0\u00bb:{\u00ab\u00a0original\u00a0\u00bb:{\u00ab\u00a0site\u00a0\u00bb:{}}},\u00a0\u00bbname\u00a0\u00bb:\u00a0\u00bbFaits divers\u00a0\u00bb},\u00a0\u00bbtags\u00a0\u00bb:[{\u00ab\u00a0text\u00a0\u00bb:\u00a0\u00bbNicolas Sarkozy\u00a0\u00bb},{\u00ab\u00a0text\u00a0\u00bb:\u00a0\u00bbEmmanuel Macron\u00a0\u00bb}]},\u00a0\u00bbwebsite_url\u00a0\u00bb:\u00a0\u00bb\/faits-divers\/menaces-apres-le-jugement-sarkozy-le-syndicat-de-la-magistrature-denonce-le-silence-assourdissant-de-macron-28-09-2025-YBCRWJ7RINES3LJRWZ77ORT4M4.php\u00a0\u00bb},{\u00ab\u00a0_id\u00a0\u00bb:\u00a0\u00bbGAQUHMIJKNHRHPK5Z4QXYNCPEI\u00a0\u00bb,\u00a0\u00bbcontent_restrictions\u00a0\u00bb:{\u00ab\u00a0content_code\u00a0\u00bb:\u00a0\u00bbmetered\u00a0\u00bb},\u00a0\u00bbdistributor\u00a0\u00bb:{\u00ab\u00a0name\u00a0\u00bb:\u00a0\u00bbleparisien\u00a0\u00bb},\u00a0\u00bbheadlines\u00a0\u00bb:{\u00ab\u00a0basic\u00a0\u00bb:\u00a0\u00bbParis\u00a0: un homme agress\u00e9 au couteau \u00e0 la sortie de la salle de sport\u00a0\u00bb},\u00a0\u00bblabel\u00a0\u00bb:{},\u00a0\u00bbpromo_items\u00a0\u00bb:{\u00ab\u00a0basic\u00a0\u00bb:{\u00ab\u00a0additional_properties\u00a0\u00bb:{},\u00a0\u00bbcaption\u00a0\u00bb:\u00a0\u00bbParis, boulevard Bessi\u00e8res (XVIIe). L&rsquo;homme a \u00e9t\u00e9 agress\u00e9 apr\u00e8s \u00eatre sorti de la salle de sport. LP\/B.D.\u00a0\u00bb,\u00a0\u00bbheight\u00a0\u00bb:3333,\u00a0\u00bbtype\u00a0\u00bb:\u00a0\u00bbimage\u00a0\u00bb,\u00a0\u00bburl\u00a0\u00bb:\u00a0\u00bbhttps:\/\/cloudfront-eu-central-1.images.arcpublishing.com\/leparisien\/KLLPYUMXV5BL5PAJ5PGGV35YGQ.jpg\u00a0\u00bb,\u00a0\u00bbwidth\u00a0\u00bb:5000}},\u00a0\u00bbsubtype\u00a0\u00bb:\u00a0\u00bbART:\u00a0\u00bb,\u00a0\u00bbtaxonomy\u00a0\u00bb:{\u00ab\u00a0primary_section\u00a0\u00bb:{\u00ab\u00a0_id\u00a0\u00bb:\u00a0\u00bb\/paris-75&Prime;,\u00a0\u00bbadditional_properties\u00a0\u00bb:{\u00ab\u00a0original\u00a0\u00bb:{\u00ab\u00a0site\u00a0\u00bb:{}}},\u00a0\u00bbname\u00a0\u00bb:\u00a0\u00bbParis\u00a0\u00bb}},\u00a0\u00bbwebsite_url\u00a0\u00bb:\u00a0\u00bb\/paris-75\/paris-un-homme-agresse-au-couteau-a-la-sortie-de-la-salle-de-sport-28-09-2025-GAQUHMIJKNHRHPK5Z4QXYNCPEI.php\u00a0\u00bb},{\u00ab\u00a0_id\u00a0\u00bb:\u00a0\u00bbDSXVBYRKRNAWPJ37TVXHUMYWAQ\u00a0\u00bb,\u00a0\u00bbcontent_restrictions\u00a0\u00bb:{\u00ab\u00a0content_code\u00a0\u00bb:\u00a0\u00bbmetered\u00a0\u00bb},\u00a0\u00bbdistributor\u00a0\u00bb:{\u00ab\u00a0name\u00a0\u00bb:\u00a0\u00bbleparisien\u00a0\u00bb},\u00a0\u00bbheadlines\u00a0\u00bb:{\u00ab\u00a0basic\u00a0\u00bb:\u00a0\u00bb\u00ab\u00a0La seule chose que je pouvais faire\u2026\u00a0\u00bb\u00a0: un Am\u00e9ricain confesse avoir tu\u00e9 sa femme apr\u00e8s une dispute sur sa prise de poids\u00a0\u00bb},\u00a0\u00bblabel\u00a0\u00bb:{},\u00a0\u00bbpromo_items\u00a0\u00bb:{\u00ab\u00a0basic\u00a0\u00bb:{\u00ab\u00a0additional_properties\u00a0\u00bb:{},\u00a0\u00bbcaption\u00a0\u00bb:\u00a0\u00bbJune Renteria, 37 ans, a \u00e9t\u00e9 retrouv\u00e9e morte \u00e0 son domicile de Hollywood, le 11 septembre dernier. GoFundMe\u00a0\u00bb,\u00a0\u00bbheight\u00a0\u00bb:611,\u00a0\u00bbtype\u00a0\u00bb:\u00a0\u00bbimage\u00a0\u00bb,\u00a0\u00bburl\u00a0\u00bb:\u00a0\u00bbhttps:\/\/cloudfront-eu-central-1.images.arcpublishing.com\/leparisien\/6WZWWEZ245B3PECTK4OD52SWB4.PNG\u00a0\u00bb,\u00a0\u00bbwidth\u00a0\u00bb:1028}},\u00a0\u00bbsubtype\u00a0\u00bb:\u00a0\u00bbART:\u00a0\u00bb,\u00a0\u00bbtaxonomy\u00a0\u00bb:{\u00ab\u00a0primary_section\u00a0\u00bb:{\u00ab\u00a0_id\u00a0\u00bb:\u00a0\u00bb\/faits-divers\u00a0\u00bb,\u00a0\u00bbadditional_properties\u00a0\u00bb:{\u00ab\u00a0original\u00a0\u00bb:{\u00ab\u00a0site\u00a0\u00bb:{}}},\u00a0\u00bbname\u00a0\u00bb:\u00a0\u00bbFaits divers\u00a0\u00bb}},\u00a0\u00bbwebsite_url\u00a0\u00bb:\u00a0\u00bb\/faits-divers\/la-seule-chose-que-je-pouvais-faire-un-americain-confesse-avoir-tue-sa-femme-apres-une-dispute-sur-sa-prise-de-poids-28-09-2025-DSXVBYRKRNAWPJ37TVXHUMYWAQ.php\u00a0\u00bb},{\u00ab\u00a0_id\u00a0\u00bb:\u00a0\u00bb4MCP7NN5HFGZ3EVCAICYK5BSRE\u00a0\u00bb,\u00a0\u00bbcontent_restrictions\u00a0\u00bb:{\u00ab\u00a0content_code\u00a0\u00bb:\u00a0\u00bbhard-paywall\u00a0\u00bb},\u00a0\u00bbdistributor\u00a0\u00bb:{\u00ab\u00a0name\u00a0\u00bb:\u00a0\u00bbleparisien\u00a0\u00bb},\u00a0\u00bbheadlines\u00a0\u00bb:{\u00ab\u00a0basic\u00a0\u00bb:\u00a0\u00bb\u00abUn jour j\u2019aurais un mort sur la conscience\u00bb: ce maire fait la police pour \u00e9viter l\u2019accident dans un ch\u00e2teau en ruines\u00a0\u00bb},\u00a0\u00bblabel\u00a0\u00bb:{\u00ab\u00a0format\u00a0\u00bb:{\u00ab\u00a0text\u00a0\u00bb:\u00a0\u00bbReportage\u00a0\u00bb,\u00a0\u00bburl\u00a0\u00bb:\u00a0\u00bb\/reportage\u00a0\u00bb},\u00a0\u00bbprofil\u00a0\u00bb:{\u00ab\u00a0text\u00a0\u00bb:\u00a0\u00bbABO\u00a0\u00bb}},\u00a0\u00bbpromo_items\u00a0\u00bb:{\u00ab\u00a0basic\u00a0\u00bb:{\u00ab\u00a0additional_properties\u00a0\u00bb:{},\u00a0\u00bbcaption\u00a0\u00bb:\u00a0\u00bbSoisy-sur-Ecole. Le maire, Franck Lef\u00e8vre, fait la police pour emp\u00eacher les visiteurs d&rsquo;acc\u00e9der au domaine des R\u00e9aux, dont le ch\u00e2teau a \u00e9t\u00e9 fragilis\u00e9 lors d&rsquo;un incendie au mois de juin dernier. LP\/Brice Rocher\u00a0\u00bb,\u00a0\u00bbheight\u00a0\u00bb:3024,\u00a0\u00bbtype\u00a0\u00bb:\u00a0\u00bbimage\u00a0\u00bb,\u00a0\u00bburl\u00a0\u00bb:\u00a0\u00bbhttps:\/\/cloudfront-eu-central-1.images.arcpublishing.com\/leparisien\/HCIULWW6DBG37HISEHQMUYFL3E.jpg\u00a0\u00bb,\u00a0\u00bbwidth\u00a0\u00bb:4032}},\u00a0\u00bbsubtype\u00a0\u00bb:\u00a0\u00bbART:\u00a0\u00bb,\u00a0\u00bbtaxonomy\u00a0\u00bb:{\u00ab\u00a0primary_section\u00a0\u00bb:{\u00ab\u00a0_id\u00a0\u00bb:\u00a0\u00bb\/essonne-91&Prime;,\u00a0\u00bbadditional_properties\u00a0\u00bb:{\u00ab\u00a0original\u00a0\u00bb:{\u00ab\u00a0site\u00a0\u00bb:{}}},\u00a0\u00bbname\u00a0\u00bb:\u00a0\u00bbEssonne\u00a0\u00bb}},\u00a0\u00bbwebsite_url\u00a0\u00bb:\u00a0\u00bb\/essonne-91\/un-jour-jaurais-un-mort-sur-la-conscience-ce-maire-fait-la-police-pour-eviter-laccident-dans-un-chateau-en-ruines-28-09-2025-4MCP7NN5HFGZ3EVCAICYK5BSRE.php\u00a0\u00bb},{\u00ab\u00a0_id\u00a0\u00bb:\u00a0\u00bbZQPM6ENAIFD5TFTMD2EWQO4KVU\u00a0\u00bb,\u00a0\u00bbcontent_restrictions\u00a0\u00bb:{\u00ab\u00a0content_code\u00a0\u00bb:\u00a0\u00bbmetered\u00a0\u00bb},\u00a0\u00bbdistributor\u00a0\u00bb:{\u00ab\u00a0name\u00a0\u00bb:\u00a0\u00bbleparisien\u00a0\u00bb},\u00a0\u00bbheadlines\u00a0\u00bb:{\u00ab\u00a0basic\u00a0\u00bb:\u00a0\u00bbLe\u00a0Mans\u00a0: un jeune homme de 23\u00a0ans tu\u00e9 lors d\u2019un diff\u00e9rend routier, l\u2019auteur pr\u00e9sum\u00e9 en fuite\u00a0\u00bb},\u00a0\u00bblabel\u00a0\u00bb:{},\u00a0\u00bbpromo_items\u00a0\u00bb:{\u00ab\u00a0basic\u00a0\u00bb:{\u00ab\u00a0additional_properties\u00a0\u00bb:{},\u00a0\u00bbcaption\u00a0\u00bb:\u00a0\u00bbUn jeune homme de 23 ans a \u00e9t\u00e9 tu\u00e9 lors d&rsquo;un diff\u00e9rend routier au Mans (Sarthe) ce samedi. (Illustration) LP\/Delphine Goldsztejn\u00a0\u00bb,\u00a0\u00bbheight\u00a0\u00bb:1739,\u00a0\u00bbtype\u00a0\u00bb:\u00a0\u00bbimage\u00a0\u00bb,\u00a0\u00bburl\u00a0\u00bb:\u00a0\u00bbhttps:\/\/cloudfront-eu-central-1.images.arcpublishing.com\/leparisien\/E5HQWLCULFGD7OYGZJWSEGKKPU.jpg\u00a0\u00bb,\u00a0\u00bbwidth\u00a0\u00bb:2608}},\u00a0\u00bbsubtype\u00a0\u00bb:\u00a0\u00bbART:\u00a0\u00bb,\u00a0\u00bbtaxonomy\u00a0\u00bb:{\u00ab\u00a0primary_section\u00a0\u00bb:{\u00ab\u00a0_id\u00a0\u00bb:\u00a0\u00bb\/faits-divers\u00a0\u00bb,\u00a0\u00bbadditional_properties\u00a0\u00bb:{\u00ab\u00a0original\u00a0\u00bb:{\u00ab\u00a0site\u00a0\u00bb:{}}},\u00a0\u00bbname\u00a0\u00bb:\u00a0\u00bbFaits divers\u00a0\u00bb}},\u00a0\u00bbwebsite_url\u00a0\u00bb:\u00a0\u00bb\/faits-divers\/le-mans-un-jeune-homme-de-23-ans-tue-lors-dun-differend-routier-lauteur-presume-en-fuite-28-09-2025-ZQPM6ENAIFD5TFTMD2EWQO4KVU.php\u00a0\u00bb},{\u00ab\u00a0_id\u00a0\u00bb:\u00a0\u00bbF2XVEXTPVZAWLMULAM74TUNRZ4&Prime;,\u00a0\u00bbcontent_restrictions\u00a0\u00bb:{\u00ab\u00a0content_code\u00a0\u00bb:\u00a0\u00bbmetered\u00a0\u00bb},\u00a0\u00bbdistributor\u00a0\u00bb:{\u00ab\u00a0name\u00a0\u00bb:\u00a0\u00bbleparisien\u00a0\u00bb},\u00a0\u00bbheadlines\u00a0\u00bb:{\u00ab\u00a0basic\u00a0\u00bb:\u00a0\u00bbEnl\u00e8vement d\u2019une enfant de 12\u00a0ans dans l\u2019Orne\u00a0: d\u00e9j\u00e0 condamn\u00e9 pour violences, sous tutelle\u2026 Qui est le principal suspect\u00a0?\u00a0\u00bb},\u00a0\u00bblabel\u00a0\u00bb:{},\u00a0\u00bbpromo_items\u00a0\u00bb:{\u00ab\u00a0basic\u00a0\u00bb:{\u00ab\u00a0additional_properties\u00a0\u00bb:{\u00ab\u00a0focal_point\u00a0\u00bb:{\u00ab\u00a0max\u00a0\u00bb:[1285,1382],\u00a0\u00bbmin\u00a0\u00bb:[1285,1382]}},\u00a0\u00bbcaption\u00a0\u00bb:\u00a0\u00bbCharles Foury, ici dans une photo diffus\u00e9e le 25 septembre par la gendarmerie nationale, est le principal suspect dans l&rsquo;enl\u00e8vement d&rsquo;une jeune fille de 12 dans l&rsquo;Orne. AFP\/Gendarmerie nationale\u00a0\u00bb,\u00a0\u00bbheight\u00a0\u00bb:2618,\u00a0\u00bbtype\u00a0\u00bb:\u00a0\u00bbimage\u00a0\u00bb,\u00a0\u00bburl\u00a0\u00bb:\u00a0\u00bbhttps:\/\/cloudfront-eu-central-1.images.arcpublishing.com\/leparisien\/GLS7OFSMSVAFFHBID5X2K64WXI.jpg\u00a0\u00bb,\u00a0\u00bbwidth\u00a0\u00bb:2466}},\u00a0\u00bbsubtype\u00a0\u00bb:\u00a0\u00bbART:\u00a0\u00bb,\u00a0\u00bbtaxonomy\u00a0\u00bb:{\u00ab\u00a0primary_section\u00a0\u00bb:{\u00ab\u00a0_id\u00a0\u00bb:\u00a0\u00bb\/faits-divers\u00a0\u00bb,\u00a0\u00bbadditional_properties\u00a0\u00bb:{\u00ab\u00a0original\u00a0\u00bb:{\u00ab\u00a0site\u00a0\u00bb:{}}},\u00a0\u00bbname\u00a0\u00bb:\u00a0\u00bbFaits divers\u00a0\u00bb}},\u00a0\u00bbwebsite_url\u00a0\u00bb:\u00a0\u00bb\/faits-divers\/enlevement-dune-enfant-de-12-ans-dans-lorne-deja-condamne-pour-violences-sous-tutelle-qui-est-le-principal-suspect-28-09-2025-F2XVEXTPVZAWLMULAM74TUNRZ4.php\u00a0\u00bb},{\u00ab\u00a0_id\u00a0\u00bb:\u00a0\u00bbZANUUYBEDREMVOLVH2ZWAXLBUQ\u00a0\u00bb,\u00a0\u00bbcontent_restrictions\u00a0\u00bb:{\u00ab\u00a0content_code\u00a0\u00bb:\u00a0\u00bbhard-paywall\u00a0\u00bb},\u00a0\u00bbdistributor\u00a0\u00bb:{\u00ab\u00a0name\u00a0\u00bb:\u00a0\u00bbleparisien\u00a0\u00bb},\u00a0\u00bbheadlines\u00a0\u00bb:{\u00ab\u00a0basic\u00a0\u00bb:\u00a0\u00bb\u00ab\u00a0Ma fille a eu super peur\u00a0\u00bb\u00a0: \u00e0 Saint-Denis, un homme interpell\u00e9 pour avoir \u00e9gorg\u00e9 des pigeons dans un square\u00a0\u00bb},\u00a0\u00bblabel\u00a0\u00bb:{\u00ab\u00a0format\u00a0\u00bb:{\u00ab\u00a0text\u00a0\u00bb:\u00a0\u00bbReportage\u00a0\u00bb,\u00a0\u00bburl\u00a0\u00bb:\u00a0\u00bb\/reportage\u00a0\u00bb},\u00a0\u00bbprofil\u00a0\u00bb:{\u00ab\u00a0text\u00a0\u00bb:\u00a0\u00bbABO\u00a0\u00bb}},\u00a0\u00bbpromo_items\u00a0\u00bb:{\u00ab\u00a0basic\u00a0\u00bb:{\u00ab\u00a0additional_properties\u00a0\u00bb:{},\u00a0\u00bbcaption\u00a0\u00bb:\u00a0\u00bbSaint-Denis (Seine-Saint-Denis), vendredi 26 septembre. L&rsquo;homme a \u00e9t\u00e9 pris en photo par des t\u00e9moins. \u00abIl s\u2019est accroupi et il a commenc\u00e9 \u00e0 d\u00e9piauter un pigeon\u00bb, raconte une m\u00e8re de famille. DR\u00a0\u00bb,\u00a0\u00bbheight\u00a0\u00bb:2153,\u00a0\u00bbtype\u00a0\u00bb:\u00a0\u00bbimage\u00a0\u00bb,\u00a0\u00bburl\u00a0\u00bb:\u00a0\u00bbhttps:\/\/cloudfront-eu-central-1.images.arcpublishing.com\/leparisien\/TS6MQIR4IBG5XEJCM7OTUKFCCE.jpg\u00a0\u00bb,\u00a0\u00bbwidth\u00a0\u00bb:3024}},\u00a0\u00bbsubtype\u00a0\u00bb:\u00a0\u00bbART:\u00a0\u00bb,\u00a0\u00bbtaxonomy\u00a0\u00bb:{\u00ab\u00a0primary_section\u00a0\u00bb:{\u00ab\u00a0_id\u00a0\u00bb:\u00a0\u00bb\/faits-divers\u00a0\u00bb,\u00a0\u00bbadditional_properties\u00a0\u00bb:{\u00ab\u00a0original\u00a0\u00bb:{\u00ab\u00a0site\u00a0\u00bb:{}}},\u00a0\u00bbname\u00a0\u00bb:\u00a0\u00bbFaits divers\u00a0\u00bb}},\u00a0\u00bbwebsite_url\u00a0\u00bb:\u00a0\u00bb\/faits-divers\/ma-fille-a-eu-super-peur-a-saint-denis-un-homme-interpelle-pour-avoir-egorge-des-pigeons-dans-un-square-28-09-2025-ZANUUYBEDREMVOLVH2ZWAXLBUQ.php\u00a0\u00bb},{\u00ab\u00a0_id\u00a0\u00bb:\u00a0\u00bbAPSEMZQ5ZFHFBKUZ4LVB4EJI4Y\u00a0\u00bb,\u00a0\u00bbcontent_restrictions\u00a0\u00bb:{\u00ab\u00a0content_code\u00a0\u00bb:\u00a0\u00bbhard-paywall\u00a0\u00bb},\u00a0\u00bbdistributor\u00a0\u00bb:{\u00ab\u00a0name\u00a0\u00bb:\u00a0\u00bbleparisien\u00a0\u00bb},\u00a0\u00bbheadlines\u00a0\u00bb:{\u00ab\u00a0basic\u00a0\u00bb:\u00a0\u00bb\u00ab\u00a0Nos \u00e9glises ne sont pas assez prot\u00e9g\u00e9es\u00a0!\u00a0\u00bb\u00a0: face au vandalisme, la s\u00e9curisation au c\u0153ur des pr\u00e9occupations\u00a0\u00bb},\u00a0\u00bblabel\u00a0\u00bb:{\u00ab\u00a0format\u00a0\u00bb:{\u00ab\u00a0text\u00a0\u00bb:\u00a0\u00bbInterview\u00a0\u00bb,\u00a0\u00bburl\u00a0\u00bb:\u00a0\u00bb\/interview\u00a0\u00bb},\u00a0\u00bbprofil\u00a0\u00bb:{\u00ab\u00a0text\u00a0\u00bb:\u00a0\u00bbABO\u00a0\u00bb}},\u00a0\u00bbpromo_items\u00a0\u00bb:{\u00ab\u00a0basic\u00a0\u00bb:{\u00ab\u00a0additional_properties\u00a0\u00bb:{},\u00a0\u00bbcaption\u00a0\u00bb:\u00a0\u00bb\u00abEntrez dans une \u00e9glise\u00a0: peu d\u2019objets sont scell\u00e9s, ou mis en s\u00e9curit\u00e9\u2026\u00bb, d\u00e9plore Benoit de Sagazan. (Illustration) LP\/Arnaud Journois\u00a0\u00bb,\u00a0\u00bbheight\u00a0\u00bb:1866,\u00a0\u00bbtype\u00a0\u00bb:\u00a0\u00bbimage\u00a0\u00bb,\u00a0\u00bburl\u00a0\u00bb:\u00a0\u00bbhttps:\/\/cloudfront-eu-central-1.images.arcpublishing.com\/leparisien\/QFQDIRXU5ZA2HDUFPYDIEOIUNI.jpg\u00a0\u00bb,\u00a0\u00bbwidth\u00a0\u00bb:2800}},\u00a0\u00bbsubtype\u00a0\u00bb:\u00a0\u00bbART:\u00a0\u00bb,\u00a0\u00bbtaxonomy\u00a0\u00bb:{\u00ab\u00a0primary_section\u00a0\u00bb:{\u00ab\u00a0_id\u00a0\u00bb:\u00a0\u00bb\/societe\/religions\u00a0\u00bb,\u00a0\u00bbadditional_properties\u00a0\u00bb:{\u00ab\u00a0original\u00a0\u00bb:{\u00ab\u00a0site\u00a0\u00bb:{\u00ab\u00a0paywall_deactivated\u00a0\u00bb:\u00a0\u00bbfalse\u00a0\u00bb}}},\u00a0\u00bbname\u00a0\u00bb:\u00a0\u00bbReligions\u00a0\u00bb}},\u00a0\u00bbwebsite_url\u00a0\u00bb:\u00a0\u00bb\/societe\/religions\/nos-eglises-ne-sont-pas-assez-protegees-face-au-vandalisme-la-securisation-au-coeur-des-preoccupations-28-09-2025-APSEMZQ5ZFHFBKUZ4LVB4EJI4Y.php\u00a0\u00bb},{\u00ab\u00a0_id\u00a0\u00bb:\u00a0\u00bbJ4TQNAHOUZGWBE7DBSYXQ3S7GQ\u00a0\u00bb,\u00a0\u00bbcontent_restrictions\u00a0\u00bb:{\u00ab\u00a0content_code\u00a0\u00bb:\u00a0\u00bbhard-paywall\u00a0\u00bb},\u00a0\u00bbdistributor\u00a0\u00bb:{\u00ab\u00a0name\u00a0\u00bb:\u00a0\u00bbleparisien\u00a0\u00bb},\u00a0\u00bbheadlines\u00a0\u00bb:{\u00ab\u00a0basic\u00a0\u00bb:\u00a0\u00bb\u00ab\u00a0La Vierge br\u00fble\u00a0!\u00a0\u00bb\u00a0: vols, incendies, tags\u2026 L\u2019inqui\u00e9tante hausse des attaques d\u2019\u00e9glises\u00a0\u00bb},\u00a0\u00bblabel\u00a0\u00bb:{\u00ab\u00a0format\u00a0\u00bb:{\u00ab\u00a0text\u00a0\u00bb:\u00a0\u00bbReportage\u00a0\u00bb,\u00a0\u00bburl\u00a0\u00bb:\u00a0\u00bb\/reportage\u00a0\u00bb},\u00a0\u00bbprofil\u00a0\u00bb:{\u00ab\u00a0text\u00a0\u00bb:\u00a0\u00bbABO\u00a0\u00bb}},\u00a0\u00bbpromo_items\u00a0\u00bb:{\u00ab\u00a0basic\u00a0\u00bb:{\u00ab\u00a0additional_properties\u00a0\u00bb:{},\u00a0\u00bbcaption\u00a0\u00bb:\u00a0\u00bbGuingamp (C\u00f4tes-d&rsquo;Armor), mercredi 24 septembre 2025.  Cette statue de Notre Dame de Bon Secours, une Vierge \u00e0 l&rsquo;enfant, a \u00e9t\u00e9 incendi\u00e9e en pleine messe, le lundi 8 septembre. LP\/Arnaud Journois\u00a0\u00bb,\u00a0\u00bbheight\u00a0\u00bb:3333,\u00a0\u00bbtype\u00a0\u00bb:\u00a0\u00bbimage\u00a0\u00bb,\u00a0\u00bburl\u00a0\u00bb:\u00a0\u00bbhttps:\/\/cloudfront-eu-central-1.images.arcpublishing.com\/leparisien\/V25AXSSUU5HC5DOARVSTHSZI2U.jpg\u00a0\u00bb,\u00a0\u00bbwidth\u00a0\u00bb:5000}},\u00a0\u00bbsubtype\u00a0\u00bb:\u00a0\u00bbART:\u00a0\u00bb,\u00a0\u00bbtaxonomy\u00a0\u00bb:{\u00ab\u00a0primary_section\u00a0\u00bb:{\u00ab\u00a0_id\u00a0\u00bb:\u00a0\u00bb\/societe\/religions\u00a0\u00bb,\u00a0\u00bbadditional_properties\u00a0\u00bb:{\u00ab\u00a0original\u00a0\u00bb:{\u00ab\u00a0site\u00a0\u00bb:{\u00ab\u00a0paywall_deactivated\u00a0\u00bb:\u00a0\u00bbfalse\u00a0\u00bb}}},\u00a0\u00bbname\u00a0\u00bb:\u00a0\u00bbReligions\u00a0\u00bb},\u00a0\u00bbtags\u00a0\u00bb:[{\u00ab\u00a0text\u00a0\u00bb:\u00a0\u00bbIncendies\u00a0\u00bb}]},\u00a0\u00bbwebsite_url\u00a0\u00bb:\u00a0\u00bb\/societe\/religions\/la-vierge-brule-vols-incendies-tags-linquietante-augmentation-des-attaques-deglises-28-09-2025-J4TQNAHOUZGWBE7DBSYXQ3S7GQ.php\u00a0\u00bb},{\u00ab\u00a0_id\u00a0\u00bb:\u00a0\u00bbGSEMT55C7NCSVPM3I3RS7XPWLM\u00a0\u00bb,\u00a0\u00bbcontent_restrictions\u00a0\u00bb:{\u00ab\u00a0content_code\u00a0\u00bb:\u00a0\u00bbhard-paywall\u00a0\u00bb},\u00a0\u00bbdistributor\u00a0\u00bb:{\u00ab\u00a0name\u00a0\u00bb:\u00a0\u00bbleparisien\u00a0\u00bb},\u00a0\u00bbheadlines\u00a0\u00bb:{\u00ab\u00a0basic\u00a0\u00bb:\u00a0\u00bbLieux sacr\u00e9s\u00a0\u00bb},\u00a0\u00bblabel\u00a0\u00bb:{\u00ab\u00a0format\u00a0\u00bb:{\u00ab\u00a0text\u00a0\u00bb:\u00a0\u00bb\u00c9dito\u00a0\u00bb,\u00a0\u00bburl\u00a0\u00bb:\u00a0\u00bb\/edito\u00a0\u00bb},\u00a0\u00bbprofil\u00a0\u00bb:{\u00ab\u00a0text\u00a0\u00bb:\u00a0\u00bbABO\u00a0\u00bb}},\u00a0\u00bbpromo_items\u00a0\u00bb:{\u00ab\u00a0basic\u00a0\u00bb:{\u00ab\u00a0additional_properties\u00a0\u00bb:{},\u00a0\u00bbcaption\u00a0\u00bb:\u00a0\u00bbJean-Baptiste Isaac, directeur adjoint des r\u00e9dactions du Parisien &#8211; Aujourd\u2019hui en France. Le Parisien DA\u00a0\u00bb,\u00a0\u00bbheight\u00a0\u00bb:1164,\u00a0\u00bbtype\u00a0\u00bb:\u00a0\u00bbimage\u00a0\u00bb,\u00a0\u00bburl\u00a0\u00bb:\u00a0\u00bbhttps:\/\/cloudfront-eu-central-1.images.arcpublishing.com\/leparisien\/DNIXNFVQQRFBHO5VMNMOI6IQUE.jpg\u00a0\u00bb,\u00a0\u00bbwidth\u00a0\u00bb:1864}},\u00a0\u00bbsubtype\u00a0\u00bb:\u00a0\u00bbART:\u00a0\u00bb,\u00a0\u00bbtaxonomy\u00a0\u00bb:{\u00ab\u00a0primary_section\u00a0\u00bb:{\u00ab\u00a0_id\u00a0\u00bb:\u00a0\u00bb\/societe\/religions\u00a0\u00bb,\u00a0\u00bbadditional_properties\u00a0\u00bb:{\u00ab\u00a0original\u00a0\u00bb:{\u00ab\u00a0site\u00a0\u00bb:{\u00ab\u00a0paywall_deactivated\u00a0\u00bb:\u00a0\u00bbfalse\u00a0\u00bb}}},\u00a0\u00bbname\u00a0\u00bb:\u00a0\u00bbReligions\u00a0\u00bb},\u00a0\u00bbtags\u00a0\u00bb:[{\u00ab\u00a0text\u00a0\u00bb:\u00a0\u00bbEDITO\u00a0\u00bb}]},\u00a0\u00bbwebsite_url\u00a0\u00bb:\u00a0\u00bb\/societe\/religions\/lieux-sacres-28-09-2025-GSEMT55C7NCSVPM3I3RS7XPWLM.php\u00a0\u00bb},{\u00ab\u00a0_id\u00a0\u00bb:\u00a0\u00bbRBKIJWV3P5EPVNVKPPR3BBWXSM\u00a0\u00bb,\u00a0\u00bbcontent_restrictions\u00a0\u00bb:{\u00ab\u00a0content_code\u00a0\u00bb:\u00a0\u00bbmetered\u00a0\u00bb},\u00a0\u00bbdistributor\u00a0\u00bb:{\u00ab\u00a0name\u00a0\u00bb:\u00a0\u00bbleparisien\u00a0\u00bb},\u00a0\u00bbheadlines\u00a0\u00bb:{\u00ab\u00a0basic\u00a0\u00bb:\u00a0\u00bbUn drone suspect observ\u00e9 pr\u00e8s de l\u2019a\u00e9roport d\u2019Amsterdam, une piste temporairement ferm\u00e9e\u00a0\u00bb},\u00a0\u00bblabel\u00a0\u00bb:{},\u00a0\u00bbpromo_items\u00a0\u00bb:{\u00ab\u00a0basic\u00a0\u00bb:{\u00ab\u00a0additional_properties\u00a0\u00bb:{},\u00a0\u00bbcaption\u00a0\u00bb:\u00a0\u00bbUne piste de d\u00e9collage et d\u2019atterrissage a \u00e9t\u00e9 ferm\u00e9e pendant 45 minutes \u00e0 l&rsquo;a\u00e9roport Schipol. Reuters\/Yves Herman\u00a0\u00bb,\u00a0\u00bbheight\u00a0\u00bb:1897,\u00a0\u00bbtype\u00a0\u00bb:\u00a0\u00bbimage\u00a0\u00bb,\u00a0\u00bburl\u00a0\u00bb:\u00a0\u00bbhttps:\/\/cloudfront-eu-central-1.images.arcpublishing.com\/leparisien\/QLNSMTKTRJDABC52WQEZHSYEHA.jpg\u00a0\u00bb,\u00a0\u00bbwidth\u00a0\u00bb:2800}},\u00a0\u00bbsubtype\u00a0\u00bb:\u00a0\u00bbART:\u00a0\u00bb,\u00a0\u00bbtaxonomy\u00a0\u00bb:{\u00ab\u00a0primary_section\u00a0\u00bb:{\u00ab\u00a0_id\u00a0\u00bb:\u00a0\u00bb\/faits-divers\u00a0\u00bb,\u00a0\u00bbadditional_properties\u00a0\u00bb:{\u00ab\u00a0original\u00a0\u00bb:{\u00ab\u00a0site\u00a0\u00bb:{}}},\u00a0\u00bbname\u00a0\u00bb:\u00a0\u00bbFaits divers\u00a0\u00bb}},\u00a0\u00bbwebsite_url\u00a0\u00bb:\u00a0\u00bb\/faits-divers\/un-drone-suspect-observe-pres-de-laeroport-damsterdam-une-piste-temporairement-fermee-27-09-2025-RBKIJWV3P5EPVNVKPPR3BBWXSM.php\u00a0\u00bb},{\u00ab\u00a0_id\u00a0\u00bb:\u00a0\u00bbDU6RHH42RBBL5PQDEOHIFS2BLE\u00a0\u00bb,\u00a0\u00bbcontent_restrictions\u00a0\u00bb:{\u00ab\u00a0content_code\u00a0\u00bb:\u00a0\u00bbmetered\u00a0\u00bb},\u00a0\u00bbdistributor\u00a0\u00bb:{\u00ab\u00a0name\u00a0\u00bb:\u00a0\u00bbleparisien\u00a0\u00bb},\u00a0\u00bbheadlines\u00a0\u00bb:{\u00ab\u00a0basic\u00a0\u00bb:\u00a0\u00bb\u00ab\u00a0Du sang coulait sous son ventre\u00a0\u00bb\u00a0: un homme de 23\u00a0ans meurt au\u00a0Mans apr\u00e8s une altercation entre automobilistes\u00a0\u00bb},\u00a0\u00bblabel\u00a0\u00bb:{},\u00a0\u00bbpromo_items\u00a0\u00bb:{\u00ab\u00a0basic\u00a0\u00bb:{\u00ab\u00a0additional_properties\u00a0\u00bb:{},\u00a0\u00bbcaption\u00a0\u00bb:\u00a0\u00bbEn fuite, l&rsquo;auteur des faits est activement recherch\u00e9 par les forces de l\u2019ordre. (Illustration) LP\/Delphine Goldsztejn\u00a0\u00bb,\u00a0\u00bbheight\u00a0\u00bb:3373,\u00a0\u00bbtype\u00a0\u00bb:\u00a0\u00bbimage\u00a0\u00bb,\u00a0\u00bburl\u00a0\u00bb:\u00a0\u00bbhttps:\/\/cloudfront-eu-central-1.images.arcpublishing.com\/leparisien\/4ADKG7XFUNFY3JGI7AQZQEL37Y.jpg\u00a0\u00bb,\u00a0\u00bbwidth\u00a0\u00bb:5000}},\u00a0\u00bbsubtype\u00a0\u00bb:\u00a0\u00bbART:\u00a0\u00bb,\u00a0\u00bbtaxonomy\u00a0\u00bb:{\u00ab\u00a0primary_section\u00a0\u00bb:{\u00ab\u00a0_id\u00a0\u00bb:\u00a0\u00bb\/faits-divers\u00a0\u00bb,\u00a0\u00bbadditional_properties\u00a0\u00bb:{\u00ab\u00a0original\u00a0\u00bb:{\u00ab\u00a0site\u00a0\u00bb:{}}},\u00a0\u00bbname\u00a0\u00bb:\u00a0\u00bbFaits divers\u00a0\u00bb}},\u00a0\u00bbwebsite_url\u00a0\u00bb:\u00a0\u00bb\/faits-divers\/du-sang-coulait-sous-son-ventre-un-homme-de-22-ans-meurt-au-mans-apres-une-altercation-entre-automobilistes-27-09-2025-DU6RHH42RBBL5PQDEOHIFS2BLE.php\u00a0\u00bb},{\u00ab\u00a0_id\u00a0\u00bb:\u00a0\u00bbQSONNNAIRBBEBGC5WALSFLIPTE\u00a0\u00bb,\u00a0\u00bbcontent_restrictions\u00a0\u00bb:{\u00ab\u00a0content_code\u00a0\u00bb:\u00a0\u00bbmetered\u00a0\u00bb},\u00a0\u00bbdistributor\u00a0\u00bb:{\u00ab\u00a0name\u00a0\u00bb:\u00a0\u00bbleparisien\u00a0\u00bb},\u00a0\u00bbheadlines\u00a0\u00bb:{\u00ab\u00a0basic\u00a0\u00bb:\u00a0\u00bbInde\u00a0: 36 morts dans un mouvement de foule au meeting d\u2019une star de cin\u00e9ma devenue politicien\u00a0\u00bb},\u00a0\u00bblabel\u00a0\u00bb:{},\u00a0\u00bbpromo_items\u00a0\u00bb:{\u00ab\u00a0basic\u00a0\u00bb:{\u00ab\u00a0additional_properties\u00a0\u00bb:{},\u00a0\u00bbcaption\u00a0\u00bb:\u00a0\u00bbVijay est l\u2019une des figures majeures du cin\u00e9ma tamoul depuis trois d\u00e9cennies. Instagram\/actorvijay\u00a0\u00bb,\u00a0\u00bbheight\u00a0\u00bb:493,\u00a0\u00bbtype\u00a0\u00bb:\u00a0\u00bbimage\u00a0\u00bb,\u00a0\u00bburl\u00a0\u00bb:\u00a0\u00bbhttps:\/\/cloudfront-eu-central-1.images.arcpublishing.com\/leparisien\/M3UKXCHXTJFFDKI5IWSZ7Y6NOA.png\u00a0\u00bb,\u00a0\u00bbwidth\u00a0\u00bb:718}},\u00a0\u00bbsubtype\u00a0\u00bb:\u00a0\u00bbART:\u00a0\u00bb,\u00a0\u00bbtaxonomy\u00a0\u00bb:{\u00ab\u00a0primary_section\u00a0\u00bb:{\u00ab\u00a0_id\u00a0\u00bb:\u00a0\u00bb\/faits-divers\u00a0\u00bb,\u00a0\u00bbadditional_properties\u00a0\u00bb:{\u00ab\u00a0original\u00a0\u00bb:{\u00ab\u00a0site\u00a0\u00bb:{}}},\u00a0\u00bbname\u00a0\u00bb:\u00a0\u00bbFaits divers\u00a0\u00bb}},\u00a0\u00bbwebsite_url\u00a0\u00bb:\u00a0\u00bb\/faits-divers\/inde-36-morts-dans-un-mouvement-de-foule-au-meeting-dune-star-de-cinema-devenue-politicien-27-09-2025-QSONNNAIRBBEBGC5WALSFLIPTE.php\u00a0\u00bb},{\u00ab\u00a0_id\u00a0\u00bb:\u00a0\u00bbAHX647N7RJHXPP5M5XI2PAWG4A\u00a0\u00bb,\u00a0\u00bbcontent_restrictions\u00a0\u00bb:{\u00ab\u00a0content_code\u00a0\u00bb:\u00a0\u00bbmetered\u00a0\u00bb},\u00a0\u00bbdistributor\u00a0\u00bb:{\u00ab\u00a0name\u00a0\u00bb:\u00a0\u00bbleparisien\u00a0\u00bb},\u00a0\u00bbheadlines\u00a0\u00bb:{\u00ab\u00a0basic\u00a0\u00bb:\u00a0\u00bb\u00ab\u00a0On veut que justice soit faite\u00a0\u00bb\u00a0: apr\u00e8s le f\u00e9minicide de trois jeunes femmes, des milliers de manifestants \u00e0 Buenos Aires\u00a0\u00bb},\u00a0\u00bblabel\u00a0\u00bb:{},\u00a0\u00bbpromo_items\u00a0\u00bb:{\u00ab\u00a0basic\u00a0\u00bb:{\u00ab\u00a0additional_properties\u00a0\u00bb:{},\u00a0\u00bbcaption\u00a0\u00bb:\u00a0\u00bbA Buenos Aires samedi, une femme avec une pancarte \\\u00a0\u00bbNi una menos\\\u00a0\u00bb (pas une de moins), un slogan du mouvement f\u00e9ministe latino-am\u00e9ricain contre les f\u00e9minicides. REUTERS\/Cristina Sille\u00a0\u00bb,\u00a0\u00bbheight\u00a0\u00bb:1867,\u00a0\u00bbtype\u00a0\u00bb:\u00a0\u00bbimage\u00a0\u00bb,\u00a0\u00bburl\u00a0\u00bb:\u00a0\u00bbhttps:\/\/cloudfront-eu-central-1.images.arcpublishing.com\/leparisien\/IQXCMYKEERA5NJKMGUZG4UNJNU.jpg\u00a0\u00bb,\u00a0\u00bbwidth\u00a0\u00bb:2800},\u00a0\u00bblead_art_dailymotion\u00a0\u00bb:{\u00ab\u00a0embed\u00a0\u00bb:{\u00ab\u00a0id\u00a0\u00bb:\u00a0\u00bbx9ralym\u00a0\u00bb,\u00a0\u00bburl\u00a0\u00bb:\u00a0\u00bbhttps:\/\/www.dailymotion.com\/video\/x9ralym\u00a0\u00bb},\u00a0\u00bbsubtype\u00a0\u00bb:\u00a0\u00bbvideo_dm\u00a0\u00bb,\u00a0\u00bbtype\u00a0\u00bb:\u00a0\u00bbcustom_embed\u00a0\u00bb}},\u00a0\u00bbsubtype\u00a0\u00bb:\u00a0\u00bbART:\u00a0\u00bb,\u00a0\u00bbtaxonomy\u00a0\u00bb:{\u00ab\u00a0primary_section\u00a0\u00bb:{\u00ab\u00a0_id\u00a0\u00bb:\u00a0\u00bb\/faits-divers\u00a0\u00bb,\u00a0\u00bbadditional_properties\u00a0\u00bb:{\u00ab\u00a0original\u00a0\u00bb:{\u00ab\u00a0site\u00a0\u00bb:{}}},\u00a0\u00bbname\u00a0\u00bb:\u00a0\u00bbFaits divers\u00a0\u00bb}},\u00a0\u00bbwebsite_url\u00a0\u00bb:\u00a0\u00bb\/faits-divers\/on-veut-que-justice-soit-faite-apres-le-feminicide-de-trois-jeunes-femmes-des-milliers-de-manifestants-a-buenos-aires-27-09-2025-AHX647N7RJHXPP5M5XI2PAWG4A.php\u00a0\u00bb},{\u00ab\u00a0_id\u00a0\u00bb:\u00a0\u00bbTQNFCOWZRJEQLDD6PIDZNCR6OE\u00a0\u00bb,\u00a0\u00bbcontent_restrictions\u00a0\u00bb:{\u00ab\u00a0content_code\u00a0\u00bb:\u00a0\u00bbmetered\u00a0\u00bb},\u00a0\u00bbdistributor\u00a0\u00bb:{\u00ab\u00a0name\u00a0\u00bb:\u00a0\u00bbleparisien\u00a0\u00bb},\u00a0\u00bbheadlines\u00a0\u00bb:{\u00ab\u00a0basic\u00a0\u00bb:\u00a0\u00bbDrogues\u00a0: 600\u00a0kg de cannabis saisis au Pays basque ainsi que 20\u00a0000\u00a0euros en esp\u00e8ce\u00a0\u00bb},\u00a0\u00bblabel\u00a0\u00bb:{},\u00a0\u00bbpromo_items\u00a0\u00bb:{\u00ab\u00a0basic\u00a0\u00bb:{\u00ab\u00a0additional_properties\u00a0\u00bb:{},\u00a0\u00bbcaption\u00a0\u00bb:\u00a0\u00bbD\u00e9but septembre, plus de 600\u00a0kg de coca\u00efne, d\u2019une valeur marchande estim\u00e9e \u00e0 25\u00a0millions d\u2019euros, avaient \u00e9t\u00e9 saisis \u00e0 la fronti\u00e8re avec l\u2019Espagne. Tribunal judiciaire Bordeaux\u00a0\u00bb,\u00a0\u00bbheight\u00a0\u00bb:608,\u00a0\u00bbtype\u00a0\u00bb:\u00a0\u00bbimage\u00a0\u00bb,\u00a0\u00bburl\u00a0\u00bb:\u00a0\u00bbhttps:\/\/cloudfront-eu-central-1.images.arcpublishing.com\/leparisien\/WOCIJRJQ2RFJTJSI6XDJVY3ZKQ.png\u00a0\u00bb,\u00a0\u00bbwidth\u00a0\u00bb:960}},\u00a0\u00bbsubtype\u00a0\u00bb:\u00a0\u00bbART:\u00a0\u00bb,\u00a0\u00bbtaxonomy\u00a0\u00bb:{\u00ab\u00a0primary_section\u00a0\u00bb:{\u00ab\u00a0_id\u00a0\u00bb:\u00a0\u00bb\/faits-divers\u00a0\u00bb,\u00a0\u00bbadditional_properties\u00a0\u00bb:{\u00ab\u00a0original\u00a0\u00bb:{\u00ab\u00a0site\u00a0\u00bb:{}}},\u00a0\u00bbname\u00a0\u00bb:\u00a0\u00bbFaits divers\u00a0\u00bb}},\u00a0\u00bbwebsite_url\u00a0\u00bb:\u00a0\u00bb\/faits-divers\/drogues-600-kg-de-cannabis-saisis-au-pays-basque-ainsi-que-20-000-euros-en-espece-27-09-2025-TQNFCOWZRJEQLDD6PIDZNCR6OE.php\u00a0\u00bb}],\u00a0\u00bbcount\u00a0\u00bb:10000,\u00a0\u00bbnext\u00a0\u00bb:20,\u00a0\u00bb_id\u00a0\u00bb:\u00a0\u00bb03ed0fa392ca55beaf58e3d1d0a16408ea0d87a3b7e9ca2ca72d23a38f2a4db3&Prime;},\u00a0\u00bbexpires\u00a0\u00bb:1759065417174,\u00a0\u00bblastModified\u00a0\u00bb:1759065297039},\u00a0\u00bb{\\\u00a0\u00bbexcludeSections\\\u00a0\u00bb:[\\\u00a0\u00bb\/podcasts\\\u00a0\u00bb],\\\u00a0\u00bbexcludeSubtype\\\u00a0\u00bb:\\\u00a0\u00bb\\\u00a0\u00bb,\\\u00a0\u00bboffset\\\u00a0\u00bb:0,\\\u00a0\u00bbsectionPath\\\u00a0\u00bb:\\\u00a0\u00bb\/faits-divers\\\u00a0\u00bb,\\\u00a0\u00bbsize\\\u00a0\u00bb:9,\\\u00a0\u00bbsources\\\u00a0\u00bb:[\\\u00a0\u00bb_id\\\u00a0\u00bb,\\\u00a0\u00bbheadlines\\\u00a0\u00bb,\\\u00a0\u00bbwebsite_url\\\u00a0\u00bb,\\\u00a0\u00bblabel\\\u00a0\u00bb]}\u00a0\u00bb:{\u00ab\u00a0data\u00a0\u00bb:{\u00ab\u00a0content_elements\u00a0\u00bb:[{\u00ab\u00a0_id\u00a0\u00bb:\u00a0\u00bbREMS7O5N5JF7BCUP4FJDQHOJBU\u00a0\u00bb,\u00a0\u00bbcontent_restrictions\u00a0\u00bb:{\u00ab\u00a0content_code\u00a0\u00bb:\u00a0\u00bbhard-paywall\u00a0\u00bb},\u00a0\u00bbdistributor\u00a0\u00bb:{\u00ab\u00a0name\u00a0\u00bb:\u00a0\u00bbleparisien\u00a0\u00bb},\u00a0\u00bbheadlines\u00a0\u00bb:{\u00ab\u00a0basic\u00a0\u00bb:\u00a0\u00bbNoisy-le-Grand\u00a0: agress\u00e9, l\u2019\u00e9lu d\u2019opposition Emmanuel Constant porte plainte et accuse \u00ab\u00a0un soutien de la maire\u00a0\u00bb\u00a0\u00bb},\u00a0\u00bblabel\u00a0\u00bb:{\u00ab\u00a0profil\u00a0\u00bb:{\u00ab\u00a0text\u00a0\u00bb:\u00a0\u00bbABO\u00a0\u00bb}},\u00a0\u00bbpromo_items\u00a0\u00bb:{\u00ab\u00a0basic\u00a0\u00bb:{\u00ab\u00a0additional_properties\u00a0\u00bb:{},\u00a0\u00bbcaption\u00a0\u00bb:\u00a0\u00bbEmmanuel Constant d\u00e9nonce l&rsquo;agression dont il a \u00e9t\u00e9 victime vendredi devant une \u00e9cole de Noisy-le-Grand, ville o\u00f9 il est \u00e9lu d&rsquo;opposition. LP\/Olivier Arandel\u00a0\u00bb,\u00a0\u00bbheight\u00a0\u00bb:841,\u00a0\u00bbtype\u00a0\u00bb:\u00a0\u00bbimage\u00a0\u00bb,\u00a0\u00bburl\u00a0\u00bb:\u00a0\u00bbhttps:\/\/cloudfront-eu-central-1.images.arcpublishing.com\/leparisien\/I6Y4C7BQXQBMG5GU5EE25KD23U.jpg\u00a0\u00bb,\u00a0\u00bbwidth\u00a0\u00bb:1280}},\u00a0\u00bbsubtype\u00a0\u00bb:\u00a0\u00bbART:\u00a0\u00bb,\u00a0\u00bbtaxonomy\u00a0\u00bb:{\u00ab\u00a0primary_section\u00a0\u00bb:{\u00ab\u00a0_id\u00a0\u00bb:\u00a0\u00bb\/seine-saint-denis-93&Prime;,\u00a0\u00bbadditional_properties\u00a0\u00bb:{\u00ab\u00a0original\u00a0\u00bb:{\u00ab\u00a0site\u00a0\u00bb:{}}},\u00a0\u00bbname\u00a0\u00bb:\u00a0\u00bbSeine-Saint-Denis\u00a0\u00bb}},\u00a0\u00bbwebsite_url\u00a0\u00bb:\u00a0\u00bbhttps:\/\/www.leparisien.fr\/seine-saint-denis-93\/noisy-le-grand-agresse-lelu-dopposition-emmanuel-constant-porte-plainte-et-accuse-un-soutien-de-la-maire-28-09-2025-REMS7O5N5JF7BCUP4FJDQHOJBU.php\u00a0\u00bb},{\u00ab\u00a0_id\u00a0\u00bb:\u00a0\u00bbVQDPHE5LJJHLDMWJV3DAEVCPVM\u00a0\u00bb,\u00a0\u00bbcontent_restrictions\u00a0\u00bb:{\u00ab\u00a0content_code\u00a0\u00bb:\u00a0\u00bbmetered\u00a0\u00bb},\u00a0\u00bbdistributor\u00a0\u00bb:{\u00ab\u00a0name\u00a0\u00bb:\u00a0\u00bbleparisien\u00a0\u00bb},\u00a0\u00bbheadlines\u00a0\u00bb:{\u00ab\u00a0basic\u00a0\u00bb:\u00a0\u00bbCoups et insultes\u00a0: trois artistes victimes d\u2019une agression raciste \u00e0 Lyon en pleine rue, une enqu\u00eate ouverte\u00a0\u00bb},\u00a0\u00bblabel\u00a0\u00bb:{},\u00a0\u00bbpromo_items\u00a0\u00bb:{\u00ab\u00a0basic\u00a0\u00bb:{\u00ab\u00a0additional_properties\u00a0\u00bb:{},\u00a0\u00bbcaption\u00a0\u00bb:\u00a0\u00bbTrois artistes ont \u00e9t\u00e9 victimes d&rsquo;une agression raciste \u00e0 Lyon (Rh\u00f4ne) vendredi soir. Une enqu\u00eate a \u00e9t\u00e9 confi\u00e9e \u00e0 la police nationale. (Illustration) LP\/Arnaud Journois\u00a0\u00bb,\u00a0\u00bbheight\u00a0\u00bb:582,\u00a0\u00bbtype\u00a0\u00bb:\u00a0\u00bbimage\u00a0\u00bb,\u00a0\u00bburl\u00a0\u00bb:\u00a0\u00bbhttps:\/\/cloudfront-eu-central-1.images.arcpublishing.com\/leparisien\/DG5UNJL7QJDMFEMFAWOGMOS7VM.jpg\u00a0\u00bb,\u00a0\u00bbwidth\u00a0\u00bb:932}},\u00a0\u00bbsubtype\u00a0\u00bb:\u00a0\u00bbART:\u00a0\u00bb,\u00a0\u00bbtaxonomy\u00a0\u00bb:{\u00ab\u00a0primary_section\u00a0\u00bb:{\u00ab\u00a0_id\u00a0\u00bb:\u00a0\u00bb\/faits-divers\u00a0\u00bb,\u00a0\u00bbadditional_properties\u00a0\u00bb:{\u00ab\u00a0original\u00a0\u00bb:{\u00ab\u00a0site\u00a0\u00bb:{}}},\u00a0\u00bbname\u00a0\u00bb:\u00a0\u00bbFaits divers\u00a0\u00bb}},\u00a0\u00bbwebsite_url\u00a0\u00bb:\u00a0\u00bb\/faits-divers\/coups-et-insultes-trois-artistes-victimes-dune-agression-raciste-a-lyon-en-pleine-rue-une-enquete-ouverte-28-09-2025-VQDPHE5LJJHLDMWJV3DAEVCPVM.php\u00a0\u00bb},{\u00ab\u00a0_id\u00a0\u00bb:\u00a0\u00bbOXQRX5APWFGDPCVJOFUEUXALDA\u00a0\u00bb,\u00a0\u00bbcontent_restrictions\u00a0\u00bb:{\u00ab\u00a0content_code\u00a0\u00bb:\u00a0\u00bbmetered\u00a0\u00bb},\u00a0\u00bbdistributor\u00a0\u00bb:{\u00ab\u00a0name\u00a0\u00bb:\u00a0\u00bbleparisien\u00a0\u00bb},\u00a0\u00bbheadlines\u00a0\u00bb:{\u00ab\u00a0basic\u00a0\u00bb:\u00a0\u00bbCondamnation de Nicolas Sarkozy\u00a0: pour Fran\u00e7ois Bayrou, si l\u2019ex\u00e9cution provisoire est g\u00e9n\u00e9ralis\u00e9e, \u00ab\u00a0il n\u2019y a plus d\u2019appel possible\u00a0\u00bb\u00a0\u00bb},\u00a0\u00bblabel\u00a0\u00bb:{},\u00a0\u00bbpromo_items\u00a0\u00bb:{\u00ab\u00a0basic\u00a0\u00bb:{\u00ab\u00a0additional_properties\u00a0\u00bb:{},\u00a0\u00bbcaption\u00a0\u00bb:\u00a0\u00bbL&rsquo;ex-Premier ministre Fran\u00e7ois Bayrou \u00e0 l&rsquo;universit\u00e9 d&rsquo;\u00e9t\u00e9 du MoDem le 26 septembre 2025. AFP\/MIGUEL MEDINA\u00a0\u00bb,\u00a0\u00bbheight\u00a0\u00bb:1867,\u00a0\u00bbtype\u00a0\u00bb:\u00a0\u00bbimage\u00a0\u00bb,\u00a0\u00bburl\u00a0\u00bb:\u00a0\u00bbhttps:\/\/cloudfront-eu-central-1.images.arcpublishing.com\/leparisien\/L7PWCEZJK5DG5ET63LQMZISBYI.jpg\u00a0\u00bb,\u00a0\u00bbwidth\u00a0\u00bb:2800}},\u00a0\u00bbsubtype\u00a0\u00bb:\u00a0\u00bbART:\u00a0\u00bb,\u00a0\u00bbtaxonomy\u00a0\u00bb:{\u00ab\u00a0primary_section\u00a0\u00bb:{\u00ab\u00a0_id\u00a0\u00bb:\u00a0\u00bb\/faits-divers\u00a0\u00bb,\u00a0\u00bbadditional_properties\u00a0\u00bb:{\u00ab\u00a0original\u00a0\u00bb:{\u00ab\u00a0site\u00a0\u00bb:{}}},\u00a0\u00bbname\u00a0\u00bb:\u00a0\u00bbFaits divers\u00a0\u00bb},\u00a0\u00bbtags\u00a0\u00bb:[{\u00ab\u00a0text\u00a0\u00bb:\u00a0\u00bbNicolas Sarkozy\u00a0\u00bb}]},\u00a0\u00bbwebsite_url\u00a0\u00bb:\u00a0\u00bbhttps:\/\/www.leparisien.fr\/faits-divers\/condamnation-de-nicolas-sarkozy-pour-francois-bayrou-si-lexecution-provisoire-est-generalisee-il-ny-a-plus-dappel-possible-28-09-2025-OXQRX5APWFGDPCVJOFUEUXALDA.php\u00a0\u00bb},{\u00ab\u00a0_id\u00a0\u00bb:\u00a0\u00bbSH5DD56TZNADDKMHA27733C2XQ\u00a0\u00bb,\u00a0\u00bbcontent_restrictions\u00a0\u00bb:{\u00ab\u00a0content_code\u00a0\u00bb:\u00a0\u00bbmetered\u00a0\u00bb},\u00a0\u00bbdistributor\u00a0\u00bb:{\u00ab\u00a0name\u00a0\u00bb:\u00a0\u00bbleparisien\u00a0\u00bb},\u00a0\u00bbheadlines\u00a0\u00bb:{\u00ab\u00a0basic\u00a0\u00bb:\u00a0\u00bbPas-de-Calais\u00a0: un nouveau migrant retrouv\u00e9 mort, une enqu\u00eate ouverte\u00a0\u00bb},\u00a0\u00bblabel\u00a0\u00bb:{},\u00a0\u00bbpromo_items\u00a0\u00bb:{\u00ab\u00a0basic\u00a0\u00bb:{\u00ab\u00a0additional_properties\u00a0\u00bb:{},\u00a0\u00bbcaption\u00a0\u00bb:\u00a0\u00bbLe corps sans vie d&rsquo;un nouveau migrant a \u00e9t\u00e9 retrouv\u00e9 dimanche 28 septembre dans le Pas-de-Calais. Ici, un groupe de migrants sur un canot pneumatique le 27 septembre \u00e0 Gravelines. Reuters\/Abdul Saboor\u00a0\u00bb,\u00a0\u00bbheight\u00a0\u00bb:1866,\u00a0\u00bbtype\u00a0\u00bb:\u00a0\u00bbimage\u00a0\u00bb,\u00a0\u00bburl\u00a0\u00bb:\u00a0\u00bbhttps:\/\/cloudfront-eu-central-1.images.arcpublishing.com\/leparisien\/MH3WMRKIQBGSNDTGWLV3UAR47M.jpg\u00a0\u00bb,\u00a0\u00bbwidth\u00a0\u00bb:2800}},\u00a0\u00bbsubtype\u00a0\u00bb:\u00a0\u00bbART:\u00a0\u00bb,\u00a0\u00bbtaxonomy\u00a0\u00bb:{\u00ab\u00a0primary_section\u00a0\u00bb:{\u00ab\u00a0_id\u00a0\u00bb:\u00a0\u00bb\/faits-divers\u00a0\u00bb,\u00a0\u00bbadditional_properties\u00a0\u00bb:{\u00ab\u00a0original\u00a0\u00bb:{\u00ab\u00a0site\u00a0\u00bb:{}}},\u00a0\u00bbname\u00a0\u00bb:\u00a0\u00bbFaits divers\u00a0\u00bb}},\u00a0\u00bbwebsite_url\u00a0\u00bb:\u00a0\u00bbhttps:\/\/www.leparisien.fr\/faits-divers\/pas-de-calais-un-nouveau-migrant-retrouve-mort-une-enquete-ouverte-28-09-2025-SH5DD56TZNADDKMHA27733C2XQ.php\u00a0\u00bb},{\u00ab\u00a0_id\u00a0\u00bb:\u00a0\u00bb2I5E2ZZGC5HQXAWNZ5WSCFHVZY\u00a0\u00bb,\u00a0\u00bbcontent_restrictions\u00a0\u00bb:{\u00ab\u00a0content_code\u00a0\u00bb:\u00a0\u00bbhard-paywall\u00a0\u00bb},\u00a0\u00bbdistributor\u00a0\u00bb:{\u00ab\u00a0name\u00a0\u00bb:\u00a0\u00bbleparisien\u00a0\u00bb},\u00a0\u00bbheadlines\u00a0\u00bb:{\u00ab\u00a0basic\u00a0\u00bb:\u00a0\u00bb\u00ab\u00a0En quelques clics, le rendez-vous est pris\u00a0\u00bb\u00a0: plong\u00e9e dans l\u2019horreur de la prostitution de mineures \u00e0 Creil\u00a0\u00bb},\u00a0\u00bblabel\u00a0\u00bb:{\u00ab\u00a0format\u00a0\u00bb:{\u00ab\u00a0text\u00a0\u00bb:\u00a0\u00bbR\u00e9cit\u00a0\u00bb,\u00a0\u00bburl\u00a0\u00bb:\u00a0\u00bb\/recit\u00a0\u00bb},\u00a0\u00bbprofil\u00a0\u00bb:{\u00ab\u00a0text\u00a0\u00bb:\u00a0\u00bbABO\u00a0\u00bb}},\u00a0\u00bbpromo_items\u00a0\u00bb:{\u00ab\u00a0basic\u00a0\u00bb:{\u00ab\u00a0additional_properties\u00a0\u00bb:{},\u00a0\u00bbcaption\u00a0\u00bb:\u00a0\u00bbApp\u00e2t du gain, emprise\u2026 Le fl\u00e9au de la prostitution des mineurs touche fortement le quartier de la gare de Creil, dans l&rsquo;Oise. St\u00e9phane Oiry pour Le Parisien\u00a0\u00bb,\u00a0\u00bbheight\u00a0\u00bb:2711,\u00a0\u00bbtype\u00a0\u00bb:\u00a0\u00bbimage\u00a0\u00bb,\u00a0\u00bburl\u00a0\u00bb:\u00a0\u00bbhttps:\/\/cloudfront-eu-central-1.images.arcpublishing.com\/leparisien\/IPQR3Y2LQJAGZJR6RAPGLTY32I.jpg\u00a0\u00bb,\u00a0\u00bbwidth\u00a0\u00bb:4341}},\u00a0\u00bbsubtype\u00a0\u00bb:\u00a0\u00bbarticle_large_format_bicolor\u00a0\u00bb,\u00a0\u00bbtaxonomy\u00a0\u00bb:{\u00ab\u00a0primary_section\u00a0\u00bb:{\u00ab\u00a0_id\u00a0\u00bb:\u00a0\u00bb\/oise-60&Prime;,\u00a0\u00bbadditional_properties\u00a0\u00bb:{\u00ab\u00a0original\u00a0\u00bb:{\u00ab\u00a0site\u00a0\u00bb:{}}},\u00a0\u00bbname\u00a0\u00bb:\u00a0\u00bbOise\u00a0\u00bb}},\u00a0\u00bbwebsite_url\u00a0\u00bb:\u00a0\u00bb\/oise-60\/en-quelques-clics-le-rendez-vous-est-pris-plongee-dans-lhorreur-de-la-prostitution-de-mineures-a-creil-28-09-2025-2I5E2ZZGC5HQXAWNZ5WSCFHVZY.php\u00a0\u00bb},{\u00ab\u00a0_id\u00a0\u00bb:\u00a0\u00bbYBCRWJ7RINES3LJRWZ77ORT4M4&Prime;,\u00a0\u00bbcontent_restrictions\u00a0\u00bb:{\u00ab\u00a0content_code\u00a0\u00bb:\u00a0\u00bbmetered\u00a0\u00bb},\u00a0\u00bbdistributor\u00a0\u00bb:{\u00ab\u00a0name\u00a0\u00bb:\u00a0\u00bbleparisien\u00a0\u00bb},\u00a0\u00bbheadlines\u00a0\u00bb:{\u00ab\u00a0basic\u00a0\u00bb:\u00a0\u00bbMenaces apr\u00e8s le jugement Sarkozy\u00a0: le Syndicat de la magistrature d\u00e9nonce le \u00ab\u00a0silence assourdissant\u00a0\u00bb de Macron\u00a0\u00bb},\u00a0\u00bblabel\u00a0\u00bb:{},\u00a0\u00bbpromo_items\u00a0\u00bb:{\u00ab\u00a0basic\u00a0\u00bb:{\u00ab\u00a0additional_properties\u00a0\u00bb:{},\u00a0\u00bbcaption\u00a0\u00bb:\u00a0\u00bbNicolas Sarkozy accomgan\u00e9 de son \u00e9pouse Carla Bruni-Sarkozy et de ses avocats au tribunal de Paris, jeudi dernier. REUTERS\/Stephanie Lecocq\u00a0\u00bb,\u00a0\u00bbheight\u00a0\u00bb:1867,\u00a0\u00bbtype\u00a0\u00bb:\u00a0\u00bbimage\u00a0\u00bb,\u00a0\u00bburl\u00a0\u00bb:\u00a0\u00bbhttps:\/\/cloudfront-eu-central-1.images.arcpublishing.com\/leparisien\/FC2XTV5WEZCIJJ2BH5SEMKJ2BY.jpg\u00a0\u00bb,\u00a0\u00bbwidth\u00a0\u00bb:2800}},\u00a0\u00bbsubtype\u00a0\u00bb:\u00a0\u00bbART:\u00a0\u00bb,\u00a0\u00bbtaxonomy\u00a0\u00bb:{\u00ab\u00a0primary_section\u00a0\u00bb:{\u00ab\u00a0_id\u00a0\u00bb:\u00a0\u00bb\/faits-divers\u00a0\u00bb,\u00a0\u00bbadditional_properties\u00a0\u00bb:{\u00ab\u00a0original\u00a0\u00bb:{\u00ab\u00a0site\u00a0\u00bb:{}}},\u00a0\u00bbname\u00a0\u00bb:\u00a0\u00bbFaits divers\u00a0\u00bb},\u00a0\u00bbtags\u00a0\u00bb:[{\u00ab\u00a0text\u00a0\u00bb:\u00a0\u00bbNicolas Sarkozy\u00a0\u00bb},{\u00ab\u00a0text\u00a0\u00bb:\u00a0\u00bbEmmanuel Macron\u00a0\u00bb}]},\u00a0\u00bbwebsite_url\u00a0\u00bb:\u00a0\u00bb\/faits-divers\/menaces-apres-le-jugement-sarkozy-le-syndicat-de-la-magistrature-denonce-le-silence-assourdissant-de-macron-28-09-2025-YBCRWJ7RINES3LJRWZ77ORT4M4.php\u00a0\u00bb},{\u00ab\u00a0_id\u00a0\u00bb:\u00a0\u00bbGAQUHMIJKNHRHPK5Z4QXYNCPEI\u00a0\u00bb,\u00a0\u00bbcontent_restrictions\u00a0\u00bb:{\u00ab\u00a0content_code\u00a0\u00bb:\u00a0\u00bbmetered\u00a0\u00bb},\u00a0\u00bbdistributor\u00a0\u00bb:{\u00ab\u00a0name\u00a0\u00bb:\u00a0\u00bbleparisien\u00a0\u00bb},\u00a0\u00bbheadlines\u00a0\u00bb:{\u00ab\u00a0basic\u00a0\u00bb:\u00a0\u00bbParis\u00a0: un homme agress\u00e9 au couteau \u00e0 la sortie de la salle de sport\u00a0\u00bb},\u00a0\u00bblabel\u00a0\u00bb:{},\u00a0\u00bbpromo_items\u00a0\u00bb:{\u00ab\u00a0basic\u00a0\u00bb:{\u00ab\u00a0additional_properties\u00a0\u00bb:{},\u00a0\u00bbcaption\u00a0\u00bb:\u00a0\u00bbParis, boulevard Bessi\u00e8res (XVIIe). L&rsquo;homme a \u00e9t\u00e9 agress\u00e9 apr\u00e8s \u00eatre sorti de la salle de sport. LP\/B.D.\u00a0\u00bb,\u00a0\u00bbheight\u00a0\u00bb:3333,\u00a0\u00bbtype\u00a0\u00bb:\u00a0\u00bbimage\u00a0\u00bb,\u00a0\u00bburl\u00a0\u00bb:\u00a0\u00bbhttps:\/\/cloudfront-eu-central-1.images.arcpublishing.com\/leparisien\/KLLPYUMXV5BL5PAJ5PGGV35YGQ.jpg\u00a0\u00bb,\u00a0\u00bbwidth\u00a0\u00bb:5000}},\u00a0\u00bbsubtype\u00a0\u00bb:\u00a0\u00bbART:\u00a0\u00bb,\u00a0\u00bbtaxonomy\u00a0\u00bb:{\u00ab\u00a0primary_section\u00a0\u00bb:{\u00ab\u00a0_id\u00a0\u00bb:\u00a0\u00bb\/paris-75&Prime;,\u00a0\u00bbadditional_properties\u00a0\u00bb:{\u00ab\u00a0original\u00a0\u00bb:{\u00ab\u00a0site\u00a0\u00bb:{}}},\u00a0\u00bbname\u00a0\u00bb:\u00a0\u00bbParis\u00a0\u00bb}},\u00a0\u00bbwebsite_url\u00a0\u00bb:\u00a0\u00bb\/paris-75\/paris-un-homme-agresse-au-couteau-a-la-sortie-de-la-salle-de-sport-28-09-2025-GAQUHMIJKNHRHPK5Z4QXYNCPEI.php\u00a0\u00bb},{\u00ab\u00a0_id\u00a0\u00bb:\u00a0\u00bbDSXVBYRKRNAWPJ37TVXHUMYWAQ\u00a0\u00bb,\u00a0\u00bbcontent_restrictions\u00a0\u00bb:{\u00ab\u00a0content_code\u00a0\u00bb:\u00a0\u00bbmetered\u00a0\u00bb},\u00a0\u00bbdistributor\u00a0\u00bb:{\u00ab\u00a0name\u00a0\u00bb:\u00a0\u00bbleparisien\u00a0\u00bb},\u00a0\u00bbheadlines\u00a0\u00bb:{\u00ab\u00a0basic\u00a0\u00bb:\u00a0\u00bb\u00ab\u00a0La seule chose que je pouvais faire\u2026\u00a0\u00bb\u00a0: un Am\u00e9ricain confesse avoir tu\u00e9 sa femme apr\u00e8s une dispute sur sa prise de poids\u00a0\u00bb},\u00a0\u00bblabel\u00a0\u00bb:{},\u00a0\u00bbpromo_items\u00a0\u00bb:{\u00ab\u00a0basic\u00a0\u00bb:{\u00ab\u00a0additional_properties\u00a0\u00bb:{},\u00a0\u00bbcaption\u00a0\u00bb:\u00a0\u00bbJune Renteria, 37 ans, a \u00e9t\u00e9 retrouv\u00e9e morte \u00e0 son domicile de Hollywood, le 11 septembre dernier. GoFundMe\u00a0\u00bb,\u00a0\u00bbheight\u00a0\u00bb:611,\u00a0\u00bbtype\u00a0\u00bb:\u00a0\u00bbimage\u00a0\u00bb,\u00a0\u00bburl\u00a0\u00bb:\u00a0\u00bbhttps:\/\/cloudfront-eu-central-1.images.arcpublishing.com\/leparisien\/6WZWWEZ245B3PECTK4OD52SWB4.PNG\u00a0\u00bb,\u00a0\u00bbwidth\u00a0\u00bb:1028}},\u00a0\u00bbsubtype\u00a0\u00bb:\u00a0\u00bbART:\u00a0\u00bb,\u00a0\u00bbtaxonomy\u00a0\u00bb:{\u00ab\u00a0primary_section\u00a0\u00bb:{\u00ab\u00a0_id\u00a0\u00bb:\u00a0\u00bb\/faits-divers\u00a0\u00bb,\u00a0\u00bbadditional_properties\u00a0\u00bb:{\u00ab\u00a0original\u00a0\u00bb:{\u00ab\u00a0site\u00a0\u00bb:{}}},\u00a0\u00bbname\u00a0\u00bb:\u00a0\u00bbFaits divers\u00a0\u00bb}},\u00a0\u00bbwebsite_url\u00a0\u00bb:\u00a0\u00bb\/faits-divers\/la-seule-chose-que-je-pouvais-faire-un-americain-confesse-avoir-tue-sa-femme-apres-une-dispute-sur-sa-prise-de-poids-28-09-2025-DSXVBYRKRNAWPJ37TVXHUMYWAQ.php\u00a0\u00bb},{\u00ab\u00a0_id\u00a0\u00bb:\u00a0\u00bb4MCP7NN5HFGZ3EVCAICYK5BSRE\u00a0\u00bb,\u00a0\u00bbcontent_restrictions\u00a0\u00bb:{\u00ab\u00a0content_code\u00a0\u00bb:\u00a0\u00bbhard-paywall\u00a0\u00bb},\u00a0\u00bbdistributor\u00a0\u00bb:{\u00ab\u00a0name\u00a0\u00bb:\u00a0\u00bbleparisien\u00a0\u00bb},\u00a0\u00bbheadlines\u00a0\u00bb:{\u00ab\u00a0basic\u00a0\u00bb:\u00a0\u00bb\u00abUn jour j\u2019aurais un mort sur la conscience\u00bb: ce maire fait la police pour \u00e9viter l\u2019accident dans un ch\u00e2teau en ruines\u00a0\u00bb},\u00a0\u00bblabel\u00a0\u00bb:{\u00ab\u00a0format\u00a0\u00bb:{\u00ab\u00a0text\u00a0\u00bb:\u00a0\u00bbReportage\u00a0\u00bb,\u00a0\u00bburl\u00a0\u00bb:\u00a0\u00bb\/reportage\u00a0\u00bb},\u00a0\u00bbprofil\u00a0\u00bb:{\u00ab\u00a0text\u00a0\u00bb:\u00a0\u00bbABO\u00a0\u00bb}},\u00a0\u00bbpromo_items\u00a0\u00bb:{\u00ab\u00a0basic\u00a0\u00bb:{\u00ab\u00a0additional_properties\u00a0\u00bb:{},\u00a0\u00bbcaption\u00a0\u00bb:\u00a0\u00bbSoisy-sur-Ecole. Le maire, Franck Lef\u00e8vre, fait la police pour emp\u00eacher les visiteurs d&rsquo;acc\u00e9der au domaine des R\u00e9aux, dont le ch\u00e2teau a \u00e9t\u00e9 fragilis\u00e9 lors d&rsquo;un incendie au mois de juin dernier. LP\/Brice Rocher\u00a0\u00bb,\u00a0\u00bbheight\u00a0\u00bb:3024,\u00a0\u00bbtype\u00a0\u00bb:\u00a0\u00bbimage\u00a0\u00bb,\u00a0\u00bburl\u00a0\u00bb:\u00a0\u00bbhttps:\/\/cloudfront-eu-central-1.images.arcpublishing.com\/leparisien\/HCIULWW6DBG37HISEHQMUYFL3E.jpg\u00a0\u00bb,\u00a0\u00bbwidth\u00a0\u00bb:4032}},\u00a0\u00bbsubtype\u00a0\u00bb:\u00a0\u00bbART:\u00a0\u00bb,\u00a0\u00bbtaxonomy\u00a0\u00bb:{\u00ab\u00a0primary_section\u00a0\u00bb:{\u00ab\u00a0_id\u00a0\u00bb:\u00a0\u00bb\/essonne-91&Prime;,\u00a0\u00bbadditional_properties\u00a0\u00bb:{\u00ab\u00a0original\u00a0\u00bb:{\u00ab\u00a0site\u00a0\u00bb:{}}},\u00a0\u00bbname\u00a0\u00bb:\u00a0\u00bbEssonne\u00a0\u00bb}},\u00a0\u00bbwebsite_url\u00a0\u00bb:\u00a0\u00bb\/essonne-91\/un-jour-jaurais-un-mort-sur-la-conscience-ce-maire-fait-la-police-pour-eviter-laccident-dans-un-chateau-en-ruines-28-09-2025-4MCP7NN5HFGZ3EVCAICYK5BSRE.php\u00a0\u00bb}],\u00a0\u00bbcount\u00a0\u00bb:10000,\u00a0\u00bbnext\u00a0\u00bb:9,\u00a0\u00bb_id\u00a0\u00bb:\u00a0\u00bbe101cd4999991083e806fa59427df131bc571f8df08abe84b4306f52cbaeddb2&Prime;},\u00a0\u00bbexpires\u00a0\u00bb:1759065435350,\u00a0\u00bblastModified\u00a0\u00bb:1759065315223}},\u00a0\u00bbmost-read\u00a0\u00bb:{\u00ab\u00a0{\\\u00a0\u00bbsize\\\u00a0\u00bb:5,\\\u00a0\u00bbtype\\\u00a0\u00bb:\\\u00a0\u00bball-sections\\\u00a0\u00bb,\\\u00a0\u00bbwebsite\\\u00a0\u00bb:\\\u00a0\u00bbleparisien\\\u00a0\u00bb}\u00a0\u00bb:{\u00ab\u00a0data\u00a0\u00bb:{\u00ab\u00a0content_elements\u00a0\u00bb:[{\u00ab\u00a0headlines\u00a0\u00bb:{\u00ab\u00a0basic\u00a0\u00bb:\u00a0\u00bb12 chasseurs F-35 pour plus d\u2019un milliard d\u2019euros\u00a0: le Royaume-Uni s\u2019appr\u00eate-t-il \u00e0 violer le trait\u00e9 de non-prolif\u00e9ration nucl\u00e9aire\u00a0?\u00a0\u00bb},\u00a0\u00bbwebsite_url\u00a0\u00bb:\u00a0\u00bb\/international\/royaume-uni\/12-chasseurs-f-35-pour-plus-dun-milliard-deuros-le-royaume-uni-sapprete-t-il-a-violer-le-traite-de-non-proliferation-nucleaire-27-09-2025-MPGFCQJNK5AMLCLNTKYB3WBHOQ.php\u00a0\u00bb},{\u00ab\u00a0headlines\u00a0\u00bb:{\u00ab\u00a0basic\u00a0\u00bb:\u00a0\u00bb\u00ab\u00a0J\u2019aurais tellement aim\u00e9 aller au bout\u00a0\u00bb\u00a0: l\u2019actrice Ad\u00e8le Haenel quitte la flottille pour Gaza apr\u00e8s une avarie sur son navire\u00a0\u00bb},\u00a0\u00bbwebsite_url\u00a0\u00bb:\u00a0\u00bb\/international\/israel\/jaurais-tellement-aime-aller-au-bout-lactrice-adele-haenel-quitte-la-flottille-pour-gaza-apres-une-avarie-sur-son-navire-27-09-2025-Y5I2FTYAWFC5FDEHWJARZUX2U4.php\u00a0\u00bb},{\u00ab\u00a0headlines\u00a0\u00bb:{\u00ab\u00a0basic\u00a0\u00bb:\u00a0\u00bb\u00ab\u00a0Je pensais avoir sign\u00e9 dans un club de foot, pas de marathon\u00a0\u00bb\u00a0: l\u2019AS Monaco donne des nouvelles de Paul Pogba\u00a0\u00bb},\u00a0\u00bbwebsite_url\u00a0\u00bb:\u00a0\u00bb\/sports\/football\/ligue-1\/je-pensais-avoir-signe-dans-un-club-de-foot-pas-de-marathon-las-monaco-donne-des-nouvelles-de-paul-pogba-26-09-2025-UPFDTZIKPFDCNLTZYOGZYXQ3RY.php\u00a0\u00bb},{\u00ab\u00a0headlines\u00a0\u00bb:{\u00ab\u00a0basic\u00a0\u00bb:\u00a0\u00bb\u00ab\u00a0Personne ne conna\u00eet mon nom, et pourtant&#8230;\u00a0\u00bb\u00a0: Patrick Watson, l\u2019auteur de la chanson francophone la plus \u00e9cout\u00e9e au monde\u00a0\u00bb},\u00a0\u00bbwebsite_url\u00a0\u00bb:\u00a0\u00bb\/culture-loisirs\/musique\/personne-ne-connait-mon-nom-et-pourtant-patrick-watson-lauteur-de-la-chanson-francophone-la-plus-ecoutee-au-monde-27-09-2025-D34Z7DX3XFETZNKPE2KZ6XSARA.php\u00a0\u00bb},{\u00ab\u00a0headlines\u00a0\u00bb:{\u00ab\u00a0basic\u00a0\u00bb:\u00a0\u00bb\u00ab\u00a0C\u2019est tout \u00e0 fait l\u00e9gal\u00a0\u00bb\u00a0: c\u2019est quoi ce dispositif de brouillard anti-squat d\u00e9velopp\u00e9 par des soci\u00e9t\u00e9s de surveillance\u00a0?\u00a0\u00bb},\u00a0\u00bbwebsite_url\u00a0\u00bb:\u00a0\u00bb\/high-tech\/cest-tout-a-fait-legal-cest-quoi-ce-dispositif-de-brouillard-anti-squat-developpe-par-des-societes-de-surveillance-26-09-2025-TJQHJYVH2JBCHKJCJ7OGXYPVCI.php\u00a0\u00bb}],\u00a0\u00bb_id\u00a0\u00bb:\u00a0\u00bb1509bfc7842b654096614b7acc249b36779fc9452ffab23d5406f2475410bf00&Prime;},\u00a0\u00bbexpires\u00a0\u00bb:1759065824017,\u00a0\u00bblastModified\u00a0\u00bb:1759062222459}},\u00a0\u00bbget-comment\u00a0\u00bb:{\u00ab\u00a0{\\\u00a0\u00bbarticleId\\\u00a0\u00bb:\\\u00a0\u00bbVQDPHE5LJJHLDMWJV3DAEVCPVM\\\u00a0\u00bb,\\\u00a0\u00bblimit\\\u00a0\u00bb:1000}\u00a0\u00bb:{\u00ab\u00a0data\u00a0\u00bb:{\u00ab\u00a0comments\u00a0\u00bb:[],\u00a0\u00bbid\u00a0\u00bb:\u00a0\u00bb\u00a0\u00bb,\u00a0\u00bbcreatedAt\u00a0\u00bb:\u00a0\u00bb\u00a0\u00bb,\u00a0\u00bb_id\u00a0\u00bb:\u00a0\u00bb\u00a0\u00bb},\u00a0\u00bbexpires\u00a0\u00bb:1759065557314,\u00a0\u00bblastModified\u00a0\u00bb:1759065257128}},\u00a0\u00bbcollection-full-story-feed\u00a0\u00bb:{\u00ab\u00a0{\\\u00a0\u00bbid\\\u00a0\u00bb:\\\u00a0\u00bbABCYYZKCTJHHJIFMTFMG2X6Q4M\\\u00a0\u00bb,\\\u00a0\u00bboffset\\\u00a0\u00bb:0,\\\u00a0\u00bbsize\\\u00a0\u00bb:3,\\\u00a0\u00bbwebsite\\\u00a0\u00bb:\\\u00a0\u00bbleparisien\\\u00a0\u00bb}\u00a0\u00bb:{\u00ab\u00a0data\u00a0\u00bb:{\u00ab\u00a0content_elements\u00a0\u00bb:[{\u00ab\u00a0_id\u00a0\u00bb:\u00a0\u00bbLOJFZKUKARHJ5F5WL6WTKCEIIY\u00a0\u00bb,\u00a0\u00bbadditional_properties\u00a0\u00bb:{},\u00a0\u00bbcanonical_url\u00a0\u00bb:\u00a0\u00bb\/faits-divers\/un-predateur-sexuel-chez-les-vip-la-mysterieuse-disparition-de-nounou-nicoco-en-2023-27-09-2025-LOJFZKUKARHJ5F5WL6WTKCEIIY.php\u00a0\u00bb,\u00a0\u00bbcontent_restrictions\u00a0\u00bb:{\u00ab\u00a0content_code\u00a0\u00bb:\u00a0\u00bbhard-paywall\u00a0\u00bb},\u00a0\u00bbcredits\u00a0\u00bb:{\u00ab\u00a0by\u00a0\u00bb:[{\u00ab\u00a0display_name\u00a0\u00bb:\u00a0\u00bbNicolas Jacquard, notre envoy\u00e9 sp\u00e9cial \u00e0 Strasbourg (Bas-Rhin) et Gen\u00e8ve (Suisse)\u00a0\u00bb,\u00a0\u00bbname\u00a0\u00bb:\u00a0\u00bbNicolas Jacquard\u00a0\u00bb,\u00a0\u00bbslug\u00a0\u00bb:\u00a0\u00bbnicolas-jacquard\u00a0\u00bb,\u00a0\u00bbtype\u00a0\u00bb:\u00a0\u00bbauthor\u00a0\u00bb}]},\u00a0\u00bbdescription\u00a0\u00bb:{\u00ab\u00a0basic\u00a0\u00bb:\u00a0\u00bb\u00a0\u00bb},\u00a0\u00bbdisplay_date\u00a0\u00bb:\u00a0\u00bb2025-09-27T14:05:00Z\u00a0\u00bb,\u00a0\u00bbdistributor\u00a0\u00bb:{\u00ab\u00a0name\u00a0\u00bb:\u00a0\u00bbleparisien\u00a0\u00bb},\u00a0\u00bbfirst_publish_date\u00a0\u00bb:\u00a0\u00bb2025-09-27T14:05:00Z\u00a0\u00bb,\u00a0\u00bbheadlines\u00a0\u00bb:{\u00ab\u00a0basic\u00a0\u00bb:\u00a0\u00bbUn pr\u00e9dateur sexuel chez les VIP\u00a0: la myst\u00e9rieuse disparition de \u00ab\u00a0Nounou Nicoco\u00a0\u00bb en 2023&Prime;},\u00a0\u00bblabel\u00a0\u00bb:{\u00ab\u00a0profil\u00a0\u00bb:{\u00ab\u00a0text\u00a0\u00bb:\u00a0\u00bbABO\u00a0\u00bb},\u00a0\u00bbprofil_v2&Prime;:{\u00ab\u00a0text\u00a0\u00bb:\u00a0\u00bbEXCLU\u00a0\u00bb},\u00a0\u00bbserie\u00a0\u00bb:{\u00ab\u00a0text\u00a0\u00bb:\u00a0\u00bb\u00c9pisode 2&Prime;,\u00a0\u00bburl\u00a0\u00bb:\u00a0\u00bb\/episode-2&Prime;}},\u00a0\u00bbpromo_items\u00a0\u00bb:{\u00ab\u00a0basic\u00a0\u00bb:{\u00ab\u00a0additional_properties\u00a0\u00bb:{},\u00a0\u00bbcaption\u00a0\u00bb:\u00a0\u00bbNicolas, que les enfants dont il avait la garde adulaient, dispara\u00eet en juin 2023. Le Parisien-DA\/DR\u00a0\u00bb,\u00a0\u00bbheight\u00a0\u00bb:1013,\u00a0\u00bbtype\u00a0\u00bb:\u00a0\u00bbimage\u00a0\u00bb,\u00a0\u00bburl\u00a0\u00bb:\u00a0\u00bbhttps:\/\/cloudfront-eu-central-1.images.arcpublishing.com\/leparisien\/UKKAKWEPQ5GO7OYCQQ72WOI46Q.jpg\u00a0\u00bb,\u00a0\u00bbwidth\u00a0\u00bb:1622}},\u00a0\u00bbpublish_date\u00a0\u00bb:\u00a0\u00bb2025-09-28T10:20:57Z\u00a0\u00bb,\u00a0\u00bbrelated_content\u00a0\u00bb:{\u00ab\u00a0basic\u00a0\u00bb:[{\u00ab\u00a0_id\u00a0\u00bb:\u00a0\u00bbM3PYPYAFENA2JHYT3DIDXCQSHA\u00a0\u00bb,\u00a0\u00bbreferent\u00a0\u00bb:{\u00ab\u00a0id\u00a0\u00bb:\u00a0\u00bbM3PYPYAFENA2JHYT3DIDXCQSHA\u00a0\u00bb,\u00a0\u00bbtype\u00a0\u00bb:\u00a0\u00bbimage\u00a0\u00bb}},{\u00ab\u00a0_id\u00a0\u00bb:\u00a0\u00bbQASPVT2D5ZCWNAJFY33HZNN3TY\u00a0\u00bb,\u00a0\u00bbreferent\u00a0\u00bb:{\u00ab\u00a0id\u00a0\u00bb:\u00a0\u00bbQASPVT2D5ZCWNAJFY33HZNN3TY\u00a0\u00bb,\u00a0\u00bbtype\u00a0\u00bb:\u00a0\u00bbimage\u00a0\u00bb}},{\u00ab\u00a0_id\u00a0\u00bb:\u00a0\u00bbUEV3QJRRRFDKREEPLOYY2QNSP4&Prime;,\u00a0\u00bbreferent\u00a0\u00bb:{\u00ab\u00a0id\u00a0\u00bb:\u00a0\u00bbUEV3QJRRRFDKREEPLOYY2QNSP4&Prime;,\u00a0\u00bbtype\u00a0\u00bb:\u00a0\u00bbimage\u00a0\u00bb}},{\u00ab\u00a0_id\u00a0\u00bb:\u00a0\u00bb47CCBQS5EBEWXA2KCCPKC32Z2A\u00a0\u00bb,\u00a0\u00bbreferent\u00a0\u00bb:{\u00ab\u00a0id\u00a0\u00bb:\u00a0\u00bb47CCBQS5EBEWXA2KCCPKC32Z2A\u00a0\u00bb,\u00a0\u00bbtype\u00a0\u00bb:\u00a0\u00bbimage\u00a0\u00bb}},{\u00ab\u00a0_id\u00a0\u00bb:\u00a0\u00bbS5MQPWNDCBHO7IQRTNBU63J3ZM\u00a0\u00bb,\u00a0\u00bbreferent\u00a0\u00bb:{\u00ab\u00a0id\u00a0\u00bb:\u00a0\u00bbS5MQPWNDCBHO7IQRTNBU63J3ZM\u00a0\u00bb,\u00a0\u00bbtype\u00a0\u00bb:\u00a0\u00bbimage\u00a0\u00bb}},{\u00ab\u00a0_id\u00a0\u00bb:\u00a0\u00bb64PXTSVNXVEHTLLYE6BB6XUCSU\u00a0\u00bb,\u00a0\u00bbreferent\u00a0\u00bb:{\u00ab\u00a0id\u00a0\u00bb:\u00a0\u00bb64PXTSVNXVEHTLLYE6BB6XUCSU\u00a0\u00bb,\u00a0\u00bbtype\u00a0\u00bb:\u00a0\u00bbimage\u00a0\u00bb}},{\u00ab\u00a0_id\u00a0\u00bb:\u00a0\u00bbJ44JMIRKLZA4JD5FHKUFGF36JU\u00a0\u00bb,\u00a0\u00bbreferent\u00a0\u00bb:{\u00ab\u00a0id\u00a0\u00bb:\u00a0\u00bbJ44JMIRKLZA4JD5FHKUFGF36JU\u00a0\u00bb,\u00a0\u00bbtype\u00a0\u00bb:\u00a0\u00bbimage\u00a0\u00bb}},{\u00ab\u00a0_id\u00a0\u00bb:\u00a0\u00bbLB7L27YMAJAUPDNDLTMHCRWTWA\u00a0\u00bb,\u00a0\u00bbreferent\u00a0\u00bb:{\u00ab\u00a0id\u00a0\u00bb:\u00a0\u00bbLB7L27YMAJAUPDNDLTMHCRWTWA\u00a0\u00bb,\u00a0\u00bbtype\u00a0\u00bb:\u00a0\u00bbimage\u00a0\u00bb}},{\u00ab\u00a0_id\u00a0\u00bb:\u00a0\u00bbXAGTRPMTOZCAXFJ2O755QY7U2U\u00a0\u00bb,\u00a0\u00bbreferent\u00a0\u00bb:{\u00ab\u00a0id\u00a0\u00bb:\u00a0\u00bbXAGTRPMTOZCAXFJ2O755QY7U2U\u00a0\u00bb,\u00a0\u00bbtype\u00a0\u00bb:\u00a0\u00bbimage\u00a0\u00bb}}]},\u00a0\u00bbsource\u00a0\u00bb:{\u00ab\u00a0name\u00a0\u00bb:\u00a0\u00bbleparisien\u00a0\u00bb,\u00a0\u00bbsystem\u00a0\u00bb:\u00a0\u00bbcomposer\u00a0\u00bb},\u00a0\u00bbsubheadlines\u00a0\u00bb:{\u00ab\u00a0basic\u00a0\u00bb:\u00a0\u00bbDeuxi\u00e8me volet de notre enqu\u00eate exclusive sur ce Fran\u00e7ais de 36\u00a0ans qui \u00e9tait le nounou f\u00e9tiche des enfants de stars. Interpell\u00e9 mi-2023, incarc\u00e9r\u00e9 en Suisse en toute discr\u00e9tion, il devrait \u00eatre jug\u00e9 l\u2019an prochain. Des milliers de photos et vid\u00e9os p\u00e9dopornographiques d\u2019une quarantaine d\u2019enfants dont il avait la garde ont \u00e9t\u00e9 retrouv\u00e9es, parmi lesquels une dizaine ont \u00e9t\u00e9 viol\u00e9s.\u00a0\u00bb},\u00a0\u00bbsubtype\u00a0\u00bb:\u00a0\u00bbarticle_serie\u00a0\u00bb,\u00a0\u00bbtaxonomy\u00a0\u00bb:{\u00ab\u00a0primary_section\u00a0\u00bb:{\u00ab\u00a0_id\u00a0\u00bb:\u00a0\u00bb\/faits-divers\u00a0\u00bb,\u00a0\u00bbadditional_properties\u00a0\u00bb:{\u00ab\u00a0original\u00a0\u00bb:{\u00ab\u00a0site\u00a0\u00bb:{}}},\u00a0\u00bbname\u00a0\u00bb:\u00a0\u00bbFaits divers\u00a0\u00bb},\u00a0\u00bbtags\u00a0\u00bb:[{\u00ab\u00a0text\u00a0\u00bb:\u00a0\u00bbS\u00e9rie &#8211; \u00abNounou Nicoco\u00bb, un pr\u00e9dateur chez les VIP\u00a0\u00bb}]},\u00a0\u00bbwebsite_url\u00a0\u00bb:\u00a0\u00bb\/faits-divers\/un-predateur-sexuel-chez-les-vip-la-mysterieuse-disparition-de-nounou-nicoco-en-2023-27-09-2025-LOJFZKUKARHJ5F5WL6WTKCEIIY.php\u00a0\u00bb},{\u00ab\u00a0_id\u00a0\u00bb:\u00a0\u00bbUPNOOV76FJFTPGQLV7V6R7M2FQ\u00a0\u00bb,\u00a0\u00bbadditional_properties\u00a0\u00bb:{},\u00a0\u00bbcanonical_url\u00a0\u00bb:\u00a0\u00bb\/politique\/taxe-zucman-retraites-ame-les-reponses-de-sebastien-lecornu-26-09-2025-UPNOOV76FJFTPGQLV7V6R7M2FQ.php\u00a0\u00bb,\u00a0\u00bbcontent_restrictions\u00a0\u00bb:{\u00ab\u00a0content_code\u00a0\u00bb:\u00a0\u00bbhard-paywall\u00a0\u00bb},\u00a0\u00bbcredits\u00a0\u00bb:{\u00ab\u00a0by\u00a0\u00bb:[{\u00ab\u00a0display_name\u00a0\u00bb:\u00a0\u00bbOlivier Beaumont\u00a0\u00bb,\u00a0\u00bbname\u00a0\u00bb:\u00a0\u00bbOlivier  Beaumont\u00a0\u00bb,\u00a0\u00bbslug\u00a0\u00bb:\u00a0\u00bbolivier-beaumont\u00a0\u00bb,\u00a0\u00bbtype\u00a0\u00bb:\u00a0\u00bbauthor\u00a0\u00bb},{\u00ab\u00a0display_name\u00a0\u00bb:\u00a0\u00bbNicolas Charbonneau\u00a0\u00bb,\u00a0\u00bbname\u00a0\u00bb:\u00a0\u00bbNicolas Charbonneau\u00a0\u00bb,\u00a0\u00bbslug\u00a0\u00bb:\u00a0\u00bbnicolas-charbonneau\u00a0\u00bb,\u00a0\u00bbtype\u00a0\u00bb:\u00a0\u00bbauthor\u00a0\u00bb},{\u00ab\u00a0display_name\u00a0\u00bb:\u00a0\u00bbMarion Mourgue\u00a0\u00bb,\u00a0\u00bbname\u00a0\u00bb:\u00a0\u00bbMarion Mourgue\u00a0\u00bb,\u00a0\u00bbslug\u00a0\u00bb:\u00a0\u00bbmarion-mourgue\u00a0\u00bb,\u00a0\u00bbtype\u00a0\u00bb:\u00a0\u00bbauthor\u00a0\u00bb},{\u00ab\u00a0display_name\u00a0\u00bb:\u00a0\u00bbThomas Souli\u00e9\u00a0\u00bb,\u00a0\u00bbname\u00a0\u00bb:\u00a0\u00bbThomas Souli\u00e9\u00a0\u00bb,\u00a0\u00bbslug\u00a0\u00bb:\u00a0\u00bbthomas-soulie\u00a0\u00bb,\u00a0\u00bbtype\u00a0\u00bb:\u00a0\u00bbauthor\u00a0\u00bb},{\u00ab\u00a0display_name\u00a0\u00bb:\u00a0\u00bbVincent V\u00e9rier\u00a0\u00bb,\u00a0\u00bbname\u00a0\u00bb:\u00a0\u00bbVincent  V\u00e9rier\u00a0\u00bb,\u00a0\u00bbslug\u00a0\u00bb:\u00a0\u00bbvincent-verier\u00a0\u00bb,\u00a0\u00bbtype\u00a0\u00bb:\u00a0\u00bbauthor\u00a0\u00bb}]},\u00a0\u00bbdescription\u00a0\u00bb:{\u00ab\u00a0basic\u00a0\u00bb:\u00a0\u00bb\u00a0\u00bb},\u00a0\u00bbdisplay_date\u00a0\u00bb:\u00a0\u00bb2025-09-26T15:18:32Z\u00a0\u00bb,\u00a0\u00bbdistributor\u00a0\u00bb:{\u00ab\u00a0name\u00a0\u00bb:\u00a0\u00bbleparisien\u00a0\u00bb},\u00a0\u00bbfirst_publish_date\u00a0\u00bb:\u00a0\u00bb2025-09-26T15:18:32Z\u00a0\u00bb,\u00a0\u00bbheadlines\u00a0\u00bb:{\u00ab\u00a0basic\u00a0\u00bb:\u00a0\u00bbTaxe Zucman, retraites, AME : les r\u00e9ponses de S\u00e9bastien Lecornu\u00a0\u00bb},\u00a0\u00bblabel\u00a0\u00bb:{\u00ab\u00a0format\u00a0\u00bb:{\u00ab\u00a0text\u00a0\u00bb:\u00a0\u00bbInterview\u00a0\u00bb,\u00a0\u00bburl\u00a0\u00bb:\u00a0\u00bb\/interview\u00a0\u00bb},\u00a0\u00bbprofil\u00a0\u00bb:{\u00ab\u00a0text\u00a0\u00bb:\u00a0\u00bbABO\u00a0\u00bb},\u00a0\u00bbprofil_v2&Prime;:{\u00ab\u00a0text\u00a0\u00bb:\u00a0\u00bbEXCLU\u00a0\u00bb}},\u00a0\u00bbpromo_items\u00a0\u00bb:{\u00ab\u00a0basic\u00a0\u00bb:{\u00ab\u00a0additional_properties\u00a0\u00bb:{},\u00a0\u00bbcaption\u00a0\u00bb:\u00a0\u00bbLe nouveau Premier Ministre S\u00e9bastien Lecornu, \u00e0 l&rsquo;H\u00f4tel de Matignon le 25 septembre 2025. LP\/Arnaud Journois\u00a0\u00bb,\u00a0\u00bbheight\u00a0\u00bb:3333,\u00a0\u00bbtype\u00a0\u00bb:\u00a0\u00bbimage\u00a0\u00bb,\u00a0\u00bburl\u00a0\u00bb:\u00a0\u00bbhttps:\/\/cloudfront-eu-central-1.images.arcpublishing.com\/leparisien\/PATD5YHUJJHLLBQJP4VPW7UC2A.jpg\u00a0\u00bb,\u00a0\u00bbwidth\u00a0\u00bb:5000}},\u00a0\u00bbpublish_date\u00a0\u00bb:\u00a0\u00bb2025-09-27T05:35:58Z\u00a0\u00bb,\u00a0\u00bbrelated_content\u00a0\u00bb:{\u00ab\u00a0basic\u00a0\u00bb:[{\u00ab\u00a0_id\u00a0\u00bb:\u00a0\u00bb22HZUCZKMFFDJGCTBDQJQFJVA4&Prime;,\u00a0\u00bbreferent\u00a0\u00bb:{\u00ab\u00a0id\u00a0\u00bb:\u00a0\u00bb22HZUCZKMFFDJGCTBDQJQFJVA4&Prime;,\u00a0\u00bbtype\u00a0\u00bb:\u00a0\u00bbstory\u00a0\u00bb}},{\u00ab\u00a0_id\u00a0\u00bb:\u00a0\u00bb4VQ65E43PBAZXIEHLRHSSCXSPE\u00a0\u00bb,\u00a0\u00bbreferent\u00a0\u00bb:{\u00ab\u00a0id\u00a0\u00bb:\u00a0\u00bb4VQ65E43PBAZXIEHLRHSSCXSPE\u00a0\u00bb,\u00a0\u00bbtype\u00a0\u00bb:\u00a0\u00bbstory\u00a0\u00bb}}]},\u00a0\u00bbsource\u00a0\u00bb:{\u00ab\u00a0name\u00a0\u00bb:\u00a0\u00bbleparisien\u00a0\u00bb,\u00a0\u00bbsystem\u00a0\u00bb:\u00a0\u00bbcomposer\u00a0\u00bb},\u00a0\u00bbsubheadlines\u00a0\u00bb:{\u00ab\u00a0basic\u00a0\u00bb:\u00a0\u00bbEXCLUSIF. Taxe Zucman, ISF, r\u00e9forme des retraites, condamnation de Nicolas Sarkozy\u2026 le Premier ministre, qui a re\u00e7u Le Parisien-Aujourd\u2019hui en France \u00e0 Matignon, revient sur l\u2019ensemble de ces sujets.\u00a0\u00bb},\u00a0\u00bbsubtype\u00a0\u00bb:\u00a0\u00bbART:\u00a0\u00bb,\u00a0\u00bbtaxonomy\u00a0\u00bb:{\u00ab\u00a0primary_section\u00a0\u00bb:{\u00ab\u00a0_id\u00a0\u00bb:\u00a0\u00bb\/politique\u00a0\u00bb,\u00a0\u00bbadditional_properties\u00a0\u00bb:{\u00ab\u00a0original\u00a0\u00bb:{\u00ab\u00a0site\u00a0\u00bb:{}}},\u00a0\u00bbname\u00a0\u00bb:\u00a0\u00bbPolitique\u00a0\u00bb},\u00a0\u00bbtags\u00a0\u00bb:[{\u00ab\u00a0text\u00a0\u00bb:\u00a0\u00bbS\u00e9bastien Lecornu\u00a0\u00bb}]},\u00a0\u00bbwebsite_url\u00a0\u00bb:\u00a0\u00bb\/politique\/taxe-zucman-retraites-ame-les-reponses-de-sebastien-lecornu-26-09-2025-UPNOOV76FJFTPGQLV7V6R7M2FQ.php\u00a0\u00bb},{\u00ab\u00a0_id\u00a0\u00bb:\u00a0\u00bbNS625KISQZCWTMPKZGTHFEBE5E\u00a0\u00bb,\u00a0\u00bbadditional_properties\u00a0\u00bb:{},\u00a0\u00bbcanonical_url\u00a0\u00bb:\u00a0\u00bb\/intime\/dans-le-secret-du-couple-javais-limpression-detre-jaloux-de-mon-fils-27-09-2025-NS625KISQZCWTMPKZGTHFEBE5E.php\u00a0\u00bb,\u00a0\u00bbcontent_restrictions\u00a0\u00bb:{\u00ab\u00a0content_code\u00a0\u00bb:\u00a0\u00bbhard-paywall\u00a0\u00bb},\u00a0\u00bbcredits\u00a0\u00bb:{\u00ab\u00a0by\u00a0\u00bb:[{\u00ab\u00a0display_name\u00a0\u00bb:\u00a0\u00bbMarie Gr\u00e9co\u00a0\u00bb,\u00a0\u00bbname\u00a0\u00bb:\u00a0\u00bbMarie Gr\u00e9co\u00a0\u00bb,\u00a0\u00bbslug\u00a0\u00bb:\u00a0\u00bbmarie-greco\u00a0\u00bb,\u00a0\u00bbtype\u00a0\u00bb:\u00a0\u00bbauthor\u00a0\u00bb}]},\u00a0\u00bbdescription\u00a0\u00bb:{\u00ab\u00a0basic\u00a0\u00bb:\u00a0\u00bb\u00a0\u00bb},\u00a0\u00bbdisplay_date\u00a0\u00bb:\u00a0\u00bb2025-09-27T19:30:00Z\u00a0\u00bb,\u00a0\u00bbdistributor\u00a0\u00bb:{\u00ab\u00a0name\u00a0\u00bb:\u00a0\u00bbleparisien\u00a0\u00bb},\u00a0\u00bbfirst_publish_date\u00a0\u00bb:\u00a0\u00bb2025-09-27T19:30:00Z\u00a0\u00bb,\u00a0\u00bbheadlines\u00a0\u00bb:{\u00ab\u00a0basic\u00a0\u00bb:\u00a0\u00bbDans le secret du couple\u00a0: \u00ab\u00a0J\u2019avais l\u2019impression d\u2019\u00eatre jaloux de mon fils\u00a0\u00bb\u00a0\u00bb},\u00a0\u00bblabel\u00a0\u00bb:{\u00ab\u00a0format\u00a0\u00bb:{\u00ab\u00a0text\u00a0\u00bb:\u00a0\u00bbT\u00e9moignage\u00a0\u00bb,\u00a0\u00bburl\u00a0\u00bb:\u00a0\u00bb\/temoignage\u00a0\u00bb},\u00a0\u00bbprofil\u00a0\u00bb:{\u00ab\u00a0text\u00a0\u00bb:\u00a0\u00bbABO\u00a0\u00bb}},\u00a0\u00bbpromo_items\u00a0\u00bb:{\u00ab\u00a0basic\u00a0\u00bb:{\u00ab\u00a0additional_properties\u00a0\u00bb:{},\u00a0\u00bbcaption\u00a0\u00bb:\u00a0\u00bbLa naissance d\u2019un premier enfant agit comme un s\u00e9isme dans la vie de couple. IP-3\/Olivier Marty pour Le Parisien\u00a0\u00bb,\u00a0\u00bbheight\u00a0\u00bb:1164,\u00a0\u00bbtype\u00a0\u00bb:\u00a0\u00bbimage\u00a0\u00bb,\u00a0\u00bburl\u00a0\u00bb:\u00a0\u00bbhttps:\/\/cloudfront-eu-central-1.images.arcpublishing.com\/leparisien\/5HLQNQLLLNEEXILJJZ4VGNJA44.jpg\u00a0\u00bb,\u00a0\u00bbwidth\u00a0\u00bb:1864}},\u00a0\u00bbpublish_date\u00a0\u00bb:\u00a0\u00bb2025-09-27T19:30:00Z\u00a0\u00bb,\u00a0\u00bbrelated_content\u00a0\u00bb:{\u00ab\u00a0basic\u00a0\u00bb:[]},\u00a0\u00bbsource\u00a0\u00bb:{\u00ab\u00a0name\u00a0\u00bb:\u00a0\u00bbleparisien\u00a0\u00bb,\u00a0\u00bbsystem\u00a0\u00bb:\u00a0\u00bbcomposer\u00a0\u00bb},\u00a0\u00bbsubheadlines\u00a0\u00bb:{\u00ab\u00a0basic\u00a0\u00bb:\u00a0\u00bbDevenir parents bouleverse la vie \u00e0 deux. L\u2019arriv\u00e9e d\u2019un b\u00e9b\u00e9 transforme la relation, r\u00e9veille des tensions et pousse certains couples \u00e0 se r\u00e9inventer pour rester unis.\u00a0\u00bb},\u00a0\u00bbsubtype\u00a0\u00bb:\u00a0\u00bbART:\u00a0\u00bb,\u00a0\u00bbtaxonomy\u00a0\u00bb:{\u00ab\u00a0primary_section\u00a0\u00bb:{\u00ab\u00a0_id\u00a0\u00bb:\u00a0\u00bb\/intime\u00a0\u00bb,\u00a0\u00bbadditional_properties\u00a0\u00bb:{\u00ab\u00a0original\u00a0\u00bb:{\u00ab\u00a0site\u00a0\u00bb:{\u00ab\u00a0paywall_deactivated\u00a0\u00bb:\u00a0\u00bbfalse\u00a0\u00bb}}},\u00a0\u00bbname\u00a0\u00bb:\u00a0\u00bbIntime\u00a0\u00bb}},\u00a0\u00bbwebsite_url\u00a0\u00bb:\u00a0\u00bb\/intime\/dans-le-secret-du-couple-javais-limpression-detre-jaloux-de-mon-fils-27-09-2025-NS625KISQZCWTMPKZGTHFEBE5E.php\u00a0\u00bb}],\u00a0\u00bb_id\u00a0\u00bb:\u00a0\u00bbABCYYZKCTJHHJIFMTFMG2X6Q4M\u00a0\u00bb},\u00a0\u00bbexpires\u00a0\u00bb:1759065428060,\u00a0\u00bblastModified\u00a0\u00bb:1759065247935}},\u00a0\u00bbguide-third-party\u00a0\u00bb:{\u00ab\u00a0{}\u00a0\u00bb:{\u00ab\u00a0data\u00a0\u00bb:{\u00ab\u00a0type\u00a0\u00bb:\u00a0\u00bbresults\u00a0\u00bb,\u00a0\u00bbversion\u00a0\u00bb:\u00a0\u00bb0.6.0&Prime;,\u00a0\u00bbcontent_elements\u00a0\u00bb:[{\u00ab\u00a0headlines\u00a0\u00bb:{\u00ab\u00a0basic\u00a0\u00bb:\u00a0\u00bbCdiscount surprend les internautes en proposant ce Samsung Galaxy A14 \u00e0 moins de 80 euros\u00a0\u00bb},\u00a0\u00bbpromo_items\u00a0\u00bb:{\u00ab\u00a0basic\u00a0\u00bb:{\u00ab\u00a0owner\u00a0\u00bb:{\u00ab\u00a0sponsored\u00a0\u00bb:false,\u00a0\u00bbid\u00a0\u00bb:\u00a0\u00bblpguideshopping\u00a0\u00bb},\u00a0\u00bbcredits\u00a0\u00bb:{\u00ab\u00a0affiliation\u00a0\u00bb:[]},\u00a0\u00bbsubtitle\u00a0\u00bb:\u00a0\u00bbSamsung Galaxy A14&Prime;,\u00a0\u00bbwidth\u00a0\u00bb:1920,\u00a0\u00bbcaption\u00a0\u00bb:\u00a0\u00bbCdiscount surprend les internautes en proposant ce Samsung Galaxy A14 \u00e0 moins de 80 euros \/\/ Cdiscount\u00a0\u00bb,\u00a0\u00bbsource\u00a0\u00bb:{\u00ab\u00a0system\u00a0\u00bb:\u00a0\u00bbphoto center\u00a0\u00bb,\u00a0\u00bbedit_url\u00a0\u00bb:\u00a0\u00bb\u00a0\u00bb,\u00a0\u00bbadditional_properties\u00a0\u00bb:{\u00ab\u00a0editor\u00a0\u00bb:\u00a0\u00bbphoto center\u00a0\u00bb}},\u00a0\u00bbtype\u00a0\u00bb:\u00a0\u00bbimage\u00a0\u00bb,\u00a0\u00bburl\u00a0\u00bb:\u00a0\u00bbhttps:\/\/cloudfront-eu-central-1.images.arcpublishing.com\/lpguideshopping\/YJ5XTCC34VFLBAR3Y23GV3UJEY.jpg\u00a0\u00bb,\u00a0\u00bbheight\u00a0\u00bb:1080}},\u00a0\u00bbcanonical_url\u00a0\u00bb:\u00a0\u00bbhttps:\/\/www.leparisien.fr\/guide-shopping\/high-tech\/smartphones\/cdiscount-surprend-les-internautes-en-proposant-ce-samsung-galaxy-a14-a-moins-de-80-euros-27-09-2025-XJBD7UILONF3RLW36TTO6M4RWY.php\u00a0\u00bb,\u00a0\u00bb_id\u00a0\u00bb:\u00a0\u00bbXJBD7UILONF3RLW36TTO6M4RWY\u00a0\u00bb},{\u00ab\u00a0headlines\u00a0\u00bb:{\u00ab\u00a0basic\u00a0\u00bb:\u00a0\u00bbCdiscount ne plaisante pas : le tr\u00e8s performant Samsung Galaxy S22 est affich\u00e9 \u00e0 moins de 200 euros\u00a0\u00bb},\u00a0\u00bbpromo_items\u00a0\u00bb:{\u00ab\u00a0basic\u00a0\u00bb:{\u00ab\u00a0owner\u00a0\u00bb:{\u00ab\u00a0sponsored\u00a0\u00bb:false,\u00a0\u00bbid\u00a0\u00bb:\u00a0\u00bblpguideshopping\u00a0\u00bb},\u00a0\u00bbcredits\u00a0\u00bb:{\u00ab\u00a0affiliation\u00a0\u00bb:[]},\u00a0\u00bbsubtitle\u00a0\u00bb:\u00a0\u00bbSamsung Galaxy S22&Prime;,\u00a0\u00bbwidth\u00a0\u00bb:1920,\u00a0\u00bbcaption\u00a0\u00bb:\u00a0\u00bbCdiscount ne plaisante pas : le tr\u00e8s performant Samsung Galaxy S22 est affich\u00e9 \u00e0 moins de 200 euros \/\/ Cdiscount\u00a0\u00bb,\u00a0\u00bbsource\u00a0\u00bb:{\u00ab\u00a0system\u00a0\u00bb:\u00a0\u00bbphoto center\u00a0\u00bb,\u00a0\u00bbedit_url\u00a0\u00bb:\u00a0\u00bb\u00a0\u00bb,\u00a0\u00bbadditional_properties\u00a0\u00bb:{\u00ab\u00a0editor\u00a0\u00bb:\u00a0\u00bbphoto center\u00a0\u00bb}},\u00a0\u00bbtype\u00a0\u00bb:\u00a0\u00bbimage\u00a0\u00bb,\u00a0\u00bburl\u00a0\u00bb:\u00a0\u00bbhttps:\/\/cloudfront-eu-central-1.images.arcpublishing.com\/lpguideshopping\/FBI5GLU7AVAZHEJ7IFFV4QG52Q.jpg\u00a0\u00bb,\u00a0\u00bbheight\u00a0\u00bb:1080}},\u00a0\u00bbcanonical_url\u00a0\u00bb:\u00a0\u00bbhttps:\/\/www.leparisien.fr\/guide-shopping\/high-tech\/smartphones\/cdiscount-ne-plaisante-pas-le-tres-performant-samsung-galaxy-s22-est-affiche-a-moins-de-200-euros-27-09-2025-C6K3UXD37ZEMFCDFFNAIWU2KTI.php\u00a0\u00bb,\u00a0\u00bb_id\u00a0\u00bb:\u00a0\u00bbC6K3UXD37ZEMFCDFFNAIWU2KTI\u00a0\u00bb},{\u00ab\u00a0headlines\u00a0\u00bb:{\u00ab\u00a0basic\u00a0\u00bb:\u00a0\u00bbFrench Days Boulanger : les offres continuent, mais attention les stocks fondent\u00a0\u00bb},\u00a0\u00bbpromo_items\u00a0\u00bb:{\u00ab\u00a0basic\u00a0\u00bb:{\u00ab\u00a0owner\u00a0\u00bb:{\u00ab\u00a0sponsored\u00a0\u00bb:false,\u00a0\u00bbid\u00a0\u00bb:\u00a0\u00bblpguideshopping\u00a0\u00bb},\u00a0\u00bbcredits\u00a0\u00bb:{\u00ab\u00a0affiliation\u00a0\u00bb:[]},\u00a0\u00bbsubtitle\u00a0\u00bb:\u00a0\u00bbfrench-days\u00a0\u00bb,\u00a0\u00bbwidth\u00a0\u00bb:1280,\u00a0\u00bbcaption\u00a0\u00bb:\u00a0\u00bbFrench Days Boulanger : les offres continuent, mais attention les stocks fondent \/\/ Boulanger\u00a0\u00bb,\u00a0\u00bbsource\u00a0\u00bb:{\u00ab\u00a0system\u00a0\u00bb:\u00a0\u00bbphoto center\u00a0\u00bb,\u00a0\u00bbedit_url\u00a0\u00bb:\u00a0\u00bb\u00a0\u00bb,\u00a0\u00bbadditional_properties\u00a0\u00bb:{\u00ab\u00a0editor\u00a0\u00bb:\u00a0\u00bbphoto center\u00a0\u00bb}},\u00a0\u00bbtype\u00a0\u00bb:\u00a0\u00bbimage\u00a0\u00bb,\u00a0\u00bburl\u00a0\u00bb:\u00a0\u00bbhttps:\/\/cloudfront-eu-central-1.images.arcpublishing.com\/lpguideshopping\/YGYANHRSKFHSBHDUPAORULNIQA.jpg\u00a0\u00bb,\u00a0\u00bbheight\u00a0\u00bb:800}},\u00a0\u00bbcanonical_url\u00a0\u00bb:\u00a0\u00bbhttps:\/\/www.leparisien.fr\/guide-shopping\/bon-plan\/french-days-boulanger-les-offres-continuent-mais-attention-les-stocks-fondent-28-09-2025-MRVLWTZCP5APLIYDI27DQBFW5A.php\u00a0\u00bb,\u00a0\u00bb_id\u00a0\u00bb:\u00a0\u00bbMRVLWTZCP5APLIYDI27DQBFW5A\u00a0\u00bb},{\u00ab\u00a0headlines\u00a0\u00bb:{\u00ab\u00a0basic\u00a0\u00bb:\u00a0\u00bbPlayStation pas ch\u00e8re : la PS5 Slim d\u00e8s 374,99 \u20ac avec ces codes promo pour les French Days 2025 ! \u00ab\u00a0},\u00a0\u00bbpromo_items\u00a0\u00bb:{\u00ab\u00a0basic\u00a0\u00bb:{\u00ab\u00a0owner\u00a0\u00bb:{\u00ab\u00a0sponsored\u00a0\u00bb:false,\u00a0\u00bbid\u00a0\u00bb:\u00a0\u00bblpguideshopping\u00a0\u00bb},\u00a0\u00bbcredits\u00a0\u00bb:{\u00ab\u00a0affiliation\u00a0\u00bb:[]},\u00a0\u00bbsubtitle\u00a0\u00bb:\u00a0\u00bbcode promo ps5&Prime;,\u00a0\u00bbwidth\u00a0\u00bb:2560,\u00a0\u00bbcaption\u00a0\u00bb:\u00a0\u00bbPlayStation pas ch\u00e8re : la PS5 Slim d\u00e8s 374,99 \u20ac avec ces codes promo pour les French Days 2025 ! \/ \u00a9 Sony\u00a0\u00bb,\u00a0\u00bbsource\u00a0\u00bb:{\u00ab\u00a0system\u00a0\u00bb:\u00a0\u00bbphoto center\u00a0\u00bb,\u00a0\u00bbedit_url\u00a0\u00bb:\u00a0\u00bb\u00a0\u00bb,\u00a0\u00bbadditional_properties\u00a0\u00bb:{\u00ab\u00a0editor\u00a0\u00bb:\u00a0\u00bbphoto center\u00a0\u00bb}},\u00a0\u00bbtype\u00a0\u00bb:\u00a0\u00bbimage\u00a0\u00bb,\u00a0\u00bburl\u00a0\u00bb:\u00a0\u00bbhttps:\/\/cloudfront-eu-central-1.images.arcpublishing.com\/lpguideshopping\/H2M6G57ISFFGDBUKKUWJSZ23YU.jpg\u00a0\u00bb,\u00a0\u00bbheight\u00a0\u00bb:1707}},\u00a0\u00bbcanonical_url\u00a0\u00bb:\u00a0\u00bbhttps:\/\/www.leparisien.fr\/codes-promo\/bons-plans\/playstation-pas-chere-la-ps5-slim-des-37499-avec-ces-codes-promo-pour-les-french-days-2025-28-09-2025-3F5VOVGE55ENZOJZMOJYSBPZWY.php\u00a0\u00bb,\u00a0\u00bb_id\u00a0\u00bb:\u00a0\u00bb3F5VOVGE55ENZOJZMOJYSBPZWY\u00a0\u00bb}],\u00a0\u00bbadditional_properties\u00a0\u00bb:{\u00ab\u00a0took\u00a0\u00bb:40,\u00a0\u00bbtimed_out\u00a0\u00bb:false},\u00a0\u00bbcount\u00a0\u00bb:10000,\u00a0\u00bbnext\u00a0\u00bb:4,\u00a0\u00bb_id\u00a0\u00bb:\u00a0\u00bb6ad2a28dc3be28b19853aae6fd284e35d6fbdeba44cc03141347912906363d34&Prime;},\u00a0\u00bbexpires\u00a0\u00bb:1759068945471,\u00a0\u00bblastModified\u00a0\u00bb:1759065344927}},\u00a0\u00bbbienici-annonce-immo\u00a0\u00bb:{\u00ab\u00a0{\\\u00a0\u00bbfileCode\\\u00a0\u00bb:\\\u00a0\u00bbe24228ac-9c82-4ef2-85d6-cf6dfd28ebd4\\\u00a0\u00bb}\u00a0\u00bb:{\u00ab\u00a0data\u00a0\u00bb:{\u00ab\u00a0@version\u00a0\u00bb:2,\u00a0\u00bbchannel\u00a0\u00bb:{\u00ab\u00a0item\u00a0\u00bb:[{\u00ab\u00a0title\u00a0\u00bb:\u00a0\u00bbAppartement 3\u00a0pi\u00e8ces 70\u00a0m\u00b2\u00a0\u00bb,\u00a0\u00bbdescription\u00a0\u00bb:\u00a0\u00bbPRESTIGE HOME CONSEIL vous propose un magnifique appartement 3 pi\u00e8ces de 70m2, situ\u00e9 au 3\u1d49 \u00e9tage (avec ascenseur) d\u2019une r\u00e9sidence r\u00e9cente (2014) en copropri\u00e9t\u00e9, ce bien offre un cadre de vie agr\u00e9able, lumineux et fonctionnel.\\nDescription :une entr\u00e9e sur un s\u00e9jour spacieux avec rangement et acc\u00e8s \u00e0 un grand balcon de 15,80 m2, une cuisine ouverte sur s\u00e9jour, am\u00e9nag\u00e9e et semi-\u00e9quip\u00e9e, un couloir avec rangement desservant : 2 chambres avec rangements \u00e9galement, une salle de bain et un WC s\u00e9par\u00e9. \\n2 places de parking ext\u00e9rieures privatives compl\u00e8te le bien.\\nChauffage et eau chaude individuels gaz (chaudi\u00e8re dans le couloir)\\nDPE en cour de r\u00e9actualisation estimation B \/ C\\nTaxe fonci\u00e8re : ~1 250 \u20ac\\nPrix : 299 000 \u20ac FAI (dont 14 000 \u20ac de frais d&rsquo;agence).\u00a0\u00bb,\u00a0\u00bblink\u00a0\u00bb:\u00a0\u00bbhttps:\/\/www.bienici.com\/annonce\/gedeon-31936767&Prime;,\u00a0\u00bbguid\u00a0\u00bb:{\u00ab\u00a0@isPermaLink\u00a0\u00bb:\u00a0\u00bbfalse\u00a0\u00bb,\u00a0\u00bb#\u00a0\u00bb:\u00a0\u00bbbc9543925b8d8146db525f265f7d97288efab053&Prime;},\u00a0\u00bbg:brand\u00a0\u00bb:\u00a0\u00bbBien ici\u00a0\u00bb,\u00a0\u00bbg:mpn\u00a0\u00bb:\u00a0\u00bbgedeon-31936767&Prime;,\u00a0\u00bbg:google_product_category\u00a0\u00bb:\u00a0\u00bbMaison et jardin\u00a0\u00bb,\u00a0\u00bbg:product_type\u00a0\u00bb:\u00a0\u00bbMaison et jardin\u00a0\u00bb,\u00a0\u00bbg:shipping\u00a0\u00bb:{\u00ab\u00a0g:country\u00a0\u00bb:\u00a0\u00bbFR\u00a0\u00bb,\u00a0\u00bbg:price\u00a0\u00bb:\u00a0\u00bb0 EUR\u00a0\u00bb},\u00a0\u00bbg:availability\u00a0\u00bb:\u00a0\u00bben stock\u00a0\u00bb,\u00a0\u00bbg:condition\u00a0\u00bb:\u00a0\u00bboccasion\u00a0\u00bb,\u00a0\u00bbg:adType\u00a0\u00bb:\u00a0\u00bbbuy\u00a0\u00bb,\u00a0\u00bbg:propertyType\u00a0\u00bb:\u00a0\u00bbappartement\u00a0\u00bb,\u00a0\u00bbg:departement\u00a0\u00bb:\u00a0\u00bb78&Prime;,\u00a0\u00bbg:departement_name\u00a0\u00bb:\u00a0\u00bbYvelines\u00a0\u00bb,\u00a0\u00bbg:in_the_departement_name\u00a0\u00bb:\u00a0\u00bbdans les Yvelines\u00a0\u00bb,\u00a0\u00bbg:region_name\u00a0\u00bb:\u00a0\u00bbIle-de-France\u00a0\u00bb,\u00a0\u00bbg:in_the_region_name\u00a0\u00bb:\u00a0\u00bben Ile-de-France\u00a0\u00bb,\u00a0\u00bbg:old_region_name\u00a0\u00bb:\u00a0\u00bbIle-de-France\u00a0\u00bb,\u00a0\u00bbg:old_in_the_region_name\u00a0\u00bb:\u00a0\u00bben Ile-de-France\u00a0\u00bb,\u00a0\u00bbg:city\u00a0\u00bb:\u00a0\u00bbSartrouville\u00a0\u00bb,\u00a0\u00bbg:in_city\u00a0\u00bb:\u00a0\u00bb\u00e0 Sartrouville\u00a0\u00bb,\u00a0\u00bbg:postal_code\u00a0\u00bb:\u00a0\u00bb78500&Prime;,\u00a0\u00bbg:surfaceArea\u00a0\u00bb:\u00a0\u00bb70&Prime;,\u00a0\u00bbg:roomsQuantity\u00a0\u00bb:\u00a0\u00bb3&Prime;,\u00a0\u00bbg:bedroomsQuantity\u00a0\u00bb:\u00a0\u00bb2&Prime;,\u00a0\u00bbg:energyClassification\u00a0\u00bb:\u00a0\u00bbB\u00a0\u00bb,\u00a0\u00bbg:greenhouseGazClassification\u00a0\u00bb:\u00a0\u00bbC\u00a0\u00bb,\u00a0\u00bbg:parking\u00a0\u00bb:\u00a0\u00bbparking\u00a0\u00bb,\u00a0\u00bbg:terrasse\u00a0\u00bb:\u00a0\u00bbterrasse\u00a0\u00bb,\u00a0\u00bbg:id\u00a0\u00bb:\u00a0\u00bbbc9543925b8d8146db525f265f7d97288efab053&Prime;,\u00a0\u00bbg:publicationDate\u00a0\u00bb:\u00a0\u00bb2025-09-27T14:49:19.850Z\u00a0\u00bb,\u00a0\u00bbg:modificationDate\u00a0\u00bb:\u00a0\u00bb2025-09-27T14:49:19.850Z\u00a0\u00bb,\u00a0\u00bbg:fees\u00a0\u00bb:\u00a0\u00bb14000&Prime;,\u00a0\u00bbg:customerId\u00a0\u00bb:\u00a0\u00bbprestige-home-conseil\u00a0\u00bb,\u00a0\u00bbg:price\u00a0\u00bb:\u00a0\u00bb299000 EUR\u00a0\u00bb,\u00a0\u00bbg:image_link\u00a0\u00bb:\u00a0\u00bbhttps:\/\/file.bienici.com\/photo\/gedeon-31936767_media.studio-net.fr_biens_31936767_68d7f684748a9&Prime;,\u00a0\u00bbg:additional_image_link\u00a0\u00bb:[\u00ab\u00a0https:\/\/file.bienici.com\/photo\/gedeon-31936767_media.studio-net.fr_biens_31936767_68d7f6869a8fa\u00a0\u00bb,\u00a0\u00bbhttps:\/\/file.bienici.com\/photo\/gedeon-31936767_media.studio-net.fr_biens_31936767_68d7f6889f269&Prime;,\u00a0\u00bbhttps:\/\/file.bienici.com\/photo\/gedeon-31936767_media.studio-net.fr_biens_31936767_68d7f68ad233a\u00a0\u00bb,\u00a0\u00bbhttps:\/\/file.bienici.com\/photo\/gedeon-31936767_media.studio-net.fr_biens_31936767_68d7f68ceedf7&Prime;,\u00a0\u00bbhttps:\/\/file.bienici.com\/photo\/gedeon-31936767_media.studio-net.fr_biens_31936767_68d7f68f14859&Prime;,\u00a0\u00bbhttps:\/\/file.bienici.com\/photo\/gedeon-31936767_media.studio-net.fr_biens_31936767_68d7f69103850&Prime;,\u00a0\u00bbhttps:\/\/file.bienici.com\/photo\/gedeon-31936767_media.studio-net.fr_biens_31936767_68d7f69840fa0&Prime;,\u00a0\u00bbhttps:\/\/file.bienici.com\/photo\/gedeon-31936767_media.studio-net.fr_biens_31936767_68d7f69a62781&Prime;,\u00a0\u00bbhttps:\/\/file.bienici.com\/photo\/gedeon-31936767_media.studio-net.fr_biens_31936767_68d7f69c4ef87&Prime;],\u00a0\u00bbg:latitude\u00a0\u00bb:\u00a0\u00bb48.949663867641&Prime;,\u00a0\u00bbg:longitude\u00a0\u00bb:\u00a0\u00bb2.1798540864027616&Prime;},{\u00ab\u00a0title\u00a0\u00bb:\u00a0\u00bbMaison 11\u00a0pi\u00e8ces 380\u00a0m\u00b2\u00a0\u00bb,\u00a0\u00bbdescription\u00a0\u00bb:\u00a0\u00bb46000 Cahors \u00e0 20 minutes, sur un total de pr\u00e8s de 400m\u00b2, 11 pi\u00e8ces, 7 chambres et 5 salles d&rsquo;eau \/ bain avec piscine 6x12m Plus d&rsquo;un hectare de terrain, au bout d&rsquo;un chemin, sans voisin, ancienne ferme r\u00e9nov\u00e9e tr\u00e8s typique compos\u00e9e d&rsquo;une maison d&rsquo;habitation de 130m\u00b2, d&rsquo;un g\u00eete 6 personnes de 200m\u00b2 et  de l&rsquo;ancien four \u00e0 pain am\u00e9nag\u00e9 avec piscine. Dans le Parc Naturel de Causses du Quercy, proche de St Cirq Lapopie.\\nMaison :\\nSalle \u00e0 manger et cuisine en rez de jardin, salon chambre et salle d&rsquo;eau wc \u00e0 l&rsquo;\u00e9tage et 2 chambres et salle d&rsquo;eau au second.\\nG\u00eete :\\nSalon avec cuisine et chambre en rez-de-chauss\u00e9e, grande chambre \u00e0 l&rsquo;\u00e9tage.\\nBel environnement, calme, pas de voisin \u00e0 moins de 300m, pas de nuisance.\\n\\nPrix 585 000,00 euros honoraires charge vendeur. DPE E. Les informations sur les risques auxquels ce bien est expos\u00e9 sont disponibles sur le site G\u00e9orisques http:\/\/www.georisques.gouv.fr Merci de contacter Emmanuelle MICHEL  \\nCette pr\u00e9sente annonce a \u00e9t\u00e9 r\u00e9dig\u00e9e sous la responsabilit\u00e9 \u00e9ditoriale d&rsquo;Emmanuelle MICHEL agissant en qualit\u00e9 de consultant immobilier agissant sous portage salarial aupr\u00e8s de Paul Parker Properties domicili\u00e9 10 rue du Colis\u00e9e 75008 Paris, marque de la SAS PROPRIETES PRIVEES, R\u00e9seau national immobilier au capital de 40 000.00 euros, RCS NANTES n\u00b0 487 624 777, Carte professionnelle T et G n\u00b0 CPI 4401 2016 000 010 388 CCI Nantes, Garantie GALIAN, 89 rue La Bo\u00e9tie, 75008 Paris T : 1 500 000 euros G : 120 000 euros.\\nRef. mandat 423013\\n\\n Emmanuelle MICHEL (EI) Agent Commercial &#8211; Num\u00e9ro RSAC :  &#8211; .\u00a0\u00bb,\u00a0\u00bblink\u00a0\u00bb:\u00a0\u00bbhttps:\/\/www.bienici.com\/annonce\/ag442701-490980836&Prime;,\u00a0\u00bbguid\u00a0\u00bb:{\u00ab\u00a0@isPermaLink\u00a0\u00bb:\u00a0\u00bbfalse\u00a0\u00bb,\u00a0\u00bb#\u00a0\u00bb:\u00a0\u00bb58151ce07e0436183484dd80d6eaf6392f732553&Prime;},\u00a0\u00bbg:brand\u00a0\u00bb:\u00a0\u00bbBien ici\u00a0\u00bb,\u00a0\u00bbg:mpn\u00a0\u00bb:\u00a0\u00bbag442701-490980836&Prime;,\u00a0\u00bbg:google_product_category\u00a0\u00bb:\u00a0\u00bbMaison et jardin\u00a0\u00bb,\u00a0\u00bbg:product_type\u00a0\u00bb:\u00a0\u00bbMaison et jardin\u00a0\u00bb,\u00a0\u00bbg:shipping\u00a0\u00bb:{\u00ab\u00a0g:country\u00a0\u00bb:\u00a0\u00bbFR\u00a0\u00bb,\u00a0\u00bbg:price\u00a0\u00bb:\u00a0\u00bb0 EUR\u00a0\u00bb},\u00a0\u00bbg:availability\u00a0\u00bb:\u00a0\u00bben stock\u00a0\u00bb,\u00a0\u00bbg:condition\u00a0\u00bb:\u00a0\u00bboccasion\u00a0\u00bb,\u00a0\u00bbg:adType\u00a0\u00bb:\u00a0\u00bbbuy\u00a0\u00bb,\u00a0\u00bbg:propertyType\u00a0\u00bb:\u00a0\u00bbmaisonvilla\u00a0\u00bb,\u00a0\u00bbg:departement\u00a0\u00bb:\u00a0\u00bb46&Prime;,\u00a0\u00bbg:departement_name\u00a0\u00bb:\u00a0\u00bbLot\u00a0\u00bb,\u00a0\u00bbg:in_the_departement_name\u00a0\u00bb:\u00a0\u00bbdans le Lot\u00a0\u00bb,\u00a0\u00bbg:region_name\u00a0\u00bb:\u00a0\u00bbOccitanie\u00a0\u00bb,\u00a0\u00bbg:in_the_region_name\u00a0\u00bb:\u00a0\u00bben Occitanie\u00a0\u00bb,\u00a0\u00bbg:old_region_name\u00a0\u00bb:\u00a0\u00bbMidi-Pyr\u00e9n\u00e9es\u00a0\u00bb,\u00a0\u00bbg:old_in_the_region_name\u00a0\u00bb:\u00a0\u00bben Midi-Pyr\u00e9n\u00e9es\u00a0\u00bb,\u00a0\u00bbg:city\u00a0\u00bb:\u00a0\u00bbCahors\u00a0\u00bb,\u00a0\u00bbg:in_city\u00a0\u00bb:\u00a0\u00bb\u00e0 Cahors\u00a0\u00bb,\u00a0\u00bbg:postal_code\u00a0\u00bb:\u00a0\u00bb46000&Prime;,\u00a0\u00bbg:surfaceArea\u00a0\u00bb:\u00a0\u00bb380&Prime;,\u00a0\u00bbg:roomsQuantity\u00a0\u00bb:\u00a0\u00bb11&Prime;,\u00a0\u00bbg:bedroomsQuantity\u00a0\u00bb:\u00a0\u00bb7&Prime;,\u00a0\u00bbg:energyClassification\u00a0\u00bb:\u00a0\u00bbNS\u00a0\u00bb,\u00a0\u00bbg:greenhouseGazClassification\u00a0\u00bb:\u00a0\u00bbNS\u00a0\u00bb,\u00a0\u00bbg:id\u00a0\u00bb:\u00a0\u00bb58151ce07e0436183484dd80d6eaf6392f732553&Prime;,\u00a0\u00bbg:publicationDate\u00a0\u00bb:\u00a0\u00bb2025-09-27T14:47:29.496Z\u00a0\u00bb,\u00a0\u00bbg:modificationDate\u00a0\u00bb:\u00a0\u00bb2025-09-27T14:47:29.496Z\u00a0\u00bb,\u00a0\u00bbg:price\u00a0\u00bb:\u00a0\u00bb585000 EUR\u00a0\u00bb,\u00a0\u00bbg:image_link\u00a0\u00bb:\u00a0\u00bbhttps:\/\/file.bienici.com\/photo\/ag442701-490980836_photos.ubiflow.net_442701_490980836_photos_1.jpg_INSOON_EB_5512801818_20250927152903&Prime;,\u00a0\u00bbg:additional_image_link\u00a0\u00bb:[\u00ab\u00a0https:\/\/file.bienici.com\/photo\/ag442701-490980836_photos.ubiflow.net_442701_490980836_photos_2.jpg_INSOON_EB_5512801818_20250927152903&Prime;,\u00a0\u00bbhttps:\/\/file.bienici.com\/photo\/ag442701-490980836_photos.ubiflow.net_442701_490980836_photos_3.jpg_INSOON_EB_5512801818_20250927152903&Prime;,\u00a0\u00bbhttps:\/\/file.bienici.com\/photo\/ag442701-490980836_photos.ubiflow.net_442701_490980836_photos_4.jpg_INSOON_EB_5512801818_20250927152903&Prime;,\u00a0\u00bbhttps:\/\/file.bienici.com\/photo\/ag442701-490980836_photos.ubiflow.net_442701_490980836_photos_5.jpg_INSOON_EB_5512801818_20250927152903&Prime;,\u00a0\u00bbhttps:\/\/file.bienici.com\/photo\/ag442701-490980836_photos.ubiflow.net_442701_490980836_photos_6.jpg_INSOON_EB_5512801818_20250927152903&Prime;,\u00a0\u00bbhttps:\/\/file.bienici.com\/photo\/ag442701-490980836_photos.ubiflow.net_442701_490980836_photos_7.jpg_INSOON_EB_5512801818_20250927152903&Prime;,\u00a0\u00bbhttps:\/\/file.bienici.com\/photo\/ag442701-490980836_photos.ubiflow.net_442701_490980836_photos_8.jpg_INSOON_EB_5512801818_20250927152903&Prime;,\u00a0\u00bbhttps:\/\/file.bienici.com\/photo\/ag442701-490980836_photos.ubiflow.net_442701_490980836_photos_9.jpg_INSOON_EB_5512801818_20250927152903&Prime;,\u00a0\u00bbhttps:\/\/file.bienici.com\/photo\/ag442701-490980836_photos.ubiflow.net_442701_490980836_photos_10.jpg_INSOON_EB_5512801818_20250927152903&Prime;],\u00a0\u00bbg:latitude\u00a0\u00bb:\u00a0\u00bb44.43412612150259&Prime;,\u00a0\u00bbg:longitude\u00a0\u00bb:\u00a0\u00bb1.4551464674400991&Prime;},{\u00ab\u00a0title\u00a0\u00bb:\u00a0\u00bbMaison 6\u00a0pi\u00e8ces 110\u00a0m\u00b2\u00a0\u00bb,\u00a0\u00bbdescription\u00a0\u00bb:\u00a0\u00bb\u00c0 Obermorschwiller, \u00e0 quelques minutes d&rsquo;Altkirch (proche de B\u00e2le et Mulhouse) d\u00e9couvrez cette maison familiale de 110 m\u00b2 offrant 6 pi\u00e8ces dont 4 chambres confortables, implant\u00e9e sur un terrain de 7,27 ares enti\u00e8rement cl\u00f4tur\u00e9. Son jardin soign\u00e9 accueille une superbe piscine, id\u00e9ale pour se d\u00e9tendre et profiter des beaux jours en toute intimit\u00e9. Les espaces de vie, lumineux et fonctionnels, allient confort, et praticit\u00e9 pour r\u00e9pondre aux besoins du quotidien. Une maison s\u00e9duisante, au confort \u00e9nerg\u00e9tique remarquable, qui promet bien-\u00eatre et convivialit\u00e9. \u00c0 visiter sans attendre\u2026\u00a0\u00bb,\u00a0\u00bblink\u00a0\u00bb:\u00a0\u00bbhttps:\/\/www.bienici.com\/annonce\/ag680010-490968542&Prime;,\u00a0\u00bbguid\u00a0\u00bb:{\u00ab\u00a0@isPermaLink\u00a0\u00bb:\u00a0\u00bbfalse\u00a0\u00bb,\u00a0\u00bb#\u00a0\u00bb:\u00a0\u00bbe790913a272eb6b5d22005f7debbdeb6a02d25a0&Prime;},\u00a0\u00bbg:brand\u00a0\u00bb:\u00a0\u00bbBien ici\u00a0\u00bb,\u00a0\u00bbg:mpn\u00a0\u00bb:\u00a0\u00bbag680010-490968542&Prime;,\u00a0\u00bbg:google_product_category\u00a0\u00bb:\u00a0\u00bbMaison et jardin\u00a0\u00bb,\u00a0\u00bbg:product_type\u00a0\u00bb:\u00a0\u00bbMaison et jardin\u00a0\u00bb,\u00a0\u00bbg:shipping\u00a0\u00bb:{\u00ab\u00a0g:country\u00a0\u00bb:\u00a0\u00bbFR\u00a0\u00bb,\u00a0\u00bbg:price\u00a0\u00bb:\u00a0\u00bb0 EUR\u00a0\u00bb},\u00a0\u00bbg:availability\u00a0\u00bb:\u00a0\u00bben stock\u00a0\u00bb,\u00a0\u00bbg:condition\u00a0\u00bb:\u00a0\u00bboccasion\u00a0\u00bb,\u00a0\u00bbg:adType\u00a0\u00bb:\u00a0\u00bbbuy\u00a0\u00bb,\u00a0\u00bbg:propertyType\u00a0\u00bb:\u00a0\u00bbmaisonvilla\u00a0\u00bb,\u00a0\u00bbg:departement\u00a0\u00bb:\u00a0\u00bb68&Prime;,\u00a0\u00bbg:departement_name\u00a0\u00bb:\u00a0\u00bbHaut-Rhin\u00a0\u00bb,\u00a0\u00bbg:in_the_departement_name\u00a0\u00bb:\u00a0\u00bbdans le Haut-Rhin\u00a0\u00bb,\u00a0\u00bbg:region_name\u00a0\u00bb:\u00a0\u00bbGrand-Est\u00a0\u00bb,\u00a0\u00bbg:in_the_region_name\u00a0\u00bb:\u00a0\u00bbdans le Grand-Est\u00a0\u00bb,\u00a0\u00bbg:old_region_name\u00a0\u00bb:\u00a0\u00bbAlsace\u00a0\u00bb,\u00a0\u00bbg:old_in_the_region_name\u00a0\u00bb:\u00a0\u00bben Alsace\u00a0\u00bb,\u00a0\u00bbg:city\u00a0\u00bb:\u00a0\u00bbObermorschwiller\u00a0\u00bb,\u00a0\u00bbg:in_city\u00a0\u00bb:\u00a0\u00bb\u00e0 Obermorschwiller\u00a0\u00bb,\u00a0\u00bbg:postal_code\u00a0\u00bb:\u00a0\u00bb68130&Prime;,\u00a0\u00bbg:surfaceArea\u00a0\u00bb:\u00a0\u00bb110&Prime;,\u00a0\u00bbg:roomsQuantity\u00a0\u00bb:\u00a0\u00bb6&Prime;,\u00a0\u00bbg:bedroomsQuantity\u00a0\u00bb:\u00a0\u00bb4&Prime;,\u00a0\u00bbg:energyClassification\u00a0\u00bb:\u00a0\u00bbB\u00a0\u00bb,\u00a0\u00bbg:greenhouseGazClassification\u00a0\u00bb:\u00a0\u00bbA\u00a0\u00bb,\u00a0\u00bbg:parking\u00a0\u00bb:\u00a0\u00bbparking\u00a0\u00bb,\u00a0\u00bbg:id\u00a0\u00bb:\u00a0\u00bbe790913a272eb6b5d22005f7debbdeb6a02d25a0&Prime;,\u00a0\u00bbg:publicationDate\u00a0\u00bb:\u00a0\u00bb2025-09-27T14:43:36.464Z\u00a0\u00bb,\u00a0\u00bbg:modificationDate\u00a0\u00bb:\u00a0\u00bb2025-09-27T14:43:36.464Z\u00a0\u00bb,\u00a0\u00bbg:fees\u00a0\u00bb:\u00a0\u00bb18500&Prime;,\u00a0\u00bbg:customerId\u00a0\u00bb:\u00a0\u00bbaltkirch-immobilier-1&Prime;,\u00a0\u00bbg:price\u00a0\u00bb:\u00a0\u00bb388500 EUR\u00a0\u00bb,\u00a0\u00bbg:image_link\u00a0\u00bb:\u00a0\u00bbhttps:\/\/file.bienici.com\/photo\/ag680010-490968542_photos.ubiflow.net_680010_490968542_photos_1.jpg_INSOON_EB_5512801818_20250927141048&Prime;,\u00a0\u00bbg:additional_image_link\u00a0\u00bb:[\u00ab\u00a0https:\/\/file.bienici.com\/photo\/ag680010-490968542_photos.ubiflow.net_680010_490968542_photos_2.jpg_INSOON_EB_5512801818_20250927141048&Prime;,\u00a0\u00bbhttps:\/\/file.bienici.com\/photo\/ag680010-490968542_photos.ubiflow.net_680010_490968542_photos_3.jpg_INSOON_EB_5512801818_20250927141048&Prime;,\u00a0\u00bbhttps:\/\/file.bienici.com\/photo\/ag680010-490968542_photos.ubiflow.net_680010_490968542_photos_4.jpg_INSOON_EB_5512801818_20250927141048&Prime;,\u00a0\u00bbhttps:\/\/file.bienici.com\/photo\/ag680010-490968542_photos.ubiflow.net_680010_490968542_photos_5.jpg_INSOON_EB_5512801818_20250927141048&Prime;,\u00a0\u00bbhttps:\/\/file.bienici.com\/photo\/ag680010-490968542_photos.ubiflow.net_680010_490968542_photos_6.jpg_INSOON_EB_5512801818_20250927141048&Prime;,\u00a0\u00bbhttps:\/\/file.bienici.com\/photo\/ag680010-490968542_photos.ubiflow.net_680010_490968542_photos_7.jpg_INSOON_EB_5512801818_20250927141048&Prime;,\u00a0\u00bbhttps:\/\/file.bienici.com\/photo\/ag680010-490968542_photos.ubiflow.net_680010_490968542_photos_8.jpg_INSOON_EB_5512801818_20250927141048&Prime;,\u00a0\u00bbhttps:\/\/file.bienici.com\/photo\/ag680010-490968542_photos.ubiflow.net_680010_490968542_photos_9.jpg_INSOON_EB_5512801818_20250927141048&Prime;,\u00a0\u00bbhttps:\/\/file.bienici.com\/photo\/ag680010-490968542_photos.ubiflow.net_680010_490968542_photos_10.jpg_INSOON_EB_5512801818_20250927141048&Prime;],\u00a0\u00bbg:latitude\u00a0\u00bb:\u00a0\u00bb47.644533087072894&Prime;,\u00a0\u00bbg:longitude\u00a0\u00bb:\u00a0\u00bb7.30705206776162&Prime;},{\u00ab\u00a0title\u00a0\u00bb:\u00a0\u00bbMaison 4\u00a0pi\u00e8ces 98\u00a0m\u00b2\u00a0\u00bb,\u00a0\u00bbdescription\u00a0\u00bb:\u00a0\u00bb\u00c0 R\u00e9chesy, d\u00e9couvrez cette maison de 4 pi\u00e8ces comprenant salon, salle \u00e0 manger, 2 chambres et une salle d&rsquo;eau, pour 98,84 m\u00b2 habitables. \u00c9difi\u00e9e sur 7,03 ares, elle offre une grande cour et un bel espace vert pour profiter des beaux jours. Une d\u00e9pendance compl\u00e8te l&rsquo;ensemble, id\u00e9ale pour abriter vos v\u00e9hicules, stocker du mat\u00e9riel ou am\u00e9nager un atelier. Une maison chaleureuse, pr\u00eate \u00e0 accueillir votre projet de vie \u00e0 la campagne.\u00a0\u00bb,\u00a0\u00bblink\u00a0\u00bb:\u00a0\u00bbhttps:\/\/www.bienici.com\/annonce\/ag680010-490968506&Prime;,\u00a0\u00bbguid\u00a0\u00bb:{\u00ab\u00a0@isPermaLink\u00a0\u00bb:\u00a0\u00bbfalse\u00a0\u00bb,\u00a0\u00bb#\u00a0\u00bb:\u00a0\u00bb3aeb091dcc2bb34980b60466c026fe700fb32ec7&Prime;},\u00a0\u00bbg:brand\u00a0\u00bb:\u00a0\u00bbBien ici\u00a0\u00bb,\u00a0\u00bbg:mpn\u00a0\u00bb:\u00a0\u00bbag680010-490968506&Prime;,\u00a0\u00bbg:google_product_category\u00a0\u00bb:\u00a0\u00bbMaison et jardin\u00a0\u00bb,\u00a0\u00bbg:product_type\u00a0\u00bb:\u00a0\u00bbMaison et jardin\u00a0\u00bb,\u00a0\u00bbg:shipping\u00a0\u00bb:{\u00ab\u00a0g:country\u00a0\u00bb:\u00a0\u00bbFR\u00a0\u00bb,\u00a0\u00bbg:price\u00a0\u00bb:\u00a0\u00bb0 EUR\u00a0\u00bb},\u00a0\u00bbg:availability\u00a0\u00bb:\u00a0\u00bben stock\u00a0\u00bb,\u00a0\u00bbg:condition\u00a0\u00bb:\u00a0\u00bboccasion\u00a0\u00bb,\u00a0\u00bbg:adType\u00a0\u00bb:\u00a0\u00bbbuy\u00a0\u00bb,\u00a0\u00bbg:propertyType\u00a0\u00bb:\u00a0\u00bbmaisonvilla\u00a0\u00bb,\u00a0\u00bbg:departement\u00a0\u00bb:\u00a0\u00bb90&Prime;,\u00a0\u00bbg:departement_name\u00a0\u00bb:\u00a0\u00bbTerritoire de Belfort\u00a0\u00bb,\u00a0\u00bbg:in_the_departement_name\u00a0\u00bb:\u00a0\u00bbdans le Territoire de Belfort\u00a0\u00bb,\u00a0\u00bbg:region_name\u00a0\u00bb:\u00a0\u00bbBourgogne-Franche-Comt\u00e9\u00a0\u00bb,\u00a0\u00bbg:in_the_region_name\u00a0\u00bb:\u00a0\u00bben Bourgogne-Franche-Comt\u00e9\u00a0\u00bb,\u00a0\u00bbg:old_region_name\u00a0\u00bb:\u00a0\u00bbFranche-Comt\u00e9\u00a0\u00bb,\u00a0\u00bbg:old_in_the_region_name\u00a0\u00bb:\u00a0\u00bben Franche-Comt\u00e9\u00a0\u00bb,\u00a0\u00bbg:city\u00a0\u00bb:\u00a0\u00bbR\u00e9ch\u00e9sy\u00a0\u00bb,\u00a0\u00bbg:in_city\u00a0\u00bb:\u00a0\u00bb\u00e0 R\u00e9ch\u00e9sy\u00a0\u00bb,\u00a0\u00bbg:postal_code\u00a0\u00bb:\u00a0\u00bb90370&Prime;,\u00a0\u00bbg:surfaceArea\u00a0\u00bb:\u00a0\u00bb98&Prime;,\u00a0\u00bbg:roomsQuantity\u00a0\u00bb:\u00a0\u00bb4&Prime;,\u00a0\u00bbg:bedroomsQuantity\u00a0\u00bb:\u00a0\u00bb2&Prime;,\u00a0\u00bbg:energyClassification\u00a0\u00bb:\u00a0\u00bbF\u00a0\u00bb,\u00a0\u00bbg:greenhouseGazClassification\u00a0\u00bb:\u00a0\u00bbC\u00a0\u00bb,\u00a0\u00bbg:parking\u00a0\u00bb:\u00a0\u00bbparking\u00a0\u00bb,\u00a0\u00bbg:id\u00a0\u00bb:\u00a0\u00bb3aeb091dcc2bb34980b60466c026fe700fb32ec7&Prime;,\u00a0\u00bbg:publicationDate\u00a0\u00bb:\u00a0\u00bb2025-09-27T14:43:36.464Z\u00a0\u00bb,\u00a0\u00bbg:modificationDate\u00a0\u00bb:\u00a0\u00bb2025-09-27T14:43:36.464Z\u00a0\u00bb,\u00a0\u00bbg:fees\u00a0\u00bb:\u00a0\u00bb7500&Prime;,\u00a0\u00bbg:customerId\u00a0\u00bb:\u00a0\u00bbaltkirch-immobilier-1&Prime;,\u00a0\u00bbg:price\u00a0\u00bb:\u00a0\u00bb157500 EUR\u00a0\u00bb,\u00a0\u00bbg:image_link\u00a0\u00bb:\u00a0\u00bbhttps:\/\/file.bienici.com\/photo\/ag680010-490968506_photos.ubiflow.net_680010_490968506_photos_1.jpg_INSOON_EB_5512801818_20250927141040&Prime;,\u00a0\u00bbg:additional_image_link\u00a0\u00bb:[\u00ab\u00a0https:\/\/file.bienici.com\/photo\/ag680010-490968506_photos.ubiflow.net_680010_490968506_photos_2.jpg_INSOON_EB_5512801818_20250927141040&Prime;,\u00a0\u00bbhttps:\/\/file.bienici.com\/photo\/ag680010-490968506_photos.ubiflow.net_680010_490968506_photos_3.jpg_INSOON_EB_5512801818_20250927141040&Prime;,\u00a0\u00bbhttps:\/\/file.bienici.com\/photo\/ag680010-490968506_photos.ubiflow.net_680010_490968506_photos_4.jpg_INSOON_EB_5512801818_20250927141040&Prime;,\u00a0\u00bbhttps:\/\/file.bienici.com\/photo\/ag680010-490968506_photos.ubiflow.net_680010_490968506_photos_5.jpg_INSOON_EB_5512801818_20250927141040&Prime;,\u00a0\u00bbhttps:\/\/file.bienici.com\/photo\/ag680010-490968506_photos.ubiflow.net_680010_490968506_photos_6.jpg_INSOON_EB_5512801818_20250927141040&Prime;,\u00a0\u00bbhttps:\/\/file.bienici.com\/photo\/ag680010-490968506_photos.ubiflow.net_680010_490968506_photos_7.jpg_INSOON_EB_5512801818_20250927141040&Prime;,\u00a0\u00bbhttps:\/\/file.bienici.com\/photo\/ag680010-490968506_photos.ubiflow.net_680010_490968506_photos_8.jpg_INSOON_EB_5512801818_20250927141040&Prime;,\u00a0\u00bbhttps:\/\/file.bienici.com\/photo\/ag680010-490968506_photos.ubiflow.net_680010_490968506_photos_9.jpg_INSOON_EB_5512801818_20250927141040&Prime;,\u00a0\u00bbhttps:\/\/file.bienici.com\/photo\/ag680010-490968506_photos.ubiflow.net_680010_490968506_photos_10.jpg_INSOON_EB_5512801818_20250927141040&Prime;],\u00a0\u00bbg:latitude\u00a0\u00bb:\u00a0\u00bb47.50843566230548&Prime;,\u00a0\u00bbg:longitude\u00a0\u00bb:\u00a0\u00bb7.111817087062299&Prime;},{\u00ab\u00a0title\u00a0\u00bb:\u00a0\u00bbMaison 4\u00a0pi\u00e8ces 176\u00a0m\u00b2\u00a0\u00bb,\u00a0\u00bbdescription\u00a0\u00bb:\u00a0\u00bbVotre \u00e9quipe Orpi est disponible par t\u00e9l\u00e9phone, privil\u00e9giez un appel pour une r\u00e9ponse rapide et efficace, n&rsquo;h\u00e9sitez pas.\\n\\nVous recherchez une construction de qualit\u00e9, avec des \u00e9quipements modernes et au calme absolu ? Ne cherchez plus, venez visiter !\\nEt la cerise sur le g\u00e2teau&#8230; Il y a une VUE MER\/MONTAGNES !!!\\n\\nAu calme absolu dans son lotissement \\\u00a0\u00bbLa Chesnaye &#8211; Tansonive\\\u00a0\u00bb en bas de la commune de Mons et proche de Fayence\/Callian (10 minutes), nich\u00e9 au milieu de ses ch\u00eanes blancs, d\u00e9couvrez cette belle villa individuelle de plain-pied construite dans les ann\u00e9es 2000 en exposition Sud. Elle offre une surface de 112m2 habitable pour 176m2 de surface plancher.\\n\\nSon am\u00e9nagement se compose comme suit : une v\u00e9randa de 17m2 ouvrant sur un hall d&rsquo;entr\u00e9e avec vestiaire de 12m2, un spacieux salon-s\u00e9jour lumineux de 40m2, une cuisine ouverte, un WC ind\u00e9pendant, 3 chambres confortables de 12 \u00e0 16m2, une salle d&rsquo;eau avec WC de 11m2 et une loggia servant d&rsquo;arri\u00e8re de cuisine-cellier. Terrain naturel \u00e0 am\u00e9nager.\\nProfitez d&rsquo;une belle vue mer \/ montagnes et collines depuis la terrasse c\u00f4t\u00e9 salon.\\n\\nSes \u00e9quipements sont confortables : un grand double garage de 41m2 avec acc\u00e8s direct vers la maison via la loggia de 7m2, du stationnement multiple en ext\u00e9rieur avec espace de retournement, une piscine hors-sol de bonne taille, un chalet bois de 8m2, une chaudi\u00e8re neuve avec PAC pour le plancher chauffant et rafraichissant, 12 panneaux solaires avec contrat de revente, fibre internet.\\n\\nLes informations sur les risques auxquels ce bien est expos\u00e9 sont disponibles sur le site G\u00e9orisques\u00a0: www.georisques.gouv.fr. Votre agence vous invite \u00e0 d\u00e9couvrir toutes les originalit\u00e9s de cette maison en vente en prenant rendez-vous avec l&rsquo;un de nos n\u00e9gociateurs immobilier. Propos\u00e9 en EXCLUSIVIT\u00c9 par votre Agence Immobili\u00e8re Orpi. Visite Virtuelle 3D disponible en agence.\\nR\u00e9f\u00e9rence agence : 8825&Prime;,\u00a0\u00bblink\u00a0\u00bb:\u00a0\u00bbhttps:\/\/www.bienici.com\/annonce\/ag835076-490979375&Prime;,\u00a0\u00bbguid\u00a0\u00bb:{\u00ab\u00a0@isPermaLink\u00a0\u00bb:\u00a0\u00bbfalse\u00a0\u00bb,\u00a0\u00bb#\u00a0\u00bb:\u00a0\u00bb022bcb17a3892833739e066446f1a3e9138b01d4&Prime;},\u00a0\u00bbg:brand\u00a0\u00bb:\u00a0\u00bbBien ici\u00a0\u00bb,\u00a0\u00bbg:mpn\u00a0\u00bb:\u00a0\u00bbag835076-490979375&Prime;,\u00a0\u00bbg:google_product_category\u00a0\u00bb:\u00a0\u00bbMaison et jardin\u00a0\u00bb,\u00a0\u00bbg:product_type\u00a0\u00bb:\u00a0\u00bbMaison et jardin\u00a0\u00bb,\u00a0\u00bbg:shipping\u00a0\u00bb:{\u00ab\u00a0g:country\u00a0\u00bb:\u00a0\u00bbFR\u00a0\u00bb,\u00a0\u00bbg:price\u00a0\u00bb:\u00a0\u00bb0 EUR\u00a0\u00bb},\u00a0\u00bbg:availability\u00a0\u00bb:\u00a0\u00bben stock\u00a0\u00bb,\u00a0\u00bbg:condition\u00a0\u00bb:\u00a0\u00bboccasion\u00a0\u00bb,\u00a0\u00bbg:adType\u00a0\u00bb:\u00a0\u00bbbuy\u00a0\u00bb,\u00a0\u00bbg:propertyType\u00a0\u00bb:\u00a0\u00bbmaisonvilla\u00a0\u00bb,\u00a0\u00bbg:departement\u00a0\u00bb:\u00a0\u00bb83&Prime;,\u00a0\u00bbg:departement_name\u00a0\u00bb:\u00a0\u00bbVar\u00a0\u00bb,\u00a0\u00bbg:in_the_departement_name\u00a0\u00bb:\u00a0\u00bbdans le Var\u00a0\u00bb,\u00a0\u00bbg:region_name\u00a0\u00bb:\u00a0\u00bbProvence-Alpes-C\u00f4te d&rsquo;Azur\u00a0\u00bb,\u00a0\u00bbg:in_the_region_name\u00a0\u00bb:\u00a0\u00bben Provence-Alpes-C\u00f4te d&rsquo;Azur\u00a0\u00bb,\u00a0\u00bbg:old_region_name\u00a0\u00bb:\u00a0\u00bbProvence-Alpes-C\u00f4te d&rsquo;Azur\u00a0\u00bb,\u00a0\u00bbg:old_in_the_region_name\u00a0\u00bb:\u00a0\u00bben Provence-Alpes-C\u00f4te d&rsquo;Azur\u00a0\u00bb,\u00a0\u00bbg:city\u00a0\u00bb:\u00a0\u00bbMons\u00a0\u00bb,\u00a0\u00bbg:in_city\u00a0\u00bb:\u00a0\u00bb\u00e0 Mons\u00a0\u00bb,\u00a0\u00bbg:postal_code\u00a0\u00bb:\u00a0\u00bb83440&Prime;,\u00a0\u00bbg:surfaceArea\u00a0\u00bb:\u00a0\u00bb176&Prime;,\u00a0\u00bbg:roomsQuantity\u00a0\u00bb:\u00a0\u00bb4&Prime;,\u00a0\u00bbg:bedroomsQuantity\u00a0\u00bb:\u00a0\u00bb3&Prime;,\u00a0\u00bbg:energyClassification\u00a0\u00bb:\u00a0\u00bbC\u00a0\u00bb,\u00a0\u00bbg:greenhouseGazClassification\u00a0\u00bb:\u00a0\u00bbA\u00a0\u00bb,\u00a0\u00bbg:parking\u00a0\u00bb:\u00a0\u00bbparking\u00a0\u00bb,\u00a0\u00bbg:terrasse\u00a0\u00bb:\u00a0\u00bbterrasse\u00a0\u00bb,\u00a0\u00bbg:id\u00a0\u00bb:\u00a0\u00bb022bcb17a3892833739e066446f1a3e9138b01d4&Prime;,\u00a0\u00bbg:publicationDate\u00a0\u00bb:\u00a0\u00bb2025-09-27T14:35:37.680Z\u00a0\u00bb,\u00a0\u00bbg:modificationDate\u00a0\u00bb:\u00a0\u00bb2025-09-27T14:35:37.680Z\u00a0\u00bb,\u00a0\u00bbg:customerId\u00a0\u00bb:\u00a0\u00bborpi-1-ab-canton-de-fayence-1711039769806&Prime;,\u00a0\u00bbg:price\u00a0\u00bb:\u00a0\u00bb429000 EUR\u00a0\u00bb,\u00a0\u00bbg:image_link\u00a0\u00bb:\u00a0\u00bbhttps:\/\/file.bienici.com\/photo\/ag835076-490979375_photos.ubiflow.net_835076_490979375_photos_1.jpg_INSOON_EB_5512801818_20250927150941&Prime;,\u00a0\u00bbg:additional_image_link\u00a0\u00bb:[\u00ab\u00a0https:\/\/file.bienici.com\/photo\/ag835076-490979375_photos.ubiflow.net_835076_490979375_photos_2.jpg_INSOON_EB_5512801818_20250927150941&Prime;,\u00a0\u00bbhttps:\/\/file.bienici.com\/photo\/ag835076-490979375_photos.ubiflow.net_835076_490979375_photos_3.jpg_INSOON_EB_5512801818_20250927150941&Prime;,\u00a0\u00bbhttps:\/\/file.bienici.com\/photo\/ag835076-490979375_photos.ubiflow.net_835076_490979375_photos_4.jpg_INSOON_EB_5512801818_20250927150941&Prime;,\u00a0\u00bbhttps:\/\/file.bienici.com\/photo\/ag835076-490979375_photos.ubiflow.net_835076_490979375_photos_5.jpg_INSOON_EB_5512801818_20250927150941&Prime;,\u00a0\u00bbhttps:\/\/file.bienici.com\/photo\/ag835076-490979375_photos.ubiflow.net_835076_490979375_photos_6.jpg_INSOON_EB_5512801818_20250927150941&Prime;,\u00a0\u00bbhttps:\/\/file.bienici.com\/photo\/ag835076-490979375_photos.ubiflow.net_835076_490979375_photos_7.jpg_INSOON_EB_5512801818_20250927150941&Prime;,\u00a0\u00bbhttps:\/\/file.bienici.com\/photo\/ag835076-490979375_photos.ubiflow.net_835076_490979375_photos_8.jpg_INSOON_EB_5512801818_20250927150941&Prime;,\u00a0\u00bbhttps:\/\/file.bienici.com\/photo\/ag835076-490979375_photos.ubiflow.net_835076_490979375_photos_9.jpg_INSOON_EB_5512801818_20250927150941&Prime;,\u00a0\u00bbhttps:\/\/file.bienici.com\/photo\/ag835076-490979375_photos.ubiflow.net_835076_490979375_photos_10.jpg_INSOON_EB_5512801818_20250927150941&Prime;],\u00a0\u00bbg:latitude\u00a0\u00bb:\u00a0\u00bb43.660703736901&Prime;,\u00a0\u00bbg:longitude\u00a0\u00bb:\u00a0\u00bb6.725640077669513&Prime;},{\u00ab\u00a0title\u00a0\u00bb:\u00a0\u00bbMaison 3\u00a0pi\u00e8ces 51\u00a0m\u00b2\u00a0\u00bb,\u00a0\u00bbdescription\u00a0\u00bb:\u00a0\u00bbPetite maison de ville avec jardin &#8211; Perpignan, secteur Torcatis\\n Situ\u00e9e avenue Torcatis, \u00e0 seulement 5 minutes du centre-ville par la passerelle, cette maison des ann\u00e9es 40-50, de plain-pied d\u00e9veloppe environ 50 m\u00b2 habitables ainsi qu&rsquo;une vingtaine de m\u00b2 d&rsquo;annexes.\\n\\n Elle se compose actuellement d&rsquo;un s\u00e9jour, d&rsquo;une cuisine, 2 chambres et d&rsquo;une pi\u00e8ce \u00e0 l&rsquo;arri\u00e8re, le tout \u00e0 r\u00e9nover enti\u00e8rement, offrant ainsi un beau potentiel de personnalisation.\\n\\n \u00c0 l&rsquo;ext\u00e9rieur, vous profiterez d&rsquo;un petit jardin et d&rsquo;une place de stationnement devant la maison et d&rsquo;un jardin arri\u00e8re.\\n\\n Le bien fait partie d&rsquo;une copropri\u00e9t\u00e9 sans charges, la maison \u00e9tant s\u00e9par\u00e9e de l&rsquo;immeuble voisin par une simple cl\u00f4ture.\\n\\n  Pr\u00e9voir un bon budget travaux, mais un vrai potentiel pour cette mignonne petite maison id\u00e9alement plac\u00e9e, dans un secteur en pleine \u00e9volution et b\u00e9n\u00e9ficiant d&rsquo;une belle vue d\u00e9gag\u00e9e.\\n Les travaux de r\u00e9novation concernent :\\n &#8211; le syst\u00e8me de chauffage : installation d&rsquo;une climatisation pr\u00e9conis\u00e9e ;\\n &#8211; une isolation compl\u00e8te ;\\n &#8211; installation d&rsquo;une VMC\\n &#8211; changements des sols, et murs : choix parquet , carrelages, peintures.\\n &#8211; redistribution des volumes pour davantage de coh\u00e9rence : agrandissement des\\n espaces de vie et rassembler les chambres proche de la salle de bains.\\n &#8211; installation d&rsquo;une nouvelle cuisine\\n &#8211; installation d&rsquo;une nouvelle salle de bains\\n &#8211; revoir, du coup, installation \u00e9lectrique\\n\\n La visite virtuelle ainsi que les plans seront des \u00e9l\u00e9ments importants \u00e0 visualiser pour r\u00e9aliser le projet.\\n Contactez moi pour obtenir ces \u00e9l\u00e9ments.\\n\\n Maison propos\u00e9e \u00e0 la vente par Christophe Le Cu\u00e9, Agent Commercial Conseiller Immobilier sur les Pyr\u00e9n\u00e9es-Orientales.\\n Depuis 18 ans, je mets mon expertise et ma disponibilit\u00e9 \u00e0 votre service pour une transaction r\u00e9ussie.\\n  \\n\\nNombre de lots de la Copropri\u00e9t\u00e9 : 6\\n\\nHonoraires \u00e0 la charge du vendeur\\nVotre agent commercial 3G IMMO sur place EI &#8211; Christophe LE CU\u00c9 inscrit au RSAC de PERPIGNAN n\u00b0 493 121 552\\nSelon l&rsquo;article L.561.5 du Code Mon\u00e9taire et Financier, pour l&rsquo;organisation de la visite, la pr\u00e9sentation d&rsquo;une pi\u00e8ce d&rsquo;identit\u00e9 vous sera demand\u00e9e.\u00a0\u00bb,\u00a0\u00bblink\u00a0\u00bb:\u00a0\u00bbhttps:\/\/www.bienici.com\/annonce\/ag743447-490979003&Prime;,\u00a0\u00bbguid\u00a0\u00bb:{\u00ab\u00a0@isPermaLink\u00a0\u00bb:\u00a0\u00bbfalse\u00a0\u00bb,\u00a0\u00bb#\u00a0\u00bb:\u00a0\u00bb517cab32fb431f9bf71f4ba24f8d9727cc98c95a\u00a0\u00bb},\u00a0\u00bbg:brand\u00a0\u00bb:\u00a0\u00bbBien ici\u00a0\u00bb,\u00a0\u00bbg:mpn\u00a0\u00bb:\u00a0\u00bbag743447-490979003&Prime;,\u00a0\u00bbg:google_product_category\u00a0\u00bb:\u00a0\u00bbMaison et jardin\u00a0\u00bb,\u00a0\u00bbg:product_type\u00a0\u00bb:\u00a0\u00bbMaison et jardin\u00a0\u00bb,\u00a0\u00bbg:shipping\u00a0\u00bb:{\u00ab\u00a0g:country\u00a0\u00bb:\u00a0\u00bbFR\u00a0\u00bb,\u00a0\u00bbg:price\u00a0\u00bb:\u00a0\u00bb0 EUR\u00a0\u00bb},\u00a0\u00bbg:availability\u00a0\u00bb:\u00a0\u00bben stock\u00a0\u00bb,\u00a0\u00bbg:condition\u00a0\u00bb:\u00a0\u00bboccasion\u00a0\u00bb,\u00a0\u00bbg:adType\u00a0\u00bb:\u00a0\u00bbbuy\u00a0\u00bb,\u00a0\u00bbg:propertyType\u00a0\u00bb:\u00a0\u00bbmaisonvilla\u00a0\u00bb,\u00a0\u00bbg:departement\u00a0\u00bb:\u00a0\u00bb66&Prime;,\u00a0\u00bbg:departement_name\u00a0\u00bb:\u00a0\u00bbPyr\u00e9n\u00e9es-Orientales\u00a0\u00bb,\u00a0\u00bbg:in_the_departement_name\u00a0\u00bb:\u00a0\u00bbdans les Pyr\u00e9n\u00e9es-Orientales\u00a0\u00bb,\u00a0\u00bbg:region_name\u00a0\u00bb:\u00a0\u00bbOccitanie\u00a0\u00bb,\u00a0\u00bbg:in_the_region_name\u00a0\u00bb:\u00a0\u00bben Occitanie\u00a0\u00bb,\u00a0\u00bbg:old_region_name\u00a0\u00bb:\u00a0\u00bbLanguedoc-Roussillon\u00a0\u00bb,\u00a0\u00bbg:old_in_the_region_name\u00a0\u00bb:\u00a0\u00bben Languedoc-Roussillon\u00a0\u00bb,\u00a0\u00bbg:city\u00a0\u00bb:\u00a0\u00bbPerpignan\u00a0\u00bb,\u00a0\u00bbg:in_city\u00a0\u00bb:\u00a0\u00bb\u00e0 Perpignan\u00a0\u00bb,\u00a0\u00bbg:postal_code\u00a0\u00bb:\u00a0\u00bb66000&Prime;,\u00a0\u00bbg:surfaceArea\u00a0\u00bb:\u00a0\u00bb51&Prime;,\u00a0\u00bbg:roomsQuantity\u00a0\u00bb:\u00a0\u00bb3&Prime;,\u00a0\u00bbg:bedroomsQuantity\u00a0\u00bb:\u00a0\u00bb2&Prime;,\u00a0\u00bbg:energyClassification\u00a0\u00bb:\u00a0\u00bbE\u00a0\u00bb,\u00a0\u00bbg:greenhouseGazClassification\u00a0\u00bb:\u00a0\u00bbB\u00a0\u00bb,\u00a0\u00bbg:parking\u00a0\u00bb:\u00a0\u00bbparking\u00a0\u00bb,\u00a0\u00bbg:terrasse\u00a0\u00bb:\u00a0\u00bbterrasse\u00a0\u00bb,\u00a0\u00bbg:id\u00a0\u00bb:\u00a0\u00bb517cab32fb431f9bf71f4ba24f8d9727cc98c95a\u00a0\u00bb,\u00a0\u00bbg:publicationDate\u00a0\u00bb:\u00a0\u00bb2025-09-27T14:35:19.401Z\u00a0\u00bb,\u00a0\u00bbg:modificationDate\u00a0\u00bb:\u00a0\u00bb2025-09-27T14:35:19.401Z\u00a0\u00bb,\u00a0\u00bbg:price\u00a0\u00bb:\u00a0\u00bb115000 EUR\u00a0\u00bb,\u00a0\u00bbg:image_link\u00a0\u00bb:\u00a0\u00bbhttps:\/\/file.bienici.com\/photo\/ag743447-490979003_photos.ubiflow.net_743447_490979003_photos_1.jpg_INSOON_EB_5512801818_20250927150429&Prime;,\u00a0\u00bbg:additional_image_link\u00a0\u00bb:[\u00ab\u00a0https:\/\/file.bienici.com\/photo\/ag743447-490979003_photos.ubiflow.net_743447_490979003_photos_2.jpg_INSOON_EB_5512801818_20250927150429&Prime;,\u00a0\u00bbhttps:\/\/file.bienici.com\/photo\/ag743447-490979003_photos.ubiflow.net_743447_490979003_photos_3.jpg_INSOON_EB_5512801818_20250927150429&Prime;,\u00a0\u00bbhttps:\/\/file.bienici.com\/photo\/ag743447-490979003_photos.ubiflow.net_743447_490979003_photos_4.jpg_INSOON_EB_5512801818_20250927150429&Prime;,\u00a0\u00bbhttps:\/\/file.bienici.com\/photo\/ag743447-490979003_photos.ubiflow.net_743447_490979003_photos_5.jpg_INSOON_EB_5512801818_20250927150429&Prime;,\u00a0\u00bbhttps:\/\/file.bienici.com\/photo\/ag743447-490979003_photos.ubiflow.net_743447_490979003_photos_6.jpg_INSOON_EB_5512801818_20250927150429&Prime;,\u00a0\u00bbhttps:\/\/file.bienici.com\/photo\/ag743447-490979003_photos.ubiflow.net_743447_490979003_photos_7.jpg_INSOON_EB_5512801818_20250927150429&Prime;,\u00a0\u00bbhttps:\/\/file.bienici.com\/photo\/ag743447-490979003_photos.ubiflow.net_743447_490979003_photos_8.jpg_INSOON_EB_5512801818_20250927150429&Prime;,\u00a0\u00bbhttps:\/\/file.bienici.com\/photo\/ag743447-490979003_photos.ubiflow.net_743447_490979003_photos_9.jpg_INSOON_EB_5512801818_20250927150429&Prime;,\u00a0\u00bbhttps:\/\/file.bienici.com\/photo\/ag743447-490979003_photos.ubiflow.net_743447_490979003_photos_10.jpg_INSOON_EB_5512801818_20250927150429&Prime;],\u00a0\u00bbg:latitude\u00a0\u00bb:\u00a0\u00bb42.702152535964416&Prime;,\u00a0\u00bbg:longitude\u00a0\u00bb:\u00a0\u00bb2.882629612620894&Prime;},{\u00ab\u00a0title\u00a0\u00bb:\u00a0\u00bbAppartement 5\u00a0pi\u00e8ces 108\u00a0m\u00b2\u00a0\u00bb,\u00a0\u00bbdescription\u00a0\u00bb:\u00a0\u00bbAPPARTEMENT 5 PI\u00c8CES AVEC BALCON<br \/>\u00c0 vendre : votre agence Nouveaux Horizons avec KW est ravie de vous pr\u00e9senter cet appartement de 5 pi\u00e8ces de 108,02 m\u00b2 \u00e0 LIMOGES (87000).<br \/>Il se situe au 5\u00e8me et dernier \u00e9tage d&rsquo;un immeuble avec ascenseur. Sa grande entr\u00e9e dessert un superbe espace de vie avec balcon, une cuisine s\u00e9par\u00e9e am\u00e9nag\u00e9e et \u00e9quip\u00e9e, trois chambres, une salle d&rsquo;eau et des toilettes s\u00e9par\u00e9es.<br \/>Seul appartement sur ce palier, vous profiterez d&rsquo;une grande tranquillit\u00e9 et serez s\u00e9duits par ses volumes, sa luminosit\u00e9, sa belle vue d\u00e9gag\u00e9e et son tr\u00e8s bon \u00e9tat g\u00e9n\u00e9ral.<br \/>Pour votre v\u00e9hicule, il est mis en vente avec un garage. Vous disposerez \u00e9galement d&rsquo;une cave.<br \/>Des \u00e9tablissements scolaires (de la maternelle au lyc\u00e9e) se trouvent \u00e0 moins de 10 minutes \u00e0 pied, une structure d&rsquo;accueil pour les enfants en bas \u00e2ge, tout comme l&rsquo;universit\u00e9 Universit\u00e9 de Limoges pour le sup\u00e9rieur. C\u00f4t\u00e9 transports, il y a cinq gares \u00e0 moins de 10 minutes en voiture. L&rsquo;a\u00e9roport Limoges-Bellegarde est accessible \u00e0 8 km. Vous trouverez trois tennis et un bassin de natation \u00e0 proximit\u00e9 du logement. On trouve aussi des restaurants, des commerces, des boulangeries, des supermarch\u00e9s, une poissonnerie et des \u00e9piceries.<br \/>Les informations sur les risques auxquels ce bien est expos\u00e9 sont disponibles sur le site G\u00e9orisques\u00a0: www.georisques.gouv.fr.<br \/>Pour plus d&rsquo;informations, contactez Romain Bardon au  ou <br \/>Conseiller ind\u00e9pendant en immobilier, RSAC : 989875687.<br \/>Les informations sur les risques auxquels ce bien est expos\u00e9 sont disponibles sur le site G\u00e9orisques du gouvernement.\u00a0\u00bb,\u00a0\u00bblink\u00a0\u00bb:\u00a0\u00bbhttps:\/\/www.bienici.com\/annonce\/keller-williams-1-34_1_55-197230&Prime;,\u00a0\u00bbguid\u00a0\u00bb:{\u00ab\u00a0@isPermaLink\u00a0\u00bb:\u00a0\u00bbfalse\u00a0\u00bb,\u00a0\u00bb#\u00a0\u00bb:\u00a0\u00bb862af05b70a5019a5d74334c14ebf0dfe36ee332&Prime;},\u00a0\u00bbg:brand\u00a0\u00bb:\u00a0\u00bbBien ici\u00a0\u00bb,\u00a0\u00bbg:mpn\u00a0\u00bb:\u00a0\u00bbkeller-williams-1-34_1_55-197230&Prime;,\u00a0\u00bbg:google_product_category\u00a0\u00bb:\u00a0\u00bbMaison et jardin\u00a0\u00bb,\u00a0\u00bbg:product_type\u00a0\u00bb:\u00a0\u00bbMaison et jardin\u00a0\u00bb,\u00a0\u00bbg:shipping\u00a0\u00bb:{\u00ab\u00a0g:country\u00a0\u00bb:\u00a0\u00bbFR\u00a0\u00bb,\u00a0\u00bbg:price\u00a0\u00bb:\u00a0\u00bb0 EUR\u00a0\u00bb},\u00a0\u00bbg:availability\u00a0\u00bb:\u00a0\u00bben stock\u00a0\u00bb,\u00a0\u00bbg:condition\u00a0\u00bb:\u00a0\u00bboccasion\u00a0\u00bb,\u00a0\u00bbg:adType\u00a0\u00bb:\u00a0\u00bbbuy\u00a0\u00bb,\u00a0\u00bbg:propertyType\u00a0\u00bb:\u00a0\u00bbappartement\u00a0\u00bb,\u00a0\u00bbg:departement\u00a0\u00bb:\u00a0\u00bb87&Prime;,\u00a0\u00bbg:departement_name\u00a0\u00bb:\u00a0\u00bbHaute-Vienne\u00a0\u00bb,\u00a0\u00bbg:in_the_departement_name\u00a0\u00bb:\u00a0\u00bben Haute-Vienne\u00a0\u00bb,\u00a0\u00bbg:region_name\u00a0\u00bb:\u00a0\u00bbNouvelle-Aquitaine\u00a0\u00bb,\u00a0\u00bbg:in_the_region_name\u00a0\u00bb:\u00a0\u00bben Nouvelle-Aquitaine\u00a0\u00bb,\u00a0\u00bbg:old_region_name\u00a0\u00bb:\u00a0\u00bbLimousin\u00a0\u00bb,\u00a0\u00bbg:old_in_the_region_name\u00a0\u00bb:\u00a0\u00bben Limousin\u00a0\u00bb,\u00a0\u00bbg:city\u00a0\u00bb:\u00a0\u00bbLimoges\u00a0\u00bb,\u00a0\u00bbg:in_city\u00a0\u00bb:\u00a0\u00bb\u00e0 Limoges\u00a0\u00bb,\u00a0\u00bbg:postal_code\u00a0\u00bb:\u00a0\u00bb87000&Prime;,\u00a0\u00bbg:surfaceArea\u00a0\u00bb:\u00a0\u00bb108.02&Prime;,\u00a0\u00bbg:roomsQuantity\u00a0\u00bb:\u00a0\u00bb5&Prime;,\u00a0\u00bbg:bedroomsQuantity\u00a0\u00bb:\u00a0\u00bb3&Prime;,\u00a0\u00bbg:energyClassification\u00a0\u00bb:\u00a0\u00bbF\u00a0\u00bb,\u00a0\u00bbg:greenhouseGazClassification\u00a0\u00bb:\u00a0\u00bbF\u00a0\u00bb,\u00a0\u00bbg:parking\u00a0\u00bb:\u00a0\u00bbparking\u00a0\u00bb,\u00a0\u00bbg:balcon\u00a0\u00bb:\u00a0\u00bbbalcon\u00a0\u00bb,\u00a0\u00bbg:id\u00a0\u00bb:\u00a0\u00bb862af05b70a5019a5d74334c14ebf0dfe36ee332&Prime;,\u00a0\u00bbg:publicationDate\u00a0\u00bb:\u00a0\u00bb2025-09-27T14:32:57.920Z\u00a0\u00bb,\u00a0\u00bbg:modificationDate\u00a0\u00bb:\u00a0\u00bb2025-09-27T14:32:57.920Z\u00a0\u00bb,\u00a0\u00bbg:customerId\u00a0\u00bb:\u00a0\u00bbkwlimouzi-kwfrance-com-1710951893975&Prime;,\u00a0\u00bbg:price\u00a0\u00bb:\u00a0\u00bb199000 EUR\u00a0\u00bb,\u00a0\u00bbg:image_link\u00a0\u00bb:\u00a0\u00bbhttps:\/\/file.bienici.com\/photo\/keller-williams-1-34_1_55-197230_media.kwfrance.com_properties_pictures_4_2_4_7_6_8_pictbien_68d542ea47225.jpg_v_1758806794&Prime;,\u00a0\u00bbg:additional_image_link\u00a0\u00bb:[\u00ab\u00a0https:\/\/file.bienici.com\/photo\/keller-williams-1-34_1_55-197230_media.kwfrance.com_properties_pictures_4_2_4_7_6_8_pictbien_68d542eaf0469.jpg_v_1758806794&Prime;,\u00a0\u00bbhttps:\/\/file.bienici.com\/photo\/keller-williams-1-34_1_55-197230_media.kwfrance.com_properties_pictures_4_2_4_7_6_8_pictbien_68d542eb65dfb.jpg_v_1758806794&Prime;,\u00a0\u00bbhttps:\/\/file.bienici.com\/photo\/keller-williams-1-34_1_55-197230_media.kwfrance.com_properties_pictures_4_2_4_7_6_8_pictbien_68d542ec0c17a.jpg_v_1758806794&Prime;,\u00a0\u00bbhttps:\/\/file.bienici.com\/photo\/keller-williams-1-34_1_55-197230_media.kwfrance.com_properties_pictures_4_2_4_7_6_8_pictbien_68d542ee58dd1.jpg_v_1758806794&Prime;,\u00a0\u00bbhttps:\/\/file.bienici.com\/photo\/keller-williams-1-34_1_55-197230_media.kwfrance.com_properties_pictures_4_2_4_7_6_8_pictbien_68d542ec66e38.jpg_v_1758806794&Prime;,\u00a0\u00bbhttps:\/\/file.bienici.com\/photo\/keller-williams-1-34_1_55-197230_media.kwfrance.com_properties_pictures_4_2_4_7_6_8_pictbien_68d542ed904e5.jpg_v_1758806794&Prime;,\u00a0\u00bbhttps:\/\/file.bienici.com\/photo\/keller-williams-1-34_1_55-197230_media.kwfrance.com_properties_pictures_4_2_4_7_6_8_pictbien_68d542edb8a88.jpg_v_1758806794&Prime;,\u00a0\u00bbhttps:\/\/file.bienici.com\/photo\/keller-williams-1-34_1_55-197230_media.kwfrance.com_properties_pictures_4_2_4_7_6_8_pictbien_68d542edf19f3.jpg_v_1758806794&Prime;,\u00a0\u00bbhttps:\/\/file.bienici.com\/photo\/keller-williams-1-34_1_55-197230_media.kwfrance.com_properties_pictures_4_2_4_7_6_8_pictbien_68d542ec9c9db.jpg_v_1758806794&Prime;],\u00a0\u00bbg:latitude\u00a0\u00bb:\u00a0\u00bb45.82058504931034&Prime;,\u00a0\u00bbg:longitude\u00a0\u00bb:\u00a0\u00bb1.2560643106313274&Prime;},{\u00ab\u00a0title\u00a0\u00bb:\u00a0\u00bbAppartement 2\u00a0pi\u00e8ces 35\u00a0m\u00b2\u00a0\u00bb,\u00a0\u00bbdescription\u00a0\u00bb:\u00a0\u00bbSitu\u00e9 \u00e0 proximit\u00e9 du centre ville de Chaumes-en-Brie, dans une petite copropri\u00e9t\u00e9 (deux appartements) en pierres \u00e0 faibles charges. Venez vite d\u00e9couvrir ce bel appartement 2 pi\u00e8ces en bon \u00e9tat g\u00e9n\u00e9ral, id\u00e9al pour un premier achat, un investissement locatif ou un pied-\u00e0-terre.\\nCaract\u00e9ristiques :\\nPi\u00e8ce de vie lumineuse avec cuisine ouverte, am\u00e9nag\u00e9e et \u00e9quip\u00e9e.\\n1 chambre.\\nSalle d&rsquo;eau moderne avec douche \u00e0 l&rsquo;italienne.\\nFen\u00eatres en PVC double vitrage et volets roulants \u00e9lectriques.\\nPlace de parking privative incluse.\\nAppartement fonctionnel, pas de travaux \u00e0 pr\u00e9voir.\\nPetite copropri\u00e9t\u00e9, faibles charges.\\nProche des commerces de proximit\u00e9, \u00e9coles maternelle et primaire et transports.\\n\\nChaumes-en-Brie : charmante commune avec un cadre de vie agr\u00e9able, \u00e0 seulement 7 minutes de la gare de Verneuil l&rsquo;Etang (direct gare de l&rsquo;Est en 35 minutes seulement), id\u00e9ale pour les actifs recherchant la tranquillit\u00e9 tout en restant connect\u00e9s.\\nPour plus d&rsquo;informations ou organiser une visite, n&rsquo;h\u00e9sitez pas \u00e0 me contacter.\\nR\u00e9f\u00e9rence agence : 4107&Prime;,\u00a0\u00bblink\u00a0\u00bb:\u00a0\u00bbhttps:\/\/www.bienici.com\/annonce\/ag773113-490982552&Prime;,\u00a0\u00bbguid\u00a0\u00bb:{\u00ab\u00a0@isPermaLink\u00a0\u00bb:\u00a0\u00bbfalse\u00a0\u00bb,\u00a0\u00bb#\u00a0\u00bb:\u00a0\u00bbe5f896eb9ae22a721a85431ece505e9761790760&Prime;},\u00a0\u00bbg:brand\u00a0\u00bb:\u00a0\u00bbBien ici\u00a0\u00bb,\u00a0\u00bbg:mpn\u00a0\u00bb:\u00a0\u00bbag773113-490982552&Prime;,\u00a0\u00bbg:google_product_category\u00a0\u00bb:\u00a0\u00bbMaison et jardin\u00a0\u00bb,\u00a0\u00bbg:product_type\u00a0\u00bb:\u00a0\u00bbMaison et jardin\u00a0\u00bb,\u00a0\u00bbg:shipping\u00a0\u00bb:{\u00ab\u00a0g:country\u00a0\u00bb:\u00a0\u00bbFR\u00a0\u00bb,\u00a0\u00bbg:price\u00a0\u00bb:\u00a0\u00bb0 EUR\u00a0\u00bb},\u00a0\u00bbg:availability\u00a0\u00bb:\u00a0\u00bben stock\u00a0\u00bb,\u00a0\u00bbg:condition\u00a0\u00bb:\u00a0\u00bboccasion\u00a0\u00bb,\u00a0\u00bbg:adType\u00a0\u00bb:\u00a0\u00bbbuy\u00a0\u00bb,\u00a0\u00bbg:propertyType\u00a0\u00bb:\u00a0\u00bbappartement\u00a0\u00bb,\u00a0\u00bbg:departement\u00a0\u00bb:\u00a0\u00bb77&Prime;,\u00a0\u00bbg:departement_name\u00a0\u00bb:\u00a0\u00bbSeine-et-Marne\u00a0\u00bb,\u00a0\u00bbg:in_the_departement_name\u00a0\u00bb:\u00a0\u00bben Seine-et-Marne\u00a0\u00bb,\u00a0\u00bbg:region_name\u00a0\u00bb:\u00a0\u00bbIle-de-France\u00a0\u00bb,\u00a0\u00bbg:in_the_region_name\u00a0\u00bb:\u00a0\u00bben Ile-de-France\u00a0\u00bb,\u00a0\u00bbg:old_region_name\u00a0\u00bb:\u00a0\u00bbIle-de-France\u00a0\u00bb,\u00a0\u00bbg:old_in_the_region_name\u00a0\u00bb:\u00a0\u00bben Ile-de-France\u00a0\u00bb,\u00a0\u00bbg:city\u00a0\u00bb:\u00a0\u00bbChaumes-en-Brie\u00a0\u00bb,\u00a0\u00bbg:in_city\u00a0\u00bb:\u00a0\u00bb\u00e0 Chaumes-en-Brie\u00a0\u00bb,\u00a0\u00bbg:postal_code\u00a0\u00bb:\u00a0\u00bb77390&Prime;,\u00a0\u00bbg:surfaceArea\u00a0\u00bb:\u00a0\u00bb35&Prime;,\u00a0\u00bbg:roomsQuantity\u00a0\u00bb:\u00a0\u00bb2&Prime;,\u00a0\u00bbg:bedroomsQuantity\u00a0\u00bb:\u00a0\u00bb1&Prime;,\u00a0\u00bbg:energyClassification\u00a0\u00bb:\u00a0\u00bbE\u00a0\u00bb,\u00a0\u00bbg:greenhouseGazClassification\u00a0\u00bb:\u00a0\u00bbB\u00a0\u00bb,\u00a0\u00bbg:parking\u00a0\u00bb:\u00a0\u00bbparking\u00a0\u00bb,\u00a0\u00bbg:id\u00a0\u00bb:\u00a0\u00bbe5f896eb9ae22a721a85431ece505e9761790760&Prime;,\u00a0\u00bbg:publicationDate\u00a0\u00bb:\u00a0\u00bb2025-09-27T14:30:47.388Z\u00a0\u00bb,\u00a0\u00bbg:modificationDate\u00a0\u00bb:\u00a0\u00bb2025-09-27T14:30:47.388Z\u00a0\u00bb,\u00a0\u00bbg:fees\u00a0\u00bb:\u00a0\u00bb7882&Prime;,\u00a0\u00bbg:customerId\u00a0\u00bb:\u00a0\u00bborpi-la-briarde-1711039764895&Prime;,\u00a0\u00bbg:price\u00a0\u00bb:\u00a0\u00bb133000 EUR\u00a0\u00bb,\u00a0\u00bbg:image_link\u00a0\u00bb:\u00a0\u00bbhttps:\/\/file.bienici.com\/photo\/ag773113-490982552_photos.ubiflow.net_773113_490982552_photos_1.jpg_INSOON_EB_5512801818_20250927155013&Prime;,\u00a0\u00bbg:additional_image_link\u00a0\u00bb:[\u00ab\u00a0https:\/\/file.bienici.com\/photo\/ag773113-490982552_photos.ubiflow.net_773113_490982552_photos_2.jpg_INSOON_EB_5512801818_20250927155013&Prime;,\u00a0\u00bbhttps:\/\/file.bienici.com\/photo\/ag773113-490982552_photos.ubiflow.net_773113_490982552_photos_3.jpg_INSOON_EB_5512801818_20250927155013&Prime;,\u00a0\u00bbhttps:\/\/file.bienici.com\/photo\/ag773113-490982552_photos.ubiflow.net_773113_490982552_photos_4.jpg_INSOON_EB_5512801818_20250927155013&Prime;,\u00a0\u00bbhttps:\/\/file.bienici.com\/photo\/ag773113-490982552_photos.ubiflow.net_773113_490982552_photos_5.jpg_INSOON_EB_5512801818_20250927155013&Prime;,\u00a0\u00bbhttps:\/\/file.bienici.com\/photo\/ag773113-490982552_photos.ubiflow.net_773113_490982552_photos_6.jpg_INSOON_EB_5512801818_20250927155013&Prime;,\u00a0\u00bbhttps:\/\/file.bienici.com\/photo\/ag773113-490982552_photos.ubiflow.net_773113_490982552_photos_7.jpg_INSOON_EB_5512801818_20250927155013&Prime;,\u00a0\u00bbhttps:\/\/file.bienici.com\/photo\/ag773113-490982552_photos.ubiflow.net_773113_490982552_photos_8.jpg_INSOON_EB_5512801818_20250927155013&Prime;,\u00a0\u00bbhttps:\/\/file.bienici.com\/photo\/ag773113-490982552_photos.ubiflow.net_773113_490982552_photos_9.jpg_INSOON_EB_5512801818_20250927155013&Prime;,\u00a0\u00bbhttps:\/\/file.bienici.com\/photo\/ag773113-490982552_photos.ubiflow.net_773113_490982552_photos_10.jpg_INSOON_EB_5512801818_20250927155013&Prime;],\u00a0\u00bbg:latitude\u00a0\u00bb:\u00a0\u00bb48.663771076774424&Prime;,\u00a0\u00bbg:longitude\u00a0\u00bb:\u00a0\u00bb2.849001014123658&Prime;},{\u00ab\u00a0title\u00a0\u00bb:\u00a0\u00bbMaison 3\u00a0pi\u00e8ces 62\u00a0m\u00b2\u00a0\u00bb,\u00a0\u00bbdescription\u00a0\u00bb:\u00a0\u00bbSitu\u00e9e \u00e0 seulement 14 minutes de Serris, cette maison construite en 2022 au sein d&rsquo;une r\u00e9sidence r\u00e9cente et s\u00e9curis\u00e9e allie modernit\u00e9, confort et luminosit\u00e9.\\n\\nAu rez-de-chauss\u00e9e, vous entrez dans un vaste espace ouvert o\u00f9 s&rsquo;harmonisent salon, salle \u00e0 manger et cuisine. Cette pi\u00e8ce de vie profite d&rsquo;une large baie vitr\u00e9e qui apporte une belle luminosit\u00e9 et cr\u00e9e une atmosph\u00e8re conviviale.\\n\\nAu 1er \u00e9tage, un palier distribue une grande chambre dot\u00e9e d&rsquo;un dressing int\u00e9gr\u00e9, une salle d&rsquo;eau avec WC et un espace buanderie astucieux. Chaque espace y est pens\u00e9 pour \u00eatre pratique et confortable, alliant rangement et circulation fluide.\\n\\nAu 2\u1d49 \u00e9tage, une seconde chambre avec sa salle d&rsquo;eau privative vous offre un v\u00e9ritable cocon ind\u00e9pendant, parfait pour une suite parentale, des invit\u00e9s ou un adolescent d\u00e9sirant son intimit\u00e9.\\n\\nLa maison b\u00e9n\u00e9ficie \u00e9galement d&rsquo;un agr\u00e9able ext\u00e9rieur, id\u00e9al pour profiter des beaux jours, se d\u00e9tendre ou organiser des barbecues en famille ou entre amis. Elle dispose \u00e9galement de deux places de stationnement priv\u00e9es, un r\u00e9el atout pour le confort quotidien.\\n\\nElle dispose enfin d&rsquo;un chauffage individuel, garantissant autonomie et ma\u00eetrise des co\u00fbts \u00e9nerg\u00e9tiques.\\n\\nId\u00e9alement situ\u00e9e, elle allie calme et accessibilit\u00e9 aux grands p\u00f4les d&rsquo;activit\u00e9s de la r\u00e9gion :\\n\\nMarles-en-Brie : environ 13 minutes en voiture.\\n\\nSerris : environ 14 minutes en voiture.\\n\\nMarne-la-Vall\u00e9e \u2013 Chessy : environ 15 minutes en voiture.\\n\\nDisneyland Paris (Disney Village \/ Parcs Disney) : environ 16 minutes en voiture.\\n\\n Une opportunit\u00e9 rare : confort, s\u00e9r\u00e9nit\u00e9, ext\u00e9rieur avec stationnement priv\u00e9 et proximit\u00e9 des commodit\u00e9s. \u00c0 d\u00e9couvrir sans tarder !\\n\\nPour plus d&rsquo;informations, contactez S\u00e9bastien LAURENS au (RSAC) du TC de Melun sous le num\u00e9ro: 891 982 811.\\nN&rsquo;h\u00e9sitez pas \u00e0 consulter le site G\u00e9orisques pour plus de d\u00e9tails sur les risques li\u00e9s \u00e0 ce bien : www.georisques.gouv.fr\\nR\u00e9f\u00e9rence agence : 7259&Prime;,\u00a0\u00bblink\u00a0\u00bb:\u00a0\u00bbhttps:\/\/www.bienici.com\/annonce\/ag773148-490980734&Prime;,\u00a0\u00bbguid\u00a0\u00bb:{\u00ab\u00a0@isPermaLink\u00a0\u00bb:\u00a0\u00bbfalse\u00a0\u00bb,\u00a0\u00bb#\u00a0\u00bb:\u00a0\u00bbfaa7daa70eaf2f0a7228dbc09fd284634ce0937c\u00a0\u00bb},\u00a0\u00bbg:brand\u00a0\u00bb:\u00a0\u00bbBien ici\u00a0\u00bb,\u00a0\u00bbg:mpn\u00a0\u00bb:\u00a0\u00bbag773148-490980734&Prime;,\u00a0\u00bbg:google_product_category\u00a0\u00bb:\u00a0\u00bbMaison et jardin\u00a0\u00bb,\u00a0\u00bbg:product_type\u00a0\u00bb:\u00a0\u00bbMaison et jardin\u00a0\u00bb,\u00a0\u00bbg:shipping\u00a0\u00bb:{\u00ab\u00a0g:country\u00a0\u00bb:\u00a0\u00bbFR\u00a0\u00bb,\u00a0\u00bbg:price\u00a0\u00bb:\u00a0\u00bb0 EUR\u00a0\u00bb},\u00a0\u00bbg:availability\u00a0\u00bb:\u00a0\u00bben stock\u00a0\u00bb,\u00a0\u00bbg:condition\u00a0\u00bb:\u00a0\u00bboccasion\u00a0\u00bb,\u00a0\u00bbg:adType\u00a0\u00bb:\u00a0\u00bbbuy\u00a0\u00bb,\u00a0\u00bbg:propertyType\u00a0\u00bb:\u00a0\u00bbmaisonvilla\u00a0\u00bb,\u00a0\u00bbg:departement\u00a0\u00bb:\u00a0\u00bb77&Prime;,\u00a0\u00bbg:departement_name\u00a0\u00bb:\u00a0\u00bbSeine-et-Marne\u00a0\u00bb,\u00a0\u00bbg:in_the_departement_name\u00a0\u00bb:\u00a0\u00bben Seine-et-Marne\u00a0\u00bb,\u00a0\u00bbg:region_name\u00a0\u00bb:\u00a0\u00bbIle-de-France\u00a0\u00bb,\u00a0\u00bbg:in_the_region_name\u00a0\u00bb:\u00a0\u00bben Ile-de-France\u00a0\u00bb,\u00a0\u00bbg:old_region_name\u00a0\u00bb:\u00a0\u00bbIle-de-France\u00a0\u00bb,\u00a0\u00bbg:old_in_the_region_name\u00a0\u00bb:\u00a0\u00bben Ile-de-France\u00a0\u00bb,\u00a0\u00bbg:city\u00a0\u00bb:\u00a0\u00bbSerris\u00a0\u00bb,\u00a0\u00bbg:in_city\u00a0\u00bb:\u00a0\u00bb\u00e0 Serris\u00a0\u00bb,\u00a0\u00bbg:postal_code\u00a0\u00bb:\u00a0\u00bb77700&Prime;,\u00a0\u00bbg:surfaceArea\u00a0\u00bb:\u00a0\u00bb62&Prime;,\u00a0\u00bbg:roomsQuantity\u00a0\u00bb:\u00a0\u00bb3&Prime;,\u00a0\u00bbg:bedroomsQuantity\u00a0\u00bb:\u00a0\u00bb2&Prime;,\u00a0\u00bbg:energyClassification\u00a0\u00bb:\u00a0\u00bbC\u00a0\u00bb,\u00a0\u00bbg:greenhouseGazClassification\u00a0\u00bb:\u00a0\u00bbC\u00a0\u00bb,\u00a0\u00bbg:id\u00a0\u00bb:\u00a0\u00bbfaa7daa70eaf2f0a7228dbc09fd284634ce0937c\u00a0\u00bb,\u00a0\u00bbg:publicationDate\u00a0\u00bb:\u00a0\u00bb2025-09-27T14:30:42.717Z\u00a0\u00bb,\u00a0\u00bbg:modificationDate\u00a0\u00bb:\u00a0\u00bb2025-09-27T14:30:42.717Z\u00a0\u00bb,\u00a0\u00bbg:customerId\u00a0\u00bb:\u00a0\u00bborpi-1-agence-de-l-eglise-jouy-1711039766685&Prime;,\u00a0\u00bbg:price\u00a0\u00bb:\u00a0\u00bb259350 EUR\u00a0\u00bb,\u00a0\u00bbg:image_link\u00a0\u00bb:\u00a0\u00bbhttps:\/\/file.bienici.com\/photo\/ag773148-490980734_photos.ubiflow.net_773148_490980734_photos_1.jpg_INSOON_EB_5512801818_20250927152800&Prime;,\u00a0\u00bbg:additional_image_link\u00a0\u00bb:[\u00ab\u00a0https:\/\/file.bienici.com\/photo\/ag773148-490980734_photos.ubiflow.net_773148_490980734_photos_2.jpg_INSOON_EB_5512801818_20250927152800&Prime;,\u00a0\u00bbhttps:\/\/file.bienici.com\/photo\/ag773148-490980734_photos.ubiflow.net_773148_490980734_photos_3.jpg_INSOON_EB_5512801818_20250927152800&Prime;,\u00a0\u00bbhttps:\/\/file.bienici.com\/photo\/ag773148-490980734_photos.ubiflow.net_773148_490980734_photos_4.jpg_INSOON_EB_5512801818_20250927152800&Prime;,\u00a0\u00bbhttps:\/\/file.bienici.com\/photo\/ag773148-490980734_photos.ubiflow.net_773148_490980734_photos_5.jpg_INSOON_EB_5512801818_20250927152800&Prime;,\u00a0\u00bbhttps:\/\/file.bienici.com\/photo\/ag773148-490980734_photos.ubiflow.net_773148_490980734_photos_6.jpg_INSOON_EB_5512801818_20250927152800&Prime;,\u00a0\u00bbhttps:\/\/file.bienici.com\/photo\/ag773148-490980734_photos.ubiflow.net_773148_490980734_photos_7.jpg_INSOON_EB_5512801818_20250927152800&Prime;,\u00a0\u00bbhttps:\/\/file.bienici.com\/photo\/ag773148-490980734_photos.ubiflow.net_773148_490980734_photos_8.jpg_INSOON_EB_5512801818_20250927152800&Prime;,\u00a0\u00bbhttps:\/\/file.bienici.com\/photo\/ag773148-490980734_photos.ubiflow.net_773148_490980734_photos_9.jpg_INSOON_EB_5512801818_20250927152800&Prime;,\u00a0\u00bbhttps:\/\/file.bienici.com\/photo\/ag773148-490980734_photos.ubiflow.net_773148_490980734_photos_10.jpg_INSOON_EB_5512801818_20250927152800&Prime;],\u00a0\u00bbg:latitude\u00a0\u00bb:\u00a0\u00bb48.84831718257429&Prime;,\u00a0\u00bbg:longitude\u00a0\u00bb:\u00a0\u00bb2.7910188127571542&Prime;},{\u00ab\u00a0title\u00a0\u00bb:\u00a0\u00bbMaison 3\u00a0pi\u00e8ces 62\u00a0m\u00b2\u00a0\u00bb,\u00a0\u00bbdescription\u00a0\u00bb:\u00a0\u00bbConstruite en 2022 au sein d&rsquo;une r\u00e9sidence r\u00e9cente et s\u00e9curis\u00e9e, cette maison allie modernit\u00e9, confort et luminosit\u00e9.\\n\\nAu rez-de-chauss\u00e9e, vous entrez dans un vaste espace ouvert o\u00f9 s&rsquo;harmonisent salon, salle \u00e0 manger et cuisine. Cette pi\u00e8ce de vie profite d&rsquo;une large baie vitr\u00e9e qui apporte une belle luminosit\u00e9 et cr\u00e9e une atmosph\u00e8re conviviale.\\n\\nAu 1er \u00e9tage, un palier distribue une grande chambre dot\u00e9e d&rsquo;un dressing int\u00e9gr\u00e9, une salle d&rsquo;eau avec WC et un espace buanderie astucieux. Chaque espace y est pens\u00e9 pour \u00eatre pratique et confortable, alliant rangement et circulation fluide.\\n\\nAu 2\u1d49 \u00e9tage, une seconde chambre avec sa salle d&rsquo;eau privative vous offre un v\u00e9ritable cocon ind\u00e9pendant, parfait pour une suite parentale, des invit\u00e9s ou un adolescent d\u00e9sirant son intimit\u00e9.\\n\\nLa maison b\u00e9n\u00e9ficie \u00e9galement d&rsquo;un agr\u00e9able ext\u00e9rieur, id\u00e9al pour profiter des beaux jours, se d\u00e9tendre ou organiser des barbecues en famille ou entre amis. Elle dispose \u00e9galement de deux places de stationnement priv\u00e9es, un r\u00e9el atout pour le confort quotidien.\\n\\nElle dispose enfin d&rsquo;un chauffage individuel, garantissant autonomie et ma\u00eetrise des co\u00fbts \u00e9nerg\u00e9tiques.\\n\\nId\u00e9alement situ\u00e9e, elle allie calme et accessibilit\u00e9 aux grands p\u00f4les d&rsquo;activit\u00e9s de la r\u00e9gion :\\n\\nMarles-en-Brie : environ 13 minutes en voiture.\\n\\nSerris : environ 14 minutes en voiture.\\n\\nMarne-la-Vall\u00e9e \u2013 Chessy : environ 15 minutes en voiture.\\n\\nDisneyland Paris (Disney Village \/ Parcs Disney) : environ 16 minutes en voiture.\\n\\n Une opportunit\u00e9 rare : confort, s\u00e9r\u00e9nit\u00e9, ext\u00e9rieur et proximit\u00e9 des commodit\u00e9s. \u00c0 d\u00e9couvrir sans tarder !\\n\\nPour plus d&rsquo;informations, contactez S\u00e9bastien LAURENS au (RSAC) du TC de Melun sous le num\u00e9ro: 891 982 811.\\nN&rsquo;h\u00e9sitez pas \u00e0 consulter le site G\u00e9orisques pour plus de d\u00e9tails sur les risques li\u00e9s \u00e0 ce bien : www.georisques.gouv.fr\\nR\u00e9f\u00e9rence agence : 7259&Prime;,\u00a0\u00bblink\u00a0\u00bb:\u00a0\u00bbhttps:\/\/www.bienici.com\/annonce\/ag773148-490980485&Prime;,\u00a0\u00bbguid\u00a0\u00bb:{\u00ab\u00a0@isPermaLink\u00a0\u00bb:\u00a0\u00bbfalse\u00a0\u00bb,\u00a0\u00bb#\u00a0\u00bb:\u00a0\u00bb6f1b35496d89112f2a5b61ea88fde2f3a7a315b7&Prime;},\u00a0\u00bbg:brand\u00a0\u00bb:\u00a0\u00bbBien ici\u00a0\u00bb,\u00a0\u00bbg:mpn\u00a0\u00bb:\u00a0\u00bbag773148-490980485&Prime;,\u00a0\u00bbg:google_product_category\u00a0\u00bb:\u00a0\u00bbMaison et jardin\u00a0\u00bb,\u00a0\u00bbg:product_type\u00a0\u00bb:\u00a0\u00bbMaison et jardin\u00a0\u00bb,\u00a0\u00bbg:shipping\u00a0\u00bb:{\u00ab\u00a0g:country\u00a0\u00bb:\u00a0\u00bbFR\u00a0\u00bb,\u00a0\u00bbg:price\u00a0\u00bb:\u00a0\u00bb0 EUR\u00a0\u00bb},\u00a0\u00bbg:availability\u00a0\u00bb:\u00a0\u00bben stock\u00a0\u00bb,\u00a0\u00bbg:condition\u00a0\u00bb:\u00a0\u00bboccasion\u00a0\u00bb,\u00a0\u00bbg:adType\u00a0\u00bb:\u00a0\u00bbbuy\u00a0\u00bb,\u00a0\u00bbg:propertyType\u00a0\u00bb:\u00a0\u00bbmaisonvilla\u00a0\u00bb,\u00a0\u00bbg:departement\u00a0\u00bb:\u00a0\u00bb77&Prime;,\u00a0\u00bbg:departement_name\u00a0\u00bb:\u00a0\u00bbSeine-et-Marne\u00a0\u00bb,\u00a0\u00bbg:in_the_departement_name\u00a0\u00bb:\u00a0\u00bben Seine-et-Marne\u00a0\u00bb,\u00a0\u00bbg:region_name\u00a0\u00bb:\u00a0\u00bbIle-de-France\u00a0\u00bb,\u00a0\u00bbg:in_the_region_name\u00a0\u00bb:\u00a0\u00bben Ile-de-France\u00a0\u00bb,\u00a0\u00bbg:old_region_name\u00a0\u00bb:\u00a0\u00bbIle-de-France\u00a0\u00bb,\u00a0\u00bbg:old_in_the_region_name\u00a0\u00bb:\u00a0\u00bben Ile-de-France\u00a0\u00bb,\u00a0\u00bbg:city\u00a0\u00bb:\u00a0\u00bbNeufmoutiers-en-Brie\u00a0\u00bb,\u00a0\u00bbg:in_city\u00a0\u00bb:\u00a0\u00bb\u00e0 Neufmoutiers-en-Brie\u00a0\u00bb,\u00a0\u00bbg:postal_code\u00a0\u00bb:\u00a0\u00bb77610&Prime;,\u00a0\u00bbg:surfaceArea\u00a0\u00bb:\u00a0\u00bb62&Prime;,\u00a0\u00bbg:roomsQuantity\u00a0\u00bb:\u00a0\u00bb3&Prime;,\u00a0\u00bbg:bedroomsQuantity\u00a0\u00bb:\u00a0\u00bb2&Prime;,\u00a0\u00bbg:energyClassification\u00a0\u00bb:\u00a0\u00bbC\u00a0\u00bb,\u00a0\u00bbg:greenhouseGazClassification\u00a0\u00bb:\u00a0\u00bbC\u00a0\u00bb,\u00a0\u00bbg:id\u00a0\u00bb:\u00a0\u00bb6f1b35496d89112f2a5b61ea88fde2f3a7a315b7&Prime;,\u00a0\u00bbg:publicationDate\u00a0\u00bb:\u00a0\u00bb2025-09-27T14:30:42.717Z\u00a0\u00bb,\u00a0\u00bbg:modificationDate\u00a0\u00bb:\u00a0\u00bb2025-09-27T14:30:42.717Z\u00a0\u00bb,\u00a0\u00bbg:customerId\u00a0\u00bb:\u00a0\u00bborpi-1-agence-de-l-eglise-jouy-1711039766685&Prime;,\u00a0\u00bbg:price\u00a0\u00bb:\u00a0\u00bb259350 EUR\u00a0\u00bb,\u00a0\u00bbg:image_link\u00a0\u00bb:\u00a0\u00bbhttps:\/\/file.bienici.com\/photo\/ag773148-490980485_photos.ubiflow.net_773148_490980485_photos_1.jpg_INSOON_EB_5512801818_20250927152534&Prime;,\u00a0\u00bbg:additional_image_link\u00a0\u00bb:[\u00ab\u00a0https:\/\/file.bienici.com\/photo\/ag773148-490980485_photos.ubiflow.net_773148_490980485_photos_2.jpg_INSOON_EB_5512801818_20250927152534&Prime;,\u00a0\u00bbhttps:\/\/file.bienici.com\/photo\/ag773148-490980485_photos.ubiflow.net_773148_490980485_photos_3.jpg_INSOON_EB_5512801818_20250927152534&Prime;,\u00a0\u00bbhttps:\/\/file.bienici.com\/photo\/ag773148-490980485_photos.ubiflow.net_773148_490980485_photos_4.jpg_INSOON_EB_5512801818_20250927152534&Prime;,\u00a0\u00bbhttps:\/\/file.bienici.com\/photo\/ag773148-490980485_photos.ubiflow.net_773148_490980485_photos_5.jpg_INSOON_EB_5512801818_20250927152534&Prime;,\u00a0\u00bbhttps:\/\/file.bienici.com\/photo\/ag773148-490980485_photos.ubiflow.net_773148_490980485_photos_6.jpg_INSOON_EB_5512801818_20250927152534&Prime;,\u00a0\u00bbhttps:\/\/file.bienici.com\/photo\/ag773148-490980485_photos.ubiflow.net_773148_490980485_photos_7.jpg_INSOON_EB_5512801818_20250927152534&Prime;,\u00a0\u00bbhttps:\/\/file.bienici.com\/photo\/ag773148-490980485_photos.ubiflow.net_773148_490980485_photos_8.jpg_INSOON_EB_5512801818_20250927152534&Prime;,\u00a0\u00bbhttps:\/\/file.bienici.com\/photo\/ag773148-490980485_photos.ubiflow.net_773148_490980485_photos_9.jpg_INSOON_EB_5512801818_20250927152534&Prime;,\u00a0\u00bbhttps:\/\/file.bienici.com\/photo\/ag773148-490980485_photos.ubiflow.net_773148_490980485_photos_10.jpg_INSOON_EB_5512801818_20250927152534&Prime;],\u00a0\u00bbg:latitude\u00a0\u00bb:\u00a0\u00bb48.764347406403154&Prime;,\u00a0\u00bbg:longitude\u00a0\u00bb:\u00a0\u00bb2.830848938465994&Prime;}],\u00a0\u00bbtitle\u00a0\u00bb:\u00a0\u00bbAds from Bien ici\u00a0\u00bb,\u00a0\u00bbdescription\u00a0\u00bb:\u00a0\u00bbReal estate ads catalogue\u00a0\u00bb,\u00a0\u00bblink\u00a0\u00bb:\u00a0\u00bbhttps:\/\/www.bienici.com\u00a0\u00bb,\u00a0\u00bbgenerator\u00a0\u00bb:\u00a0\u00bb\u00a0\u00bb,\u00a0\u00bblastBuildDate\u00a0\u00bb:\u00a0\u00bbSat, 27 Sep 2025 14:51:41 GMT\u00a0\u00bb},\u00a0\u00bb@xmlns:g\u00a0\u00bb:\u00a0\u00bbhttp:\/\/base.google.com\/ns\/1.0&Prime;,\u00a0\u00bb@xmlns:atom\u00a0\u00bb:\u00a0\u00bbhttp:\/\/www.w3.org\/2005\/Atom\u00a0\u00bb,\u00a0\u00bb@xmlns:content\u00a0\u00bb:\u00a0\u00bbhttp:\/\/purl.org\/rss\/1.0\/modules\/content\/\u00a0\u00bb,\u00a0\u00bb@xmlns:dc\u00a0\u00bb:\u00a0\u00bbhttp:\/\/purl.org\/dc\/elements\/1.1\/\u00a0\u00bb,\u00a0\u00bb_id\u00a0\u00bb:\u00a0\u00bb9690aefee32f48a85cc285e8b147158421eda99b1f258d49df099adb7d42497c\u00a0\u00bb},\u00a0\u00bbexpires\u00a0\u00bb:1759065635571,\u00a0\u00bblastModified\u00a0\u00bb:1759065035319}},\u00a0\u00bbdynamic-surfooter\u00a0\u00bb:{\u00ab\u00a0{\\\u00a0\u00bbtag\\\u00a0\u00bb:\\\u00a0\u00bb\/faits-divers\\\u00a0\u00bb}\u00a0\u00bb:{\u00ab\u00a0data\u00a0\u00bb:{\u00ab\u00a0data\u00a0\u00bb:[{\u00ab\u00a0id\u00a0\u00bb:\u00a0\u00bbffd9fd90-edc2-4a93-839d-2bdc3b1b3e64&Prime;,\u00a0\u00bbdata\u00a0\u00bb:{\u00ab\u00a0seoLinks\u00a0\u00bb:[[{\u00ab\u00a0name\u00a0\u00bb:\u00a0\u00bbDossiers d\u2019actualit\u00e9\u00a0\u00bb,\u00a0\u00bbseo\u00a0\u00bb:[{\u00ab\u00a0url\u00a0\u00bb:\u00a0\u00bbhttps:\/\/www.leparisien.fr\/international\/etats-unis\/donald-trump\/\u00a0\u00bb,\u00a0\u00bblabel\u00a0\u00bb:\u00a0\u00bbDonald Trump\u00a0\u00bb},{\u00ab\u00a0url\u00a0\u00bb:\u00a0\u00bbhttps:\/\/www.leparisien.fr\/international\/ukraine\/\u00a0\u00bb,\u00a0\u00bblabel\u00a0\u00bb:\u00a0\u00bbGuerre en Ukraine\u00a0\u00bb},{\u00ab\u00a0url\u00a0\u00bb:\u00a0\u00bbhttps:\/\/www.leparisien.fr\/international\/israel\/\u00a0\u00bb,\u00a0\u00bblabel\u00a0\u00bb:\u00a0\u00bbGuerre au Proche-Orient\u00a0\u00bb},{\u00ab\u00a0url\u00a0\u00bb:\u00a0\u00bbhttps:\/\/www.leparisien.fr\/faits-divers\/affaire-frederic-pechier\/\u00a0\u00bb,\u00a0\u00bblabel\u00a0\u00bb:\u00a0\u00bbProc\u00e8s de Fr\u00e9d\u00e9ric P\u00e9chier\u00a0\u00bb},{\u00ab\u00a0url\u00a0\u00bb:\u00a0\u00bbhttps:\/\/www.leparisien.fr\/affaire-delphine-jubillar\/\u00a0\u00bb,\u00a0\u00bblabel\u00a0\u00bb:\u00a0\u00bbProc\u00e8s Jubillar\u00a0\u00bb},{\u00ab\u00a0url\u00a0\u00bb:\u00a0\u00bbhttps:\/\/www.leparisien.fr\/pouvoir-d-achat\/\u00a0\u00bb,\u00a0\u00bblabel\u00a0\u00bb:\u00a0\u00bbPouvoir d&rsquo;achat\u00a0\u00bb},{\u00ab\u00a0url\u00a0\u00bb:\u00a0\u00bbhttps:\/\/www.leparisien.fr\/dans-les-comptes-des-francais\/\u00a0\u00bb,\u00a0\u00bblabel\u00a0\u00bb:\u00a0\u00bbDans les comptes\u00a0\u00bb},{\u00ab\u00a0url\u00a0\u00bb:\u00a0\u00bbhttps:\/\/www.leparisien.fr\/dans-le-lit-des-francais\/\u00a0\u00bb,\u00a0\u00bblabel\u00a0\u00bb:\u00a0\u00bbDans le lit \u00ab\u00a0},{\u00ab\u00a0url\u00a0\u00bb:\u00a0\u00bbhttps:\/\/www.leparisien.fr\/dans-la-tete-des-francais\/\u00a0\u00bb,\u00a0\u00bblabel\u00a0\u00bb:\u00a0\u00bbDans la t\u00eate\u00a0\u00bb},{\u00ab\u00a0url\u00a0\u00bb:\u00a0\u00bbhttps:\/\/www.leparisien.fr\/societe\/dans-la-nouvelle-vie-des-francais\/\u00a0\u00bb,\u00a0\u00bblabel\u00a0\u00bb:\u00a0\u00bbDans la nouvelle vie\u00a0\u00bb},{\u00ab\u00a0url\u00a0\u00bb:\u00a0\u00bbhttps:\/\/www.leparisien.fr\/intime\/dans-le-secret-du-couple\/\u00a0\u00bb,\u00a0\u00bblabel\u00a0\u00bb:\u00a0\u00bbDans le secret du couple\u00a0\u00bb},{\u00ab\u00a0url\u00a0\u00bb:\u00a0\u00bbhttps:\/\/www.leparisien.fr\/societe\/dans-le-coeur\/\u00a0\u00bb,\u00a0\u00bblabel\u00a0\u00bb:\u00a0\u00bbDans le c\u0153ur\u00a0\u00bb}]}],[{\u00ab\u00a0name\u00a0\u00bb:\u00a0\u00bbSports\u00a0\u00bb,\u00a0\u00bbseo\u00a0\u00bb:[{\u00ab\u00a0url\u00a0\u00bb:\u00a0\u00bbhttps:\/\/www.leparisien.fr\/sports\/football\/psg\/\u00a0\u00bb,\u00a0\u00bblabel\u00a0\u00bb:\u00a0\u00bbPSG\u00a0\u00bb},{\u00ab\u00a0url\u00a0\u00bb:\u00a0\u00bbhttps:\/\/www.leparisien.fr\/sports\/football\/ligue-des-champions\/\u00a0\u00bb,\u00a0\u00bblabel\u00a0\u00bb:\u00a0\u00bbLigue des champions\u00a0\u00bb},{\u00ab\u00a0url\u00a0\u00bb:\u00a0\u00bbhttps:\/\/www.leparisien.fr\/sports\/football\/ligue-1\/\u00a0\u00bb,\u00a0\u00bblabel\u00a0\u00bb:\u00a0\u00bbLigue 1&Prime;},{\u00ab\u00a0url\u00a0\u00bb:\u00a0\u00bbhttps:\/\/www.leparisien.fr\/sports\/football\/paris-fc\/\u00a0\u00bb,\u00a0\u00bblabel\u00a0\u00bb:\u00a0\u00bbParis FC\u00a0\u00bb},{\u00ab\u00a0url\u00a0\u00bb:\u00a0\u00bbhttps:\/\/www.leparisien.fr\/sports\/football\/ousmane-dembele\/\u00a0\u00bb,\u00a0\u00bblabel\u00a0\u00bb:\u00a0\u00bbOusmane Demb\u00e9l\u00e9\u00a0\u00bb},{\u00ab\u00a0url\u00a0\u00bb:\u00a0\u00bbhttps:\/\/www.leparisien.fr\/sports\/football\/kylian-mbappe\/\u00a0\u00bb,\u00a0\u00bblabel\u00a0\u00bb:\u00a0\u00bbKylian Mbapp\u00e9\u00a0\u00bb},{\u00ab\u00a0url\u00a0\u00bb:\u00a0\u00bbhttps:\/\/www.leparisien.fr\/sports\/football\/equipe-de-france\/\u00a0\u00bb,\u00a0\u00bblabel\u00a0\u00bb:\u00a0\u00bb\u00c9quipe de France de football\u00a0\u00bb},{\u00ab\u00a0url\u00a0\u00bb:\u00a0\u00bbhttps:\/\/www.leparisien.fr\/sports\/football\/coupe-d-afrique-des-nations\/\u00a0\u00bb,\u00a0\u00bblabel\u00a0\u00bb:\u00a0\u00bbCAN 2025&Prime;},{\u00ab\u00a0url\u00a0\u00bb:\u00a0\u00bbhttps:\/\/www.leparisien.fr\/sports\/basket\/victor-wembanyama\/\u00a0\u00bb,\u00a0\u00bblabel\u00a0\u00bb:\u00a0\u00bbVictor Wembanyama\u00a0\u00bb},{\u00ab\u00a0url\u00a0\u00bb:\u00a0\u00bbhttps:\/\/www.leparisien.fr\/sports\/leon-marchand\/\u00a0\u00bb,\u00a0\u00bblabel\u00a0\u00bb:\u00a0\u00bbL\u00e9on Marchand\u00a0\u00bb}]}],[{\u00ab\u00a0name\u00a0\u00bb:\u00a0\u00bbPolitique\u00a0\u00bb,\u00a0\u00bbseo\u00a0\u00bb:[{\u00ab\u00a0url\u00a0\u00bb:\u00a0\u00bbhttps:\/\/www.leparisien.fr\/politique\/emmanuel-macron\/\u00a0\u00bb,\u00a0\u00bblabel\u00a0\u00bb:\u00a0\u00bbEmmanuel Macron\u00a0\u00bb},{\u00ab\u00a0url\u00a0\u00bb:\u00a0\u00bbhttps:\/\/www.leparisien.fr\/politique\/sebastien-lecornu\/\u00a0\u00bb,\u00a0\u00bblabel\u00a0\u00bb:\u00a0\u00bbS\u00e9bastien Lecornu\u00a0\u00bb},{\u00ab\u00a0url\u00a0\u00bb:\u00a0\u00bbhttps:\/\/www.leparisien.fr\/resultats-elections\/\u00a0\u00bb,\u00a0\u00bblabel\u00a0\u00bb:\u00a0\u00bbR\u00e9sultats \u00e9lections\u00a0\u00bb},{\u00ab\u00a0url\u00a0\u00bb:\u00a0\u00bbhttps:\/\/www.leparisien.fr\/elections\/municipales\/\u00a0\u00bb,\u00a0\u00bblabel\u00a0\u00bb:\u00a0\u00bbMunicipales 2026&Prime;},{\u00ab\u00a0url\u00a0\u00bb:\u00a0\u00bbhttps:\/\/www.leparisien.fr\/elections\/presidentielle\/\u00a0\u00bb,\u00a0\u00bblabel\u00a0\u00bb:\u00a0\u00bbPr\u00e9sidentielle 2027&Prime;}]},{\u00ab\u00a0name\u00a0\u00bb:\u00a0\u00bb\u00c9tudiant\u00a0\u00bb,\u00a0\u00bbseo\u00a0\u00bb:[{\u00ab\u00a0url\u00a0\u00bb:\u00a0\u00bbhttps:\/\/www.leparisien.fr\/etudiant\/etudes\/\u00a0\u00bb,\u00a0\u00bblabel\u00a0\u00bb:\u00a0\u00bbEnseignement sup\u00e9rieur\u00a0\u00bb},{\u00ab\u00a0url\u00a0\u00bb:\u00a0\u00bbhttps:\/\/www.leparisien.fr\/etudiant\/lycee\/\u00a0\u00bb,\u00a0\u00bblabel\u00a0\u00bb:\u00a0\u00bbLyc\u00e9e\u00a0\u00bb},{\u00ab\u00a0url\u00a0\u00bb:\u00a0\u00bbhttps:\/\/www.leparisien.fr\/etudiant\/college\/\u00a0\u00bb,\u00a0\u00bblabel\u00a0\u00bb:\u00a0\u00bbColl\u00e8ge\u00a0\u00bb},{\u00ab\u00a0url\u00a0\u00bb:\u00a0\u00bbhttps:\/\/www.leparisien.fr\/etudiant\/guide-metiers\/\u00a0\u00bb,\u00a0\u00bblabel\u00a0\u00bb:\u00a0\u00bbGuide m\u00e9tier\u00a0\u00bb},{\u00ab\u00a0url\u00a0\u00bb:\u00a0\u00bbhttps:\/\/www.leparisien.fr\/etudiant\/vie-etudiante\/\u00a0\u00bb,\u00a0\u00bblabel\u00a0\u00bb:\u00a0\u00bbVie \u00e9tudiante\u00a0\u00bb},{\u00ab\u00a0url\u00a0\u00bb:\u00a0\u00bbhttps:\/\/www.leparisien.fr\/etudiant\/sortir\/\u00a0\u00bb,\u00a0\u00bblabel\u00a0\u00bb:\u00a0\u00bbAgenda sorties\u00a0\u00bb},{\u00ab\u00a0url\u00a0\u00bb:\u00a0\u00bbhttps:\/\/www.leparisien.fr\/etudiant\/jobs-stages\/\u00a0\u00bb,\u00a0\u00bblabel\u00a0\u00bb:\u00a0\u00bbJobs Stages\u00a0\u00bb},{\u00ab\u00a0url\u00a0\u00bb:\u00a0\u00bbhttps:\/\/www.leparisien.fr\/etudiant\/sortir\/paris\/halloween\/\u00a0\u00bb,\u00a0\u00bblabel\u00a0\u00bb:\u00a0\u00bbHalloween 2025&Prime;}]}],[{\u00ab\u00a0name\u00a0\u00bb:\u00a0\u00bbPodcasts &#038; Vid\u00e9os\u00a0\u00bb,\u00a0\u00bbseo\u00a0\u00bb:[{\u00ab\u00a0url\u00a0\u00bb:\u00a0\u00bbhttps:\/\/www.leparisien.fr\/podcasts\/crime-story\/\u00a0\u00bb,\u00a0\u00bblabel\u00a0\u00bb:\u00a0\u00bbCrime Story\u00a0\u00bb},{\u00ab\u00a0url\u00a0\u00bb:\u00a0\u00bbhttps:\/\/www.leparisien.fr\/podcasts\/code-source\/\u00a0\u00bb,\u00a0\u00bblabel\u00a0\u00bb:\u00a0\u00bbCode source\u00a0\u00bb}]},{\u00ab\u00a0name\u00a0\u00bb:null,\u00a0\u00bbseo\u00a0\u00bb:[{\u00ab\u00a0url\u00a0\u00bb:\u00a0\u00bbhttps:\/\/www.leparisien.fr\/food-checking\/\u00a0\u00bb,\u00a0\u00bblabel\u00a0\u00bb:\u00a0\u00bbFood-checking\u00a0\u00bb},{\u00ab\u00a0url\u00a0\u00bb:\u00a0\u00bbhttps:\/\/www.leparisien.fr\/biclou\/\u00a0\u00bb,\u00a0\u00bblabel\u00a0\u00bb:\u00a0\u00bbBiclou\u00a0\u00bb}]},{\u00ab\u00a0name\u00a0\u00bb:\u00a0\u00bbActus services\u00a0\u00bb,\u00a0\u00bbseo\u00a0\u00bb:[{\u00ab\u00a0url\u00a0\u00bb:\u00a0\u00bbhttps:\/\/www.leparisien.fr\/guide-shopping\/bon-plan\/\u00a0\u00bb,\u00a0\u00bblabel\u00a0\u00bb:\u00a0\u00bbBons Plans\u00a0\u00bb},{\u00ab\u00a0url\u00a0\u00bb:\u00a0\u00bbhttps:\/\/www.leparisien.fr\/guide-shopping\/selection-guide\/\u00a0\u00bb,\u00a0\u00bblabel\u00a0\u00bb:\u00a0\u00bbS\u00e9lection du Guide d&rsquo;achat\u00a0\u00bb},{\u00ab\u00a0url\u00a0\u00bb:\u00a0\u00bbhttps:\/\/www.leparisien.fr\/meteo\/\u00a0\u00bb,\u00a0\u00bblabel\u00a0\u00bb:\u00a0\u00bbM\u00e9t\u00e9o\u00a0\u00bb}]}]]},\u00a0\u00bbname\u00a0\u00bb:\u00a0\u00bbdefault_footer\u00a0\u00bb,\u00a0\u00bbtype\u00a0\u00bb:\u00a0\u00bbfooter\u00a0\u00bb,\u00a0\u00bbdevice\u00a0\u00bb:\u00a0\u00bbweb\u00a0\u00bb,\u00a0\u00bbtags\u00a0\u00bb:[\u00ab\u00a0https:\/\/www.leparisien.fr\/\u00a0\u00bb]}],\u00a0\u00bb_id\u00a0\u00bb:\u00a0\u00bb508f6dfe18c759d067185a09a2807b9cf2e88ff86e5ff1e1e67f5073c8c15c3f\u00a0\u00bb},\u00a0\u00bbexpires\u00a0\u00bb:1759066808401,\u00a0\u00bblastModified\u00a0\u00bb:1759065008337}}};Fusion.layout=\u00a0\u00bbarticle-layout\u00a0\u00bb;Fusion.metas={};Fusion.outputType=\u00a0\u00bbdefault\u00a0\u00bb;Fusion.template=\u00a0\u00bbtemplate\/article\u00a0\u00bb;Fusion.tree={\u00ab\u00a0collection\u00a0\u00bb:\u00a0\u00bblayouts\u00a0\u00bb,\u00a0\u00bbtype\u00a0\u00bb:\u00a0\u00bbarticle-layout\u00a0\u00bb,\u00a0\u00bbprops\u00a0\u00bb:{\u00ab\u00a0collection\u00a0\u00bb:\u00a0\u00bblayouts\u00a0\u00bb,\u00a0\u00bbtype\u00a0\u00bb:\u00a0\u00bbarticle-layout\u00a0\u00bb,\u00a0\u00bbid\u00a0\u00bb:\u00a0\u00bbarticle-layout\u00a0\u00bb,\u00a0\u00bbchildProps\u00a0\u00bb:[{\u00ab\u00a0collection\u00a0\u00bb:\u00a0\u00bbsections\u00a0\u00bb,\u00a0\u00bbid\u00a0\u00bb:0},{\u00ab\u00a0collection\u00a0\u00bb:\u00a0\u00bbsections\u00a0\u00bb,\u00a0\u00bbid\u00a0\u00bb:1},{\u00ab\u00a0collection\u00a0\u00bb:\u00a0\u00bbsections\u00a0\u00bb,\u00a0\u00bbid\u00a0\u00bb:2},{\u00ab\u00a0collection\u00a0\u00bb:\u00a0\u00bbsections\u00a0\u00bb,\u00a0\u00bbid\u00a0\u00bb:3},{\u00ab\u00a0collection\u00a0\u00bb:\u00a0\u00bbsections\u00a0\u00bb,\u00a0\u00bbid\u00a0\u00bb:4},{\u00ab\u00a0collection\u00a0\u00bb:\u00a0\u00bbsections\u00a0\u00bb,\u00a0\u00bbid\u00a0\u00bb:5},{\u00ab\u00a0collection\u00a0\u00bb:\u00a0\u00bbsections\u00a0\u00bb,\u00a0\u00bbid\u00a0\u00bb:6},{\u00ab\u00a0collection\u00a0\u00bb:\u00a0\u00bbsections\u00a0\u00bb,\u00a0\u00bbid\u00a0\u00bb:7}]},\u00a0\u00bbchildren\u00a0\u00bb:[{\u00ab\u00a0collection\u00a0\u00bb:\u00a0\u00bbsections\u00a0\u00bb,\u00a0\u00bbprops\u00a0\u00bb:{\u00ab\u00a0collection\u00a0\u00bb:\u00a0\u00bbsections\u00a0\u00bb,\u00a0\u00bbid\u00a0\u00bb:0},\u00a0\u00bbchildren\u00a0\u00bb:[{\u00ab\u00a0collection\u00a0\u00bb:\u00a0\u00bbfeatures\u00a0\u00bb,\u00a0\u00bbtype\u00a0\u00bb:\u00a0\u00bbglobal\/HeaderNav\u00a0\u00bb,\u00a0\u00bbprops\u00a0\u00bb:{\u00ab\u00a0collection\u00a0\u00bb:\u00a0\u00bbfeatures\u00a0\u00bb,\u00a0\u00bbtype\u00a0\u00bb:\u00a0\u00bbglobal\/HeaderNav\u00a0\u00bb,\u00a0\u00bbid\u00a0\u00bb:\u00a0\u00bbf0fAVPTA1kS68mi\u00a0\u00bb,\u00a0\u00bbcontentConfig\u00a0\u00bb:{\u00ab\u00a0contentService\u00a0\u00bb:\u00a0\u00bb\u00a0\u00bb,\u00a0\u00bbcontentConfigValues\u00a0\u00bb:{},\u00a0\u00bbinherit\u00a0\u00bb:true},\u00a0\u00bbcustomFields\u00a0\u00bb:{\u00ab\u00a0navBarType\u00a0\u00bb:\u00a0\u00bbLP\u00a0\u00bb,\u00a0\u00bbconfig\u00a0\u00bb:\u00a0\u00bb[{\\\u00a0\u00bbsectionId\\\u00a0\u00bb:\\\u00a0\u00bb\\\u00a0\u00bb,\\\u00a0\u00bbliveCollectionId\\\u00a0\u00bb:\\\u00a0\u00bb\\\u00a0\u00bb,\\\u00a0\u00bbliveUrl\\\u00a0\u00bb:\\\u00a0\u00bb\\\u00a0\u00bb,\\\u00a0\u00bbliveLabel\\\u00a0\u00bb:\\\u00a0\u00bb\\\u00a0\u00bb,\\\u00a0\u00bbshowLive\\\u00a0\u00bb:false,\\\u00a0\u00bbimage\\\u00a0\u00bb:\\\u00a0\u00bbhttps:\/\/leparisien-assets-prod.s3.eu-west-1.amazonaws.com\/website\/images\/events_logo\/13-novembre_dark.svg\\\u00a0\u00bb,\\\u00a0\u00bbimageDark\\\u00a0\u00bb:\\\u00a0\u00bbhttps:\/\/leparisien-assets-prod.s3.eu-west-1.amazonaws.com\/website\/images\/events_logo\/13-novembre_light.svg\\\u00a0\u00bb,\\\u00a0\u00bbimageLink\\\u00a0\u00bb:\\\u00a0\u00bbhttps:\/\/www.leparisien.fr\/proces-attentats-13-novembre-2015\/\\\u00a0\u00bb,\\\u00a0\u00bbimageSizeMobile\\\u00a0\u00bb:\\\u00a0\u00bb118X20\\\u00a0\u00bb,\\\u00a0\u00bbimageSizeTable\\\u00a0\u00bb:\\\u00a0\u00bb\\\u00a0\u00bb,\\\u00a0\u00bbimageSizeDesktop\\\u00a0\u00bb:\\\u00a0\u00bb142X24\\\u00a0\u00bb,\\\u00a0\u00bbcontextLabel\\\u00a0\u00bb:\\\u00a0\u00bb\\\u00a0\u00bb,\\\u00a0\u00bbcontextLink\\\u00a0\u00bb:\\\u00a0\u00bb\/proces-attentats-13-novembre-2015\/\\\u00a0\u00bb,\\\u00a0\u00bbkeyword\\\u00a0\u00bb:\\\u00a0\u00bb13 NOVEMBRE\\\u00a0\u00bb,\\\u00a0\u00bbmetadata\\\u00a0\u00bb:\\\u00a0\u00bb\\\u00a0\u00bb,\\\u00a0\u00bblabel\\\u00a0\u00bb:\\\u00a0\u00bb\\\u00a0\u00bb,\\\u00a0\u00bblinks\\\u00a0\u00bb:[{\\\u00a0\u00bburl\\\u00a0\u00bb:\\\u00a0\u00bbhttps:\/\/www.leparisien.fr\/faits-divers\/attentats-du-13-novembre-2015-les-cinq-enseignements-dun-proces-historique-29-06-2022-NHH62SX72ZGI5GRFBQR3AKNTIA.php\\\u00a0\u00bb,\\\u00a0\u00bbtext\\\u00a0\u00bb:\\\u00a0\u00bbLes enseignements du proc\u00e8s\\\u00a0\u00bb,\\\u00a0\u00bbsearchEnable\\\u00a0\u00bb:false,\\\u00a0\u00bbsearchPlaceholder\\\u00a0\u00bb:\\\u00a0\u00bb\\\u00a0\u00bb},{\\\u00a0\u00bburl\\\u00a0\u00bb:\\\u00a0\u00bbhttps:\/\/www.leparisien.fr\/faits-divers\/verdict-du-proces-du-13-novembre-tous-coupables-la-perpetuite-incompressible-pour-salah-abdeslam-29-06-2022-OOLVIBKM4JDW7CHGJBCJPCLJHY.php\\\u00a0\u00bb,\\\u00a0\u00bbtext\\\u00a0\u00bb:\\\u00a0\u00bbLe verdict\\\u00a0\u00bb,\\\u00a0\u00bbsearchEnable\\\u00a0\u00bb:false,\\\u00a0\u00bbsearchPlaceholder\\\u00a0\u00bb:\\\u00a0\u00bb\\\u00a0\u00bb},{\\\u00a0\u00bburl\\\u00a0\u00bb:\\\u00a0\u00bbhttps:\/\/www.leparisien.fr\/faits-divers\/proces-des-attentats-du-13-novembre-touches-dans-leur-chair-traumatises-ils-ont-temoigne-pour-lhistoire-13-11-2021-ZFEL4WMVGNEEBDMOPJZUXLHVEQ.php\\\u00a0\u00bb,\\\u00a0\u00bbtext\\\u00a0\u00bb:\\\u00a0\u00bbLes t\u00e9moignages des victimes\\\u00a0\u00bb,\\\u00a0\u00bbsearchEnable\\\u00a0\u00bb:false,\\\u00a0\u00bbsearchPlaceholder\\\u00a0\u00bb:\\\u00a0\u00bb\\\u00a0\u00bb},{\\\u00a0\u00bburl\\\u00a0\u00bb:\\\u00a0\u00bbhttps:\/\/www.leparisien.fr\/faits-divers\/attentats-du-13-novembre-a-21h16-un-premier-terroriste-actionne-sa-ceinture-la-soiree-bascule-dans-lhorreur-02-09-2021-JRRWSW6VJNBGZPHMJ7PL5GOFBA.php\\\u00a0\u00bb,\\\u00a0\u00bbtext\\\u00a0\u00bb:\\\u00a0\u00bbLe r\u00e9cit des attentats\\\u00a0\u00bb,\\\u00a0\u00bbsearchEnable\\\u00a0\u00bb:false,\\\u00a0\u00bbsearchPlaceholder\\\u00a0\u00bb:\\\u00a0\u00bb\\\u00a0\u00bb},{\\\u00a0\u00bburl\\\u00a0\u00bb:\\\u00a0\u00bbhttps:\/\/www.leparisien.fr\/proces-attentats-13-novembre-2015\/\\\u00a0\u00bb,\\\u00a0\u00bbtext\\\u00a0\u00bb:\\\u00a0\u00bbTous les articles\\\u00a0\u00bb,\\\u00a0\u00bbsearchEnable\\\u00a0\u00bb:false,\\\u00a0\u00bbsearchPlaceholder\\\u00a0\u00bb:\\\u00a0\u00bb\\\u00a0\u00bb}]},{\\\u00a0\u00bbsectionId\\\u00a0\u00bb:\\\u00a0\u00bb\/sports\/football\/ligue-1\/\\\u00a0\u00bb,\\\u00a0\u00bbliveCollectionId\\\u00a0\u00bb:\\\u00a0\u00bb\\\u00a0\u00bb,\\\u00a0\u00bbliveUrl\\\u00a0\u00bb:\\\u00a0\u00bb\\\u00a0\u00bb,\\\u00a0\u00bbliveLabel\\\u00a0\u00bb:\\\u00a0\u00bb\\\u00a0\u00bb,\\\u00a0\u00bbshowLive\\\u00a0\u00bb:false,\\\u00a0\u00bbimage\\\u00a0\u00bb:\\\u00a0\u00bb\\\u00a0\u00bb,\\\u00a0\u00bbimageDark\\\u00a0\u00bb:\\\u00a0\u00bb\\\u00a0\u00bb,\\\u00a0\u00bbimageLink\\\u00a0\u00bb:\\\u00a0\u00bb\\\u00a0\u00bb,\\\u00a0\u00bbimageSizeMobile\\\u00a0\u00bb:\\\u00a0\u00bb\\\u00a0\u00bb,\\\u00a0\u00bbimageSizeTable\\\u00a0\u00bb:\\\u00a0\u00bb\\\u00a0\u00bb,\\\u00a0\u00bbimageSizeDesktop\\\u00a0\u00bb:\\\u00a0\u00bb\\\u00a0\u00bb,\\\u00a0\u00bbcontextLabel\\\u00a0\u00bb:\\\u00a0\u00bbLigue 1\\\u00a0\u00bb,\\\u00a0\u00bbcontextLink\\\u00a0\u00bb:\\\u00a0\u00bbhttps:\/\/www.leparisien.fr\/sports\/football\/ligue-1\/\\\u00a0\u00bb,\\\u00a0\u00bbkeyword\\\u00a0\u00bb:\\\u00a0\u00bb\\\u00a0\u00bb,\\\u00a0\u00bbmetadata\\\u00a0\u00bb:\\\u00a0\u00bb\\\u00a0\u00bb,\\\u00a0\u00bblabel\\\u00a0\u00bb:\\\u00a0\u00bb\\\u00a0\u00bb,\\\u00a0\u00bblinks\\\u00a0\u00bb:[{\\\u00a0\u00bburl\\\u00a0\u00bb:\\\u00a0\u00bbhttps:\/\/www.leparisien.fr\/sports\/football\/ligue-1\/calendrier-resultats\/\\\u00a0\u00bb,\\\u00a0\u00bbtext\\\u00a0\u00bb:\\\u00a0\u00bbCalendrier et r\u00e9sultats\\\u00a0\u00bb,\\\u00a0\u00bbsearchEnable\\\u00a0\u00bb:false,\\\u00a0\u00bbsearchPlaceholder\\\u00a0\u00bb:\\\u00a0\u00bb\\\u00a0\u00bb},{\\\u00a0\u00bburl\\\u00a0\u00bb:\\\u00a0\u00bbhttps:\/\/www.leparisien.fr\/sports\/football\/ligue-1\/classement\/\\\u00a0\u00bb,\\\u00a0\u00bbtext\\\u00a0\u00bb:\\\u00a0\u00bbClassement des \u00e9quipes\\\u00a0\u00bb,\\\u00a0\u00bbsearchEnable\\\u00a0\u00bb:false,\\\u00a0\u00bbsearchPlaceholder\\\u00a0\u00bb:\\\u00a0\u00bb\\\u00a0\u00bb},{\\\u00a0\u00bburl\\\u00a0\u00bb:\\\u00a0\u00bbhttps:\/\/www.leparisien.fr\/sports\/football\/ligue-1\/calendrier-psg\/\\\u00a0\u00bb,\\\u00a0\u00bbtext\\\u00a0\u00bb:\\\u00a0\u00bbCalendrier du PSG\\\u00a0\u00bb,\\\u00a0\u00bbsearchEnable\\\u00a0\u00bb:false,\\\u00a0\u00bbsearchPlaceholder\\\u00a0\u00bb:\\\u00a0\u00bb\\\u00a0\u00bb}]},{\\\u00a0\u00bbsectionId\\\u00a0\u00bb:\\\u00a0\u00bb\/jo-paris-2024\/\\\u00a0\u00bb,\\\u00a0\u00bbliveCollectionId\\\u00a0\u00bb:\\\u00a0\u00bb\\\u00a0\u00bb,\\\u00a0\u00bbliveUrl\\\u00a0\u00bb:\\\u00a0\u00bb\\\u00a0\u00bb,\\\u00a0\u00bbliveLabel\\\u00a0\u00bb:\\\u00a0\u00bb\\\u00a0\u00bb,\\\u00a0\u00bbshowLive\\\u00a0\u00bb:false,\\\u00a0\u00bbimage\\\u00a0\u00bb:\\\u00a0\u00bbhttps:\/\/assets.leparisien.fr\/website\/images\/homepage\/logo-jo-2024.svg\\\u00a0\u00bb,\\\u00a0\u00bbimageDark\\\u00a0\u00bb:\\\u00a0\u00bbhttps:\/\/assets.leparisien.fr\/website\/images\/homepage\/dark\/logo-jo-2024.png\\\u00a0\u00bb,\\\u00a0\u00bbimageLink\\\u00a0\u00bb:\\\u00a0\u00bb\/jo-paris-2024\/\\\u00a0\u00bb,\\\u00a0\u00bbimageSizeMobile\\\u00a0\u00bb:\\\u00a0\u00bb28X16\\\u00a0\u00bb,\\\u00a0\u00bbimageSizeTable\\\u00a0\u00bb:\\\u00a0\u00bb28X16\\\u00a0\u00bb,\\\u00a0\u00bbimageSizeDesktop\\\u00a0\u00bb:\\\u00a0\u00bb28X16\\\u00a0\u00bb,\\\u00a0\u00bbcontextLabel\\\u00a0\u00bb:\\\u00a0\u00bbJO Paris 2024\\\u00a0\u00bb,\\\u00a0\u00bbcontextLink\\\u00a0\u00bb:\\\u00a0\u00bbhttps:\/\/www.leparisien.fr\/jo-paris-2024\/\\\u00a0\u00bb,\\\u00a0\u00bbkeyword\\\u00a0\u00bb:\\\u00a0\u00bb\\\u00a0\u00bb,\\\u00a0\u00bbmetadata\\\u00a0\u00bb:\\\u00a0\u00bb\\\u00a0\u00bb,\\\u00a0\u00bblabel\\\u00a0\u00bb:\\\u00a0\u00bb\\\u00a0\u00bb,\\\u00a0\u00bblinks\\\u00a0\u00bb:[{\\\u00a0\u00bburl\\\u00a0\u00bb:\\\u00a0\u00bbhttps:\/\/www.leparisien.fr\/jo-paris-2024\/tableau-des-medailles\/\\\u00a0\u00bb,\\\u00a0\u00bbtext\\\u00a0\u00bb:\\\u00a0\u00bbTableau des m\u00e9dailles\\\u00a0\u00bb,\\\u00a0\u00bbsearchEnable\\\u00a0\u00bb:false,\\\u00a0\u00bbsearchPlaceholder\\\u00a0\u00bb:\\\u00a0\u00bb\\\u00a0\u00bb},{\\\u00a0\u00bburl\\\u00a0\u00bb:\\\u00a0\u00bbhttps:\/\/www.leparisien.fr\/jo-paris-2024\/resultats-par-discipline\/\\\u00a0\u00bb,\\\u00a0\u00bbtext\\\u00a0\u00bb:\\\u00a0\u00bbR\u00e9sultats\\\u00a0\u00bb,\\\u00a0\u00bbsearchEnable\\\u00a0\u00bb:false,\\\u00a0\u00bbsearchPlaceholder\\\u00a0\u00bb:\\\u00a0\u00bb\\\u00a0\u00bb},{\\\u00a0\u00bburl\\\u00a0\u00bb:\\\u00a0\u00bb\\\u00a0\u00bb,\\\u00a0\u00bbtext\\\u00a0\u00bb:\\\u00a0\u00bbDisciplines\\\u00a0\u00bb,\\\u00a0\u00bbsearchEnable\\\u00a0\u00bb:true,\\\u00a0\u00bbsearchPlaceholder\\\u00a0\u00bb:\\\u00a0\u00bbex : Aviron\\\u00a0\u00bb,\\\u00a0\u00bbchildren\\\u00a0\u00bb:[{\\\u00a0\u00bburl\\\u00a0\u00bb:\\\u00a0\u00bbhttps:\/\/www.leparisien.fr\/jo-paris-2024\/athletisme\/\\\u00a0\u00bb,\\\u00a0\u00bbtext\\\u00a0\u00bb:\\\u00a0\u00bbAthl\u00e9tisme\\\u00a0\u00bb},{\\\u00a0\u00bburl\\\u00a0\u00bb:\\\u00a0\u00bbhttps:\/\/www.leparisien.fr\/jo-paris-2024\/aviron\/\\\u00a0\u00bb,\\\u00a0\u00bbtext\\\u00a0\u00bb:\\\u00a0\u00bbAviron\\\u00a0\u00bb},{\\\u00a0\u00bburl\\\u00a0\u00bb:\\\u00a0\u00bbhttps:\/\/www.leparisien.fr\/jo-paris-2024\/badminton\/\\\u00a0\u00bb,\\\u00a0\u00bbtext\\\u00a0\u00bb:\\\u00a0\u00bbBadminton\\\u00a0\u00bb},{\\\u00a0\u00bburl\\\u00a0\u00bb:\\\u00a0\u00bbhttps:\/\/www.leparisien.fr\/jo-paris-2024\/basketball\/\\\u00a0\u00bb,\\\u00a0\u00bbtext\\\u00a0\u00bb:\\\u00a0\u00bbBasketball\\\u00a0\u00bb},{\\\u00a0\u00bburl\\\u00a0\u00bb:\\\u00a0\u00bbhttps:\/\/www.leparisien.fr\/jo-paris-2024\/bmx\/\\\u00a0\u00bb,\\\u00a0\u00bbtext\\\u00a0\u00bb:\\\u00a0\u00bbBMX\\\u00a0\u00bb},{\\\u00a0\u00bburl\\\u00a0\u00bb:\\\u00a0\u00bbhttps:\/\/www.leparisien.fr\/jo-paris-2024\/boxe\/\\\u00a0\u00bb,\\\u00a0\u00bbtext\\\u00a0\u00bb:\\\u00a0\u00bbBoxe\\\u00a0\u00bb},{\\\u00a0\u00bburl\\\u00a0\u00bb:\\\u00a0\u00bbhttps:\/\/www.leparisien.fr\/jo-paris-2024\/breaking\/\\\u00a0\u00bb,\\\u00a0\u00bbtext\\\u00a0\u00bb:\\\u00a0\u00bbBreaking\\\u00a0\u00bb},{\\\u00a0\u00bburl\\\u00a0\u00bb:\\\u00a0\u00bbhttps:\/\/www.leparisien.fr\/jo-paris-2024\/canoe\/\\\u00a0\u00bb,\\\u00a0\u00bbtext\\\u00a0\u00bb:\\\u00a0\u00bbCano\u00eb\\\u00a0\u00bb},{\\\u00a0\u00bburl\\\u00a0\u00bb:\\\u00a0\u00bbhttps:\/\/www.leparisien.fr\/jo-paris-2024\/cyclisme\/\\\u00a0\u00bb,\\\u00a0\u00bbtext\\\u00a0\u00bb:\\\u00a0\u00bbCyclisme\\\u00a0\u00bb},{\\\u00a0\u00bburl\\\u00a0\u00bb:\\\u00a0\u00bbhttps:\/\/www.leparisien.fr\/jo-paris-2024\/sports-equestres\/\\\u00a0\u00bb,\\\u00a0\u00bbtext\\\u00a0\u00bb:\\\u00a0\u00bb\u00c9quitation\\\u00a0\u00bb},{\\\u00a0\u00bburl\\\u00a0\u00bb:\\\u00a0\u00bbhttps:\/\/www.leparisien.fr\/jo-paris-2024\/escalade-sportive\/\\\u00a0\u00bb,\\\u00a0\u00bbtext\\\u00a0\u00bb:\\\u00a0\u00bbEscalade\\\u00a0\u00bb},{\\\u00a0\u00bburl\\\u00a0\u00bb:\\\u00a0\u00bbhttps:\/\/www.leparisien.fr\/jo-paris-2024\/escrime\/\\\u00a0\u00bb,\\\u00a0\u00bbtext\\\u00a0\u00bb:\\\u00a0\u00bbEscrime\\\u00a0\u00bb},{\\\u00a0\u00bburl\\\u00a0\u00bb:\\\u00a0\u00bbhttps:\/\/www.leparisien.fr\/jo-paris-2024\/football\/\\\u00a0\u00bb,\\\u00a0\u00bbtext\\\u00a0\u00bb:\\\u00a0\u00bbFootball\\\u00a0\u00bb},{\\\u00a0\u00bburl\\\u00a0\u00bb:\\\u00a0\u00bbhttps:\/\/www.leparisien.fr\/jo-paris-2024\/golf\/\\\u00a0\u00bb,\\\u00a0\u00bbtext\\\u00a0\u00bb:\\\u00a0\u00bbGolf\\\u00a0\u00bb},{\\\u00a0\u00bburl\\\u00a0\u00bb:\\\u00a0\u00bbhttps:\/\/www.leparisien.fr\/jo-paris-2024\/gymnastique\/\\\u00a0\u00bb,\\\u00a0\u00bbtext\\\u00a0\u00bb:\\\u00a0\u00bbGymnastique\\\u00a0\u00bb},{\\\u00a0\u00bburl\\\u00a0\u00bb:\\\u00a0\u00bbhttps:\/\/www.leparisien.fr\/jo-paris-2024\/halterophilie\/\\\u00a0\u00bb,\\\u00a0\u00bbtext\\\u00a0\u00bb:\\\u00a0\u00bbHalt\u00e9rophilie\\\u00a0\u00bb},{\\\u00a0\u00bburl\\\u00a0\u00bb:\\\u00a0\u00bbhttps:\/\/www.leparisien.fr\/jo-paris-2024\/handball\/\\\u00a0\u00bb,\\\u00a0\u00bbtext\\\u00a0\u00bb:\\\u00a0\u00bbHandball\\\u00a0\u00bb},{\\\u00a0\u00bburl\\\u00a0\u00bb:\\\u00a0\u00bbhttps:\/\/www.leparisien.fr\/jo-paris-2024\/hockey\/\\\u00a0\u00bb,\\\u00a0\u00bbtext\\\u00a0\u00bb:\\\u00a0\u00bbHockey\\\u00a0\u00bb},{\\\u00a0\u00bburl\\\u00a0\u00bb:\\\u00a0\u00bbhttps:\/\/www.leparisien.fr\/jo-paris-2024\/judo\/\\\u00a0\u00bb,\\\u00a0\u00bbtext\\\u00a0\u00bb:\\\u00a0\u00bbJudo\\\u00a0\u00bb},{\\\u00a0\u00bburl\\\u00a0\u00bb:\\\u00a0\u00bbhttps:\/\/www.leparisien.fr\/jo-paris-2024\/lutte\/\\\u00a0\u00bb,\\\u00a0\u00bbtext\\\u00a0\u00bb:\\\u00a0\u00bbLutte\\\u00a0\u00bb},{\\\u00a0\u00bburl\\\u00a0\u00bb:\\\u00a0\u00bbhttps:\/\/www.leparisien.fr\/jo-paris-2024\/natation\/\\\u00a0\u00bb,\\\u00a0\u00bbtext\\\u00a0\u00bb:\\\u00a0\u00bbNatation\\\u00a0\u00bb},{\\\u00a0\u00bburl\\\u00a0\u00bb:\\\u00a0\u00bbhttps:\/\/www.leparisien.fr\/jo-paris-2024\/pentathlon-moderne\/\\\u00a0\u00bb,\\\u00a0\u00bbtext\\\u00a0\u00bb:\\\u00a0\u00bbPentathlon moderne\\\u00a0\u00bb},{\\\u00a0\u00bburl\\\u00a0\u00bb:\\\u00a0\u00bbhttps:\/\/www.leparisien.fr\/jo-paris-2024\/plongeon\/\\\u00a0\u00bb,\\\u00a0\u00bbtext\\\u00a0\u00bb:\\\u00a0\u00bbPlongeon\\\u00a0\u00bb},{\\\u00a0\u00bburl\\\u00a0\u00bb:\\\u00a0\u00bbhttps:\/\/www.leparisien.fr\/jo-paris-2024\/rugby\/\\\u00a0\u00bb,\\\u00a0\u00bbtext\\\u00a0\u00bb:\\\u00a0\u00bbRugby \u00e0 7\\\u00a0\u00bb},{\\\u00a0\u00bburl\\\u00a0\u00bb:\\\u00a0\u00bbhttps:\/\/www.leparisien.fr\/jo-paris-2024\/skateboard\/\\\u00a0\u00bb,\\\u00a0\u00bbtext\\\u00a0\u00bb:\\\u00a0\u00bbSkateboard\\\u00a0\u00bb},{\\\u00a0\u00bburl\\\u00a0\u00bb:\\\u00a0\u00bbhttps:\/\/www.leparisien.fr\/jo-paris-2024\/surf\/\\\u00a0\u00bb,\\\u00a0\u00bbtext\\\u00a0\u00bb:\\\u00a0\u00bbSurf\\\u00a0\u00bb},{\\\u00a0\u00bburl\\\u00a0\u00bb:\\\u00a0\u00bbhttps:\/\/www.leparisien.fr\/jo-paris-2024\/taekwondo\/\\\u00a0\u00bb,\\\u00a0\u00bbtext\\\u00a0\u00bb:\\\u00a0\u00bbTaekwondo\\\u00a0\u00bb},{\\\u00a0\u00bburl\\\u00a0\u00bb:\\\u00a0\u00bbhttps:\/\/www.leparisien.fr\/jo-paris-2024\/tennis\/\\\u00a0\u00bb,\\\u00a0\u00bbtext\\\u00a0\u00bb:\\\u00a0\u00bbTennis\\\u00a0\u00bb},{\\\u00a0\u00bburl\\\u00a0\u00bb:\\\u00a0\u00bbhttps:\/\/www.leparisien.fr\/jo-paris-2024\/tennis-de-table\/\\\u00a0\u00bb,\\\u00a0\u00bbtext\\\u00a0\u00bb:\\\u00a0\u00bbTennis de table\\\u00a0\u00bb},{\\\u00a0\u00bburl\\\u00a0\u00bb:\\\u00a0\u00bbhttps:\/\/www.leparisien.fr\/jo-paris-2024\/tir\/\\\u00a0\u00bb,\\\u00a0\u00bbtext\\\u00a0\u00bb:\\\u00a0\u00bbTir\\\u00a0\u00bb},{\\\u00a0\u00bburl\\\u00a0\u00bb:\\\u00a0\u00bbhttps:\/\/www.leparisien.fr\/jo-paris-2024\/tir-a-l-arc\/\\\u00a0\u00bb,\\\u00a0\u00bbtext\\\u00a0\u00bb:\\\u00a0\u00bbTir \u00e0 l\u2019arc\\\u00a0\u00bb},{\\\u00a0\u00bburl\\\u00a0\u00bb:\\\u00a0\u00bbhttps:\/\/www.leparisien.fr\/jo-paris-2024\/trampoline\/\\\u00a0\u00bb,\\\u00a0\u00bbtext\\\u00a0\u00bb:\\\u00a0\u00bbTrampoline\\\u00a0\u00bb},{\\\u00a0\u00bburl\\\u00a0\u00bb:\\\u00a0\u00bbhttps:\/\/www.leparisien.fr\/jo-paris-2024\/triathlon\/\\\u00a0\u00bb,\\\u00a0\u00bbtext\\\u00a0\u00bb:\\\u00a0\u00bbTriathlon\\\u00a0\u00bb},{\\\u00a0\u00bburl\\\u00a0\u00bb:\\\u00a0\u00bbhttps:\/\/www.leparisien.fr\/jo-paris-2024\/voile\/\\\u00a0\u00bb,\\\u00a0\u00bbtext\\\u00a0\u00bb:\\\u00a0\u00bbVoile\\\u00a0\u00bb},{\\\u00a0\u00bburl\\\u00a0\u00bb:\\\u00a0\u00bbhttps:\/\/www.leparisien.fr\/jo-paris-2024\/volleyball\/\\\u00a0\u00bb,\\\u00a0\u00bbtext\\\u00a0\u00bb:\\\u00a0\u00bbVolleyball\\\u00a0\u00bb},{\\\u00a0\u00bburl\\\u00a0\u00bb:\\\u00a0\u00bbhttps:\/\/www.leparisien.fr\/jo-paris-2024\/vtt\/\\\u00a0\u00bb,\\\u00a0\u00bbtext\\\u00a0\u00bb:\\\u00a0\u00bbVTT\\\u00a0\u00bb},{\\\u00a0\u00bburl\\\u00a0\u00bb:\\\u00a0\u00bbhttps:\/\/www.leparisien.fr\/jo-paris-2024\/waterpolo\/\\\u00a0\u00bb,\\\u00a0\u00bbtext\\\u00a0\u00bb:\\\u00a0\u00bbWater-polo\\\u00a0\u00bb}]},{\\\u00a0\u00bburl\\\u00a0\u00bb:\\\u00a0\u00bb\/jo-paris-2024\/equipe-de-france\/\\\u00a0\u00bb,\\\u00a0\u00bbtext\\\u00a0\u00bb:\\\u00a0\u00bb\u00c9quipe de France\\\u00a0\u00bb,\\\u00a0\u00bbsearchEnable\\\u00a0\u00bb:false,\\\u00a0\u00bbsearchPlaceholder\\\u00a0\u00bb:\\\u00a0\u00bb\\\u00a0\u00bb},{\\\u00a0\u00bburl\\\u00a0\u00bb:\\\u00a0\u00bb\/jo-paris-2024\/videos\/\\\u00a0\u00bb,\\\u00a0\u00bbtext\\\u00a0\u00bb:\\\u00a0\u00bbVid\u00e9os\\\u00a0\u00bb,\\\u00a0\u00bbsearchEnable\\\u00a0\u00bb:false,\\\u00a0\u00bbsearchPlaceholder\\\u00a0\u00bb:\\\u00a0\u00bb\\\u00a0\u00bb},{\\\u00a0\u00bburl\\\u00a0\u00bb:\\\u00a0\u00bb\/inscription-newsletter-jeux-olympiques\/\\\u00a0\u00bb,\\\u00a0\u00bbtext\\\u00a0\u00bb:\\\u00a0\u00bbNewsletter\\\u00a0\u00bb,\\\u00a0\u00bbsearchEnable\\\u00a0\u00bb:false,\\\u00a0\u00bbsearchPlaceholder\\\u00a0\u00bb:\\\u00a0\u00bb\\\u00a0\u00bb}]},{\\\u00a0\u00bbsectionId\\\u00a0\u00bb:\\\u00a0\u00bb\/environnement\/climat\/\\\u00a0\u00bb,\\\u00a0\u00bbliveCollectionId\\\u00a0\u00bb:\\\u00a0\u00bb\\\u00a0\u00bb,\\\u00a0\u00bbliveUrl\\\u00a0\u00bb:\\\u00a0\u00bb\\\u00a0\u00bb,\\\u00a0\u00bbliveLabel\\\u00a0\u00bb:\\\u00a0\u00bb\\\u00a0\u00bb,\\\u00a0\u00bbshowLive\\\u00a0\u00bb:false,\\\u00a0\u00bbimage\\\u00a0\u00bb:\\\u00a0\u00bb\\\u00a0\u00bb,\\\u00a0\u00bbimageDark\\\u00a0\u00bb:\\\u00a0\u00bb\\\u00a0\u00bb,\\\u00a0\u00bbimageLink\\\u00a0\u00bb:\\\u00a0\u00bb\\\u00a0\u00bb,\\\u00a0\u00bbimageSizeMobile\\\u00a0\u00bb:\\\u00a0\u00bb\\\u00a0\u00bb,\\\u00a0\u00bbimageSizeTable\\\u00a0\u00bb:\\\u00a0\u00bb\\\u00a0\u00bb,\\\u00a0\u00bbimageSizeDesktop\\\u00a0\u00bb:\\\u00a0\u00bb\\\u00a0\u00bb,\\\u00a0\u00bbcontextLabel\\\u00a0\u00bb:\\\u00a0\u00bbClimat\\\u00a0\u00bb,\\\u00a0\u00bbcontextLink\\\u00a0\u00bb:\\\u00a0\u00bb\/environnement\/climat\/\\\u00a0\u00bb,\\\u00a0\u00bbkeyword\\\u00a0\u00bb:\\\u00a0\u00bb\\\u00a0\u00bb,\\\u00a0\u00bbmetadata\\\u00a0\u00bb:\\\u00a0\u00bb\\\u00a0\u00bb,\\\u00a0\u00bblabel\\\u00a0\u00bb:\\\u00a0\u00bb\\\u00a0\u00bb,\\\u00a0\u00bblinks\\\u00a0\u00bb:[{\\\u00a0\u00bburl\\\u00a0\u00bb:\\\u00a0\u00bbhttps:\/\/www.leparisien.fr\/environnement\/climat\/cest-quoi-le-rechauffement-climatique-25-questions-reponses-pour-tout-comprendre-30-11-2023-XTKH6RVJL5FALK4X4Z4RM6PS4A.php\\\u00a0\u00bb,\\\u00a0\u00bbtext\\\u00a0\u00bb:\\\u00a0\u00bbR\u00e9chauffement climatique\\\u00a0\u00bb,\\\u00a0\u00bbsearchEnable\\\u00a0\u00bb:false,\\\u00a0\u00bbsearchPlaceholder\\\u00a0\u00bb:\\\u00a0\u00bb\\\u00a0\u00bb},{\\\u00a0\u00bburl\\\u00a0\u00bb:\\\u00a0\u00bbhttps:\/\/www.leparisien.fr\/environnement\/climat\/fonte-des-glaces-decouvrez-limpact-de-la-hausse-des-mers-sur-votre-territoire-08-11-2023-KYMKTDOICVFVNECCHBC43CWHKE.php\\\u00a0\u00bb,\\\u00a0\u00bbtext\\\u00a0\u00bb:\\\u00a0\u00bbFonte des glaces\\\u00a0\u00bb,\\\u00a0\u00bbsearchEnable\\\u00a0\u00bb:false,\\\u00a0\u00bbsearchPlaceholder\\\u00a0\u00bb:\\\u00a0\u00bb\\\u00a0\u00bb},{\\\u00a0\u00bburl\\\u00a0\u00bb:\\\u00a0\u00bbhttps:\/\/www.leparisien.fr\/environnement\/quiz-climat-gaz-a-effet-de-serre-etes-vous-incollable-14-06-2023-2ZQLLSSZKNDD5ERNUXEMZ2E6UM.php\\\u00a0\u00bb,\\\u00a0\u00bbtext\\\u00a0\u00bb:\\\u00a0\u00bbQuiz sur le climat\\\u00a0\u00bb,\\\u00a0\u00bbsearchEnable\\\u00a0\u00bb:false,\\\u00a0\u00bbsearchPlaceholder\\\u00a0\u00bb:\\\u00a0\u00bb\\\u00a0\u00bb},{\\\u00a0\u00bburl\\\u00a0\u00bb:\\\u00a0\u00bbhttps:\/\/www.leparisien.fr\/inscription-newsletter-environnement\/\\\u00a0\u00bb,\\\u00a0\u00bbtext\\\u00a0\u00bb:\\\u00a0\u00bbNewsletter\\\u00a0\u00bb,\\\u00a0\u00bbsearchEnable\\\u00a0\u00bb:false,\\\u00a0\u00bbsearchPlaceholder\\\u00a0\u00bb:\\\u00a0\u00bb\\\u00a0\u00bb},{\\\u00a0\u00bburl\\\u00a0\u00bb:\\\u00a0\u00bbhttps:\/\/www.leparisien.fr\/environnement\/climat\/\\\u00a0\u00bb,\\\u00a0\u00bbtext\\\u00a0\u00bb:\\\u00a0\u00bbToute l&rsquo;actu\\\u00a0\u00bb,\\\u00a0\u00bbsearchEnable\\\u00a0\u00bb:false,\\\u00a0\u00bbsearchPlaceholder\\\u00a0\u00bb:\\\u00a0\u00bb\\\u00a0\u00bb}]},{\\\u00a0\u00bbsectionId\\\u00a0\u00bb:\\\u00a0\u00bb\/sports\/football\/coupe-du-monde\/\\\u00a0\u00bb,\\\u00a0\u00bbliveCollectionId\\\u00a0\u00bb:\\\u00a0\u00bb\\\u00a0\u00bb,\\\u00a0\u00bbliveUrl\\\u00a0\u00bb:\\\u00a0\u00bb\\\u00a0\u00bb,\\\u00a0\u00bbliveLabel\\\u00a0\u00bb:\\\u00a0\u00bb\\\u00a0\u00bb,\\\u00a0\u00bbshowLive\\\u00a0\u00bb:false,\\\u00a0\u00bbimage\\\u00a0\u00bb:\\\u00a0\u00bb\\\u00a0\u00bb,\\\u00a0\u00bbimageDark\\\u00a0\u00bb:\\\u00a0\u00bb\\\u00a0\u00bb,\\\u00a0\u00bbimageLink\\\u00a0\u00bb:\\\u00a0\u00bb\\\u00a0\u00bb,\\\u00a0\u00bbimageSizeMobile\\\u00a0\u00bb:\\\u00a0\u00bb\\\u00a0\u00bb,\\\u00a0\u00bbimageSizeTable\\\u00a0\u00bb:\\\u00a0\u00bb\\\u00a0\u00bb,\\\u00a0\u00bbimageSizeDesktop\\\u00a0\u00bb:\\\u00a0\u00bb\\\u00a0\u00bb,\\\u00a0\u00bbcontextLabel\\\u00a0\u00bb:\\\u00a0\u00bbCoupe du monde 2026\\\u00a0\u00bb,\\\u00a0\u00bbcontextLink\\\u00a0\u00bb:\\\u00a0\u00bb\/sports\/football\/coupe-du-monde\/\\\u00a0\u00bb,\\\u00a0\u00bbkeyword\\\u00a0\u00bb:\\\u00a0\u00bb\\\u00a0\u00bb,\\\u00a0\u00bbmetadata\\\u00a0\u00bb:\\\u00a0\u00bb\\\u00a0\u00bb,\\\u00a0\u00bblabel\\\u00a0\u00bb:\\\u00a0\u00bb\\\u00a0\u00bb,\\\u00a0\u00bblinks\\\u00a0\u00bb:[{\\\u00a0\u00bburl\\\u00a0\u00bb:\\\u00a0\u00bbhttps:\/\/www.leparisien.fr\/sports\/football\/coupe-du-monde\/coupe-du-monde-2026-finale-a-new-york-match-douverture-a-mexico-la-fifa-devoile-le-calendrier-04-02-2024-NHX5M6L7QRHABGG6M6BLXLB3II.php\\\u00a0\u00bb,\\\u00a0\u00bbtext\\\u00a0\u00bb:\\\u00a0\u00bbCalendrier\\\u00a0\u00bb,\\\u00a0\u00bbsearchEnable\\\u00a0\u00bb:false,\\\u00a0\u00bbsearchPlaceholder\\\u00a0\u00bb:\\\u00a0\u00bb\\\u00a0\u00bb},{\\\u00a0\u00bburl\\\u00a0\u00bb:\\\u00a0\u00bbhttps:\/\/www.leparisien.fr\/sports\/football\/coupe-du-monde-2026-les-16-villes-sont-connues-17-06-2022-JYSQAT2EA5CWDPDAWK5RSOCDNQ.php\\\u00a0\u00bb,\\\u00a0\u00bbtext\\\u00a0\u00bb:\\\u00a0\u00bbVilles h\u00f4tes\\\u00a0\u00bb,\\\u00a0\u00bbsearchEnable\\\u00a0\u00bb:false,\\\u00a0\u00bbsearchPlaceholder\\\u00a0\u00bb:\\\u00a0\u00bb\\\u00a0\u00bb},{\\\u00a0\u00bburl\\\u00a0\u00bb:\\\u00a0\u00bbhttps:\/\/www.leparisien.fr\/sports\/football\/equipe-de-france\/\\\u00a0\u00bb,\\\u00a0\u00bbtext\\\u00a0\u00bb:\\\u00a0\u00bbLes Bleus\\\u00a0\u00bb,\\\u00a0\u00bbsearchEnable\\\u00a0\u00bb:false,\\\u00a0\u00bbsearchPlaceholder\\\u00a0\u00bb:\\\u00a0\u00bb\\\u00a0\u00bb},{\\\u00a0\u00bburl\\\u00a0\u00bb:\\\u00a0\u00bbhttps:\/\/www.leparisien.fr\/sports\/football\/coupe-du-monde\/coupe-du-monde-2026-le-tirage-au-sort-complet-des-qualifications-avec-les-groupes-possibles-de-la-france-13-12-2024-RTU6YVVEBJBZVFAUI4UNL3SDVA.php\\\u00a0\u00bb,\\\u00a0\u00bbtext\\\u00a0\u00bb:\\\u00a0\u00bbTirage au sort des qualifications\\\u00a0\u00bb,\\\u00a0\u00bbsearchEnable\\\u00a0\u00bb:false,\\\u00a0\u00bbsearchPlaceholder\\\u00a0\u00bb:\\\u00a0\u00bb\\\u00a0\u00bb}]},{\\\u00a0\u00bbsectionId\\\u00a0\u00bb:\\\u00a0\u00bb\/sports\/football\/euro\/\\\u00a0\u00bb,\\\u00a0\u00bbliveCollectionId\\\u00a0\u00bb:\\\u00a0\u00bb\\\u00a0\u00bb,\\\u00a0\u00bbliveUrl\\\u00a0\u00bb:\\\u00a0\u00bb\\\u00a0\u00bb,\\\u00a0\u00bbliveLabel\\\u00a0\u00bb:\\\u00a0\u00bb\\\u00a0\u00bb,\\\u00a0\u00bbshowLive\\\u00a0\u00bb:false,\\\u00a0\u00bbimage\\\u00a0\u00bb:\\\u00a0\u00bbhttps:\/\/assets.leparisien.fr\/website\/images\/homepage\/euro-2024.svg\\\u00a0\u00bb,\\\u00a0\u00bbimageDark\\\u00a0\u00bb:\\\u00a0\u00bbhttps:\/\/assets.leparisien.fr\/website\/images\/homepage\/dark\/euro-2024.png\\\u00a0\u00bb,\\\u00a0\u00bbimageLink\\\u00a0\u00bb:\\\u00a0\u00bb\/sports\/football\/euro\/\\\u00a0\u00bb,\\\u00a0\u00bbimageSizeMobile\\\u00a0\u00bb:\\\u00a0\u00bb20&#215;20\\\u00a0\u00bb,\\\u00a0\u00bbimageSizeTable\\\u00a0\u00bb:\\\u00a0\u00bb20&#215;20\\\u00a0\u00bb,\\\u00a0\u00bbimageSizeDesktop\\\u00a0\u00bb:\\\u00a0\u00bb20&#215;20\\\u00a0\u00bb,\\\u00a0\u00bbcontextLabel\\\u00a0\u00bb:\\\u00a0\u00bbEuro 2024\\\u00a0\u00bb,\\\u00a0\u00bbcontextLink\\\u00a0\u00bb:\\\u00a0\u00bb\/sports\/football\/euro\/\\\u00a0\u00bb,\\\u00a0\u00bbkeyword\\\u00a0\u00bb:\\\u00a0\u00bb\\\u00a0\u00bb,\\\u00a0\u00bbmetadata\\\u00a0\u00bb:\\\u00a0\u00bb\\\u00a0\u00bb,\\\u00a0\u00bblabel\\\u00a0\u00bb:\\\u00a0\u00bb\\\u00a0\u00bb,\\\u00a0\u00bblinks\\\u00a0\u00bb:[{\\\u00a0\u00bburl\\\u00a0\u00bb:\\\u00a0\u00bbhttps:\/\/www.leparisien.fr\/sports\/football\/euro\/calendrier-resultats\/\\\u00a0\u00bb,\\\u00a0\u00bbtext\\\u00a0\u00bb:\\\u00a0\u00bbCalendrier et r\u00e9sultats\\\u00a0\u00bb,\\\u00a0\u00bbsearchEnable\\\u00a0\u00bb:false,\\\u00a0\u00bbsearchPlaceholder\\\u00a0\u00bb:\\\u00a0\u00bb\\\u00a0\u00bb},{\\\u00a0\u00bburl\\\u00a0\u00bb:\\\u00a0\u00bbhttps:\/\/www.leparisien.fr\/sports\/football\/euro\/classement-buteurs\/\\\u00a0\u00bb,\\\u00a0\u00bbtext\\\u00a0\u00bb:\\\u00a0\u00bbClassement buteurs\\\u00a0\u00bb,\\\u00a0\u00bbsearchEnable\\\u00a0\u00bb:false,\\\u00a0\u00bbsearchPlaceholder\\\u00a0\u00bb:\\\u00a0\u00bb\\\u00a0\u00bb},{\\\u00a0\u00bburl\\\u00a0\u00bb:\\\u00a0\u00bbhttps:\/\/www.leparisien.fr\/sports\/football\/euro\/classement-passeurs\/\\\u00a0\u00bb,\\\u00a0\u00bbtext\\\u00a0\u00bb:\\\u00a0\u00bbClassement passeurs\\\u00a0\u00bb,\\\u00a0\u00bbsearchEnable\\\u00a0\u00bb:false,\\\u00a0\u00bbsearchPlaceholder\\\u00a0\u00bb:\\\u00a0\u00bb\\\u00a0\u00bb},{\\\u00a0\u00bburl\\\u00a0\u00bb:\\\u00a0\u00bbhttps:\/\/www.leparisien.fr\/sports\/football\/equipe-de-france\/\\\u00a0\u00bb,\\\u00a0\u00bbtext\\\u00a0\u00bb:\\\u00a0\u00bb\u00c9quipe de France\\\u00a0\u00bb,\\\u00a0\u00bbsearchEnable\\\u00a0\u00bb:false,\\\u00a0\u00bbsearchPlaceholder\\\u00a0\u00bb:\\\u00a0\u00bb\\\u00a0\u00bb},{\\\u00a0\u00bburl\\\u00a0\u00bb:\\\u00a0\u00bbhttps:\/\/www.leparisien.fr\/sports\/football\/euro\/euro-2024-equipes-joueurs-a-suivre-calendrier-des-matchs-le-guide-complet-de-la-competition-07-06-2024-QZ4EIPJ5BJFYXLKFT6WTVQVBGY.php\\\u00a0\u00bb,\\\u00a0\u00bbtext\\\u00a0\u00bb:\\\u00a0\u00bbGuide des \u00e9quipes\\\u00a0\u00bb,\\\u00a0\u00bbsearchEnable\\\u00a0\u00bb:false,\\\u00a0\u00bbsearchPlaceholder\\\u00a0\u00bb:\\\u00a0\u00bb\\\u00a0\u00bb}]},{\\\u00a0\u00bbsectionId\\\u00a0\u00bb:\\\u00a0\u00bb\/sports\/football\/coupe-d-afrique-des-nations\/\\\u00a0\u00bb,\\\u00a0\u00bbliveCollectionId\\\u00a0\u00bb:\\\u00a0\u00bb\\\u00a0\u00bb,\\\u00a0\u00bbliveUrl\\\u00a0\u00bb:\\\u00a0\u00bb\\\u00a0\u00bb,\\\u00a0\u00bbliveLabel\\\u00a0\u00bb:\\\u00a0\u00bb\\\u00a0\u00bb,\\\u00a0\u00bbshowLive\\\u00a0\u00bb:false,\\\u00a0\u00bbimage\\\u00a0\u00bb:\\\u00a0\u00bb\\\u00a0\u00bb,\\\u00a0\u00bbimageDark\\\u00a0\u00bb:\\\u00a0\u00bb\\\u00a0\u00bb,\\\u00a0\u00bbimageLink\\\u00a0\u00bb:\\\u00a0\u00bb\\\u00a0\u00bb,\\\u00a0\u00bbimageSizeMobile\\\u00a0\u00bb:\\\u00a0\u00bb\\\u00a0\u00bb,\\\u00a0\u00bbimageSizeTable\\\u00a0\u00bb:\\\u00a0\u00bb\\\u00a0\u00bb,\\\u00a0\u00bbimageSizeDesktop\\\u00a0\u00bb:\\\u00a0\u00bb\\\u00a0\u00bb,\\\u00a0\u00bbcontextLabel\\\u00a0\u00bb:\\\u00a0\u00bbCAN 2025\\\u00a0\u00bb,\\\u00a0\u00bbcontextLink\\\u00a0\u00bb:\\\u00a0\u00bb\/sports\/football\/coupe-d-afrique-des-nations\/\\\u00a0\u00bb,\\\u00a0\u00bbkeyword\\\u00a0\u00bb:\\\u00a0\u00bb\\\u00a0\u00bb,\\\u00a0\u00bbmetadata\\\u00a0\u00bb:\\\u00a0\u00bb\\\u00a0\u00bb,\\\u00a0\u00bblabel\\\u00a0\u00bb:\\\u00a0\u00bb\\\u00a0\u00bb,\\\u00a0\u00bblinks\\\u00a0\u00bb:[{\\\u00a0\u00bburl\\\u00a0\u00bb:\\\u00a0\u00bb\\\u00a0\u00bb,\\\u00a0\u00bbtext\\\u00a0\u00bb:\\\u00a0\u00bb\u00c9quipes\\\u00a0\u00bb,\\\u00a0\u00bbsearchEnable\\\u00a0\u00bb:false,\\\u00a0\u00bbsearchPlaceholder\\\u00a0\u00bb:\\\u00a0\u00bb\\\u00a0\u00bb,\\\u00a0\u00bbchildren\\\u00a0\u00bb:[{\\\u00a0\u00bburl\\\u00a0\u00bb:\\\u00a0\u00bbhttps:\/\/www.leparisien.fr\/sports\/football\/algerie\/\\\u00a0\u00bb,\\\u00a0\u00bbtext\\\u00a0\u00bb:\\\u00a0\u00bbAlg\u00e9rie\\\u00a0\u00bb},{\\\u00a0\u00bburl\\\u00a0\u00bb:\\\u00a0\u00bbhttps:\/\/www.leparisien.fr\/sports\/football\/cameroun\/\\\u00a0\u00bb,\\\u00a0\u00bbtext\\\u00a0\u00bb:\\\u00a0\u00bbCameroun\\\u00a0\u00bb},{\\\u00a0\u00bburl\\\u00a0\u00bb:\\\u00a0\u00bbhttps:\/\/www.leparisien.fr\/sports\/football\/cote-d-ivoire\/\\\u00a0\u00bb,\\\u00a0\u00bbtext\\\u00a0\u00bb:\\\u00a0\u00bbC\u00f4te d\u2019Ivoire\\\u00a0\u00bb},{\\\u00a0\u00bburl\\\u00a0\u00bb:\\\u00a0\u00bbhttps:\/\/www.leparisien.fr\/sports\/football\/maroc\/\\\u00a0\u00bb,\\\u00a0\u00bbtext\\\u00a0\u00bb:\\\u00a0\u00bbMaroc\\\u00a0\u00bb},{\\\u00a0\u00bburl\\\u00a0\u00bb:\\\u00a0\u00bbhttps:\/\/www.leparisien.fr\/sports\/football\/mali\/\\\u00a0\u00bb,\\\u00a0\u00bbtext\\\u00a0\u00bb:\\\u00a0\u00bbMali\\\u00a0\u00bb},{\\\u00a0\u00bburl\\\u00a0\u00bb:\\\u00a0\u00bbhttps:\/\/www.leparisien.fr\/sports\/football\/senegal\/\\\u00a0\u00bb,\\\u00a0\u00bbtext\\\u00a0\u00bb:\\\u00a0\u00bbS\u00e9n\u00e9gal\\\u00a0\u00bb},{\\\u00a0\u00bburl\\\u00a0\u00bb:\\\u00a0\u00bbhttps:\/\/www.leparisien.fr\/sports\/football\/tunisie\/\\\u00a0\u00bb,\\\u00a0\u00bbtext\\\u00a0\u00bb:\\\u00a0\u00bbTunisie\\\u00a0\u00bb}]},{\\\u00a0\u00bburl\\\u00a0\u00bb:\\\u00a0\u00bbhttps:\/\/www.leparisien.fr\/sports\/football\/coupe-d-afrique-des-nations\/can-2025-le-tirage-complet-des-groupes-un-choc-cote-divoire-cameroun-en-poule-27-01-2025-LEECCFGEWRERDNB4POGV2OAGTA.php\\\u00a0\u00bb,\\\u00a0\u00bbtext\\\u00a0\u00bb:\\\u00a0\u00bbLe tirage complet des groupes\\\u00a0\u00bb,\\\u00a0\u00bbsearchEnable\\\u00a0\u00bb:false,\\\u00a0\u00bbsearchPlaceholder\\\u00a0\u00bb:\\\u00a0\u00bb\\\u00a0\u00bb}]},{\\\u00a0\u00bbsectionId\\\u00a0\u00bb:\\\u00a0\u00bb\/international\/ukraine\/\\\u00a0\u00bb,\\\u00a0\u00bbliveCollectionId\\\u00a0\u00bb:\\\u00a0\u00bb\\\u00a0\u00bb,\\\u00a0\u00bbliveUrl\\\u00a0\u00bb:\\\u00a0\u00bb\\\u00a0\u00bb,\\\u00a0\u00bbliveLabel\\\u00a0\u00bb:\\\u00a0\u00bb\\\u00a0\u00bb,\\\u00a0\u00bbshowLive\\\u00a0\u00bb:false,\\\u00a0\u00bbimage\\\u00a0\u00bb:\\\u00a0\u00bb\\\u00a0\u00bb,\\\u00a0\u00bbimageDark\\\u00a0\u00bb:\\\u00a0\u00bb\\\u00a0\u00bb,\\\u00a0\u00bbimageLink\\\u00a0\u00bb:\\\u00a0\u00bb\\\u00a0\u00bb,\\\u00a0\u00bbimageSizeMobile\\\u00a0\u00bb:\\\u00a0\u00bb\\\u00a0\u00bb,\\\u00a0\u00bbimageSizeTable\\\u00a0\u00bb:\\\u00a0\u00bb\\\u00a0\u00bb,\\\u00a0\u00bbimageSizeDesktop\\\u00a0\u00bb:\\\u00a0\u00bb\\\u00a0\u00bb,\\\u00a0\u00bbcontextLabel\\\u00a0\u00bb:\\\u00a0\u00bbGuerre en Ukraine\\\u00a0\u00bb,\\\u00a0\u00bbcontextLink\\\u00a0\u00bb:\\\u00a0\u00bb\/international\/ukraine\/\\\u00a0\u00bb,\\\u00a0\u00bbkeyword\\\u00a0\u00bb:\\\u00a0\u00bb\\\u00a0\u00bb,\\\u00a0\u00bbmetadata\\\u00a0\u00bb:\\\u00a0\u00bb\\\u00a0\u00bb,\\\u00a0\u00bblabel\\\u00a0\u00bb:\\\u00a0\u00bb\\\u00a0\u00bb,\\\u00a0\u00bblinks\\\u00a0\u00bb:[{\\\u00a0\u00bburl\\\u00a0\u00bb:\\\u00a0\u00bb\/reportages-guerre-ukraine\/\\\u00a0\u00bb,\\\u00a0\u00bbtext\\\u00a0\u00bb:\\\u00a0\u00bbNos reportages\\\u00a0\u00bb,\\\u00a0\u00bbsearchEnable\\\u00a0\u00bb:false,\\\u00a0\u00bbsearchPlaceholder\\\u00a0\u00bb:\\\u00a0\u00bb\\\u00a0\u00bb},{\\\u00a0\u00bburl\\\u00a0\u00bb:\\\u00a0\u00bb\/international\/volodymyr-zelensky\/\\\u00a0\u00bb,\\\u00a0\u00bbtext\\\u00a0\u00bb:\\\u00a0\u00bbVolodymyr Zelensky\\\u00a0\u00bb,\\\u00a0\u00bbsearchEnable\\\u00a0\u00bb:false,\\\u00a0\u00bbsearchPlaceholder\\\u00a0\u00bb:\\\u00a0\u00bb\\\u00a0\u00bb},{\\\u00a0\u00bburl\\\u00a0\u00bb:\\\u00a0\u00bb\/international\/vladimir-poutine\/\\\u00a0\u00bb,\\\u00a0\u00bbtext\\\u00a0\u00bb:\\\u00a0\u00bbVladimir Poutine\\\u00a0\u00bb,\\\u00a0\u00bbsearchEnable\\\u00a0\u00bb:false,\\\u00a0\u00bbsearchPlaceholder\\\u00a0\u00bb:\\\u00a0\u00bb\\\u00a0\u00bb},{\\\u00a0\u00bburl\\\u00a0\u00bb:\\\u00a0\u00bb\/international\/ukraine\/\\\u00a0\u00bb,\\\u00a0\u00bbtext\\\u00a0\u00bb:\\\u00a0\u00bbToute l&rsquo;actu\\\u00a0\u00bb,\\\u00a0\u00bbsearchEnable\\\u00a0\u00bb:false,\\\u00a0\u00bbsearchPlaceholder\\\u00a0\u00bb:\\\u00a0\u00bb\\\u00a0\u00bb}]},{\\\u00a0\u00bbsectionId\\\u00a0\u00bb:\\\u00a0\u00bb\/sports\/formule-1\/\\\u00a0\u00bb,\\\u00a0\u00bbliveCollectionId\\\u00a0\u00bb:\\\u00a0\u00bb\\\u00a0\u00bb,\\\u00a0\u00bbliveUrl\\\u00a0\u00bb:\\\u00a0\u00bb\\\u00a0\u00bb,\\\u00a0\u00bbliveLabel\\\u00a0\u00bb:\\\u00a0\u00bb\\\u00a0\u00bb,\\\u00a0\u00bbshowLive\\\u00a0\u00bb:false,\\\u00a0\u00bbimage\\\u00a0\u00bb:\\\u00a0\u00bb\\\u00a0\u00bb,\\\u00a0\u00bbimageDark\\\u00a0\u00bb:\\\u00a0\u00bb\\\u00a0\u00bb,\\\u00a0\u00bbimageLink\\\u00a0\u00bb:\\\u00a0\u00bb\\\u00a0\u00bb,\\\u00a0\u00bbimageSizeMobile\\\u00a0\u00bb:\\\u00a0\u00bb\\\u00a0\u00bb,\\\u00a0\u00bbimageSizeTable\\\u00a0\u00bb:\\\u00a0\u00bb\\\u00a0\u00bb,\\\u00a0\u00bbimageSizeDesktop\\\u00a0\u00bb:\\\u00a0\u00bb\\\u00a0\u00bb,\\\u00a0\u00bbcontextLabel\\\u00a0\u00bb:\\\u00a0\u00bbFormule 1\\\u00a0\u00bb,\\\u00a0\u00bbcontextLink\\\u00a0\u00bb:\\\u00a0\u00bb\/sports\/formule-1\/\\\u00a0\u00bb,\\\u00a0\u00bbkeyword\\\u00a0\u00bb:\\\u00a0\u00bb\\\u00a0\u00bb,\\\u00a0\u00bbmetadata\\\u00a0\u00bb:\\\u00a0\u00bb\\\u00a0\u00bb,\\\u00a0\u00bblabel\\\u00a0\u00bb:\\\u00a0\u00bb\\\u00a0\u00bb,\\\u00a0\u00bblinks\\\u00a0\u00bb:[{\\\u00a0\u00bburl\\\u00a0\u00bb:\\\u00a0\u00bbhttps:\/\/www.leparisien.fr\/sports\/formule-1\/calendrier-resultats-saison-f1\/\\\u00a0\u00bb,\\\u00a0\u00bbtext\\\u00a0\u00bb:\\\u00a0\u00bbCalendrier 2025\\\u00a0\u00bb,\\\u00a0\u00bbsearchEnable\\\u00a0\u00bb:false,\\\u00a0\u00bbsearchPlaceholder\\\u00a0\u00bb:\\\u00a0\u00bb\\\u00a0\u00bb},{\\\u00a0\u00bburl\\\u00a0\u00bb:\\\u00a0\u00bbhttps:\/\/www.leparisien.fr\/sports\/formule-1\/classement-pilotes-f1\/\\\u00a0\u00bb,\\\u00a0\u00bbtext\\\u00a0\u00bb:\\\u00a0\u00bbClassement des pilotes\\\u00a0\u00bb,\\\u00a0\u00bbsearchEnable\\\u00a0\u00bb:false,\\\u00a0\u00bbsearchPlaceholder\\\u00a0\u00bb:\\\u00a0\u00bb\\\u00a0\u00bb},{\\\u00a0\u00bburl\\\u00a0\u00bb:\\\u00a0\u00bbhttps:\/\/www.leparisien.fr\/sports\/formule-1\/classement-constructeurs-f1\/\\\u00a0\u00bb,\\\u00a0\u00bbtext\\\u00a0\u00bb:\\\u00a0\u00bbClassement des constructeurs\\\u00a0\u00bb,\\\u00a0\u00bbsearchEnable\\\u00a0\u00bb:false,\\\u00a0\u00bbsearchPlaceholder\\\u00a0\u00bb:\\\u00a0\u00bb\\\u00a0\u00bb},{\\\u00a0\u00bburl\\\u00a0\u00bb:\\\u00a0\u00bbhttps:\/\/www.leparisien.fr\/sports\/formule-1\/formule-1-la-grille-complete-des-pilotes-engages-pour-la-saison-2025-avec-trois-francais-20-12-2024-PD6OIPIC25DE3CVAY5YJOIC43I.php\\\u00a0\u00bb,\\\u00a0\u00bbtext\\\u00a0\u00bb:\\\u00a0\u00bbGrille des pilotes\\\u00a0\u00bb,\\\u00a0\u00bbsearchEnable\\\u00a0\u00bb:false,\\\u00a0\u00bbsearchPlaceholder\\\u00a0\u00bb:\\\u00a0\u00bb\\\u00a0\u00bb}]},{\\\u00a0\u00bbsectionId\\\u00a0\u00bb:\\\u00a0\u00bb\/elections\/europeennes\/\\\u00a0\u00bb,\\\u00a0\u00bbliveCollectionId\\\u00a0\u00bb:\\\u00a0\u00bb\\\u00a0\u00bb,\\\u00a0\u00bbliveUrl\\\u00a0\u00bb:\\\u00a0\u00bb\\\u00a0\u00bb,\\\u00a0\u00bbliveLabel\\\u00a0\u00bb:\\\u00a0\u00bb\\\u00a0\u00bb,\\\u00a0\u00bbshowLive\\\u00a0\u00bb:false,\\\u00a0\u00bbimage\\\u00a0\u00bb:\\\u00a0\u00bb\\\u00a0\u00bb,\\\u00a0\u00bbimageDark\\\u00a0\u00bb:\\\u00a0\u00bb\\\u00a0\u00bb,\\\u00a0\u00bbimageLink\\\u00a0\u00bb:\\\u00a0\u00bb\\\u00a0\u00bb,\\\u00a0\u00bbimageSizeMobile\\\u00a0\u00bb:\\\u00a0\u00bb\\\u00a0\u00bb,\\\u00a0\u00bbimageSizeTable\\\u00a0\u00bb:\\\u00a0\u00bb\\\u00a0\u00bb,\\\u00a0\u00bbimageSizeDesktop\\\u00a0\u00bb:\\\u00a0\u00bb\\\u00a0\u00bb,\\\u00a0\u00bbcontextLabel\\\u00a0\u00bb:\\\u00a0\u00bbEurop\u00e9ennes 2024\\\u00a0\u00bb,\\\u00a0\u00bbcontextLink\\\u00a0\u00bb:\\\u00a0\u00bb\/elections\/europeennes\/\\\u00a0\u00bb,\\\u00a0\u00bbkeyword\\\u00a0\u00bb:\\\u00a0\u00bb\\\u00a0\u00bb,\\\u00a0\u00bbmetadata\\\u00a0\u00bb:\\\u00a0\u00bb\\\u00a0\u00bb,\\\u00a0\u00bblabel\\\u00a0\u00bb:\\\u00a0\u00bb\\\u00a0\u00bb,\\\u00a0\u00bblinks\\\u00a0\u00bb:[{\\\u00a0\u00bburl\\\u00a0\u00bb:\\\u00a0\u00bbhttps:\/\/www.leparisien.fr\/elections\/europeennes\/elections-europeennes-2024-decouvrez-comment-a-vote-votre-commune-09-06-2024-BXL5YEPYQ5HHDD5Y7MTJY3IXCE.php\\\u00a0\u00bb,\\\u00a0\u00bbtext\\\u00a0\u00bb:\\\u00a0\u00bbR\u00e9sultats par commune\\\u00a0\u00bb,\\\u00a0\u00bbsearchEnable\\\u00a0\u00bb:false,\\\u00a0\u00bbsearchPlaceholder\\\u00a0\u00bb:\\\u00a0\u00bb\\\u00a0\u00bb},{\\\u00a0\u00bburl\\\u00a0\u00bb:\\\u00a0\u00bbhttps:\/\/www.leparisien.fr\/elections\/europeennes\/elections-europeennes-2024-les-resultats-parti-par-parti-09-06-2024-BX7N5OPXPBEWNMFVQKLATJ4H7I.php\\\u00a0\u00bb,\\\u00a0\u00bbtext\\\u00a0\u00bb:\\\u00a0\u00bbR\u00e9sultats parti par parti\\\u00a0\u00bb,\\\u00a0\u00bbsearchEnable\\\u00a0\u00bb:false,\\\u00a0\u00bbsearchPlaceholder\\\u00a0\u00bb:\\\u00a0\u00bb\\\u00a0\u00bb},{\\\u00a0\u00bburl\\\u00a0\u00bb:\\\u00a0\u00bb\\\u00a0\u00bb,\\\u00a0\u00bbtext\\\u00a0\u00bb:\\\u00a0\u00bbCandidats t\u00eates de liste\\\u00a0\u00bb,\\\u00a0\u00bbsearchEnable\\\u00a0\u00bb:false,\\\u00a0\u00bbsearchPlaceholder\\\u00a0\u00bb:\\\u00a0\u00bb\\\u00a0\u00bb,\\\u00a0\u00bbchildren\\\u00a0\u00bb:[{\\\u00a0\u00bburl\\\u00a0\u00bb:\\\u00a0\u00bbhttps:\/\/www.leparisien.fr\/politique\/manon-aubry\/\\\u00a0\u00bb,\\\u00a0\u00bbtext\\\u00a0\u00bb:\\\u00a0\u00bbManon Aubry\\\u00a0\u00bb},{\\\u00a0\u00bburl\\\u00a0\u00bb:\\\u00a0\u00bbhttps:\/\/www.leparisien.fr\/politique\/jordan-bardella\/\\\u00a0\u00bb,\\\u00a0\u00bbtext\\\u00a0\u00bb:\\\u00a0\u00bbJordan Bardella\\\u00a0\u00bb},{\\\u00a0\u00bburl\\\u00a0\u00bb:\\\u00a0\u00bbhttps:\/\/www.leparisien.fr\/politique\/francois-xavier-bellamy\/\\\u00a0\u00bb,\\\u00a0\u00bbtext\\\u00a0\u00bb:\\\u00a0\u00bbFran\u00e7ois-Xavier Bellamy\\\u00a0\u00bb},{\\\u00a0\u00bburl\\\u00a0\u00bb:\\\u00a0\u00bbhttps:\/\/www.leparisien.fr\/politique\/raphael-glucksmann\/\\\u00a0\u00bb,\\\u00a0\u00bbtext\\\u00a0\u00bb:\\\u00a0\u00bbRapha\u00ebl Glucksmann\\\u00a0\u00bb},{\\\u00a0\u00bburl\\\u00a0\u00bb:\\\u00a0\u00bbhttps:\/\/www.leparisien.fr\/politique\/valerie-hayer\/\\\u00a0\u00bb,\\\u00a0\u00bbtext\\\u00a0\u00bb:\\\u00a0\u00bbVal\u00e9rie Hayer\\\u00a0\u00bb},{\\\u00a0\u00bburl\\\u00a0\u00bb:\\\u00a0\u00bbhttps:\/\/www.leparisien.fr\/politique\/marion-marechal\/\\\u00a0\u00bb,\\\u00a0\u00bbtext\\\u00a0\u00bb:\\\u00a0\u00bbMarion Mar\u00e9chal\\\u00a0\u00bb},{\\\u00a0\u00bburl\\\u00a0\u00bb:\\\u00a0\u00bbhttps:\/\/www.leparisien.fr\/politique\/marie-toussaint\/\\\u00a0\u00bb,\\\u00a0\u00bbtext\\\u00a0\u00bb:\\\u00a0\u00bbMarie Toussaint\\\u00a0\u00bb}]}]},{\\\u00a0\u00bbsectionId\\\u00a0\u00bb:\\\u00a0\u00bb\/elections\/legislatives\/\\\u00a0\u00bb,\\\u00a0\u00bbliveCollectionId\\\u00a0\u00bb:\\\u00a0\u00bb\\\u00a0\u00bb,\\\u00a0\u00bbliveUrl\\\u00a0\u00bb:\\\u00a0\u00bb\\\u00a0\u00bb,\\\u00a0\u00bbliveLabel\\\u00a0\u00bb:\\\u00a0\u00bb\\\u00a0\u00bb,\\\u00a0\u00bbshowLive\\\u00a0\u00bb:false,\\\u00a0\u00bbimage\\\u00a0\u00bb:\\\u00a0\u00bb\\\u00a0\u00bb,\\\u00a0\u00bbimageDark\\\u00a0\u00bb:\\\u00a0\u00bb\\\u00a0\u00bb,\\\u00a0\u00bbimageLink\\\u00a0\u00bb:\\\u00a0\u00bb\\\u00a0\u00bb,\\\u00a0\u00bbimageSizeMobile\\\u00a0\u00bb:\\\u00a0\u00bb\\\u00a0\u00bb,\\\u00a0\u00bbimageSizeTable\\\u00a0\u00bb:\\\u00a0\u00bb\\\u00a0\u00bb,\\\u00a0\u00bbimageSizeDesktop\\\u00a0\u00bb:\\\u00a0\u00bb\\\u00a0\u00bb,\\\u00a0\u00bbcontextLabel\\\u00a0\u00bb:\\\u00a0\u00bbL\u00e9gislatives 2024\\\u00a0\u00bb,\\\u00a0\u00bbcontextLink\\\u00a0\u00bb:\\\u00a0\u00bb\/elections\/legislatives\/\\\u00a0\u00bb,\\\u00a0\u00bbkeyword\\\u00a0\u00bb:\\\u00a0\u00bb\\\u00a0\u00bb,\\\u00a0\u00bbmetadata\\\u00a0\u00bb:\\\u00a0\u00bb\\\u00a0\u00bb,\\\u00a0\u00bblabel\\\u00a0\u00bb:\\\u00a0\u00bb\\\u00a0\u00bb,\\\u00a0\u00bblinks\\\u00a0\u00bb:[{\\\u00a0\u00bburl\\\u00a0\u00bb:\\\u00a0\u00bbhttps:\/\/www.leparisien.fr\/elections\/legislatives\/legislatives-2024-decouvrez-les-resultats-du-second-tour-dans-votre-circonscription-07-07-2024-OQAAR3P5NRDKFLBFBSZDMUIKUU.php\\\u00a0\u00bb,\\\u00a0\u00bbtext\\\u00a0\u00bb:\\\u00a0\u00bbR\u00e9sultats par circonscription\\\u00a0\u00bb,\\\u00a0\u00bbsearchEnable\\\u00a0\u00bb:false,\\\u00a0\u00bbsearchPlaceholder\\\u00a0\u00bb:\\\u00a0\u00bb\\\u00a0\u00bb},{\\\u00a0\u00bburl\\\u00a0\u00bb:\\\u00a0\u00bbhttps:\/\/www.leparisien.fr\/elections\/legislatives\/legislatives-2024-la-carte-de-france-des-resultats-du-second-tour-des-elections-en-temps-reel-07-07-2024-ZCBJ5PM3BJDJFHO5VSDZX2IL4Q.php\\\u00a0\u00bb,\\\u00a0\u00bbtext\\\u00a0\u00bb:\\\u00a0\u00bbCartes du second tour\\\u00a0\u00bb,\\\u00a0\u00bbsearchEnable\\\u00a0\u00bb:false,\\\u00a0\u00bbsearchPlaceholder\\\u00a0\u00bb:\\\u00a0\u00bb\\\u00a0\u00bb},{\\\u00a0\u00bburl\\\u00a0\u00bb:\\\u00a0\u00bbhttps:\/\/www.leparisien.fr\/resultats-elections\/\\\u00a0\u00bb,\\\u00a0\u00bbtext\\\u00a0\u00bb:\\\u00a0\u00bbTous les r\u00e9sultats\\\u00a0\u00bb,\\\u00a0\u00bbsearchEnable\\\u00a0\u00bb:false,\\\u00a0\u00bbsearchPlaceholder\\\u00a0\u00bb:\\\u00a0\u00bb\\\u00a0\u00bb}]},{\\\u00a0\u00bbsectionId\\\u00a0\u00bb:\\\u00a0\u00bb\/sports\/cyclisme\/tour-de-france\/\\\u00a0\u00bb,\\\u00a0\u00bbliveCollectionId\\\u00a0\u00bb:\\\u00a0\u00bb\\\u00a0\u00bb,\\\u00a0\u00bbliveUrl\\\u00a0\u00bb:\\\u00a0\u00bb\\\u00a0\u00bb,\\\u00a0\u00bbliveLabel\\\u00a0\u00bb:\\\u00a0\u00bb\\\u00a0\u00bb,\\\u00a0\u00bbshowLive\\\u00a0\u00bb:true,\\\u00a0\u00bbimage\\\u00a0\u00bb:\\\u00a0\u00bb\\\u00a0\u00bb,\\\u00a0\u00bbimageDark\\\u00a0\u00bb:\\\u00a0\u00bb\\\u00a0\u00bb,\\\u00a0\u00bbimageLink\\\u00a0\u00bb:\\\u00a0\u00bb\\\u00a0\u00bb,\\\u00a0\u00bbimageSizeMobile\\\u00a0\u00bb:\\\u00a0\u00bb\\\u00a0\u00bb,\\\u00a0\u00bbimageSizeTable\\\u00a0\u00bb:\\\u00a0\u00bb\\\u00a0\u00bb,\\\u00a0\u00bbimageSizeDesktop\\\u00a0\u00bb:\\\u00a0\u00bb\\\u00a0\u00bb,\\\u00a0\u00bbcontextLabel\\\u00a0\u00bb:\\\u00a0\u00bbTour de France 2025\\\u00a0\u00bb,\\\u00a0\u00bbcontextLink\\\u00a0\u00bb:\\\u00a0\u00bb\/sports\/cyclisme\/tour-de-france\/\\\u00a0\u00bb,\\\u00a0\u00bbkeyword\\\u00a0\u00bb:\\\u00a0\u00bb\\\u00a0\u00bb,\\\u00a0\u00bbmetadata\\\u00a0\u00bb:\\\u00a0\u00bb\\\u00a0\u00bb,\\\u00a0\u00bblabel\\\u00a0\u00bb:\\\u00a0\u00bb\\\u00a0\u00bb,\\\u00a0\u00bblinks\\\u00a0\u00bb:[{\\\u00a0\u00bburl\\\u00a0\u00bb:\\\u00a0\u00bbhttps:\/\/www.leparisien.fr\/sports\/cyclisme\/tour-de-france\/tour-de-france-le-classement-general-final-de-ledition-2025-avec-la-quatrieme-victoire-de-pogacar-27-07-2025-N6K4XYAL2ZE6XNOQQKKWJTYPMI.php\\\u00a0\u00bb,\\\u00a0\u00bbtext\\\u00a0\u00bb:\\\u00a0\u00bbClassement g\u00e9n\u00e9ral final\\\u00a0\u00bb,\\\u00a0\u00bbsearchEnable\\\u00a0\u00bb:false,\\\u00a0\u00bbsearchPlaceholder\\\u00a0\u00bb:\\\u00a0\u00bb\\\u00a0\u00bb},{\\\u00a0\u00bburl\\\u00a0\u00bb:\\\u00a0\u00bbhttps:\/\/www.leparisien.fr\/sports\/cyclisme\/tadej-pogacar\/\\\u00a0\u00bb,\\\u00a0\u00bbtext\\\u00a0\u00bb:\\\u00a0\u00bbTadej Pogacar\\\u00a0\u00bb,\\\u00a0\u00bbsearchEnable\\\u00a0\u00bb:false,\\\u00a0\u00bbsearchPlaceholder\\\u00a0\u00bb:\\\u00a0\u00bb\\\u00a0\u00bb},{\\\u00a0\u00bburl\\\u00a0\u00bb:\\\u00a0\u00bbhttps:\/\/www.leparisien.fr\/sports\/cyclisme\/jonas-vingegaard\/\\\u00a0\u00bb,\\\u00a0\u00bbtext\\\u00a0\u00bb:\\\u00a0\u00bbJonas Vingegaard\\\u00a0\u00bb,\\\u00a0\u00bbsearchEnable\\\u00a0\u00bb:false,\\\u00a0\u00bbsearchPlaceholder\\\u00a0\u00bb:\\\u00a0\u00bb\\\u00a0\u00bb}]},{\\\u00a0\u00bbsectionId\\\u00a0\u00bb:\\\u00a0\u00bb\/jo-paralympiques-paris-2024\/\\\u00a0\u00bb,\\\u00a0\u00bbliveCollectionId\\\u00a0\u00bb:\\\u00a0\u00bb\\\u00a0\u00bb,\\\u00a0\u00bbliveUrl\\\u00a0\u00bb:\\\u00a0\u00bb\\\u00a0\u00bb,\\\u00a0\u00bbliveLabel\\\u00a0\u00bb:\\\u00a0\u00bb\\\u00a0\u00bb,\\\u00a0\u00bbshowLive\\\u00a0\u00bb:false,\\\u00a0\u00bbimage\\\u00a0\u00bb:\\\u00a0\u00bbhttps:\/\/assets.leparisien.fr\/website\/images\/homepage\/logo-jo-2024.svg\\\u00a0\u00bb,\\\u00a0\u00bbimageDark\\\u00a0\u00bb:\\\u00a0\u00bbhttps:\/\/assets.leparisien.fr\/website\/images\/homepage\/dark\/logo-jo-2024.png\\\u00a0\u00bb,\\\u00a0\u00bbimageLink\\\u00a0\u00bb:\\\u00a0\u00bb\\\u00a0\u00bb,\\\u00a0\u00bbimageSizeMobile\\\u00a0\u00bb:\\\u00a0\u00bb28X16\\\u00a0\u00bb,\\\u00a0\u00bbimageSizeTable\\\u00a0\u00bb:\\\u00a0\u00bb28X16\\\u00a0\u00bb,\\\u00a0\u00bbimageSizeDesktop\\\u00a0\u00bb:\\\u00a0\u00bb28X16\\\u00a0\u00bb,\\\u00a0\u00bbcontextLabel\\\u00a0\u00bb:\\\u00a0\u00bbJeux paralympiques 2024\\\u00a0\u00bb,\\\u00a0\u00bbcontextLink\\\u00a0\u00bb:\\\u00a0\u00bbhttps:\/\/www.leparisien.fr\/jo-paralympiques-paris-2024\/\\\u00a0\u00bb,\\\u00a0\u00bbkeyword\\\u00a0\u00bb:\\\u00a0\u00bb\\\u00a0\u00bb,\\\u00a0\u00bbmetadata\\\u00a0\u00bb:\\\u00a0\u00bb\\\u00a0\u00bb,\\\u00a0\u00bblabel\\\u00a0\u00bb:\\\u00a0\u00bb\\\u00a0\u00bb,\\\u00a0\u00bblinks\\\u00a0\u00bb:[{\\\u00a0\u00bburl\\\u00a0\u00bb:\\\u00a0\u00bbhttps:\/\/www.leparisien.fr\/jo-paralympiques-paris-2024\/tableau-des-medailles\/\\\u00a0\u00bb,\\\u00a0\u00bbtext\\\u00a0\u00bb:\\\u00a0\u00bbTableau des m\u00e9dailles\\\u00a0\u00bb,\\\u00a0\u00bbsearchEnable\\\u00a0\u00bb:false,\\\u00a0\u00bbsearchPlaceholder\\\u00a0\u00bb:\\\u00a0\u00bb\\\u00a0\u00bb},{\\\u00a0\u00bburl\\\u00a0\u00bb:\\\u00a0\u00bbhttps:\/\/www.leparisien.fr\/jo-paralympiques-paris-2024\/resultats\/\\\u00a0\u00bb,\\\u00a0\u00bbtext\\\u00a0\u00bb:\\\u00a0\u00bbR\u00e9sultats\\\u00a0\u00bb,\\\u00a0\u00bbsearchEnable\\\u00a0\u00bb:false,\\\u00a0\u00bbsearchPlaceholder\\\u00a0\u00bb:\\\u00a0\u00bb\\\u00a0\u00bb},{\\\u00a0\u00bburl\\\u00a0\u00bb:\\\u00a0\u00bbhttps:\/\/www.leparisien.fr\/jo-paris-2024\/equipe-de-france\/\\\u00a0\u00bb,\\\u00a0\u00bbtext\\\u00a0\u00bb:\\\u00a0\u00bb\u00c9quipe de France\\\u00a0\u00bb,\\\u00a0\u00bbsearchEnable\\\u00a0\u00bb:false,\\\u00a0\u00bbsearchPlaceholder\\\u00a0\u00bb:\\\u00a0\u00bb\\\u00a0\u00bb},{\\\u00a0\u00bburl\\\u00a0\u00bb:\\\u00a0\u00bbhttps:\/\/www.leparisien.fr\/jo-paris-2024\/videos\/\\\u00a0\u00bb,\\\u00a0\u00bbtext\\\u00a0\u00bb:\\\u00a0\u00bbVid\u00e9os\\\u00a0\u00bb,\\\u00a0\u00bbsearchEnable\\\u00a0\u00bb:false,\\\u00a0\u00bbsearchPlaceholder\\\u00a0\u00bb:\\\u00a0\u00bb\\\u00a0\u00bb},{\\\u00a0\u00bburl\\\u00a0\u00bb:\\\u00a0\u00bbhttps:\/\/www.leparisien.fr\/inscription-newsletter-jeux-olympiques\/\\\u00a0\u00bb,\\\u00a0\u00bbtext\\\u00a0\u00bb:\\\u00a0\u00bbNewsletter\\\u00a0\u00bb,\\\u00a0\u00bbsearchEnable\\\u00a0\u00bb:false,\\\u00a0\u00bbsearchPlaceholder\\\u00a0\u00bb:\\\u00a0\u00bb\\\u00a0\u00bb}]},{\\\u00a0\u00bbsectionId\\\u00a0\u00bb:\\\u00a0\u00bb\/international\/etats-unis\/\\\u00a0\u00bb,\\\u00a0\u00bbliveCollectionId\\\u00a0\u00bb:\\\u00a0\u00bb\\\u00a0\u00bb,\\\u00a0\u00bbliveUrl\\\u00a0\u00bb:\\\u00a0\u00bb\\\u00a0\u00bb,\\\u00a0\u00bbliveLabel\\\u00a0\u00bb:\\\u00a0\u00bb\\\u00a0\u00bb,\\\u00a0\u00bbshowLive\\\u00a0\u00bb:false,\\\u00a0\u00bbimage\\\u00a0\u00bb:\\\u00a0\u00bbhttps:\/\/assets.leparisien.fr\/website\/images\/homepage\/us-2024.svg\\\u00a0\u00bb,\\\u00a0\u00bbimageDark\\\u00a0\u00bb:\\\u00a0\u00bbhttps:\/\/assets.leparisien.fr\/website\/images\/homepage\/dark\/us-2024.png\\\u00a0\u00bb,\\\u00a0\u00bbimageLink\\\u00a0\u00bb:\\\u00a0\u00bb\\\u00a0\u00bb,\\\u00a0\u00bbimageSizeMobile\\\u00a0\u00bb:\\\u00a0\u00bb16&#215;16\\\u00a0\u00bb,\\\u00a0\u00bbimageSizeTable\\\u00a0\u00bb:\\\u00a0\u00bb16&#215;16\\\u00a0\u00bb,\\\u00a0\u00bbimageSizeDesktop\\\u00a0\u00bb:\\\u00a0\u00bb16&#215;16\\\u00a0\u00bb,\\\u00a0\u00bbcontextLabel\\\u00a0\u00bb:\\\u00a0\u00bb\u00c9tats-Unis\\\u00a0\u00bb,\\\u00a0\u00bbcontextLink\\\u00a0\u00bb:\\\u00a0\u00bb\/international\/etats-unis\/\\\u00a0\u00bb,\\\u00a0\u00bbkeyword\\\u00a0\u00bb:\\\u00a0\u00bb\\\u00a0\u00bb,\\\u00a0\u00bbmetadata\\\u00a0\u00bb:\\\u00a0\u00bb\\\u00a0\u00bb,\\\u00a0\u00bblabel\\\u00a0\u00bb:\\\u00a0\u00bb\\\u00a0\u00bb,\\\u00a0\u00bblinks\\\u00a0\u00bb:[{\\\u00a0\u00bburl\\\u00a0\u00bb:\\\u00a0\u00bbhttps:\/\/www.leparisien.fr\/international\/etats-unis\/donald-trump\/\\\u00a0\u00bb,\\\u00a0\u00bbtext\\\u00a0\u00bb:\\\u00a0\u00bbDonald Trump\\\u00a0\u00bb,\\\u00a0\u00bbsearchEnable\\\u00a0\u00bb:false,\\\u00a0\u00bbsearchPlaceholder\\\u00a0\u00bb:\\\u00a0\u00bb\\\u00a0\u00bb},{\\\u00a0\u00bburl\\\u00a0\u00bb:\\\u00a0\u00bbhttps:\/\/www.leparisien.fr\/international\/elon-musk\/\\\u00a0\u00bb,\\\u00a0\u00bbtext\\\u00a0\u00bb:\\\u00a0\u00bbElon Musk\\\u00a0\u00bb,\\\u00a0\u00bbsearchEnable\\\u00a0\u00bb:false,\\\u00a0\u00bbsearchPlaceholder\\\u00a0\u00bb:\\\u00a0\u00bb\\\u00a0\u00bb},{\\\u00a0\u00bburl\\\u00a0\u00bb:\\\u00a0\u00bbhttps:\/\/www.leparisien.fr\/international\/etats-unis\/\\\u00a0\u00bb,\\\u00a0\u00bbtext\\\u00a0\u00bb:\\\u00a0\u00bbToute l&rsquo;actu aux \u00c9tats-Unis\\\u00a0\u00bb,\\\u00a0\u00bbsearchEnable\\\u00a0\u00bb:false,\\\u00a0\u00bbsearchPlaceholder\\\u00a0\u00bb:\\\u00a0\u00bb\\\u00a0\u00bb}]},{\\\u00a0\u00bbsectionId\\\u00a0\u00bb:\\\u00a0\u00bb\/sports\/football\/ligue-des-champions\/\\\u00a0\u00bb,\\\u00a0\u00bbliveCollectionId\\\u00a0\u00bb:\\\u00a0\u00bb\\\u00a0\u00bb,\\\u00a0\u00bbliveUrl\\\u00a0\u00bb:\\\u00a0\u00bb\\\u00a0\u00bb,\\\u00a0\u00bbliveLabel\\\u00a0\u00bb:\\\u00a0\u00bb\\\u00a0\u00bb,\\\u00a0\u00bbshowLive\\\u00a0\u00bb:false,\\\u00a0\u00bbimage\\\u00a0\u00bb:\\\u00a0\u00bb\\\u00a0\u00bb,\\\u00a0\u00bbimageDark\\\u00a0\u00bb:\\\u00a0\u00bb\\\u00a0\u00bb,\\\u00a0\u00bbimageLink\\\u00a0\u00bb:\\\u00a0\u00bb\\\u00a0\u00bb,\\\u00a0\u00bbimageSizeMobile\\\u00a0\u00bb:\\\u00a0\u00bb\\\u00a0\u00bb,\\\u00a0\u00bbimageSizeTable\\\u00a0\u00bb:\\\u00a0\u00bb\\\u00a0\u00bb,\\\u00a0\u00bbimageSizeDesktop\\\u00a0\u00bb:\\\u00a0\u00bb\\\u00a0\u00bb,\\\u00a0\u00bbcontextLabel\\\u00a0\u00bb:\\\u00a0\u00bbLigue des champions\\\u00a0\u00bb,\\\u00a0\u00bbcontextLink\\\u00a0\u00bb:\\\u00a0\u00bb\/sports\/football\/ligue-des-champions\/\\\u00a0\u00bb,\\\u00a0\u00bbkeyword\\\u00a0\u00bb:\\\u00a0\u00bb\\\u00a0\u00bb,\\\u00a0\u00bbmetadata\\\u00a0\u00bb:\\\u00a0\u00bb\\\u00a0\u00bb,\\\u00a0\u00bblabel\\\u00a0\u00bb:\\\u00a0\u00bb\\\u00a0\u00bb,\\\u00a0\u00bblinks\\\u00a0\u00bb:[{\\\u00a0\u00bburl\\\u00a0\u00bb:\\\u00a0\u00bbhttps:\/\/www.leparisien.fr\/sports\/football\/ligue-des-champions\/calendrier-resultats\/\\\u00a0\u00bb,\\\u00a0\u00bbtext\\\u00a0\u00bb:\\\u00a0\u00bbCalendrier et r\u00e9sultats\\\u00a0\u00bb,\\\u00a0\u00bbsearchEnable\\\u00a0\u00bb:false,\\\u00a0\u00bbsearchPlaceholder\\\u00a0\u00bb:\\\u00a0\u00bb\\\u00a0\u00bb},{\\\u00a0\u00bburl\\\u00a0\u00bb:\\\u00a0\u00bbhttps:\/\/www.leparisien.fr\/sports\/football\/ligue-des-champions\/classement\/\\\u00a0\u00bb,\\\u00a0\u00bbtext\\\u00a0\u00bb:\\\u00a0\u00bbClassement\\\u00a0\u00bb,\\\u00a0\u00bbsearchEnable\\\u00a0\u00bb:false,\\\u00a0\u00bbsearchPlaceholder\\\u00a0\u00bb:\\\u00a0\u00bb\\\u00a0\u00bb},{\\\u00a0\u00bburl\\\u00a0\u00bb:\\\u00a0\u00bbhttps:\/\/www.leparisien.fr\/sports\/football\/psg\/\\\u00a0\u00bb,\\\u00a0\u00bbtext\\\u00a0\u00bb:\\\u00a0\u00bbPSG\\\u00a0\u00bb,\\\u00a0\u00bbsearchEnable\\\u00a0\u00bb:false,\\\u00a0\u00bbsearchPlaceholder\\\u00a0\u00bb:\\\u00a0\u00bb\\\u00a0\u00bb}]},{\\\u00a0\u00bbsectionId\\\u00a0\u00bb:\\\u00a0\u00bb\\\u00a0\u00bb,\\\u00a0\u00bbliveCollectionId\\\u00a0\u00bb:\\\u00a0\u00bb\\\u00a0\u00bb,\\\u00a0\u00bbliveUrl\\\u00a0\u00bb:\\\u00a0\u00bb\\\u00a0\u00bb,\\\u00a0\u00bbliveLabel\\\u00a0\u00bb:\\\u00a0\u00bb\\\u00a0\u00bb,\\\u00a0\u00bbshowLive\\\u00a0\u00bb:false,\\\u00a0\u00bbimage\\\u00a0\u00bb:\\\u00a0\u00bb\\\u00a0\u00bb,\\\u00a0\u00bbimageDark\\\u00a0\u00bb:\\\u00a0\u00bb\\\u00a0\u00bb,\\\u00a0\u00bbimageLink\\\u00a0\u00bb:\\\u00a0\u00bb\\\u00a0\u00bb,\\\u00a0\u00bbimageSizeMobile\\\u00a0\u00bb:\\\u00a0\u00bb\\\u00a0\u00bb,\\\u00a0\u00bbimageSizeTable\\\u00a0\u00bb:\\\u00a0\u00bb\\\u00a0\u00bb,\\\u00a0\u00bbimageSizeDesktop\\\u00a0\u00bb:\\\u00a0\u00bb\\\u00a0\u00bb,\\\u00a0\u00bbcontextLabel\\\u00a0\u00bb:\\\u00a0\u00bbNotre-Dame de Paris\\\u00a0\u00bb,\\\u00a0\u00bbcontextLink\\\u00a0\u00bb:\\\u00a0\u00bb\/paris-75\/notre-dame-de-paris\/\\\u00a0\u00bb,\\\u00a0\u00bbkeyword\\\u00a0\u00bb:\\\u00a0\u00bbNotre-Dame de Paris\\\u00a0\u00bb,\\\u00a0\u00bbmetadata\\\u00a0\u00bb:\\\u00a0\u00bb\\\u00a0\u00bb,\\\u00a0\u00bblabel\\\u00a0\u00bb:\\\u00a0\u00bb\\\u00a0\u00bb,\\\u00a0\u00bblinks\\\u00a0\u00bb:[{\\\u00a0\u00bburl\\\u00a0\u00bb:\\\u00a0\u00bb\/paris-75\/artisans-notre-dame-de-paris\/\\\u00a0\u00bb,\\\u00a0\u00bbtext\\\u00a0\u00bb:\\\u00a0\u00bbLes artisans de la reconstruction\\\u00a0\u00bb,\\\u00a0\u00bbsearchEnable\\\u00a0\u00bb:false,\\\u00a0\u00bbsearchPlaceholder\\\u00a0\u00bb:\\\u00a0\u00bb\\\u00a0\u00bb},{\\\u00a0\u00bburl\\\u00a0\u00bb:\\\u00a0\u00bb\/paris-75\/notre-dame-de-paris-avant-et-apres-lincendie-les-images-epoustouflantes-de-la-renaissance-de-la-cathedrale-30-11-2024-U4EJED4CBFGCJI3BGLGUWXGAUA.php\\\u00a0\u00bb,\\\u00a0\u00bbtext\\\u00a0\u00bb:\\\u00a0\u00bbLes images avant\/apr\u00e8s\\\u00a0\u00bb,\\\u00a0\u00bbsearchEnable\\\u00a0\u00bb:false,\\\u00a0\u00bbsearchPlaceholder\\\u00a0\u00bb:\\\u00a0\u00bb\\\u00a0\u00bb}]},{\\\u00a0\u00bbsectionId\\\u00a0\u00bb:\\\u00a0\u00bb\/sports\/tennis\/roland-garros\/\\\u00a0\u00bb,\\\u00a0\u00bbliveCollectionId\\\u00a0\u00bb:\\\u00a0\u00bb\\\u00a0\u00bb,\\\u00a0\u00bbliveUrl\\\u00a0\u00bb:\\\u00a0\u00bb\\\u00a0\u00bb,\\\u00a0\u00bbliveLabel\\\u00a0\u00bb:\\\u00a0\u00bb\\\u00a0\u00bb,\\\u00a0\u00bbshowLive\\\u00a0\u00bb:false,\\\u00a0\u00bbimage\\\u00a0\u00bb:\\\u00a0\u00bb\\\u00a0\u00bb,\\\u00a0\u00bbimageDark\\\u00a0\u00bb:\\\u00a0\u00bb\\\u00a0\u00bb,\\\u00a0\u00bbimageLink\\\u00a0\u00bb:\\\u00a0\u00bb\\\u00a0\u00bb,\\\u00a0\u00bbimageSizeMobile\\\u00a0\u00bb:\\\u00a0\u00bb\\\u00a0\u00bb,\\\u00a0\u00bbimageSizeTable\\\u00a0\u00bb:\\\u00a0\u00bb\\\u00a0\u00bb,\\\u00a0\u00bbimageSizeDesktop\\\u00a0\u00bb:\\\u00a0\u00bb\\\u00a0\u00bb,\\\u00a0\u00bbcontextLabel\\\u00a0\u00bb:\\\u00a0\u00bbRoland-Garros 2025\\\u00a0\u00bb,\\\u00a0\u00bbcontextLink\\\u00a0\u00bb:\\\u00a0\u00bb\/sports\/tennis\/roland-garros\/\\\u00a0\u00bb,\\\u00a0\u00bbkeyword\\\u00a0\u00bb:\\\u00a0\u00bb\\\u00a0\u00bb,\\\u00a0\u00bbmetadata\\\u00a0\u00bb:\\\u00a0\u00bb\\\u00a0\u00bb,\\\u00a0\u00bblabel\\\u00a0\u00bb:\\\u00a0\u00bb\\\u00a0\u00bb,\\\u00a0\u00bblinks\\\u00a0\u00bb:[{\\\u00a0\u00bburl\\\u00a0\u00bb:\\\u00a0\u00bb\/sports\/tennis\/carlos-alcaraz\/\\\u00a0\u00bb,\\\u00a0\u00bbtext\\\u00a0\u00bb:\\\u00a0\u00bbCarlos Alcaraz\\\u00a0\u00bb,\\\u00a0\u00bbsearchEnable\\\u00a0\u00bb:false,\\\u00a0\u00bbsearchPlaceholder\\\u00a0\u00bb:\\\u00a0\u00bb\\\u00a0\u00bb},{\\\u00a0\u00bburl\\\u00a0\u00bb:\\\u00a0\u00bb\/sports\/tennis\/jannik-sinner\/\\\u00a0\u00bb,\\\u00a0\u00bbtext\\\u00a0\u00bb:\\\u00a0\u00bbJannik Sinner\\\u00a0\u00bb,\\\u00a0\u00bbsearchEnable\\\u00a0\u00bb:false,\\\u00a0\u00bbsearchPlaceholder\\\u00a0\u00bb:\\\u00a0\u00bb\\\u00a0\u00bb},{\\\u00a0\u00bburl\\\u00a0\u00bb:\\\u00a0\u00bb\/sports\/tennis\/novak-djokovic\/\\\u00a0\u00bb,\\\u00a0\u00bbtext\\\u00a0\u00bb:\\\u00a0\u00bbNovak Djokovic\\\u00a0\u00bb,\\\u00a0\u00bbsearchEnable\\\u00a0\u00bb:false,\\\u00a0\u00bbsearchPlaceholder\\\u00a0\u00bb:\\\u00a0\u00bb\\\u00a0\u00bb},{\\\u00a0\u00bburl\\\u00a0\u00bb:\\\u00a0\u00bb\/sports\/tennis\/aryna-sabalenka\/\\\u00a0\u00bb,\\\u00a0\u00bbtext\\\u00a0\u00bb:\\\u00a0\u00bbAryna Sabalenka\\\u00a0\u00bb,\\\u00a0\u00bbsearchEnable\\\u00a0\u00bb:false,\\\u00a0\u00bbsearchPlaceholder\\\u00a0\u00bb:\\\u00a0\u00bb\\\u00a0\u00bb}]},{\\\u00a0\u00bbsectionId\\\u00a0\u00bb:\\\u00a0\u00bb\/sports\/football\/coupe-du-monde-des-clubs\/\\\u00a0\u00bb,\\\u00a0\u00bbliveCollectionId\\\u00a0\u00bb:\\\u00a0\u00bb\\\u00a0\u00bb,\\\u00a0\u00bbliveUrl\\\u00a0\u00bb:\\\u00a0\u00bb\\\u00a0\u00bb,\\\u00a0\u00bbliveLabel\\\u00a0\u00bb:\\\u00a0\u00bb\\\u00a0\u00bb,\\\u00a0\u00bbshowLive\\\u00a0\u00bb:false,\\\u00a0\u00bbimage\\\u00a0\u00bb:\\\u00a0\u00bb\\\u00a0\u00bb,\\\u00a0\u00bbimageDark\\\u00a0\u00bb:\\\u00a0\u00bb\\\u00a0\u00bb,\\\u00a0\u00bbimageLink\\\u00a0\u00bb:\\\u00a0\u00bb\\\u00a0\u00bb,\\\u00a0\u00bbimageSizeMobile\\\u00a0\u00bb:\\\u00a0\u00bb\\\u00a0\u00bb,\\\u00a0\u00bbimageSizeTable\\\u00a0\u00bb:\\\u00a0\u00bb\\\u00a0\u00bb,\\\u00a0\u00bbimageSizeDesktop\\\u00a0\u00bb:\\\u00a0\u00bb\\\u00a0\u00bb,\\\u00a0\u00bbcontextLabel\\\u00a0\u00bb:\\\u00a0\u00bbCoupe du monde des clubs 2025\\\u00a0\u00bb,\\\u00a0\u00bbcontextLink\\\u00a0\u00bb:\\\u00a0\u00bb\/sports\/football\/coupe-du-monde-des-clubs\/\\\u00a0\u00bb,\\\u00a0\u00bbkeyword\\\u00a0\u00bb:\\\u00a0\u00bb\\\u00a0\u00bb,\\\u00a0\u00bbmetadata\\\u00a0\u00bb:\\\u00a0\u00bb\\\u00a0\u00bb,\\\u00a0\u00bblabel\\\u00a0\u00bb:\\\u00a0\u00bb\\\u00a0\u00bb,\\\u00a0\u00bblinks\\\u00a0\u00bb:[{\\\u00a0\u00bburl\\\u00a0\u00bb:\\\u00a0\u00bbhttps:\/\/www.leparisien.fr\/sports\/football\/coupe-du-monde-des-clubs\/calendrier-resultats\/\\\u00a0\u00bb,\\\u00a0\u00bbtext\\\u00a0\u00bb:\\\u00a0\u00bbCalendrier et r\u00e9sultats\\\u00a0\u00bb,\\\u00a0\u00bbsearchEnable\\\u00a0\u00bb:false,\\\u00a0\u00bbsearchPlaceholder\\\u00a0\u00bb:\\\u00a0\u00bb\\\u00a0\u00bb},{\\\u00a0\u00bburl\\\u00a0\u00bb:\\\u00a0\u00bbhttps:\/\/www.leparisien.fr\/sports\/football\/coupe-du-monde-des-clubs\/classement\/\\\u00a0\u00bb,\\\u00a0\u00bbtext\\\u00a0\u00bb:\\\u00a0\u00bbClassement\\\u00a0\u00bb,\\\u00a0\u00bbsearchEnable\\\u00a0\u00bb:false,\\\u00a0\u00bbsearchPlaceholder\\\u00a0\u00bb:\\\u00a0\u00bb\\\u00a0\u00bb},{\\\u00a0\u00bburl\\\u00a0\u00bb:\\\u00a0\u00bbhttps:\/\/www.leparisien.fr\/sports\/football\/psg\/\\\u00a0\u00bb,\\\u00a0\u00bbtext\\\u00a0\u00bb:\\\u00a0\u00bbPSG\\\u00a0\u00bb,\\\u00a0\u00bbsearchEnable\\\u00a0\u00bb:false,\\\u00a0\u00bbsearchPlaceholder\\\u00a0\u00bb:\\\u00a0\u00bb\\\u00a0\u00bb}]},{\\\u00a0\u00bbsectionId\\\u00a0\u00bb:\\\u00a0\u00bb\/sports\/cyclisme\/tour-de-france-feminin\/\\\u00a0\u00bb,\\\u00a0\u00bbliveCollectionId\\\u00a0\u00bb:\\\u00a0\u00bb\\\u00a0\u00bb,\\\u00a0\u00bbliveUrl\\\u00a0\u00bb:\\\u00a0\u00bb\\\u00a0\u00bb,\\\u00a0\u00bbliveLabel\\\u00a0\u00bb:\\\u00a0\u00bb\\\u00a0\u00bb,\\\u00a0\u00bbshowLive\\\u00a0\u00bb:true,\\\u00a0\u00bbimage\\\u00a0\u00bb:\\\u00a0\u00bb\\\u00a0\u00bb,\\\u00a0\u00bbimageDark\\\u00a0\u00bb:\\\u00a0\u00bb\\\u00a0\u00bb,\\\u00a0\u00bbimageLink\\\u00a0\u00bb:\\\u00a0\u00bb\\\u00a0\u00bb,\\\u00a0\u00bbimageSizeMobile\\\u00a0\u00bb:\\\u00a0\u00bb\\\u00a0\u00bb,\\\u00a0\u00bbimageSizeTable\\\u00a0\u00bb:\\\u00a0\u00bb\\\u00a0\u00bb,\\\u00a0\u00bbimageSizeDesktop\\\u00a0\u00bb:\\\u00a0\u00bb\\\u00a0\u00bb,\\\u00a0\u00bbcontextLabel\\\u00a0\u00bb:\\\u00a0\u00bbTour de Frances femmes 2025\\\u00a0\u00bb,\\\u00a0\u00bbcontextLink\\\u00a0\u00bb:\\\u00a0\u00bb\/sports\/cyclisme\/tour-de-france-feminin\/\\\u00a0\u00bb,\\\u00a0\u00bbkeyword\\\u00a0\u00bb:\\\u00a0\u00bb\\\u00a0\u00bb,\\\u00a0\u00bbmetadata\\\u00a0\u00bb:\\\u00a0\u00bb\\\u00a0\u00bb,\\\u00a0\u00bblabel\\\u00a0\u00bb:\\\u00a0\u00bb\\\u00a0\u00bb,\\\u00a0\u00bblinks\\\u00a0\u00bb:[{\\\u00a0\u00bburl\\\u00a0\u00bb:\\\u00a0\u00bbhttps:\/\/www.leparisien.fr\/sports\/cyclisme\/tour-de-france-feminin\/tour-de-france-femmes-le-classement-general-final-avec-la-victoire-de-pauline-ferrand-prevot-03-08-2025-HNK3MT2XHJBZZDJJ3SEYBOCQ7Q.php\\\u00a0\u00bb,\\\u00a0\u00bbtext\\\u00a0\u00bb:\\\u00a0\u00bbClassement g\u00e9n\u00e9ral final\\\u00a0\u00bb,\\\u00a0\u00bbsearchEnable\\\u00a0\u00bb:false,\\\u00a0\u00bbsearchPlaceholder\\\u00a0\u00bb:\\\u00a0\u00bb\\\u00a0\u00bb},{\\\u00a0\u00bburl\\\u00a0\u00bb:\\\u00a0\u00bbhttps:\/\/www.leparisien.fr\/sports\/cyclisme\/pauline-ferrand-prevot\/\\\u00a0\u00bb,\\\u00a0\u00bbtext\\\u00a0\u00bb:\\\u00a0\u00bbPauline Ferrand-Pr\u00e9vot\\\u00a0\u00bb,\\\u00a0\u00bbsearchEnable\\\u00a0\u00bb:false,\\\u00a0\u00bbsearchPlaceholder\\\u00a0\u00bb:\\\u00a0\u00bb\\\u00a0\u00bb}]}]\u00a0\u00bb,\u00a0\u00bbencartAboTitle\u00a0\u00bb:\u00a0\u00bbOffre Solo\u00a0\u00bb,\u00a0\u00bbencartAboText\u00a0\u00bb:\u00a0\u00bb1\u20ac pendant 2 mois\u00a0\u00bb,\u00a0\u00bbencartAboBtnLabel\u00a0\u00bb:\u00a0\u00bbS\u2019abonner\u00a0\u00bb,\u00a0\u00bblogoConfig\u00a0\u00bb:\u00a0\u00bb[{\\\u00a0\u00bbsection\\\u00a0\u00bb:\\\u00a0\u00bb\/jo-paris-2024\\\u00a0\u00bb,\\\u00a0\u00bburl\\\u00a0\u00bb:\\\u00a0\u00bbhttps:\/\/assets.leparisien.fr\/website\/images\/homepage\/logo-jo-2024.svg\\\u00a0\u00bb,\\\u00a0\u00bbwidth\\\u00a0\u00bb:\\\u00a0\u00bb28\\\u00a0\u00bb,\\\u00a0\u00bbheight\\\u00a0\u00bb:\\\u00a0\u00bb16\\\u00a0\u00bb},{\\\u00a0\u00bbsection\\\u00a0\u00bb:\\\u00a0\u00bb\/jo-paralympiques-paris-2024\\\u00a0\u00bb,\\\u00a0\u00bburl\\\u00a0\u00bb:\\\u00a0\u00bbhttps:\/\/assets.leparisien.fr\/website\/images\/homepage\/logo-jo-2024.svg\\\u00a0\u00bb,\\\u00a0\u00bbwidth\\\u00a0\u00bb:\\\u00a0\u00bb28\\\u00a0\u00bb,\\\u00a0\u00bbheight\\\u00a0\u00bb:\\\u00a0\u00bb16\\\u00a0\u00bb}]\u00a0\u00bb},\u00a0\u00bbdisplayProperties\u00a0\u00bb:{},\u00a0\u00bblocalEdits\u00a0\u00bb:{},\u00a0\u00bbvariants\u00a0\u00bb:{}}},{\u00ab\u00a0collection\u00a0\u00bb:\u00a0\u00bbfeatures\u00a0\u00bb,\u00a0\u00bbtype\u00a0\u00bb:\u00a0\u00bbglobal\/GenericAds\u00a0\u00bb,\u00a0\u00bbprops\u00a0\u00bb:{\u00ab\u00a0collection\u00a0\u00bb:\u00a0\u00bbfeatures\u00a0\u00bb,\u00a0\u00bbtype\u00a0\u00bb:\u00a0\u00bbglobal\/GenericAds\u00a0\u00bb,\u00a0\u00bbid\u00a0\u00bb:\u00a0\u00bbf0fz2RpBkdcw2v2&Prime;,\u00a0\u00bbcontentConfig\u00a0\u00bb:{\u00ab\u00a0contentService\u00a0\u00bb:\u00a0\u00bb\u00a0\u00bb,\u00a0\u00bbcontentConfigValues\u00a0\u00bb:{},\u00a0\u00bbinherit\u00a0\u00bb:true},\u00a0\u00bbcustomFields\u00a0\u00bb:{\u00ab\u00a0device\u00a0\u00bb:\u00a0\u00bball-devices\u00a0\u00bb,\u00a0\u00bbadType\u00a0\u00bb:\u00a0\u00bbbanniere-1&Prime;,\u00a0\u00bbfillBackground\u00a0\u00bb:true,\u00a0\u00bbenableMinHeight\u00a0\u00bb:true},\u00a0\u00bbdisplayProperties\u00a0\u00bb:{},\u00a0\u00bblocalEdits\u00a0\u00bb:{},\u00a0\u00bbvariants\u00a0\u00bb:{}}},{\u00ab\u00a0collection\u00a0\u00bb:\u00a0\u00bbfeatures\u00a0\u00bb,\u00a0\u00bbtype\u00a0\u00bb:\u00a0\u00bbglobal\/GlobalCustomModal\u00a0\u00bb,\u00a0\u00bbprops\u00a0\u00bb:{\u00ab\u00a0collection\u00a0\u00bb:\u00a0\u00bbfeatures\u00a0\u00bb,\u00a0\u00bbtype\u00a0\u00bb:\u00a0\u00bbglobal\/GlobalCustomModal\u00a0\u00bb,\u00a0\u00bbid\u00a0\u00bb:\u00a0\u00bbf0fucmCTBsqo5ke\u00a0\u00bb,\u00a0\u00bbcontentConfig\u00a0\u00bb:{\u00ab\u00a0contentService\u00a0\u00bb:\u00a0\u00bb\u00a0\u00bb,\u00a0\u00bbcontentConfigValues\u00a0\u00bb:{},\u00a0\u00bbinherit\u00a0\u00bb:true},\u00a0\u00bbcustomFields\u00a0\u00bb:{},\u00a0\u00bbdisplayProperties\u00a0\u00bb:{},\u00a0\u00bblocalEdits\u00a0\u00bb:{},\u00a0\u00bbvariants\u00a0\u00bb:{}}}]},{\u00ab\u00a0collection\u00a0\u00bb:\u00a0\u00bbsections\u00a0\u00bb,\u00a0\u00bbprops\u00a0\u00bb:{\u00ab\u00a0collection\u00a0\u00bb:\u00a0\u00bbsections\u00a0\u00bb,\u00a0\u00bbid\u00a0\u00bb:1},\u00a0\u00bbchildren\u00a0\u00bb:[{\u00ab\u00a0collection\u00a0\u00bb:\u00a0\u00bbfeatures\u00a0\u00bb,\u00a0\u00bbtype\u00a0\u00bb:\u00a0\u00bbArticle\/Breadcrumb\u00a0\u00bb,\u00a0\u00bbprops\u00a0\u00bb:{\u00ab\u00a0collection\u00a0\u00bb:\u00a0\u00bbfeatures\u00a0\u00bb,\u00a0\u00bbtype\u00a0\u00bb:\u00a0\u00bbArticle\/Breadcrumb\u00a0\u00bb,\u00a0\u00bbid\u00a0\u00bb:\u00a0\u00bbf0ff0Vy719g08y2&Prime;,\u00a0\u00bbcontentConfig\u00a0\u00bb:{\u00ab\u00a0contentService\u00a0\u00bb:\u00a0\u00bb\u00a0\u00bb,\u00a0\u00bbcontentConfigValues\u00a0\u00bb:{},\u00a0\u00bbinherit\u00a0\u00bb:true},\u00a0\u00bbcustomFields\u00a0\u00bb:{\u00ab\u00a0showProfilTag\u00a0\u00bb:false},\u00a0\u00bbdisplayProperties\u00a0\u00bb:{},\u00a0\u00bblocalEdits\u00a0\u00bb:{},\u00a0\u00bbvariants\u00a0\u00bb:{}}},{\u00ab\u00a0collection\u00a0\u00bb:\u00a0\u00bbfeatures\u00a0\u00bb,\u00a0\u00bbtype\u00a0\u00bb:\u00a0\u00bbArticle\/header\u00a0\u00bb,\u00a0\u00bbprops\u00a0\u00bb:{\u00ab\u00a0collection\u00a0\u00bb:\u00a0\u00bbfeatures\u00a0\u00bb,\u00a0\u00bbtype\u00a0\u00bb:\u00a0\u00bbArticle\/header\u00a0\u00bb,\u00a0\u00bbid\u00a0\u00bb:\u00a0\u00bb0fheITrD8rs\u00a0\u00bb,\u00a0\u00bbcontentConfig\u00a0\u00bb:{\u00ab\u00a0contentService\u00a0\u00bb:\u00a0\u00bb\u00a0\u00bb,\u00a0\u00bbcontentConfigValues\u00a0\u00bb:{},\u00a0\u00bbinherit\u00a0\u00bb:false},\u00a0\u00bbcustomFields\u00a0\u00bb:{},\u00a0\u00bbdisplayProperties\u00a0\u00bb:{},\u00a0\u00bblocalEdits\u00a0\u00bb:{},\u00a0\u00bbvariants\u00a0\u00bb:{}}},{\u00ab\u00a0collection\u00a0\u00bb:\u00a0\u00bbfeatures\u00a0\u00bb,\u00a0\u00bbtype\u00a0\u00bb:\u00a0\u00bbArticle\/PremiumBar\u00a0\u00bb,\u00a0\u00bbprops\u00a0\u00bb:{\u00ab\u00a0collection\u00a0\u00bb:\u00a0\u00bbfeatures\u00a0\u00bb,\u00a0\u00bbtype\u00a0\u00bb:\u00a0\u00bbArticle\/PremiumBar\u00a0\u00bb,\u00a0\u00bbid\u00a0\u00bb:\u00a0\u00bbf0fnt6ZqhlPht8&Prime;,\u00a0\u00bbcontentConfig\u00a0\u00bb:{\u00ab\u00a0contentService\u00a0\u00bb:\u00a0\u00bb\u00a0\u00bb,\u00a0\u00bbcontentConfigValues\u00a0\u00bb:{},\u00a0\u00bbinherit\u00a0\u00bb:true},\u00a0\u00bbcustomFields\u00a0\u00bb:{\u00ab\u00a0nonSubscriberText\u00a0\u00bb:\u00a0\u00bbCet article est r\u00e9serv\u00e9 aux abonn\u00e9s.\u00a0\u00bb,\u00a0\u00bbsubscriberText\u00a0\u00bb:\u00a0\u00bbVotre abonnement vous permet d\u2019acc\u00e9der \u00e0 cet article.\u00a0\u00bb},\u00a0\u00bbdisplayProperties\u00a0\u00bb:{},\u00a0\u00bblocalEdits\u00a0\u00bb:{},\u00a0\u00bbvariants\u00a0\u00bb:{}}}]},{\u00ab\u00a0collection\u00a0\u00bb:\u00a0\u00bbsections\u00a0\u00bb,\u00a0\u00bbprops\u00a0\u00bb:{\u00ab\u00a0collection\u00a0\u00bb:\u00a0\u00bbsections\u00a0\u00bb,\u00a0\u00bbid\u00a0\u00bb:2},\u00a0\u00bbchildren\u00a0\u00bb:[{\u00ab\u00a0collection\u00a0\u00bb:\u00a0\u00bbfeatures\u00a0\u00bb,\u00a0\u00bbtype\u00a0\u00bb:\u00a0\u00bbArticle\/LeadArt\u00a0\u00bb,\u00a0\u00bbprops\u00a0\u00bb:{\u00ab\u00a0collection\u00a0\u00bb:\u00a0\u00bbfeatures\u00a0\u00bb,\u00a0\u00bbtype\u00a0\u00bb:\u00a0\u00bbArticle\/LeadArt\u00a0\u00bb,\u00a0\u00bbid\u00a0\u00bb:\u00a0\u00bb0fJwZntD8rG\u00a0\u00bb,\u00a0\u00bbcontentConfig\u00a0\u00bb:{\u00ab\u00a0contentService\u00a0\u00bb:\u00a0\u00bb\u00a0\u00bb,\u00a0\u00bbcontentConfigValues\u00a0\u00bb:{},\u00a0\u00bbinherit\u00a0\u00bb:false},\u00a0\u00bbcustomFields\u00a0\u00bb:{},\u00a0\u00bbdisplayProperties\u00a0\u00bb:{},\u00a0\u00bblocalEdits\u00a0\u00bb:{},\u00a0\u00bbvariants\u00a0\u00bb:{}}}]},{\u00ab\u00a0collection\u00a0\u00bb:\u00a0\u00bbsections\u00a0\u00bb,\u00a0\u00bbprops\u00a0\u00bb:{\u00ab\u00a0collection\u00a0\u00bb:\u00a0\u00bbsections\u00a0\u00bb,\u00a0\u00bbid\u00a0\u00bb:3},\u00a0\u00bbchildren\u00a0\u00bb:[{\u00ab\u00a0collection\u00a0\u00bb:\u00a0\u00bbfeatures\u00a0\u00bb,\u00a0\u00bbtype\u00a0\u00bb:\u00a0\u00bbglobal\/GenericAds\u00a0\u00bb,\u00a0\u00bbprops\u00a0\u00bb:{\u00ab\u00a0collection\u00a0\u00bb:\u00a0\u00bbfeatures\u00a0\u00bb,\u00a0\u00bbtype\u00a0\u00bb:\u00a0\u00bbglobal\/GenericAds\u00a0\u00bb,\u00a0\u00bbid\u00a0\u00bb:\u00a0\u00bbf0fFt3yFVmaA1Bj\u00a0\u00bb,\u00a0\u00bbcontentConfig\u00a0\u00bb:{\u00ab\u00a0contentService\u00a0\u00bb:\u00a0\u00bb\u00a0\u00bb,\u00a0\u00bbcontentConfigValues\u00a0\u00bb:{},\u00a0\u00bbinherit\u00a0\u00bb:true},\u00a0\u00bbcustomFields\u00a0\u00bb:{\u00ab\u00a0device\u00a0\u00bb:\u00a0\u00bbdesktop\u00a0\u00bb,\u00a0\u00bbadType\u00a0\u00bb:\u00a0\u00bbpave-1&Prime;,\u00a0\u00bbisSticky\u00a0\u00bb:true},\u00a0\u00bbdisplayProperties\u00a0\u00bb:{},\u00a0\u00bblocalEdits\u00a0\u00bb:{},\u00a0\u00bbvariants\u00a0\u00bb:{}}}]},{\u00ab\u00a0collection\u00a0\u00bb:\u00a0\u00bbsections\u00a0\u00bb,\u00a0\u00bbprops\u00a0\u00bb:{\u00ab\u00a0collection\u00a0\u00bb:\u00a0\u00bbsections\u00a0\u00bb,\u00a0\u00bbid\u00a0\u00bb:4},\u00a0\u00bbchildren\u00a0\u00bb:[{\u00ab\u00a0collection\u00a0\u00bb:\u00a0\u00bbfeatures\u00a0\u00bb,\u00a0\u00bbtype\u00a0\u00bb:\u00a0\u00bbArticle\/ShareTools\u00a0\u00bb,\u00a0\u00bbprops\u00a0\u00bb:{\u00ab\u00a0collection\u00a0\u00bb:\u00a0\u00bbfeatures\u00a0\u00bb,\u00a0\u00bbtype\u00a0\u00bb:\u00a0\u00bbArticle\/ShareTools\u00a0\u00bb,\u00a0\u00bbid\u00a0\u00bb:\u00a0\u00bbf0fitCJAY5tB1aG\u00a0\u00bb,\u00a0\u00bbcontentConfig\u00a0\u00bb:{\u00ab\u00a0contentService\u00a0\u00bb:\u00a0\u00bb\u00a0\u00bb,\u00a0\u00bbcontentConfigValues\u00a0\u00bb:{},\u00a0\u00bbinherit\u00a0\u00bb:true},\u00a0\u00bbcustomFields\u00a0\u00bb:{},\u00a0\u00bbdisplayProperties\u00a0\u00bb:{},\u00a0\u00bblocalEdits\u00a0\u00bb:{},\u00a0\u00bbvariants\u00a0\u00bb:{}}},{\u00ab\u00a0collection\u00a0\u00bb:\u00a0\u00bbfeatures\u00a0\u00bb,\u00a0\u00bbtype\u00a0\u00bb:\u00a0\u00bbArticle\/PlayerEtx\u00a0\u00bb,\u00a0\u00bbprops\u00a0\u00bb:{\u00ab\u00a0collection\u00a0\u00bb:\u00a0\u00bbfeatures\u00a0\u00bb,\u00a0\u00bbtype\u00a0\u00bb:\u00a0\u00bbArticle\/PlayerEtx\u00a0\u00bb,\u00a0\u00bbid\u00a0\u00bb:\u00a0\u00bbf0fBxJJuuuhWoP\u00a0\u00bb,\u00a0\u00bbcontentConfig\u00a0\u00bb:{\u00ab\u00a0contentService\u00a0\u00bb:\u00a0\u00bb\u00a0\u00bb,\u00a0\u00bbcontentConfigValues\u00a0\u00bb:{},\u00a0\u00bbinherit\u00a0\u00bb:true},\u00a0\u00bbcustomFields\u00a0\u00bb:{},\u00a0\u00bbdisplayProperties\u00a0\u00bb:{},\u00a0\u00bblocalEdits\u00a0\u00bb:{},\u00a0\u00bbvariants\u00a0\u00bb:{}}},{\u00ab\u00a0collection\u00a0\u00bb:\u00a0\u00bbfeatures\u00a0\u00bb,\u00a0\u00bbtype\u00a0\u00bb:\u00a0\u00bbArticle\/Content\u00a0\u00bb,\u00a0\u00bbprops\u00a0\u00bb:{\u00ab\u00a0collection\u00a0\u00bb:\u00a0\u00bbfeatures\u00a0\u00bb,\u00a0\u00bbtype\u00a0\u00bb:\u00a0\u00bbArticle\/Content\u00a0\u00bb,\u00a0\u00bbid\u00a0\u00bb:\u00a0\u00bbf0f4Goz1n8wq2v7&Prime;,\u00a0\u00bbcontentConfig\u00a0\u00bb:{\u00ab\u00a0contentService\u00a0\u00bb:\u00a0\u00bb\u00a0\u00bb,\u00a0\u00bbcontentConfigValues\u00a0\u00bb:{},\u00a0\u00bbinherit\u00a0\u00bb:true},\u00a0\u00bbcustomFields\u00a0\u00bb:{\u00ab\u00a0restrictSection\u00a0\u00bb:\u00a0\u00bb[{\\\u00a0\u00bburl\\\u00a0\u00bb:\\\u00a0\u00bb\/politique\\\u00a0\u00bb,\\\u00a0\u00bbtitle\\\u00a0\u00bb:\\\u00a0\u00bb\\\u00a0\u00bb},{\\\u00a0\u00bburl\\\u00a0\u00bb:\\\u00a0\u00bb\/elections\/presidentielle\\\u00a0\u00bb,\\\u00a0\u00bbtitle\\\u00a0\u00bb:\\\u00a0\u00bb\\\u00a0\u00bb}]\u00a0\u00bb,\u00a0\u00bbskus\u00a0\u00bb:[\u00ab\u00a0{\\\u00a0\u00bbsku\\\u00a0\u00bb: \\\u00a0\u00bbSWGPD.0782-9649-2957-42734\\\u00a0\u00bb,\\\u00a0\u00bbformula\\\u00a0\u00bb: \\\u00a0\u00bbformule_numerique_adl\\\u00a0\u00bb,\\\u00a0\u00bbnoviusId\\\u00a0\u00bb: 498}\u00a0\u00bb,\u00a0\u00bb{\\\u00a0\u00bbsku\\\u00a0\u00bb: \\\u00a0\u00bbSWGPD.5403-2727-0950-84295\\\u00a0\u00bb,\\\u00a0\u00bbformula\\\u00a0\u00bb: \\\u00a0\u00bbformule_numerique_add\\\u00a0\u00bb,\\\u00a0\u00bbnoviusId\\\u00a0\u00bb: 493}\u00a0\u00bb,\u00a0\u00bb{\\\u00a0\u00bbsku\\\u00a0\u00bb: \\\u00a0\u00bbSWGPD.6330-5660-7304-97284\\\u00a0\u00bb,\\\u00a0\u00bbformula\\\u00a0\u00bb: \\\u00a0\u00bbformule_numerique_1_an_multi_3\\\u00a0\u00bb,\\\u00a0\u00bbtype\\\u00a0\u00bb:\\\u00a0\u00bbmulti\\\u00a0\u00bb,\\\u00a0\u00bbnoviusId\\\u00a0\u00bb: 561}\u00a0\u00bb,\u00a0\u00bb{\\\u00a0\u00bbsku\\\u00a0\u00bb: \\\u00a0\u00bbSWGPD.4532-1255-3472-02333\\\u00a0\u00bb,\\\u00a0\u00bbformula\\\u00a0\u00bb: \\\u00a0\u00bbformule_numerique_adl_multi_3\\\u00a0\u00bb,\\\u00a0\u00bbtype\\\u00a0\u00bb:\\\u00a0\u00bbmulti\\\u00a0\u00bb,\\\u00a0\u00bbnoviusId\\\u00a0\u00bb: 560}\u00a0\u00bb,\u00a0\u00bb{\\\u00a0\u00bbsku\\\u00a0\u00bb: \\\u00a0\u00bbSWGPD.8093-1737-9798-61799\\\u00a0\u00bb,\\\u00a0\u00bbformula\\\u00a0\u00bb: \\\u00a0\u00bbformule_numerique_adl_multi_5\\\u00a0\u00bb,\\\u00a0\u00bbtype\\\u00a0\u00bb:\\\u00a0\u00bbmulti\\\u00a0\u00bb,\\\u00a0\u00bbnoviusId\\\u00a0\u00bb: 564}\u00a0\u00bb,\u00a0\u00bb{\\\u00a0\u00bbsku\\\u00a0\u00bb: \\\u00a0\u00bbSWGPD.2753-0863-3277-88556\\\u00a0\u00bb,\\\u00a0\u00bbformula\\\u00a0\u00bb: \\\u00a0\u00bbformule_numerique_1_an_multi_5\\\u00a0\u00bb,\\\u00a0\u00bbtype\\\u00a0\u00bb:\\\u00a0\u00bbmulti\\\u00a0\u00bb,\\\u00a0\u00bbnoviusId\\\u00a0\u00bb: 565}\u00a0\u00bb],\u00a0\u00bbnewsletterOptin\u00a0\u00bb:\u00a0\u00bboptin_newsletter\u00a0\u00bb,\u00a0\u00bbnewsletterTitle\u00a0\u00bb:\u00a0\u00bbUn tour de l&rsquo;actualit\u00e9 pour commencer la journ\u00e9e\u00a0\u00bb,\u00a0\u00bbnewsletterLabel\u00a0\u00bb:\u00a0\u00bbL&rsquo;essentiel du matin\u00a0\u00bb,\u00a0\u00bbnewsletterImage\u00a0\u00bb:\u00a0\u00bbnewsletter-essentiel-matin-logo.png\u00a0\u00bb,\u00a0\u00bbnewsletterColor\u00a0\u00bb:\u00a0\u00bb#1EA0E6&Prime;},\u00a0\u00bbdisplayProperties\u00a0\u00bb:{},\u00a0\u00bblocalEdits\u00a0\u00bb:{},\u00a0\u00bbvariants\u00a0\u00bb:{}}},{\u00ab\u00a0collection\u00a0\u00bb:\u00a0\u00bbfeatures\u00a0\u00bb,\u00a0\u00bbtype\u00a0\u00bb:\u00a0\u00bbArticle\/Links\u00a0\u00bb,\u00a0\u00bbprops\u00a0\u00bb:{\u00ab\u00a0collection\u00a0\u00bb:\u00a0\u00bbfeatures\u00a0\u00bb,\u00a0\u00bbtype\u00a0\u00bb:\u00a0\u00bbArticle\/Links\u00a0\u00bb,\u00a0\u00bbid\u00a0\u00bb:\u00a0\u00bbf0fKskYRRAXOjK\u00a0\u00bb,\u00a0\u00bbcontentConfig\u00a0\u00bb:{\u00ab\u00a0contentService\u00a0\u00bb:\u00a0\u00bb\u00a0\u00bb,\u00a0\u00bbcontentConfigValues\u00a0\u00bb:{},\u00a0\u00bbinherit\u00a0\u00bb:true},\u00a0\u00bbcustomFields\u00a0\u00bb:{\u00ab\u00a0nbToFetch\u00a0\u00bb:20,\u00a0\u00bbarticleLimit\u00a0\u00bb:3,\u00a0\u00bbaboArticleLimit\u00a0\u00bb:1,\u00a0\u00bbbackgroundColor\u00a0\u00bb:\u00a0\u00bb#F5F7F8&Prime;,\u00a0\u00bbborderColor\u00a0\u00bb:\u00a0\u00bb#1EA0E6&Prime;,\u00a0\u00bbexcludeSections\u00a0\u00bb:[\u00ab\u00a0\/podcasts\/code-source\u00a0\u00bb,\u00a0\u00bb\/politique\/newsletter\u00a0\u00bb,\u00a0\u00bb\/newsletters\u00a0\u00bb],\u00a0\u00bbrecirculationByTag\u00a0\u00bb:true},\u00a0\u00bbdisplayProperties\u00a0\u00bb:{},\u00a0\u00bblocalEdits\u00a0\u00bb:{},\u00a0\u00bbvariants\u00a0\u00bb:{}}}]},{\u00ab\u00a0collection\u00a0\u00bb:\u00a0\u00bbsections\u00a0\u00bb,\u00a0\u00bbprops\u00a0\u00bb:{\u00ab\u00a0collection\u00a0\u00bb:\u00a0\u00bbsections\u00a0\u00bb,\u00a0\u00bbid\u00a0\u00bb:5},\u00a0\u00bbchildren\u00a0\u00bb:[{\u00ab\u00a0collection\u00a0\u00bb:\u00a0\u00bbfeatures\u00a0\u00bb,\u00a0\u00bbtype\u00a0\u00bb:\u00a0\u00bbArticle\/DailyMotionPlaylist\u00a0\u00bb,\u00a0\u00bbprops\u00a0\u00bb:{\u00ab\u00a0collection\u00a0\u00bb:\u00a0\u00bbfeatures\u00a0\u00bb,\u00a0\u00bbtype\u00a0\u00bb:\u00a0\u00bbArticle\/DailyMotionPlaylist\u00a0\u00bb,\u00a0\u00bbid\u00a0\u00bb:\u00a0\u00bbf0fH04CtISAr2oA\u00a0\u00bb,\u00a0\u00bbcontentConfig\u00a0\u00bb:{\u00ab\u00a0contentService\u00a0\u00bb:\u00a0\u00bb\u00a0\u00bb,\u00a0\u00bbcontentConfigValues\u00a0\u00bb:{},\u00a0\u00bbinherit\u00a0\u00bb:true},\u00a0\u00bbcustomFields\u00a0\u00bb:{\u00ab\u00a0playlistId\u00a0\u00bb:\u00a0\u00bbx4xtbj\u00a0\u00bb,\u00a0\u00bbplayerId\u00a0\u00bb:\u00a0\u00bbxc6ct\u00a0\u00bb},\u00a0\u00bbdisplayProperties\u00a0\u00bb:{},\u00a0\u00bblocalEdits\u00a0\u00bb:{},\u00a0\u00bbvariants\u00a0\u00bb:{}}},{\u00ab\u00a0collection\u00a0\u00bb:\u00a0\u00bbfeatures\u00a0\u00bb,\u00a0\u00bbtype\u00a0\u00bb:\u00a0\u00bbArticle\/MostRead\u00a0\u00bb,\u00a0\u00bbprops\u00a0\u00bb:{\u00ab\u00a0collection\u00a0\u00bb:\u00a0\u00bbfeatures\u00a0\u00bb,\u00a0\u00bbtype\u00a0\u00bb:\u00a0\u00bbArticle\/MostRead\u00a0\u00bb,\u00a0\u00bbid\u00a0\u00bb:\u00a0\u00bbf0fC9iWS34Ok8QN\u00a0\u00bb,\u00a0\u00bbcontentConfig\u00a0\u00bb:{\u00ab\u00a0contentService\u00a0\u00bb:\u00a0\u00bb\u00a0\u00bb,\u00a0\u00bbcontentConfigValues\u00a0\u00bb:{},\u00a0\u00bbinherit\u00a0\u00bb:true},\u00a0\u00bbcustomFields\u00a0\u00bb:{\u00ab\u00a0type\u00a0\u00bb:\u00a0\u00bball-sections\u00a0\u00bb,\u00a0\u00bbsize\u00a0\u00bb:5,\u00a0\u00bbrightRailPlacement\u00a0\u00bb:true,\u00a0\u00bbmodule title\u00a0\u00bb:\u00a0\u00bbLes plus lus\u00a0\u00bb},\u00a0\u00bbdisplayProperties\u00a0\u00bb:{},\u00a0\u00bblocalEdits\u00a0\u00bb:{},\u00a0\u00bbvariants\u00a0\u00bb:{}}},{\u00ab\u00a0collection\u00a0\u00bb:\u00a0\u00bbfeatures\u00a0\u00bb,\u00a0\u00bbtype\u00a0\u00bb:\u00a0\u00bbglobal\/CardBanner\u00a0\u00bb,\u00a0\u00bbprops\u00a0\u00bb:{\u00ab\u00a0collection\u00a0\u00bb:\u00a0\u00bbfeatures\u00a0\u00bb,\u00a0\u00bbtype\u00a0\u00bb:\u00a0\u00bbglobal\/CardBanner\u00a0\u00bb,\u00a0\u00bbid\u00a0\u00bb:\u00a0\u00bbf0fxFL9AyMd11nI\u00a0\u00bb,\u00a0\u00bbcontentConfig\u00a0\u00bb:{\u00ab\u00a0contentService\u00a0\u00bb:\u00a0\u00bb\u00a0\u00bb,\u00a0\u00bbcontentConfigValues\u00a0\u00bb:{},\u00a0\u00bbinherit\u00a0\u00bb:true},\u00a0\u00bbcustomFields\u00a0\u00bb:{\u00ab\u00a0size\u00a0\u00bb:\u00a0\u00bbsmall\u00a0\u00bb,\u00a0\u00bbposition\u00a0\u00bb:\u00a0\u00bbcolumn\u00a0\u00bb,\u00a0\u00bbwithMarginTop\u00a0\u00bb:false,\u00a0\u00bbtitle\u00a0\u00bb:\u00a0\u00bbAnnonces immobili\u00e8res pr\u00e8s de chez vous\u00a0\u00bb,\u00a0\u00bbtext\u00a0\u00bb:\u00a0\u00bbContenu sponsoris\u00e9\u00a0\u00bb,\u00a0\u00bbbtnLabel\u00a0\u00bb:\u00a0\u00bbVoir les annonces\u00a0\u00bb,\u00a0\u00bbbtnHref\u00a0\u00bb:\u00a0\u00bbhttps:\/\/annonces-immo.leparisien.fr\/?xtatc=PUB-[bienici]-[immo_sidebar]-[]-[]-[]-[]-[partenaires]-[]\u00a0\u00bb,\u00a0\u00bbimageUrl\u00a0\u00bb:\u00a0\u00bb\/bien-ici.svg\u00a0\u00bb,\u00a0\u00bbisVisibleOnlyOn\u00a0\u00bb:\u00a0\u00bb\/immobilier\u00a0\u00bb},\u00a0\u00bbdisplayProperties\u00a0\u00bb:{},\u00a0\u00bblocalEdits\u00a0\u00bb:{},\u00a0\u00bbvariants\u00a0\u00bb:{}}},{\u00ab\u00a0collection\u00a0\u00bb:\u00a0\u00bbfeatures\u00a0\u00bb,\u00a0\u00bbtype\u00a0\u00bb:\u00a0\u00bbglobal\/GenericAds\u00a0\u00bb,\u00a0\u00bbprops\u00a0\u00bb:{\u00ab\u00a0collection\u00a0\u00bb:\u00a0\u00bbfeatures\u00a0\u00bb,\u00a0\u00bbtype\u00a0\u00bb:\u00a0\u00bbglobal\/GenericAds\u00a0\u00bb,\u00a0\u00bbid\u00a0\u00bb:\u00a0\u00bbf0fd5povOm5R3Pf\u00a0\u00bb,\u00a0\u00bbcontentConfig\u00a0\u00bb:{\u00ab\u00a0contentService\u00a0\u00bb:\u00a0\u00bb\u00a0\u00bb,\u00a0\u00bbcontentConfigValues\u00a0\u00bb:{},\u00a0\u00bbinherit\u00a0\u00bb:true},\u00a0\u00bbcustomFields\u00a0\u00bb:{\u00ab\u00a0device\u00a0\u00bb:\u00a0\u00bball-devices\u00a0\u00bb,\u00a0\u00bbadType\u00a0\u00bb:\u00a0\u00bbpave-2&Prime;,\u00a0\u00bbisSticky\u00a0\u00bb:true},\u00a0\u00bbdisplayProperties\u00a0\u00bb:{},\u00a0\u00bblocalEdits\u00a0\u00bb:{},\u00a0\u00bbvariants\u00a0\u00bb:{}}},{\u00ab\u00a0collection\u00a0\u00bb:\u00a0\u00bbfeatures\u00a0\u00bb,\u00a0\u00bbtype\u00a0\u00bb:\u00a0\u00bbArticle\/NewspaperThumbnail\u00a0\u00bb,\u00a0\u00bbprops\u00a0\u00bb:{\u00ab\u00a0collection\u00a0\u00bb:\u00a0\u00bbfeatures\u00a0\u00bb,\u00a0\u00bbtype\u00a0\u00bb:\u00a0\u00bbArticle\/NewspaperThumbnail\u00a0\u00bb,\u00a0\u00bbid\u00a0\u00bb:\u00a0\u00bbf0fbwy6gcBQk1R1&Prime;,\u00a0\u00bbcontentConfig\u00a0\u00bb:{\u00ab\u00a0contentService\u00a0\u00bb:\u00a0\u00bb\u00a0\u00bb,\u00a0\u00bbcontentConfigValues\u00a0\u00bb:{},\u00a0\u00bbinherit\u00a0\u00bb:true},\u00a0\u00bbcustomFields\u00a0\u00bb:{},\u00a0\u00bbdisplayProperties\u00a0\u00bb:{},\u00a0\u00bblocalEdits\u00a0\u00bb:{},\u00a0\u00bbvariants\u00a0\u00bb:{}}},{\u00ab\u00a0collection\u00a0\u00bb:\u00a0\u00bbfeatures\u00a0\u00bb,\u00a0\u00bbtype\u00a0\u00bb:\u00a0\u00bbglobal\/CardBanner\u00a0\u00bb,\u00a0\u00bbprops\u00a0\u00bb:{\u00ab\u00a0collection\u00a0\u00bb:\u00a0\u00bbfeatures\u00a0\u00bb,\u00a0\u00bbtype\u00a0\u00bb:\u00a0\u00bbglobal\/CardBanner\u00a0\u00bb,\u00a0\u00bbid\u00a0\u00bb:\u00a0\u00bbf0fPAhspkSBgNj\u00a0\u00bb,\u00a0\u00bbcontentConfig\u00a0\u00bb:{\u00ab\u00a0contentService\u00a0\u00bb:\u00a0\u00bb\u00a0\u00bb,\u00a0\u00bbcontentConfigValues\u00a0\u00bb:{},\u00a0\u00bbinherit\u00a0\u00bb:true},\u00a0\u00bbcustomFields\u00a0\u00bb:{\u00ab\u00a0size\u00a0\u00bb:\u00a0\u00bbsmall\u00a0\u00bb,\u00a0\u00bbposition\u00a0\u00bb:\u00a0\u00bbcolumn\u00a0\u00bb,\u00a0\u00bbwithMarginTop\u00a0\u00bb:false,\u00a0\u00bbtitle\u00a0\u00bb:\u00a0\u00bbAnnonces immobili\u00e8res pr\u00e8s de chez vous\u00a0\u00bb,\u00a0\u00bbtext\u00a0\u00bb:\u00a0\u00bbContenu sponsoris\u00e9\u00a0\u00bb,\u00a0\u00bbbtnLabel\u00a0\u00bb:\u00a0\u00bbVoir les annonces\u00a0\u00bb,\u00a0\u00bbbtnHref\u00a0\u00bb:\u00a0\u00bbhttps:\/\/annonces-immo.leparisien.fr\/?xtatc=PUB-[bienici]-[immo_sidebar]-[]-[]-[]-[]-[partenaires]-[]\u00a0\u00bb,\u00a0\u00bbimageUrl\u00a0\u00bb:\u00a0\u00bb\/bien-ici.svg\u00a0\u00bb,\u00a0\u00bbisVisibleOnlyOn\u00a0\u00bb:\u00a0\u00bb\/immobilier\u00a0\u00bb,\u00a0\u00bbpbInternal_cloneId\u00a0\u00bb:\u00a0\u00bbf0fPAhspkSBgNj\u00a0\u00bb,\u00a0\u00bbforSubscribersOnly\u00a0\u00bb:true},\u00a0\u00bbdisplayProperties\u00a0\u00bb:{},\u00a0\u00bblocalEdits\u00a0\u00bb:{},\u00a0\u00bbvariants\u00a0\u00bb:{}}}]},{\u00ab\u00a0collection\u00a0\u00bb:\u00a0\u00bbsections\u00a0\u00bb,\u00a0\u00bbprops\u00a0\u00bb:{\u00ab\u00a0collection\u00a0\u00bb:\u00a0\u00bbsections\u00a0\u00bb,\u00a0\u00bbid\u00a0\u00bb:6},\u00a0\u00bbchildren\u00a0\u00bb:[{\u00ab\u00a0collection\u00a0\u00bb:\u00a0\u00bbfeatures\u00a0\u00bb,\u00a0\u00bbtype\u00a0\u00bb:\u00a0\u00bbglobal\/Outbrain\u00a0\u00bb,\u00a0\u00bbprops\u00a0\u00bb:{\u00ab\u00a0collection\u00a0\u00bb:\u00a0\u00bbfeatures\u00a0\u00bb,\u00a0\u00bbtype\u00a0\u00bb:\u00a0\u00bbglobal\/Outbrain\u00a0\u00bb,\u00a0\u00bbid\u00a0\u00bb:\u00a0\u00bb0fxw1JrD8rX\u00a0\u00bb,\u00a0\u00bbcontentConfig\u00a0\u00bb:{\u00ab\u00a0contentService\u00a0\u00bb:\u00a0\u00bb\u00a0\u00bb,\u00a0\u00bbcontentConfigValues\u00a0\u00bb:{},\u00a0\u00bbinherit\u00a0\u00bb:false},\u00a0\u00bbcustomFields\u00a0\u00bb:{\u00ab\u00a0allowDailymotionPip\u00a0\u00bb:true},\u00a0\u00bbdisplayProperties\u00a0\u00bb:{},\u00a0\u00bblocalEdits\u00a0\u00bb:{},\u00a0\u00bbvariants\u00a0\u00bb:{}}},{\u00ab\u00a0collection\u00a0\u00bb:\u00a0\u00bbfeatures\u00a0\u00bb,\u00a0\u00bbtype\u00a0\u00bb:\u00a0\u00bbArticle\/Comments\u00a0\u00bb,\u00a0\u00bbprops\u00a0\u00bb:{\u00ab\u00a0collection\u00a0\u00bb:\u00a0\u00bbfeatures\u00a0\u00bb,\u00a0\u00bbtype\u00a0\u00bb:\u00a0\u00bbArticle\/Comments\u00a0\u00bb,\u00a0\u00bbid\u00a0\u00bb:\u00a0\u00bbf0ft91kZfUAC2Qb\u00a0\u00bb,\u00a0\u00bbcontentConfig\u00a0\u00bb:{\u00ab\u00a0contentService\u00a0\u00bb:\u00a0\u00bb\u00a0\u00bb,\u00a0\u00bbcontentConfigValues\u00a0\u00bb:{},\u00a0\u00bbinherit\u00a0\u00bb:true},\u00a0\u00bbcustomFields\u00a0\u00bb:{\u00ab\u00a0successText\u00a0\u00bb:\u00a0\u00bbVotre commentaire a bien \u00e9t\u00e9 envoy\u00e9.\u00a0\u00bb,\u00a0\u00bbshowCommentsButtonText\u00a0\u00bb:\u00a0\u00bbVoir tous les commentaires\u00a0\u00bb},\u00a0\u00bbdisplayProperties\u00a0\u00bb:{},\u00a0\u00bblocalEdits\u00a0\u00bb:{},\u00a0\u00bbvariants\u00a0\u00bb:{}}},{\u00ab\u00a0collection\u00a0\u00bb:\u00a0\u00bbfeatures\u00a0\u00bb,\u00a0\u00bbtype\u00a0\u00bb:\u00a0\u00bbArticle\/LinksWithImage\u00a0\u00bb,\u00a0\u00bbprops\u00a0\u00bb:{\u00ab\u00a0collection\u00a0\u00bb:\u00a0\u00bbfeatures\u00a0\u00bb,\u00a0\u00bbtype\u00a0\u00bb:\u00a0\u00bbArticle\/LinksWithImage\u00a0\u00bb,\u00a0\u00bbid\u00a0\u00bb:\u00a0\u00bbf0fEBWPaYFZa611&Prime;,\u00a0\u00bbcontentConfig\u00a0\u00bb:{\u00ab\u00a0contentService\u00a0\u00bb:\u00a0\u00bb\u00a0\u00bb,\u00a0\u00bbcontentConfigValues\u00a0\u00bb:{},\u00a0\u00bbinherit\u00a0\u00bb:true},\u00a0\u00bbcustomFields\u00a0\u00bb:{\u00ab\u00a0nbToFetch\u00a0\u00bb:20,\u00a0\u00bbarticleLimit\u00a0\u00bb:3,\u00a0\u00bbaboArticleLimit\u00a0\u00bb:2,\u00a0\u00bbrecirculationByTag\u00a0\u00bb:true},\u00a0\u00bbdisplayProperties\u00a0\u00bb:{},\u00a0\u00bblocalEdits\u00a0\u00bb:{},\u00a0\u00bbvariants\u00a0\u00bb:{}}},{\u00ab\u00a0collection\u00a0\u00bb:\u00a0\u00bbfeatures\u00a0\u00bb,\u00a0\u00bbtype\u00a0\u00bb:\u00a0\u00bbglobal\/MostRecentFeed\u00a0\u00bb,\u00a0\u00bbprops\u00a0\u00bb:{\u00ab\u00a0collection\u00a0\u00bb:\u00a0\u00bbfeatures\u00a0\u00bb,\u00a0\u00bbtype\u00a0\u00bb:\u00a0\u00bbglobal\/MostRecentFeed\u00a0\u00bb,\u00a0\u00bbid\u00a0\u00bb:\u00a0\u00bb0f20QDrD8re\u00a0\u00bb,\u00a0\u00bbname\u00a0\u00bb:\u00a0\u00bbarticlemostrecentfeed\u00a0\u00bb,\u00a0\u00bbcontentConfig\u00a0\u00bb:{\u00ab\u00a0contentService\u00a0\u00bb:\u00a0\u00bb\u00a0\u00bb,\u00a0\u00bbcontentConfigValues\u00a0\u00bb:{},\u00a0\u00bbinherit\u00a0\u00bb:false},\u00a0\u00bbcustomFields\u00a0\u00bb:{\u00ab\u00a0size\u00a0\u00bb:9,\u00a0\u00bbexcludeSections\u00a0\u00bb:[\u00ab\u00a0\/podcasts\u00a0\u00bb]},\u00a0\u00bbdisplayProperties\u00a0\u00bb:{},\u00a0\u00bblocalEdits\u00a0\u00bb:{},\u00a0\u00bbvariants\u00a0\u00bb:{}}},{\u00ab\u00a0collection\u00a0\u00bb:\u00a0\u00bbfeatures\u00a0\u00bb,\u00a0\u00bbtype\u00a0\u00bb:\u00a0\u00bbglobal\/NewMostRecentFeed\u00a0\u00bb,\u00a0\u00bbprops\u00a0\u00bb:{\u00ab\u00a0collection\u00a0\u00bb:\u00a0\u00bbfeatures\u00a0\u00bb,\u00a0\u00bbtype\u00a0\u00bb:\u00a0\u00bbglobal\/NewMostRecentFeed\u00a0\u00bb,\u00a0\u00bbid\u00a0\u00bb:\u00a0\u00bbf0fRUfz7OUBA2fR\u00a0\u00bb,\u00a0\u00bbcontentConfig\u00a0\u00bb:{\u00ab\u00a0contentService\u00a0\u00bb:\u00a0\u00bb\u00a0\u00bb,\u00a0\u00bbcontentConfigValues\u00a0\u00bb:{},\u00a0\u00bbinherit\u00a0\u00bb:true},\u00a0\u00bbcustomFields\u00a0\u00bb:{\u00ab\u00a0size\u00a0\u00bb:6,\u00a0\u00bbexcludeSections\u00a0\u00bb:[\u00ab\u00a0\/podcasts\u00a0\u00bb]},\u00a0\u00bbdisplayProperties\u00a0\u00bb:{},\u00a0\u00bblocalEdits\u00a0\u00bb:{},\u00a0\u00bbvariants\u00a0\u00bb:{}}},{\u00ab\u00a0collection\u00a0\u00bb:\u00a0\u00bbchains\u00a0\u00bb,\u00a0\u00bbtype\u00a0\u00bb:\u00a0\u00bbSectionGenericChain\u00a0\u00bb,\u00a0\u00bbprops\u00a0\u00bb:{\u00ab\u00a0collection\u00a0\u00bb:\u00a0\u00bbchains\u00a0\u00bb,\u00a0\u00bbtype\u00a0\u00bb:\u00a0\u00bbSectionGenericChain\u00a0\u00bb,\u00a0\u00bbid\u00a0\u00bb:\u00a0\u00bbc0f2F2rxlUNR5yW\u00a0\u00bb,\u00a0\u00bbcustomFields\u00a0\u00bb:{\u00ab\u00a0showTitle\u00a0\u00bb:true,\u00a0\u00bbtitleVariant\u00a0\u00bb:\u00a0\u00bbdefault\u00a0\u00bb,\u00a0\u00bbtype\u00a0\u00bb:\u00a0\u00bbdefault\u00a0\u00bb,\u00a0\u00bbbackgroundColor\u00a0\u00bb:\u00a0\u00bb#fff\u00a0\u00bb,\u00a0\u00bbtemplate\u00a0\u00bb:\u00a0\u00bbarticles\u00a0\u00bb,\u00a0\u00bbtitle\u00a0\u00bb:\u00a0\u00bbNotre s\u00e9lection\u00a0\u00bb},\u00a0\u00bbdisplayProperties\u00a0\u00bb:{}},\u00a0\u00bbchildren\u00a0\u00bb:[{\u00ab\u00a0collection\u00a0\u00bb:\u00a0\u00bbfeatures\u00a0\u00bb,\u00a0\u00bbtype\u00a0\u00bb:\u00a0\u00bbglobal\/GenericFeed\u00a0\u00bb,\u00a0\u00bbprops\u00a0\u00bb:{\u00ab\u00a0collection\u00a0\u00bb:\u00a0\u00bbfeatures\u00a0\u00bb,\u00a0\u00bbtype\u00a0\u00bb:\u00a0\u00bbglobal\/GenericFeed\u00a0\u00bb,\u00a0\u00bbid\u00a0\u00bb:\u00a0\u00bbf0fB5H7R66Ff1db\u00a0\u00bb,\u00a0\u00bbcontentConfig\u00a0\u00bb:{\u00ab\u00a0contentService\u00a0\u00bb:\u00a0\u00bb\u00a0\u00bb,\u00a0\u00bbcontentConfigValues\u00a0\u00bb:{},\u00a0\u00bbinherit\u00a0\u00bb:true},\u00a0\u00bbcustomFields\u00a0\u00bb:{\u00ab\u00a0feedConfig\u00a0\u00bb:{\u00ab\u00a0contentService\u00a0\u00bb:\u00a0\u00bbcollection-full-story-feed\u00a0\u00bb,\u00a0\u00bbcontentConfigValues\u00a0\u00bb:{\u00ab\u00a0website\u00a0\u00bb:\u00a0\u00bbleparisien\u00a0\u00bb,\u00a0\u00bbsize\u00a0\u00bb:3,\u00a0\u00bboffset\u00a0\u00bb:0,\u00a0\u00bbid\u00a0\u00bb:\u00a0\u00bbABCYYZKCTJHHJIFMTFMG2X6Q4M\u00a0\u00bb}},\u00a0\u00bbdisplayType\u00a0\u00bb:\u00a0\u00bbcards\u00a0\u00bb,\u00a0\u00bbtitleLevel\u00a0\u00bb:\u00a0\u00bbp\u00a0\u00bb,\u00a0\u00bblazyload\u00a0\u00bb:true,\u00a0\u00bbfetchpriority\u00a0\u00bb:\u00a0\u00bblow\u00a0\u00bb,\u00a0\u00bbsizes\u00a0\u00bb:\u00a0\u00bb\u00a0\u00bb,\u00a0\u00bbcontentSize\u00a0\u00bb:3,\u00a0\u00bbcontentOffset\u00a0\u00bb:0,\u00a0\u00bbblockName\u00a0\u00bb:\u00a0\u00bbArticle_NotreSelection\u00a0\u00bb},\u00a0\u00bbdisplayProperties\u00a0\u00bb:{},\u00a0\u00bblocalEdits\u00a0\u00bb:{},\u00a0\u00bbvariants\u00a0\u00bb:{}}}]},{\u00ab\u00a0collection\u00a0\u00bb:\u00a0\u00bbfeatures\u00a0\u00bb,\u00a0\u00bbtype\u00a0\u00bb:\u00a0\u00bbArticle\/MostReadV2&Prime;,\u00a0\u00bbprops\u00a0\u00bb:{\u00ab\u00a0collection\u00a0\u00bb:\u00a0\u00bbfeatures\u00a0\u00bb,\u00a0\u00bbtype\u00a0\u00bb:\u00a0\u00bbArticle\/MostReadV2&Prime;,\u00a0\u00bbid\u00a0\u00bb:\u00a0\u00bbf0fzx5c23svs2XA\u00a0\u00bb,\u00a0\u00bbcontentConfig\u00a0\u00bb:{\u00ab\u00a0contentService\u00a0\u00bb:\u00a0\u00bb\u00a0\u00bb,\u00a0\u00bbcontentConfigValues\u00a0\u00bb:{},\u00a0\u00bbinherit\u00a0\u00bb:true},\u00a0\u00bbcustomFields\u00a0\u00bb:{\u00ab\u00a0lazyload\u00a0\u00bb:true,\u00a0\u00bbtitleLevel\u00a0\u00bb:\u00a0\u00bbp\u00a0\u00bb,\u00a0\u00bbfetchpriority\u00a0\u00bb:\u00a0\u00bblow\u00a0\u00bb,\u00a0\u00bbtitle\u00a0\u00bb:\u00a0\u00bbNos abonn\u00e9s ont lu ensuite\u00a0\u00bb,\u00a0\u00bbcontentSize\u00a0\u00bb:6,\u00a0\u00bbcontentOffset\u00a0\u00bb:0,\u00a0\u00bbidCollection\u00a0\u00bb:\u00a0\u00bbH6677CJES5DA5MJ74Y34GN63KM\u00a0\u00bb,\u00a0\u00bbblockName\u00a0\u00bb:\u00a0\u00bbArticle_LusAbonnes\u00a0\u00bb},\u00a0\u00bbdisplayProperties\u00a0\u00bb:{},\u00a0\u00bblocalEdits\u00a0\u00bb:{},\u00a0\u00bbvariants\u00a0\u00bb:{}}}]},{\u00ab\u00a0collection\u00a0\u00bb:\u00a0\u00bbsections\u00a0\u00bb,\u00a0\u00bbprops\u00a0\u00bb:{\u00ab\u00a0collection\u00a0\u00bb:\u00a0\u00bbsections\u00a0\u00bb,\u00a0\u00bbid\u00a0\u00bb:7},\u00a0\u00bbchildren\u00a0\u00bb:[{\u00ab\u00a0collection\u00a0\u00bb:\u00a0\u00bbchains\u00a0\u00bb,\u00a0\u00bbtype\u00a0\u00bb:\u00a0\u00bbServicesChain\u00a0\u00bb,\u00a0\u00bbprops\u00a0\u00bb:{\u00ab\u00a0collection\u00a0\u00bb:\u00a0\u00bbchains\u00a0\u00bb,\u00a0\u00bbtype\u00a0\u00bb:\u00a0\u00bbServicesChain\u00a0\u00bb,\u00a0\u00bbid\u00a0\u00bb:\u00a0\u00bb0f8j7Fg7LrS\u00a0\u00bb,\u00a0\u00bbcustomFields\u00a0\u00bb:{\u00ab\u00a0backgroundColor\u00a0\u00bb:\u00a0\u00bb#ECEFF1&Prime;},\u00a0\u00bbdisplayProperties\u00a0\u00bb:{\u00ab\u00a0columns\u00a0\u00bb:{}}},\u00a0\u00bbchildren\u00a0\u00bb:[{\u00ab\u00a0collection\u00a0\u00bb:\u00a0\u00bbfeatures\u00a0\u00bb,\u00a0\u00bbtype\u00a0\u00bb:\u00a0\u00bbglobal\/ThirdPartyGuide\u00a0\u00bb,\u00a0\u00bbprops\u00a0\u00bb:{\u00ab\u00a0collection\u00a0\u00bb:\u00a0\u00bbfeatures\u00a0\u00bb,\u00a0\u00bbtype\u00a0\u00bb:\u00a0\u00bbglobal\/ThirdPartyGuide\u00a0\u00bb,\u00a0\u00bbid\u00a0\u00bb:\u00a0\u00bb0fCBIXOUKrf-7-0-0&Prime;,\u00a0\u00bbcontentConfig\u00a0\u00bb:{\u00ab\u00a0contentService\u00a0\u00bb:\u00a0\u00bb\u00a0\u00bb,\u00a0\u00bbcontentConfigValues\u00a0\u00bb:{},\u00a0\u00bbinherit\u00a0\u00bb:false},\u00a0\u00bbcustomFields\u00a0\u00bb:{\u00ab\u00a0title\u00a0\u00bb:\u00a0\u00bbGuide Shopping Le Parisien\u00a0\u00bb,\u00a0\u00bblistBackgroundColor\u00a0\u00bb:\u00a0\u00bb#ffffff\u00a0\u00bb,\u00a0\u00bbbottomLinkText\u00a0\u00bb:\u00a0\u00bbS\u00e9lection shopping\u00a0\u00bb,\u00a0\u00bbbottomLinkHref\u00a0\u00bb:\u00a0\u00bbhttps:\/\/www.leparisien.fr\/guide-shopping\/\u00a0\u00bb,\u00a0\u00bbnumItemsToShow\u00a0\u00bb:5,\u00a0\u00bbsource\u00a0\u00bb:\u00a0\u00bbComposer lp-guide-shopping\u00a0\u00bb},\u00a0\u00bbdisplayProperties\u00a0\u00bb:{},\u00a0\u00bblocalEdits\u00a0\u00bb:{},\u00a0\u00bbvariants\u00a0\u00bb:{}}},{\u00ab\u00a0collection\u00a0\u00bb:\u00a0\u00bbfeatures\u00a0\u00bb,\u00a0\u00bbtype\u00a0\u00bb:\u00a0\u00bbglobal\/SwitchableThirdParty\u00a0\u00bb,\u00a0\u00bbprops\u00a0\u00bb:{\u00ab\u00a0collection\u00a0\u00bb:\u00a0\u00bbfeatures\u00a0\u00bb,\u00a0\u00bbtype\u00a0\u00bb:\u00a0\u00bbglobal\/SwitchableThirdParty\u00a0\u00bb,\u00a0\u00bbid\u00a0\u00bb:\u00a0\u00bb0fq3t7f7Lr9-7-0-1&Prime;,\u00a0\u00bbcontentConfig\u00a0\u00bb:{\u00ab\u00a0contentService\u00a0\u00bb:\u00a0\u00bb\u00a0\u00bb,\u00a0\u00bbcontentConfigValues\u00a0\u00bb:{},\u00a0\u00bbinherit\u00a0\u00bb:false},\u00a0\u00bbcustomFields\u00a0\u00bb:{\u00ab\u00a0secondAlternativeBottomLinkText\u00a0\u00bb:\u00a0\u00bbVoir toutes les annonces\u00a0\u00bb,\u00a0\u00bbfirstAlternativeSections\u00a0\u00bb:\u00a0\u00bb\/economie\/annonces-legales,\/info-paris-ile-de-france-oise,\/paris-75,\/essonne-91,\/hauts-de-seine-92,\/seine-saint-denis-93,\/val-d-oise-95,\/val-de-marne-94,\/seine-et-marne-77,\/yvelines-78,\/oise-60,\/calvados-14,\/seine-maritime-76,\/eure-27,\/loiret-45,\/charente-maritime-17,\/eure-et-loir-28,\/finistere-29,\/haute-garonne-31,\/marne-51,\/martinique-972,\/pyrenees-orientales-66,\/puy-de-dome-63,\/aube-10&Prime;,\u00a0\u00bbsecondAlternativeSections\u00a0\u00bb:\u00a0\u00bb\/automobile,\/sports\u00a0\u00bb,\u00a0\u00bbsecondAlternativeBackgroundColor\u00a0\u00bb:\u00a0\u00bb#ffffff\u00a0\u00bb,\u00a0\u00bbdefaultNumItemsToShow\u00a0\u00bb:5,\u00a0\u00bbdefaultBottomLinkHref\u00a0\u00bb:\u00a0\u00bbhttps:\/\/www.leparisien.fr\/jeux\/\u00a0\u00bb,\u00a0\u00bbfirstAlternativeBackgroundColor\u00a0\u00bb:\u00a0\u00bb#ffffff\u00a0\u00bb,\u00a0\u00bbsecondAlternativeNumItemsToShow\u00a0\u00bb:5,\u00a0\u00bbfirstAlternativeBottomLinkText\u00a0\u00bb:\u00a0\u00bbD\u00e9poser une annonce\u00a0\u00bb,\u00a0\u00bbdefaultBottomLinkText\u00a0\u00bb:\u00a0\u00bbVoir\u00a0\u00bb,\u00a0\u00bbdefaultBottomText\u00a0\u00bb:\u00a0\u00bbUne s\u00e9lection compl\u00e8te de jeux\u00a0\u00bb,\u00a0\u00bbfirstAlternativeBottomLinkHref\u00a0\u00bb:\u00a0\u00bbhttps:\/\/www.annonces-legales.fr\/lp\/leparisien\/choisir-votre-journal\u00a0\u00bb,\u00a0\u00bbfirstAlternativeNumItemsToShow\u00a0\u00bb:5,\u00a0\u00bbsecondAlternativeBottomLinkHref\u00a0\u00bb:\u00a0\u00bbhttps:\/\/www.paruvendu.fr\/voiture-occasion\/?partenaire=leparisien\u00a0\u00bb,\u00a0\u00bbsecondAlternativeTitle\u00a0\u00bb:\u00a0\u00bbAnnonces auto\u00a0\u00bb,\u00a0\u00bbdefaultBackgroundColor\u00a0\u00bb:\u00a0\u00bb#ffffff\u00a0\u00bb,\u00a0\u00bbsecondAlternativeBlock\u00a0\u00bb:\u00a0\u00bbThirdPartyAuto\u00a0\u00bb,\u00a0\u00bblegalAdsFilterByDepartment\u00a0\u00bb:true,\u00a0\u00bbdefaultTitle\u00a0\u00bb:\u00a0\u00bbJeux gratuits\u00a0\u00bb,\u00a0\u00bbfirstAlternativeBlock\u00a0\u00bb:\u00a0\u00bbThirdPartyLegalAds\u00a0\u00bb,\u00a0\u00bbfirstAlternativeTitle\u00a0\u00bb:\u00a0\u00bbAnnonces l\u00e9gales\u00a0\u00bb,\u00a0\u00bbsecondAlternativeBottomText\u00a0\u00bb:\u00a0\u00bbVoir toutes les annonces\u00a0\u00bb,\u00a0\u00bbdefaultBlock\u00a0\u00bb:\u00a0\u00bbThirdPartyGames\u00a0\u00bb,\u00a0\u00bbfirstAlternativeBottomText\u00a0\u00bb:\u00a0\u00bbD\u00e9poser une annonce\u00a0\u00bb,\u00a0\u00bbgames\u00a0\u00bb:\u00a0\u00bb[{\\\u00a0\u00bbtitle\\\u00a0\u00bb:\\\u00a0\u00bbMots fl\u00e9ch\u00e9s\\\u00a0\u00bb,\\\u00a0\u00bbimage\\\u00a0\u00bb:\\\u00a0\u00bbBZKNCAICXRFGNOCFRH4DOEFELE\\\u00a0\u00bb,\\\u00a0\u00bblink_url\\\u00a0\u00bb:\\\u00a0\u00bbhttps:\/\/www.leparisien.fr\/jeux\/mots-fleches\/\\\u00a0\u00bb},{\\\u00a0\u00bbtitle\\\u00a0\u00bb:\\\u00a0\u00bbMots coup\u00e9s\\\u00a0\u00bb,\\\u00a0\u00bbimage\\\u00a0\u00bb:\\\u00a0\u00bbAVGPR2WDX5GGNHLS7BKSHCF5MI\\\u00a0\u00bb,\\\u00a0\u00bblink_url\\\u00a0\u00bb:\\\u00a0\u00bbhttps:\/\/www.leparisien.fr\/jeux\/mots-coupes\/\\\u00a0\u00bb},{\\\u00a0\u00bbtitle\\\u00a0\u00bb:\\\u00a0\u00bbMots crois\u00e9s\\\u00a0\u00bb,\\\u00a0\u00bbimage\\\u00a0\u00bb:\\\u00a0\u00bbRXIMFLPYZZA67OM6E427V5HB6E\\\u00a0\u00bb,\\\u00a0\u00bblink_url\\\u00a0\u00bb:\\\u00a0\u00bbhttps:\/\/www.leparisien.fr\/jeux\/mots-croises\/\\\u00a0\u00bb},{\\\u00a0\u00bbtitle\\\u00a0\u00bb:\\\u00a0\u00bbMots m\u00eal\u00e9s\\\u00a0\u00bb,\\\u00a0\u00bbimage\\\u00a0\u00bb:\\\u00a0\u00bbEMTERX2ITJGVNJ7TR6Y7DOSMYE\\\u00a0\u00bb,\\\u00a0\u00bblink_url\\\u00a0\u00bb:\\\u00a0\u00bbhttps:\/\/www.leparisien.fr\/jeux\/mots-melanges\/\\\u00a0\u00bb},{\\\u00a0\u00bbtitle\\\u00a0\u00bb:\\\u00a0\u00bbKakuro\\\u00a0\u00bb,\\\u00a0\u00bbimage\\\u00a0\u00bb:\\\u00a0\u00bbAH4OYIWTKVFG3NMLXODVQ52BOM\\\u00a0\u00bb,\\\u00a0\u00bblink_url\\\u00a0\u00bb:\\\u00a0\u00bbhttps:\/\/www.leparisien.fr\/jeux\/kakuro\/\\\u00a0\u00bb},{\\\u00a0\u00bbtitle\\\u00a0\u00bb:\\\u00a0\u00bbSudoku\\\u00a0\u00bb,\\\u00a0\u00bbimage\\\u00a0\u00bb:\\\u00a0\u00bbNL33EXRAL5D63ATCW5UOHASETE\\\u00a0\u00bb,\\\u00a0\u00bblink_url\\\u00a0\u00bb:\\\u00a0\u00bbhttps:\/\/www.leparisien.fr\/jeux\/sudoku\/\\\u00a0\u00bb}]\u00a0\u00bb},\u00a0\u00bbdisplayProperties\u00a0\u00bb:{},\u00a0\u00bblocalEdits\u00a0\u00bb:{\u00ab\u00a0items\u00a0\u00bb:{}},\u00a0\u00bbvariants\u00a0\u00bb:{}}},{\u00ab\u00a0collection\u00a0\u00bb:\u00a0\u00bbfeatures\u00a0\u00bb,\u00a0\u00bbtype\u00a0\u00bb:\u00a0\u00bbglobal\/PartnerMenu\u00a0\u00bb,\u00a0\u00bbprops\u00a0\u00bb:{\u00ab\u00a0collection\u00a0\u00bb:\u00a0\u00bbfeatures\u00a0\u00bb,\u00a0\u00bbtype\u00a0\u00bb:\u00a0\u00bbglobal\/PartnerMenu\u00a0\u00bb,\u00a0\u00bbid\u00a0\u00bb:\u00a0\u00bb0fnBIXOUKrB-7-0-2&Prime;,\u00a0\u00bbcontentConfig\u00a0\u00bb:{\u00ab\u00a0contentService\u00a0\u00bb:\u00a0\u00bb\u00a0\u00bb,\u00a0\u00bbcontentConfigValues\u00a0\u00bb:{},\u00a0\u00bbinherit\u00a0\u00bb:false},\u00a0\u00bbcustomFields\u00a0\u00bb:{\u00ab\u00a0bottomText\u00a0\u00bb:\u00a0\u00bb\u00a0\u00bb,\u00a0\u00bbbottomLinkHref\u00a0\u00bb:\u00a0\u00bbhttps:\/\/leparisien.fr\/jardin\/services\/\u00a0\u00bb,\u00a0\u00bblistBackgroundColor\u00a0\u00bb:\u00a0\u00bb#ffffff\u00a0\u00bb,\u00a0\u00bbbottomLinkText\u00a0\u00bb:\u00a0\u00bbVoir\u00a0\u00bb,\u00a0\u00bbsectionHierarchy\u00a0\u00bb:\u00a0\u00bbentretien-exterieurs\u00a0\u00bb,\u00a0\u00bbtitle\u00a0\u00bb:\u00a0\u00bbEntretien d\u2019ext\u00e9rieurs\u00a0\u00bb},\u00a0\u00bbdisplayProperties\u00a0\u00bb:{},\u00a0\u00bblocalEdits\u00a0\u00bb:{\u00ab\u00a0items\u00a0\u00bb:{}},\u00a0\u00bbvariants\u00a0\u00bb:{}}},{\u00ab\u00a0collection\u00a0\u00bb:\u00a0\u00bbfeatures\u00a0\u00bb,\u00a0\u00bbtype\u00a0\u00bb:\u00a0\u00bbglobal\/SwitchableThirdParty\u00a0\u00bb,\u00a0\u00bbprops\u00a0\u00bb:{\u00ab\u00a0collection\u00a0\u00bb:\u00a0\u00bbfeatures\u00a0\u00bb,\u00a0\u00bbtype\u00a0\u00bb:\u00a0\u00bbglobal\/SwitchableThirdParty\u00a0\u00bb,\u00a0\u00bbid\u00a0\u00bb:\u00a0\u00bb0fTBIXOUKr0-7-0-3&Prime;,\u00a0\u00bbcontentConfig\u00a0\u00bb:{\u00ab\u00a0contentService\u00a0\u00bb:\u00a0\u00bb\u00a0\u00bb,\u00a0\u00bbcontentConfigValues\u00a0\u00bb:{},\u00a0\u00bbinherit\u00a0\u00bb:false},\u00a0\u00bbcustomFields\u00a0\u00bb:{\u00ab\u00a0secondAlternativeBottomLinkText\u00a0\u00bb:\u00a0\u00bbPlease set text\u00a0\u00bb,\u00a0\u00bbfirstAlternativeSections\u00a0\u00bb:\u00a0\u00bb\/info-paris-ile-de-france-oise,\/paris-75,\/essonne-91,\/hauts-de-seine-92,\/seine-saint-denis-93,\/val-d-oise-95,\/val-de-marne-94,\/seine-et-marne-77,\/yvelines-78,\/oise-60,\/calvados-14,\/seine-maritime-76,\/eure-27,\/loiret-45&Prime;,\u00a0\u00bbsecondAlternativeBackgroundColor\u00a0\u00bb:\u00a0\u00bb#ffffff\u00a0\u00bb,\u00a0\u00bbdefaultNumItemsToShow\u00a0\u00bb:5,\u00a0\u00bbdefaultBottomLinkHref\u00a0\u00bb:\u00a0\u00bbhttps:\/\/www.leparisien.fr\/nos-services\/\u00a0\u00bb,\u00a0\u00bbfirstAlternativeBackgroundColor\u00a0\u00bb:\u00a0\u00bb#ffffff\u00a0\u00bb,\u00a0\u00bbsecondAlternativeNumItemsToShow\u00a0\u00bb:5,\u00a0\u00bbfirstAlternativeBottomLinkText\u00a0\u00bb:\u00a0\u00bbVoir toutes les annonces\u00a0\u00bb,\u00a0\u00bbdefaultBottomLinkText\u00a0\u00bb:\u00a0\u00bbVoir\u00a0\u00bb,\u00a0\u00bbdefaultBottomText\u00a0\u00bb:\u00a0\u00bbTous les services\u00a0\u00bb,\u00a0\u00bbfirstAlternativeBottomLinkHref\u00a0\u00bb:\u00a0\u00bb https:\/\/www.paruvendu.fr\/voiture-occasion\/?partenaire=leparisien\u00a0\u00bb,\u00a0\u00bbfirstAlternativeNumItemsToShow\u00a0\u00bb:5,\u00a0\u00bbsecondAlternativeBottomLinkHref\u00a0\u00bb:\u00a0\u00bb#\u00a0\u00bb,\u00a0\u00bbsecondAlternativeTitle\u00a0\u00bb:\u00a0\u00bbPlease set text\u00a0\u00bb,\u00a0\u00bbdefaultBackgroundColor\u00a0\u00bb:\u00a0\u00bb#ffffff\u00a0\u00bb,\u00a0\u00bblegalAdsFilterByDepartment\u00a0\u00bb:true,\u00a0\u00bbdefaultTitle\u00a0\u00bb:\u00a0\u00bbServices\u00a0\u00bb,\u00a0\u00bbfirstAlternativeBlock\u00a0\u00bb:\u00a0\u00bbThirdPartyAuto\u00a0\u00bb,\u00a0\u00bbfirstAlternativeTitle\u00a0\u00bb:\u00a0\u00bbAnnonces auto\u00a0\u00bb,\u00a0\u00bbsecondAlternativeBottomText\u00a0\u00bb:\u00a0\u00bbPlease set text\u00a0\u00bb,\u00a0\u00bbdefaultBlock\u00a0\u00bb:\u00a0\u00bbThirdPartyServices\u00a0\u00bb,\u00a0\u00bbfirstAlternativeBottomText\u00a0\u00bb:\u00a0\u00bbVoir toutes les annonces\u00a0\u00bb,\u00a0\u00bbservicesSectionHierarchy\u00a0\u00bb:\u00a0\u00bbservices-guide\u00a0\u00bb},\u00a0\u00bbdisplayProperties\u00a0\u00bb:{},\u00a0\u00bblocalEdits\u00a0\u00bb:{\u00ab\u00a0items\u00a0\u00bb:{}},\u00a0\u00bbvariants\u00a0\u00bb:{}}}]},{\u00ab\u00a0collection\u00a0\u00bb:\u00a0\u00bbchains\u00a0\u00bb,\u00a0\u00bbtype\u00a0\u00bb:\u00a0\u00bbFooterSubscribeChain\u00a0\u00bb,\u00a0\u00bbprops\u00a0\u00bb:{\u00ab\u00a0collection\u00a0\u00bb:\u00a0\u00bbchains\u00a0\u00bb,\u00a0\u00bbtype\u00a0\u00bb:\u00a0\u00bbFooterSubscribeChain\u00a0\u00bb,\u00a0\u00bbid\u00a0\u00bb:\u00a0\u00bb0fcvEBwhbrC\u00a0\u00bb,\u00a0\u00bbcustomFields\u00a0\u00bb:{\u00ab\u00a0desktopImageSrc\u00a0\u00bb:\u00a0\u00bb\/pb\/resources\/images\/footer_img_abo_desktop.png\u00a0\u00bb,\u00a0\u00bbtitleText\u00a0\u00bb:\u00a0\u00bbProfitez des avantages de l\u2019offre num\u00e9rique\u00a0\u00bb,\u00a0\u00bbbuttonLinkUrl\u00a0\u00bb:\u00a0\u00bbhttps:\/\/abonnement.leparisien.fr\/?origin=FOOWA717&Prime;,\u00a0\u00bbmobileImageSrc\u00a0\u00bb:\u00a0\u00bb\/pb\/resources\/images\/footer_img_abo_tablet.png\u00a0\u00bb,\u00a0\u00bbbuttonActionSelect\u00a0\u00bb:\u00a0\u00bbOpen URL in same window\u00a0\u00bb,\u00a0\u00bbbuttonLinkText\u00a0\u00bb:\u00a0\u00bbJe m&rsquo;abonne\u00a0\u00bb},\u00a0\u00bbdisplayProperties\u00a0\u00bb:{\u00ab\u00a0columns\u00a0\u00bb:{}}},\u00a0\u00bbchildren\u00a0\u00bb:[{\u00ab\u00a0collection\u00a0\u00bb:\u00a0\u00bbfeatures\u00a0\u00bb,\u00a0\u00bbtype\u00a0\u00bb:\u00a0\u00bbglobal\/BulletPointItem\u00a0\u00bb,\u00a0\u00bbprops\u00a0\u00bb:{\u00ab\u00a0collection\u00a0\u00bb:\u00a0\u00bbfeatures\u00a0\u00bb,\u00a0\u00bbtype\u00a0\u00bb:\u00a0\u00bbglobal\/BulletPointItem\u00a0\u00bb,\u00a0\u00bbid\u00a0\u00bb:\u00a0\u00bb0ffp5Svhbr2-7-1-0&Prime;,\u00a0\u00bbcontentConfig\u00a0\u00bb:{\u00ab\u00a0contentService\u00a0\u00bb:\u00a0\u00bb\u00a0\u00bb,\u00a0\u00bbcontentConfigValues\u00a0\u00bb:{},\u00a0\u00bbinherit\u00a0\u00bb:false},\u00a0\u00bbcustomFields\u00a0\u00bb:{\u00ab\u00a0text\u00a0\u00bb:\u00a0\u00bbL\u2019int\u00e9gralit\u00e9 des articles et vid\u00e9os\u00a0\u00bb},\u00a0\u00bbdisplayProperties\u00a0\u00bb:{},\u00a0\u00bblocalEdits\u00a0\u00bb:{},\u00a0\u00bbvariants\u00a0\u00bb:{}}},{\u00ab\u00a0collection\u00a0\u00bb:\u00a0\u00bbfeatures\u00a0\u00bb,\u00a0\u00bbtype\u00a0\u00bb:\u00a0\u00bbglobal\/BulletPointItem\u00a0\u00bb,\u00a0\u00bbprops\u00a0\u00bb:{\u00ab\u00a0collection\u00a0\u00bb:\u00a0\u00bbfeatures\u00a0\u00bb,\u00a0\u00bbtype\u00a0\u00bb:\u00a0\u00bbglobal\/BulletPointItem\u00a0\u00bb,\u00a0\u00bbid\u00a0\u00bb:\u00a0\u00bb0fPfjUvhbrT-7-1-1&Prime;,\u00a0\u00bbcontentConfig\u00a0\u00bb:{\u00ab\u00a0contentService\u00a0\u00bb:\u00a0\u00bb\u00a0\u00bb,\u00a0\u00bbcontentConfigValues\u00a0\u00bb:{},\u00a0\u00bbinherit\u00a0\u00bb:false},\u00a0\u00bbcustomFields\u00a0\u00bb:{\u00ab\u00a0text\u00a0\u00bb:\u00a0\u00bbL\u2019info locale qui vous concerne\u00a0\u00bb},\u00a0\u00bbdisplayProperties\u00a0\u00bb:{},\u00a0\u00bblocalEdits\u00a0\u00bb:{},\u00a0\u00bbvariants\u00a0\u00bb:{}}},{\u00ab\u00a0collection\u00a0\u00bb:\u00a0\u00bbfeatures\u00a0\u00bb,\u00a0\u00bbtype\u00a0\u00bb:\u00a0\u00bbglobal\/BulletPointItem\u00a0\u00bb,\u00a0\u00bbprops\u00a0\u00bb:{\u00ab\u00a0collection\u00a0\u00bb:\u00a0\u00bbfeatures\u00a0\u00bb,\u00a0\u00bbtype\u00a0\u00bb:\u00a0\u00bbglobal\/BulletPointItem\u00a0\u00bb,\u00a0\u00bbid\u00a0\u00bb:\u00a0\u00bb0f4hYYvhbrM-7-1-2&Prime;,\u00a0\u00bbcontentConfig\u00a0\u00bb:{\u00ab\u00a0contentService\u00a0\u00bb:\u00a0\u00bb\u00a0\u00bb,\u00a0\u00bbcontentConfigValues\u00a0\u00bb:{},\u00a0\u00bbinherit\u00a0\u00bb:false},\u00a0\u00bbcustomFields\u00a0\u00bb:{\u00ab\u00a0text\u00a0\u00bb:\u00a0\u00bbLe journal num\u00e9rique d\u00e8s 22h30 la veille de sa parution\u00a0\u00bb},\u00a0\u00bbdisplayProperties\u00a0\u00bb:{},\u00a0\u00bblocalEdits\u00a0\u00bb:{},\u00a0\u00bbvariants\u00a0\u00bb:{}}},{\u00ab\u00a0collection\u00a0\u00bb:\u00a0\u00bbfeatures\u00a0\u00bb,\u00a0\u00bbtype\u00a0\u00bb:\u00a0\u00bbglobal\/BulletPointItem\u00a0\u00bb,\u00a0\u00bbprops\u00a0\u00bb:{\u00ab\u00a0collection\u00a0\u00bb:\u00a0\u00bbfeatures\u00a0\u00bb,\u00a0\u00bbtype\u00a0\u00bb:\u00a0\u00bbglobal\/BulletPointItem\u00a0\u00bb,\u00a0\u00bbid\u00a0\u00bb:\u00a0\u00bb0f7py0whbrH-7-1-3&Prime;,\u00a0\u00bbcontentConfig\u00a0\u00bb:{\u00ab\u00a0contentService\u00a0\u00bb:\u00a0\u00bb\u00a0\u00bb,\u00a0\u00bbcontentConfigValues\u00a0\u00bb:{},\u00a0\u00bbinherit\u00a0\u00bb:false},\u00a0\u00bbcustomFields\u00a0\u00bb:{\u00ab\u00a0text\u00a0\u00bb:\u00a0\u00bbUne navigation sans publicit\u00e9\u00a0\u00bb},\u00a0\u00bbdisplayProperties\u00a0\u00bb:{},\u00a0\u00bblocalEdits\u00a0\u00bb:{},\u00a0\u00bbvariants\u00a0\u00bb:{}}},{\u00ab\u00a0collection\u00a0\u00bb:\u00a0\u00bbfeatures\u00a0\u00bb,\u00a0\u00bbtype\u00a0\u00bb:\u00a0\u00bbglobal\/BulletPointItem\u00a0\u00bb,\u00a0\u00bbprops\u00a0\u00bb:{\u00ab\u00a0collection\u00a0\u00bb:\u00a0\u00bbfeatures\u00a0\u00bb,\u00a0\u00bbtype\u00a0\u00bb:\u00a0\u00bbglobal\/BulletPointItem\u00a0\u00bb,\u00a0\u00bbid\u00a0\u00bb:\u00a0\u00bb0fs6R4whbrR-7-1-4&Prime;,\u00a0\u00bbcontentConfig\u00a0\u00bb:{\u00ab\u00a0contentService\u00a0\u00bb:\u00a0\u00bb\u00a0\u00bb,\u00a0\u00bbcontentConfigValues\u00a0\u00bb:{},\u00a0\u00bbinherit\u00a0\u00bb:false},\u00a0\u00bbcustomFields\u00a0\u00bb:{\u00ab\u00a0text\u00a0\u00bb:\u00a0\u00bbDes offres privil\u00e8ges avec le Club Le Parisien\u00a0\u00bb},\u00a0\u00bbdisplayProperties\u00a0\u00bb:{},\u00a0\u00bblocalEdits\u00a0\u00bb:{},\u00a0\u00bbvariants\u00a0\u00bb:{}}}]},{\u00ab\u00a0collection\u00a0\u00bb:\u00a0\u00bbfeatures\u00a0\u00bb,\u00a0\u00bbtype\u00a0\u00bb:\u00a0\u00bbglobal\/DynamicSurfooter\u00a0\u00bb,\u00a0\u00bbprops\u00a0\u00bb:{\u00ab\u00a0collection\u00a0\u00bb:\u00a0\u00bbfeatures\u00a0\u00bb,\u00a0\u00bbtype\u00a0\u00bb:\u00a0\u00bbglobal\/DynamicSurfooter\u00a0\u00bb,\u00a0\u00bbid\u00a0\u00bb:\u00a0\u00bbf0fpLDVh19B824B\u00a0\u00bb,\u00a0\u00bbcontentConfig\u00a0\u00bb:{\u00ab\u00a0contentService\u00a0\u00bb:\u00a0\u00bb\u00a0\u00bb,\u00a0\u00bbcontentConfigValues\u00a0\u00bb:{},\u00a0\u00bbinherit\u00a0\u00bb:true},\u00a0\u00bbcustomFields\u00a0\u00bb:{\u00ab\u00a0pageType\u00a0\u00bb:\u00a0\u00bbarticle\u00a0\u00bb},\u00a0\u00bbdisplayProperties\u00a0\u00bb:{},\u00a0\u00bblocalEdits\u00a0\u00bb:{},\u00a0\u00bbvariants\u00a0\u00bb:{}}},{\u00ab\u00a0collection\u00a0\u00bb:\u00a0\u00bbfeatures\u00a0\u00bb,\u00a0\u00bbtype\u00a0\u00bb:\u00a0\u00bbglobal\/FooterSections\u00a0\u00bb,\u00a0\u00bbprops\u00a0\u00bb:{\u00ab\u00a0collection\u00a0\u00bb:\u00a0\u00bbfeatures\u00a0\u00bb,\u00a0\u00bbtype\u00a0\u00bb:\u00a0\u00bbglobal\/FooterSections\u00a0\u00bb,\u00a0\u00bbid\u00a0\u00bb:\u00a0\u00bb0f0D7trD8rG\u00a0\u00bb,\u00a0\u00bbcontentConfig\u00a0\u00bb:{\u00ab\u00a0contentService\u00a0\u00bb:\u00a0\u00bb\u00a0\u00bb,\u00a0\u00bbcontentConfigValues\u00a0\u00bb:{},\u00a0\u00bbinherit\u00a0\u00bb:false},\u00a0\u00bbcustomFields\u00a0\u00bb:{\u00ab\u00a0footerLinks\u00a0\u00bb:\u00a0\u00bb[{\\\u00a0\u00bburl\\\u00a0\u00bb:\\\u00a0\u00bbhttps:\/\/www.leparisien.fr\/etudiant\/sortir\/paris\/halloween\/\\\u00a0\u00bb,\\\u00a0\u00bbtitle\\\u00a0\u00bb:\\\u00a0\u00bbHalloween 2025\\\u00a0\u00bb},{\\\u00a0\u00bburl\\\u00a0\u00bb:\\\u00a0\u00bbhttps:\/\/www.leparisien.fr\/codes-promo\/marques\/\\\u00a0\u00bb,\\\u00a0\u00bbtitle\\\u00a0\u00bb:\\\u00a0\u00bbCodes de r\u00e9duction\\\u00a0\u00bb},{\\\u00a0\u00bburl\\\u00a0\u00bb:\\\u00a0\u00bb\/resultats-elections\/\\\u00a0\u00bb,\\\u00a0\u00bbtitle\\\u00a0\u00bb:\\\u00a0\u00bbR\u00e9sultats \u00e9lections \\\u00a0\u00bb}]\u00a0\u00bb,\u00a0\u00bbarchivesLastYear\u00a0\u00bb:\u00a0\u00bb2016&Prime;},\u00a0\u00bbdisplayProperties\u00a0\u00bb:{},\u00a0\u00bblocalEdits\u00a0\u00bb:{\u00ab\u00a0items\u00a0\u00bb:{}},\u00a0\u00bbvariants\u00a0\u00bb:{}}},{\u00ab\u00a0collection\u00a0\u00bb:\u00a0\u00bbfeatures\u00a0\u00bb,\u00a0\u00bbtype\u00a0\u00bb:\u00a0\u00bbglobal\/FooterLast\u00a0\u00bb,\u00a0\u00bbprops\u00a0\u00bb:{\u00ab\u00a0collection\u00a0\u00bb:\u00a0\u00bbfeatures\u00a0\u00bb,\u00a0\u00bbtype\u00a0\u00bb:\u00a0\u00bbglobal\/FooterLast\u00a0\u00bb,\u00a0\u00bbid\u00a0\u00bb:\u00a0\u00bb0fvwmwrD8rY\u00a0\u00bb,\u00a0\u00bbcontentConfig\u00a0\u00bb:{\u00ab\u00a0contentService\u00a0\u00bb:\u00a0\u00bb\u00a0\u00bb,\u00a0\u00bbcontentConfigValues\u00a0\u00bb:{},\u00a0\u00bbinherit\u00a0\u00bb:false},\u00a0\u00bbcustomFields\u00a0\u00bb:{},\u00a0\u00bbdisplayProperties\u00a0\u00bb:{},\u00a0\u00bblocalEdits\u00a0\u00bb:{\u00ab\u00a0items\u00a0\u00bb:{}},\u00a0\u00bbvariants\u00a0\u00bb:{}}}]}]};Fusion.spa=false;Fusion.spaEnabled=false;<script async src=\"https:\/\/platform.twitter.com\/widgets.js\" charset=\"utf-8\"><\/script><\/p>\n","protected":false},"excerpt":{"rendered":"Trois artistes de la Biennale de la danse de Lyon (Rh\u00f4ne) ont \u00e9t\u00e9 victimes d\u2019une \u00ab agression raciste&hellip;\n","protected":false},"author":2,"featured_media":40351,"comment_status":"","ping_status":"","sticky":false,"template":"","format":"standard","meta":{"footnotes":""},"categories":[1889],"tags":[1111,11,2430,459,1777,674,118,1011,27,2428,12,25],"class_list":{"0":"post-423827","1":"post","2":"type-post","3":"status-publish","4":"format-standard","5":"has-post-thumbnail","7":"category-lyon","8":"tag-actu","9":"tag-actualites","10":"tag-auvergne-rhone-alpes","11":"tag-departements-horsidfo","12":"tag-eu","13":"tag-europe","14":"tag-faits-divers","15":"tag-fr","16":"tag-france","17":"tag-lyon","18":"tag-news","19":"tag-republique-francaise"},"share_on_mastodon":{"url":"https:\/\/pubeurope.com\/@fr\/115282186354198015","error":""},"_links":{"self":[{"href":"https:\/\/www.europesays.com\/fr\/wp-json\/wp\/v2\/posts\/423827","targetHints":{"allow":["GET"]}}],"collection":[{"href":"https:\/\/www.europesays.com\/fr\/wp-json\/wp\/v2\/posts"}],"about":[{"href":"https:\/\/www.europesays.com\/fr\/wp-json\/wp\/v2\/types\/post"}],"author":[{"embeddable":true,"href":"https:\/\/www.europesays.com\/fr\/wp-json\/wp\/v2\/users\/2"}],"replies":[{"embeddable":true,"href":"https:\/\/www.europesays.com\/fr\/wp-json\/wp\/v2\/comments?post=423827"}],"version-history":[{"count":0,"href":"https:\/\/www.europesays.com\/fr\/wp-json\/wp\/v2\/posts\/423827\/revisions"}],"wp:featuredmedia":[{"embeddable":true,"href":"https:\/\/www.europesays.com\/fr\/wp-json\/wp\/v2\/media\/40351"}],"wp:attachment":[{"href":"https:\/\/www.europesays.com\/fr\/wp-json\/wp\/v2\/media?parent=423827"}],"wp:term":[{"taxonomy":"category","embeddable":true,"href":"https:\/\/www.europesays.com\/fr\/wp-json\/wp\/v2\/categories?post=423827"},{"taxonomy":"post_tag","embeddable":true,"href":"https:\/\/www.europesays.com\/fr\/wp-json\/wp\/v2\/tags?post=423827"}],"curies":[{"name":"wp","href":"https:\/\/api.w.org\/{rel}","templated":true}]}}