{"id":423828,"date":"2025-09-28T13:36:10","date_gmt":"2025-09-28T13:36:10","guid":{"rendered":"https:\/\/www.europesays.com\/fr\/423828\/"},"modified":"2025-09-28T13:36:10","modified_gmt":"2025-09-28T13:36:10","slug":"la-cci-paris-ile-de-france-alerte-sur-les-retards-de-paiement-qui-mettent-en-peril-les-pme","status":"publish","type":"post","link":"https:\/\/www.europesays.com\/fr\/423828\/","title":{"rendered":"La CCI Paris Ile-de-France alerte sur les retards de paiement qui mettent en p\u00e9ril les PME"},"content":{"rendered":"<p>Les retards de paiement n\u2019ont cess\u00e9 de progresser en 2025 et mettent particuli\u00e8rement en difficult\u00e9 les petites entreprises, entrainant un effet boule de neige envers leurs propres fournisseurs. La CCI Paris Ile de France alerte avec un rapport, et pr\u00e9conise plusieurs solutions.<\/p>\n<p>\u201cChaque ann\u00e9e les d\u00e9lais de paiement s\u2019allongent. En 2025, les retards ont atteint un nouveau palier en France. C\u2019est une pr\u00e9occupation majeure pour les PME et les micro-entrepreneurs qui voient leur r\u00e9silience \u00e9conomique impact\u00e9e. Sans compter l\u2019effet boule de neige avec le fournisseur qui faute d\u2019\u00eatre pay\u00e9 ne peut \u00e0 son tour honorer ses factures\u201d, alerte Dominique Restino, pr\u00e9sident de la CCI Paris Ile-de-France.<\/p>\n<p>La CCI r\u00e9gionale a document\u00e9 dans un rapport la progression des retards de paiement, en hausse en 2025, et leurs cons\u00e9quences \u00e9conomiques pour les PME. Un d\u00e9calage de paiement augmente de 25 % le risque de d\u00e9faillance d\u2019une entreprise, et jusqu\u2019\u00e0 40 % au-del\u00e0 de 30 jours. 80 % des retards concernent les PME, ce qui met en danger la solidit\u00e9 des cha\u00eenes de sous-traitance. D\u2019ores et d\u00e9j\u00e0, 30 % des saisines du M\u00e9diateur des entreprises concernent les retards de paiement.<\/p>\n<p>Le rapport publi\u00e9 par la CCI propose d\u2019amplifier le recours \u00e0 des outils existants mais encore peu utilis\u00e9s comme l\u2019affacturage et l\u2019<a href=\"https:\/\/www.economie.gouv.fr\/mediateur-des-entreprises\/laffacturage-inverse-collaboratif-un-outil-cle-pour-la-tresorerie-des-tpe\" target=\"_blank\" rel=\"noopener\">affacturage invers\u00e9<\/a>, qui permettent d\u2019obtenir rapidement des liquidit\u00e9s via un tiers financier. Il insiste aussi sur l\u2019importance d\u2019indiquer syst\u00e9matiquement les conditions de paiement d\u00e8s la contractualisation et de former les \u00e9quipes \u00e0 l\u2019usage d\u2019outils de suivi automatis\u00e9.<\/p>\n<p>Autre piste : la g\u00e9n\u00e9ralisation de la facturation \u00e9lectronique, facilit\u00e9e par un accompagnement renforc\u00e9. Une enqu\u00eate men\u00e9e par la CCI montre que 71 % des chefs d\u2019entreprise interrog\u00e9s y voient un b\u00e9n\u00e9fice en mati\u00e8re de gestion et de suivi.<\/p>\n<p>Enfin, la CCI propose la cr\u00e9ation d\u2019un fonds de soutien, financ\u00e9 par les amendes inflig\u00e9es aux mauvais payeurs. Ce fonds pourrait servir \u00e0 accorder des avances de tr\u00e9sorerie ou soutenir des actions de sensibilisation.<\/p>\n<p><a href=\"https:\/\/94.citoyens.com\/wp-content\/blogs.dir\/2\/files\/2025\/09\/Rapport-paiements-CCI-Paris-IDF-septembre-2025.pdf\" target=\"_blank\" rel=\"noopener\">Lire le rapport complet<\/a><\/p>\n<p>Lire aussi :<\/p><\/p>\n","protected":false},"excerpt":{"rendered":"Les retards de paiement n\u2019ont cess\u00e9 de progresser en 2025 et mettent particuli\u00e8rement en difficult\u00e9 les petites entreprises,&hellip;\n","protected":false},"author":2,"featured_media":423829,"comment_status":"","ping_status":"","sticky":false,"template":"","format":"standard","meta":{"footnotes":""},"categories":[1592],"tags":[1111,11,24579,55301,33,55302,15271,257,313,1777,674,1011,27,662,12,626,25],"class_list":{"0":"post-423828","1":"post","2":"type-post","3":"status-publish","4":"format-standard","5":"has-post-thumbnail","7":"category-ile-de-france","8":"tag-actu","9":"tag-actualites","10":"tag-cci-paris-ile-de-france","11":"tag-dominique-restino","12":"tag-economie","13":"tag-entreprendre","14":"tag-entrepreneurs","15":"tag-entreprise","16":"tag-entreprises","17":"tag-eu","18":"tag-europe","19":"tag-fr","20":"tag-france","21":"tag-ile-de-france","22":"tag-news","23":"tag-paris","24":"tag-republique-francaise"},"share_on_mastodon":{"url":"https:\/\/pubeurope.com\/@fr\/115282194274360246","error":""},"_links":{"self":[{"href":"https:\/\/www.europesays.com\/fr\/wp-json\/wp\/v2\/posts\/423828","targetHints":{"allow":["GET"]}}],"collection":[{"href":"https:\/\/www.europesays.com\/fr\/wp-json\/wp\/v2\/posts"}],"about":[{"href":"https:\/\/www.europesays.com\/fr\/wp-json\/wp\/v2\/types\/post"}],"author":[{"embeddable":true,"href":"https:\/\/www.europesays.com\/fr\/wp-json\/wp\/v2\/users\/2"}],"replies":[{"embeddable":true,"href":"https:\/\/www.europesays.com\/fr\/wp-json\/wp\/v2\/comments?post=423828"}],"version-history":[{"count":0,"href":"https:\/\/www.europesays.com\/fr\/wp-json\/wp\/v2\/posts\/423828\/revisions"}],"wp:featuredmedia":[{"embeddable":true,"href":"https:\/\/www.europesays.com\/fr\/wp-json\/wp\/v2\/media\/423829"}],"wp:attachment":[{"href":"https:\/\/www.europesays.com\/fr\/wp-json\/wp\/v2\/media?parent=423828"}],"wp:term":[{"taxonomy":"category","embeddable":true,"href":"https:\/\/www.europesays.com\/fr\/wp-json\/wp\/v2\/categories?post=423828"},{"taxonomy":"post_tag","embeddable":true,"href":"https:\/\/www.europesays.com\/fr\/wp-json\/wp\/v2\/tags?post=423828"}],"curies":[{"name":"wp","href":"https:\/\/api.w.org\/{rel}","templated":true}]}}