{"id":423832,"date":"2025-09-28T13:38:13","date_gmt":"2025-09-28T13:38:13","guid":{"rendered":"https:\/\/www.europesays.com\/fr\/423832\/"},"modified":"2025-09-28T13:38:13","modified_gmt":"2025-09-28T13:38:13","slug":"ca-candidat-a-la-mairie-de-paris-veut-garder-le-psg-au-parc-des-princes","status":"publish","type":"post","link":"https:\/\/www.europesays.com\/fr\/423832\/","title":{"rendered":"Ca candidat \u00e0 la mairie de Paris veut garder le PSG au Parc des Princes"},"content":{"rendered":"<p>Candidat socialiste \u00e0 la mairie de Paris en 2026, Emmanuel Gr\u00e9goire a envoy\u00e9 un message fort au PSG : pas question de quitter le Parc des Princes. \u00ab Le PSG \u00e0 Poissy ? \u00c7a n\u2019existe pas, ni aujourd\u2019hui ni demain \u00bb, a-t-il lanc\u00e9 dans le Journal du Dimanche.<\/p>\n<p>Ancien adjoint d\u2019Anne Hidalgo, Emmanuel Gr\u00e9goire promet, en cas d\u2019\u00e9lection, de renouer le dialogue avec Nasser Al-Khela\u00effi pour assurer l\u2019avenir du club dans son enceinte historique. Cession, bail emphyt\u00e9otique ou travaux d\u2019agrandissement : plusieurs pistes sont sur la table.<\/p>\n<p>\u00ab Le PSG \u00e0 Poissy ? \u00c7a n\u2019existe pas \u00bb<\/p>\n<p>Un discours qui tranche avec les signaux envoy\u00e9s par le PSG ces derniers mois. Le club, champion d\u2019Europe, juge le Parc trop petit et a avanc\u00e9 ses pions \u00e0 Poissy et Massy, deux villes en lice pour accueillir son futur stade de 60 000 \u00e0 90 000 places.<\/p>\n<p>Reste \u00e0 savoir si la bataille des municipales p\u00e8sera sur l\u2019avenir du club. Car si Hidalgo refuse de vendre, Gr\u00e9goire, lui, se veut cat\u00e9gorique : \u00ab Le PSG ne quittera jamais le Parc des Princes\u00a0\u00bb<\/p>\n<p class=\"relate\">A lire aussi:<\/p>\n","protected":false},"excerpt":{"rendered":"Candidat socialiste \u00e0 la mairie de Paris en 2026, Emmanuel Gr\u00e9goire a envoy\u00e9 un message fort au PSG&hellip;\n","protected":false},"author":2,"featured_media":423833,"comment_status":"","ping_status":"","sticky":false,"template":"","format":"standard","meta":{"footnotes":""},"categories":[1888],"tags":[1111,1928,11,1927,1777,674,1011,27,12,1926,626,1925,25],"class_list":{"0":"post-423832","1":"post","2":"type-post","3":"status-publish","4":"format-standard","5":"has-post-thumbnail","7":"category-paris","8":"tag-actu","9":"tag-actu-paris","10":"tag-actualites","11":"tag-actualites-paris","12":"tag-eu","13":"tag-europe","14":"tag-fr","15":"tag-france","16":"tag-news","17":"tag-news-paris","18":"tag-paris","19":"tag-paris-news","20":"tag-republique-francaise"},"share_on_mastodon":{"url":"https:\/\/pubeurope.com\/@fr\/115282202156663187","error":""},"_links":{"self":[{"href":"https:\/\/www.europesays.com\/fr\/wp-json\/wp\/v2\/posts\/423832","targetHints":{"allow":["GET"]}}],"collection":[{"href":"https:\/\/www.europesays.com\/fr\/wp-json\/wp\/v2\/posts"}],"about":[{"href":"https:\/\/www.europesays.com\/fr\/wp-json\/wp\/v2\/types\/post"}],"author":[{"embeddable":true,"href":"https:\/\/www.europesays.com\/fr\/wp-json\/wp\/v2\/users\/2"}],"replies":[{"embeddable":true,"href":"https:\/\/www.europesays.com\/fr\/wp-json\/wp\/v2\/comments?post=423832"}],"version-history":[{"count":0,"href":"https:\/\/www.europesays.com\/fr\/wp-json\/wp\/v2\/posts\/423832\/revisions"}],"wp:featuredmedia":[{"embeddable":true,"href":"https:\/\/www.europesays.com\/fr\/wp-json\/wp\/v2\/media\/423833"}],"wp:attachment":[{"href":"https:\/\/www.europesays.com\/fr\/wp-json\/wp\/v2\/media?parent=423832"}],"wp:term":[{"taxonomy":"category","embeddable":true,"href":"https:\/\/www.europesays.com\/fr\/wp-json\/wp\/v2\/categories?post=423832"},{"taxonomy":"post_tag","embeddable":true,"href":"https:\/\/www.europesays.com\/fr\/wp-json\/wp\/v2\/tags?post=423832"}],"curies":[{"name":"wp","href":"https:\/\/api.w.org\/{rel}","templated":true}]}}