{"id":423836,"date":"2025-09-28T13:40:12","date_gmt":"2025-09-28T13:40:12","guid":{"rendered":"https:\/\/www.europesays.com\/fr\/423836\/"},"modified":"2025-09-28T13:40:12","modified_gmt":"2025-09-28T13:40:12","slug":"psg-cest-officiel-paris-disputera-la-finale-de-la-coupe-intercontinentale-au-qatar-le-17-decembre","status":"publish","type":"post","link":"https:\/\/www.europesays.com\/fr\/423836\/","title":{"rendered":"PSG\u00a0: c\u2019est officiel, Paris disputera la finale de la Coupe Intercontinentale au Qatar le 17\u00a0d\u00e9cembre"},"content":{"rendered":"<p class=\"paragraph text_align_left lp-f-body-02\">La date \u00e9tait connue, le lieu de l\u2019\u00e9v\u00e9nement vient d\u2019\u00eatre officialis\u00e9 ce dimanche par la Fifa. <a href=\"https:\/\/www.leparisien.fr\/sports\/football\/psg\/vers-un-sixieme-titre-en-2025-le-17-decembre-le-psg-disputera-la-coupe-intercontinentale-au-qatar-03-09-2025-JXFB5MIYFRD6PJEDZJK73I42WE.php\" target=\"_self\" rel=\"nofollow noopener\">Comme nous l\u2019\u00e9crivions d\u00e9but septembre<\/a>, le <a href=\"https:\/\/www.leparisien.fr\/sports\/football\/psg\/\" target=\"_self\" rel=\"nofollow noopener\">Paris Saint-Germain<\/a> jouera sa toute premi\u00e8re finale de Coupe Intercontinentale \u00e0 Doha au Qatar le 17\u00a0d\u00e9cembre. Dans cette nouvelle formule du tournoi final entre tous les champions continentaux remani\u00e9e l\u2019an dernier, le tenant de la Ligue des champions europ\u00e9enne &#8211; le PSG en 2025 &#8211; attend directement en finale le gagnant des barrages entre les autres \u00e9quipes.<\/p>\n<p class=\"paragraph text_align_left lp-f-body-02\">L\u2019adversaire du PSG sera d\u00e9termin\u00e9 le 13\u00a0d\u00e9cembre par le dernier barrage, baptis\u00e9 Challenger Cup, entre les \u00c9gyptiens du Pyramids FC, champions d\u2019Afrique et vainqueurs des playoffs pr\u00e9c\u00e9dents, et le vainqueur du match entre les Mexicains de Cruz Azul, champions d\u2019Am\u00e9rique Centrale, du Nord et des Cara\u00efbes, et le futur laur\u00e9at de la Copa Libertadores.<\/p>\n<p>Paris pour succ\u00e9der au Real\u00a0?<\/p>\n<p class=\"paragraph text_align_left lp-f-body-02\">Le tournoi sud-am\u00e9ricain en est actuellement au stade des demi-finales, qui opposent LDU Quito (\u00c9quateur) \u00e0 Palmeiras (Br\u00e9sil) d\u2019un c\u00f4t\u00e9 et Racing (Argentine) \u00e0 Flamengo (Br\u00e9sil) de l\u2019autre. Les deux matchs de la Coupe Intercontinentale d\u00e9terminant l\u2019autre finaliste, c\u2019est-\u00e0-dire le duel des Am\u00e9riques puis la demi-finale entre son vainqueur et Pyramids, se joueront \u00e9galement \u00e0 Doha, a pr\u00e9cis\u00e9 la Fifa.<\/p>\n<p class=\"paragraph text_align_left lp-f-body-02\">De 1960 \u00e0 2004, la Coupe Intercontinentale opposait les champions d\u2019Europe et d\u2019Am\u00e9rique du Sud. \u00c0 partir de 2005 elle a \u00e9t\u00e9 rebaptis\u00e9e Coupe du monde des clubs en int\u00e9grant les autres champions continentaux. \u00c0 partir de 2024, la Fifa a lanc\u00e9 son Mondial des clubs tous les quatre ans \u00e0 32 \u00e9quipes. Chelsea a remport\u00e9 la premi\u00e8re \u00e9dition l\u2019\u00e9t\u00e9 dernier contre le PSG (3-0). En 2024 <a href=\"https:\/\/www.leparisien.fr\/sports\/football\/real-madrid-pachuca-3-0-mbappe-marque-sur-les-terres-du-mondial-2022-et-remporte-la-coupe-intercontinentale-18-12-2024-TYA5L6QPFVCNTLJ3RTTLJAYCX4.php\" target=\"_self\" rel=\"nofollow noopener\">le Real Madrid a remport\u00e9 la premi\u00e8re r\u00e9\u00e9dition de la Coupe Intercontinentale<\/a> contre le club mexicain de Pachuca (3-0).<\/p>\n","protected":false},"excerpt":{"rendered":"La date \u00e9tait connue, le lieu de l\u2019\u00e9v\u00e9nement vient d\u2019\u00eatre officialis\u00e9 ce dimanche par la Fifa. Comme nous&hellip;\n","protected":false},"author":2,"featured_media":423837,"comment_status":"","ping_status":"","sticky":false,"template":"","format":"standard","meta":{"footnotes":""},"categories":[1888],"tags":[11,1777,674,63,1011,27,12,626,93,25,60],"class_list":{"0":"post-423836","1":"post","2":"type-post","3":"status-publish","4":"format-standard","5":"has-post-thumbnail","7":"category-paris","8":"tag-actualites","9":"tag-eu","10":"tag-europe","11":"tag-football","12":"tag-fr","13":"tag-france","14":"tag-news","15":"tag-paris","16":"tag-psg","17":"tag-republique-francaise","18":"tag-sports"},"share_on_mastodon":{"url":"https:\/\/pubeurope.com\/@fr\/115282209918372206","error":""},"_links":{"self":[{"href":"https:\/\/www.europesays.com\/fr\/wp-json\/wp\/v2\/posts\/423836","targetHints":{"allow":["GET"]}}],"collection":[{"href":"https:\/\/www.europesays.com\/fr\/wp-json\/wp\/v2\/posts"}],"about":[{"href":"https:\/\/www.europesays.com\/fr\/wp-json\/wp\/v2\/types\/post"}],"author":[{"embeddable":true,"href":"https:\/\/www.europesays.com\/fr\/wp-json\/wp\/v2\/users\/2"}],"replies":[{"embeddable":true,"href":"https:\/\/www.europesays.com\/fr\/wp-json\/wp\/v2\/comments?post=423836"}],"version-history":[{"count":0,"href":"https:\/\/www.europesays.com\/fr\/wp-json\/wp\/v2\/posts\/423836\/revisions"}],"wp:featuredmedia":[{"embeddable":true,"href":"https:\/\/www.europesays.com\/fr\/wp-json\/wp\/v2\/media\/423837"}],"wp:attachment":[{"href":"https:\/\/www.europesays.com\/fr\/wp-json\/wp\/v2\/media?parent=423836"}],"wp:term":[{"taxonomy":"category","embeddable":true,"href":"https:\/\/www.europesays.com\/fr\/wp-json\/wp\/v2\/categories?post=423836"},{"taxonomy":"post_tag","embeddable":true,"href":"https:\/\/www.europesays.com\/fr\/wp-json\/wp\/v2\/tags?post=423836"}],"curies":[{"name":"wp","href":"https:\/\/api.w.org\/{rel}","templated":true}]}}