{"id":423840,"date":"2025-09-28T13:42:12","date_gmt":"2025-09-28T13:42:12","guid":{"rendered":"https:\/\/www.europesays.com\/fr\/423840\/"},"modified":"2025-09-28T13:42:12","modified_gmt":"2025-09-28T13:42:12","slug":"ne-pas-etre-seule-cest-une-grande-force-refugiee-de-guerre-kira-eleve-brillante-et-jeune-sapeur-pompier-lamballaise","status":"publish","type":"post","link":"https:\/\/www.europesays.com\/fr\/423840\/","title":{"rendered":"\u00ab\u00a0Ne pas \u00eatre seule, c\u2019est une grande force\u00a0\u00bb\u00a0: r\u00e9fugi\u00e9e de guerre, Kira, \u00e9l\u00e8ve brillante et jeune sapeur-pompier lamballaise"},"content":{"rendered":"<p>C\u2019est l\u2019histoire d\u2019une jeune fille de 13 ans qui r\u00eave d\u2019un futur o\u00f9 elle serait m\u00e9decin, en Ukraine ou ailleurs. Une r\u00e9fugi\u00e9e qui a connu l\u2019exode, la s\u00e9paration avec son p\u00e8re apr\u00e8s avoir d\u00fb quitter son pays avec sa m\u00e8re et sa s\u0153ur pour venir s\u2019installer \u00e0 l\u2019autre bout du continent europ\u00e9en, en Bretagne. Une coll\u00e9gienne, excellente \u00e9l\u00e8ve, capable de parler cinq langues (ukrainien, russe, allemand, anglais et fran\u00e7ais) et d\u00e9sormais jeune sapeur-pompier \u00e0 Lamballe.<\/p>\n<p>La vie de Kira Grebenik a bascul\u00e9 en f\u00e9vrier 2022. La guerre venait d\u2019\u00e9clater en Ukraine et dans sa capitale Kiev. En moins d\u2019une journ\u00e9e, il a fallu rassembler toutes ses affaires et faire ses valises. Quand elle raconte ce d\u00e9part dans un fran\u00e7ais impeccable, la voix de Kira ne se trouble pas et son regard ne s\u2019embue pas davantage derri\u00e8re ses fines lunettes cercl\u00e9es. \u00ab\u00a0Nous avions tr\u00e8s peur, je me souviens d\u2019arriver avec mes grands-parents dans une gare o\u00f9 il y avait \u00e9norm\u00e9ment de monde. Les enfants \u00e9taient pouss\u00e9s dans les trains. Nous nous tenions par la main.\u00a0\u00bb<\/p>\n<p><img decoding=\"async\" src=\"https:\/\/www.europesays.com\/fr\/wp-content\/uploads\/2025\/09\/68d90e4cd318385ce40ddbd1.1.jpeg\" width=\"480\" height=\"300\" class=\"web_golden_m\" loading=\"lazy\" alt=\"Kira Grebenik fait partie des 26 jeunes sapeurs-pompiers lamballais, encadr\u00e9s par quatorze formateurs. Tous les samedis matin, ils se retrouvent pour trois heures de formation et une heure de sport.\"\/>Kira Grebenik fait partie des 26 jeunes sapeurs-pompiers lamballais, encadr\u00e9s par quatorze formateurs. Tous les samedis matin, ils se retrouvent pour trois heures de formation et une heure de sport. (Julien Vaillant)\u00ab\u00a0Le plus dur, c\u2019est la peur de perdre des gens qui me sont chers\u00a0\u00bb<\/p>\n<p>Il y a eu ensuite le voyage vers la Pologne en bus, avec sa m\u00e8re et sa s\u0153ur, depuis Kiev. Sur la route, Kira voit des cars renvers\u00e9s et br\u00fbl\u00e9s, un h\u00f4pital \u00e9ventr\u00e9. Le p\u00e9riple s\u2019ach\u00e8vera en France, o\u00f9 le trio s\u2019est install\u00e9 gr\u00e2ce \u00e0 des amis ukrainiens de son p\u00e8re, militaire de carri\u00e8re rest\u00e9 au front. \u00c0 Lamballe d\u2019abord, puis \u00e0 Cr\u00e9hen, Pluduno et, d\u00e9sormais, \u00e0 H\u00e9nanbihen. \u00ab\u00a0J\u2019ai beaucoup chang\u00e9 d\u2019\u00e9cole\u00a0\u00bb, sourit Kira qui a des nouvelles de son pays natal tous les jours gr\u00e2ce \u00e0 sa grand-m\u00e8re. \u00ab\u00a0Le plus dur, c\u2019est la peur de perdre des gens qui me sont chers\u00a0\u00bb, livre Kira<\/p>\n<blockquote><p>Nous avions tr\u00e8s peur, je me souviens d\u2019arriver avec mes grands-parents dans une gare o\u00f9 il y avait \u00e9norm\u00e9ment de monde. Les enfants \u00e9taient pouss\u00e9s dans les trains. Nous nous tenions par la main.<\/p><\/blockquote>\n<p>Trois ans et demi apr\u00e8s son d\u00e9part pr\u00e9cipit\u00e9, la jeune coll\u00e9gienne polyglotte semble s\u2019\u00eatre bien acclimat\u00e9e \u00e0 son pays d\u2019accueil. Depuis deux semaines, elle rev\u00eat m\u00eame la tenue des jeunes sapeurs-pompiers, tous les samedis matin, aux c\u00f4t\u00e9s de 25 autres enfants.<\/p>\n<p><img decoding=\"async\" src=\"https:\/\/www.europesays.com\/fr\/wp-content\/uploads\/2025\/09\/68d90e4c3e635630070a7c6c.1.jpeg\" width=\"480\" height=\"300\" class=\"web_golden_m\" loading=\"lazy\" alt=\"\u00ab\u00a0J\u2019aime la coh\u00e9sion d\u2019\u00e9quipe, le fait de ne pas laisser tomber les autres. C\u2019est une grande force de ne pas \u00eatre seule\u00a0\u00bb, expose Kira pour expliquer son engagement chez les JSP.\"\/>\u00ab\u00a0J\u2019aime la coh\u00e9sion d\u2019\u00e9quipe, le fait de ne pas laisser tomber les autres. C\u2019est une grande force de ne pas \u00eatre seule\u00a0\u00bb, expose Kira pour expliquer son engagement chez les JSP. (Julien Vaillant)Des tests r\u00e9ussis \u00ab\u00a0haut la main\u00a0\u00bb<\/p>\n<p>Une arriv\u00e9e qu\u2019elle ne doit qu\u2019\u00e0 elle-m\u00eame selon l\u2019adjudant-chef <a href=\"https:\/\/www.letelegramme.fr\/cotes-d-armor\/lamballe-armor-22400\/a-lamballe-les-jeunes-sapeurs-pompiers-a-lecole-de-la-vie-3884955.php\" target=\"_blank\" rel=\"nofollow noopener\">Micka\u00ebl Lam\u00e9, qui assure b\u00e9n\u00e9volement la formation de ces cohortes de futurs pompiers volontaires, depuis 20 ans.<\/a> \u00ab\u00a0Nous n\u2019avons pas pris Kira avec nous parce qu\u2019elle est ukrainienne et qu\u2019elle vient d\u2019un pays en guerre. Elle a pass\u00e9 les tests (sport, \u00e9crit et entretien) comme tout le monde et elle les a r\u00e9ussis haut la main\u00a0\u00bb. \u00ab\u00a0C\u2019est la seule \u00e0 avoir fait un 20\/20 en math\u00e9matiques\u00a0\u00bb, ajoute, admiratif, Albert R\u00e9gereau, le plus ancien des quatorze formateurs lamballais des JSP.<\/p>\n<p>Pourquoi Kira a-t-elle d\u00e9cid\u00e9 de s\u2019engager chez les JSP\u00a0? \u00ab\u00a0J\u2019ai envie d\u2019aider les autres et je sais que \u00e7a me servira plus tard. \u00c7a a du sens. Et \u00e7a me pousse \u00e0 prendre mes responsabilit\u00e9s, \u00e0 \u00eatre ordonn\u00e9 et carr\u00e9.\u00a0\u00bb Et la jeune fille d\u2019ajouter\u00a0: \u00ab\u00a0J\u2019aime la coh\u00e9sion d\u2019\u00e9quipe, le fait de ne pas laisser tomber les autres. C\u2019est une grande force de ne pas \u00eatre seule.\u00a0\u00bb<\/p>\n","protected":false},"excerpt":{"rendered":"C\u2019est l\u2019histoire d\u2019une jeune fille de 13 ans qui r\u00eave d\u2019un futur o\u00f9 elle serait m\u00e9decin, en Ukraine&hellip;\n","protected":false},"author":2,"featured_media":423841,"comment_status":"","ping_status":"","sticky":false,"template":"","format":"standard","meta":{"footnotes":""},"categories":[1590],"tags":[11,829,2171,55303,1777,674,131,55304,2170,12,1311,220,55305],"class_list":{"0":"post-423840","1":"post","2":"type-post","3":"status-publish","4":"format-standard","5":"has-post-thumbnail","7":"category-ukraine","8":"tag-actualites","9":"tag-bretagne","10":"tag-cotes-darmor","11":"tag-crehen","12":"tag-eu","13":"tag-europe","14":"tag-guerre-en-ukraine","15":"tag-henanbihen","16":"tag-lamballe-armor","17":"tag-news","18":"tag-pompiers","19":"tag-ukraine","20":"tag-val-darguenon"},"share_on_mastodon":{"url":"https:\/\/pubeurope.com\/@fr\/115282218665352938","error":""},"_links":{"self":[{"href":"https:\/\/www.europesays.com\/fr\/wp-json\/wp\/v2\/posts\/423840","targetHints":{"allow":["GET"]}}],"collection":[{"href":"https:\/\/www.europesays.com\/fr\/wp-json\/wp\/v2\/posts"}],"about":[{"href":"https:\/\/www.europesays.com\/fr\/wp-json\/wp\/v2\/types\/post"}],"author":[{"embeddable":true,"href":"https:\/\/www.europesays.com\/fr\/wp-json\/wp\/v2\/users\/2"}],"replies":[{"embeddable":true,"href":"https:\/\/www.europesays.com\/fr\/wp-json\/wp\/v2\/comments?post=423840"}],"version-history":[{"count":0,"href":"https:\/\/www.europesays.com\/fr\/wp-json\/wp\/v2\/posts\/423840\/revisions"}],"wp:featuredmedia":[{"embeddable":true,"href":"https:\/\/www.europesays.com\/fr\/wp-json\/wp\/v2\/media\/423841"}],"wp:attachment":[{"href":"https:\/\/www.europesays.com\/fr\/wp-json\/wp\/v2\/media?parent=423840"}],"wp:term":[{"taxonomy":"category","embeddable":true,"href":"https:\/\/www.europesays.com\/fr\/wp-json\/wp\/v2\/categories?post=423840"},{"taxonomy":"post_tag","embeddable":true,"href":"https:\/\/www.europesays.com\/fr\/wp-json\/wp\/v2\/tags?post=423840"}],"curies":[{"name":"wp","href":"https:\/\/api.w.org\/{rel}","templated":true}]}}