{"id":423844,"date":"2025-09-28T13:44:11","date_gmt":"2025-09-28T13:44:11","guid":{"rendered":"https:\/\/www.europesays.com\/fr\/423844\/"},"modified":"2025-09-28T13:44:11","modified_gmt":"2025-09-28T13:44:11","slug":"le-corps-dun-exile-retrouve-sur-une-plage-du-pas-de-calais-liberation","status":"publish","type":"post","link":"https:\/\/www.europesays.com\/fr\/423844\/","title":{"rendered":"Le corps d\u2019un exil\u00e9 retrouv\u00e9 sur une plage du Pas-de-Calais \u2013 Lib\u00e9ration"},"content":{"rendered":"<p class=\"sc-cPiKLX AiZTS text-element\">Un exil\u00e9 a \u00e9t\u00e9 retrouv\u00e9 mort ce dimanche 28 septembre au matin sur une plage au sud de Boulogne-sur-Mer (Pas-de-Calais), alors que <a href=\"https:\/\/www.liberation.fr\/societe\/plusieurs-migrants-meurent-dans-un-naufrage-en-tentant-de-traverser-la-manche-20240915_6LGCD454DZA4RFY37EWGZG4OMM\/\" target=\"_blank\" rel=\"noreferrer noopener\" title=\"https:\/\/www.liberation.fr\/societe\/plusieurs-migrants-meurent-dans-un-naufrage-en-tentant-de-traverser-la-manche-20240915_6LGCD454DZA4RFY37EWGZG4OMM\/\">les tentatives de travers\u00e9es clandestines de la Manche sont nombreuses ce week-end,<\/a> a-t-on appris aupr\u00e8s des autorit\u00e9s et du parquet. \u00abLe corps d\u2019un jeune homme a \u00e9t\u00e9 d\u00e9couvert sur la plage de Saint-Etienne-au-Mont. Il s\u2019agit tr\u00e8s probablement d\u2019un migrant ayant tent\u00e9 la travers\u00e9e vers la Grande-Bretagne la nuit derni\u00e8re\u00bb, selon un communiqu\u00e9 de la pr\u00e9fecture. <\/p>\n<p class=\"sc-cPiKLX AiZTS text-element\">Une enqu\u00eate devra notamment d\u00e9terminer \u00abs\u2019il y a un lien\u00bb entre ce d\u00e9c\u00e8s et une tentative de travers\u00e9e ayant eu lieu un peu plus au nord, au niveau d\u2019Equihen-Plage, a pr\u00e9cis\u00e9 la procureure de Boulogne-sur-Mer, C\u00e9cile Gressier. Une <a href=\"https:\/\/www.liberation.fr\/societe\/immigration\/ce-nest-pas-le-nombre-de-personnes-qui-veulent-traverser-qui-augmente-cest-la-prise-de-risque-les-sauvetages-dexiles-en-mer-en-forte-hausse-en-2024-20250214_T2IVIAY7P5ERXLIJT6K443D6TM\/\" target=\"_blank\" rel=\"noreferrer noopener\" title=\"https:\/\/www.liberation.fr\/societe\/immigration\/ce-nest-pas-le-nombre-de-personnes-qui-veulent-traverser-qui-augmente-cest-la-prise-de-risque-les-sauvetages-dexiles-en-mer-en-forte-hausse-en-2024-20250214_T2IVIAY7P5ERXLIJT6K443D6TM\/\">cinquantaine de migrants n\u2019ayant pas r\u00e9ussi \u00e0 prendre le large ont en effet \u00e9t\u00e9 secourus<\/a> t\u00f4t ce dimanche matin \u00e0 Equihen-Plage, et une femme de 49 ans en hypothermie a \u00e9t\u00e9 transport\u00e9e \u00e0 l\u2019h\u00f4pital, a expliqu\u00e9 la sous-pr\u00e9f\u00e8te de Montreuil-sur-Mer, Isabelle Fradin-Thirode. <\/p>\n<p class=\"sc-cPiKLX AiZTS text-element\"><a href=\"https:\/\/www.liberation.fr\/societe\/manche-trois-morts-et-trois-disparus-dans-deux-accidents-distincts-20250910_QTQDZ6GZXVG4PBPVRAOKOTFCZU\/\" target=\"_blank\" rel=\"noreferrer noopener\" title=\"https:\/\/www.liberation.fr\/societe\/manche-trois-morts-et-trois-disparus-dans-deux-accidents-distincts-20250910_QTQDZ6GZXVG4PBPVRAOKOTFCZU\/\">Ce nouveau d\u00e9c\u00e8s porte \u00e0 au moins 27 le nombre de morts<\/a> au cours de ces tentatives de travers\u00e9es clandestines de la fronti\u00e8re franco-britannique <a href=\"https:\/\/www.liberation.fr\/societe\/immigration\/traversee-de-la-manche-un-jeune-syrien-retrouve-mort-le-premier-deces-en-mer-en-2025-20250111_FFBSFQPLGBGFPCZJLZIDLV7RGY\/\" target=\"_blank\" rel=\"noreferrer noopener\" title=\"https:\/\/www.liberation.fr\/societe\/immigration\/traversee-de-la-manche-un-jeune-syrien-retrouve-mort-le-premier-deces-en-mer-en-2025-20250111_FFBSFQPLGBGFPCZJLZIDLV7RGY\/\">depuis le d\u00e9but de l\u2019ann\u00e9e,<\/a> selon un d\u00e9compte de l\u2019AFP \u00e0 partir de donn\u00e9es officielles. Deux femmes somaliennes sont mortes dans la nuit de vendredi \u00e0 samedi lors d\u2019une de ces tentatives pr\u00e8s de Boulogne-sur-Mer. Le corps d\u2019un migrant a par ailleurs \u00e9t\u00e9 rep\u00each\u00e9 samedi matin \u00e0 Gravelines (Nord). Son d\u00e9c\u00e8s pourrait remonter \u00e0 plusieurs jours, selon le parquet de Dunkerque. <\/p>\n<p class=\"sc-cPiKLX AiZTS text-element\">Samedi, parmi <a href=\"https:\/\/www.liberation.fr\/societe\/immigration\/sur-les-plages-du-nord-des-quil-y-a-une-fenetre-de-traversee-les-campements-des-exiles-se-vident-20250710_4U7ERWNWWRARFBP5GT2ZJQD6H4\/\" target=\"_blank\" rel=\"noreferrer noopener\" title=\"https:\/\/www.liberation.fr\/societe\/immigration\/sur-les-plages-du-nord-des-quil-y-a-une-fenetre-de-traversee-les-campements-des-exiles-se-vident-20250710_4U7ERWNWWRARFBP5GT2ZJQD6H4\/\">les nombreux d\u00e9parts recens\u00e9s \u00e0 la faveur d\u2019une m\u00e9t\u00e9o favorable,<\/a> quatorze ont n\u00e9cessit\u00e9 l\u2019intervention des secours, selon un communiqu\u00e9 de la pr\u00e9fecture maritime de la Manche et de la mer du Nord (Pr\u00e9mar) publi\u00e9 dimanche. Rien que dans le Pas-de-Calais, 223 migrants ont \u00e9t\u00e9 secourus depuis samedi matin, a soulign\u00e9 pour sa part la pr\u00e9fecture du d\u00e9partement. <\/p>\n<p class=\"sc-cPiKLX AiZTS text-element\">Ces travers\u00e9es tr\u00e8s p\u00e9rilleuses se font sur des embarcations de fortune de quelques m\u00e8tres de long surnomm\u00e9es <a href=\"https:\/\/www.liberation.fr\/societe\/immigration\/pas-de-calais-des-gendarmes-francais-crevent-au-couteau-une-embarcation-gonflable-avec-des-migrants-a-bord-20250704_UHW2XST4E5FEPOJVAYNYESED7I\/\" target=\"_blank\" rel=\"noreferrer noopener\" title=\"https:\/\/www.liberation.fr\/societe\/immigration\/pas-de-calais-des-gendarmes-francais-crevent-au-couteau-une-embarcation-gonflable-avec-des-migrants-a-bord-20250704_UHW2XST4E5FEPOJVAYNYESED7I\/\">\u00absmall boats\u00bb,<\/a> souvent surcharg\u00e9es et dont les d\u00e9parts sont r\u00e9guli\u00e8rement chaotiques. Malgr\u00e9 <a href=\"https:\/\/www.liberation.fr\/societe\/immigration\/dans-les-hauts-de-france-le-monde-associatif-indigne-apres-laccord-franco-britannique-sur-les-migrants-ce-sera-la-traque-absolue-20250711_WIVCLJVT7NAITH33B6MLABKHYM\/\" target=\"_blank\" rel=\"noreferrer noopener\" title=\"https:\/\/www.liberation.fr\/societe\/immigration\/dans-les-hauts-de-france-le-monde-associatif-indigne-apres-laccord-franco-britannique-sur-les-migrants-ce-sera-la-traque-absolue-20250711_WIVCLJVT7NAITH33B6MLABKHYM\/\">le renforcement r\u00e9gulier des moyens fran\u00e7ais pour emp\u00eacher ces travers\u00e9es<\/a> &#8211; avec un soutien financier cons\u00e9quent du Royaume-Uni &#8211; ces d\u00e9parts ne faiblissent pas, bien au contraire : plus de 32 000 personnes sont parvenues \u00e0 rejoindre les c\u00f4tes britanniques \u00e0 bord de small boats depuis le d\u00e9but de l\u2019ann\u00e9e, un record. <\/p>\n","protected":false},"excerpt":{"rendered":"Un exil\u00e9 a \u00e9t\u00e9 retrouv\u00e9 mort ce dimanche 28 septembre au matin sur une plage au sud de&hellip;\n","protected":false},"author":2,"featured_media":423845,"comment_status":"","ping_status":"","sticky":false,"template":"","format":"standard","meta":{"footnotes":""},"categories":[1588],"tags":[11,1777,674,811,1061,1251,35286,12,473,1853,1851,1850,1852],"class_list":{"0":"post-423844","1":"post","2":"type-post","3":"status-publish","4":"format-standard","5":"has-post-thumbnail","7":"category-royaume-uni","8":"tag-actualites","9":"tag-eu","10":"tag-europe","11":"tag-hauts-de-france","12":"tag-immigration","13":"tag-migrants","14":"tag-migrants-files","15":"tag-news","16":"tag-royaume-uni","17":"tag-royaume-uni-de-grande-bretagne-et-dirlande-du-nord","18":"tag-uk","19":"tag-united-kingdom","20":"tag-united-kingdom-of-great-britain-and-northern-ireland"},"share_on_mastodon":{"url":"https:\/\/pubeurope.com\/@fr\/115282225633285128","error":""},"_links":{"self":[{"href":"https:\/\/www.europesays.com\/fr\/wp-json\/wp\/v2\/posts\/423844","targetHints":{"allow":["GET"]}}],"collection":[{"href":"https:\/\/www.europesays.com\/fr\/wp-json\/wp\/v2\/posts"}],"about":[{"href":"https:\/\/www.europesays.com\/fr\/wp-json\/wp\/v2\/types\/post"}],"author":[{"embeddable":true,"href":"https:\/\/www.europesays.com\/fr\/wp-json\/wp\/v2\/users\/2"}],"replies":[{"embeddable":true,"href":"https:\/\/www.europesays.com\/fr\/wp-json\/wp\/v2\/comments?post=423844"}],"version-history":[{"count":0,"href":"https:\/\/www.europesays.com\/fr\/wp-json\/wp\/v2\/posts\/423844\/revisions"}],"wp:featuredmedia":[{"embeddable":true,"href":"https:\/\/www.europesays.com\/fr\/wp-json\/wp\/v2\/media\/423845"}],"wp:attachment":[{"href":"https:\/\/www.europesays.com\/fr\/wp-json\/wp\/v2\/media?parent=423844"}],"wp:term":[{"taxonomy":"category","embeddable":true,"href":"https:\/\/www.europesays.com\/fr\/wp-json\/wp\/v2\/categories?post=423844"},{"taxonomy":"post_tag","embeddable":true,"href":"https:\/\/www.europesays.com\/fr\/wp-json\/wp\/v2\/tags?post=423844"}],"curies":[{"name":"wp","href":"https:\/\/api.w.org\/{rel}","templated":true}]}}