{"id":423848,"date":"2025-09-28T13:46:15","date_gmt":"2025-09-28T13:46:15","guid":{"rendered":"https:\/\/www.europesays.com\/fr\/423848\/"},"modified":"2025-09-28T13:46:15","modified_gmt":"2025-09-28T13:46:15","slug":"le-libre-echange-a-tout-prix-fibee","status":"publish","type":"post","link":"https:\/\/www.europesays.com\/fr\/423848\/","title":{"rendered":"le libre-\u00e9change \u00e0 tout prix ? \u00bb Fibee"},"content":{"rendered":"<p><strong>L\u2019accord de libre-\u00e9change conclu entre l\u2019Union europ\u00e9enne et l\u2019Indon\u00e9sie relance les interrogations sur la strat\u00e9gie commerciale de Bruxelles. Pour V\u00e9ronique Riches-Flores (RichesFlores Research), le calcul \u00e9conomique para\u00eet fragile : l\u2019Indon\u00e9sie reste un march\u00e9 \u00e0 faible pouvoir d\u2019achat, domin\u00e9 par la Chine, tandis que ses exportations vers l\u2019Europe reposent surtout sur l\u2019huile de palme, tr\u00e8s contest\u00e9e pour ses impacts environnementaux. Plus largement, c\u2019est le choix m\u00eame de l\u2019UE de multiplier les accords commerciaux qui pose question : avantage g\u00e9opolitique face \u00e0 P\u00e9kin ou fragilisation de ses propres producteurs ? Derri\u00e8re le volontarisme multilat\u00e9ral, une interrogation persiste : l\u2019Europe ne risque-t-elle pas de devenir une passoire ?<\/strong><\/p>\n<p>Dans le monde tel qu\u2019il \u00e9volue, l\u2019axe libre-\u00e9changiste de l\u2019Union europ\u00e9enne interroge. Les accords de partenariat conclus ces derni\u00e8res ann\u00e9es ne se comptent plus et le temps d\u00e9di\u00e9 \u00e0 l\u2019aboutissement de ces derniers occupe une large part de celui des responsables politiques de l\u2019UE. \u00c0 quelles fins, pour quels b\u00e9n\u00e9fices et, le cas \u00e9ch\u00e9ant, au prix de quels renoncements ? L\u2019accord de libre-\u00e9change conclu cette semaine avec l\u2019Indon\u00e9sie n\u2019\u00e9chappe pas \u00e0 ces interrogations. Premier pays d\u2019Asie du Sud-Est par sa population de plus de 280 millions d\u2019habitants, l\u2019Indon\u00e9sie est, toutefois, loin de s\u2019imposer spontan\u00e9ment aux premiers rangs des cibles commerciales d\u2019envergure pour les exportateurs europ\u00e9ens. Pays \u00e0 bas niveau de revenu et faible croissance, son d\u00e9veloppement profite surtout aux produits chinois, face auxquels les Europ\u00e9ens auront, quoi qu\u2019il en soit, du mal \u00e0 s\u2019imposer.<\/p>\n<p>L\u2019Indon\u00e9sie n\u2019est pas, non plus, des plus diversifi\u00e9es \u00e0 l\u2019exportation, ces derni\u00e8res vers l\u2019Europe sont majoritairement constitu\u00e9es d\u2019huile de palme, aux m\u00e9faits environnementaux reconnus. Elle se caract\u00e9rise, par ailleurs, par son r\u00f4le de plaque tournante du commerce r\u00e9gional de la Chine, renforc\u00e9 depuis 2010 par un accord de partenariat strat\u00e9gique, incluant l\u2019Australie, \u00e0 l\u2019\u00e9gard de laquelle elle a resserr\u00e9 ses liens en mati\u00e8re de d\u00e9fense l\u2019an dernier. Quant \u00e0 ses ressources naturelles, le nickel et le charbon dont elle dispose en abondance, elles int\u00e9ressent de longue date la Chine\u2026 Comment, d\u00e8s lors, aborder l\u2019accord de cette semaine ? P\u00e9kin y voit une strat\u00e9gie hostile \u00e0 son propre d\u00e9veloppement dans le monde \u00e9mergent. Difficile, de son point de vue, d\u2019observer les choses diff\u00e9remment, quand bien m\u00eame une logique g\u00e9ostrat\u00e9gique europ\u00e9enne beaucoup plus profonde et l\u00e9gitime pourrait y \u00eatre oppos\u00e9e. La question concerne n\u00e9anmoins la finalit\u00e9 des choix europ\u00e9ens et leur co\u00fbt potentiel pour les producteurs r\u00e9gionaux. <\/p>\n<p>A vouloir jouer la corde du multilat\u00e9ralisme comme elle le fait, l\u2019UE joue-t-elle forc\u00e9ment la bonne carte pour son avenir ?<\/p>\n<p><img loading=\"lazy\" decoding=\"async\" width=\"1024\" height=\"604\" src=\"data:image\/png;base64,iVBORw0KGgoAAAANSUhEUgAABAAAAAJcAQMAAABdT0R2AAAAA1BMVEUAAP+KeNJXAAAAAXRSTlMAQObYZgAAAAlwSFlzAAAOxAAADsQBlSsOGwAAAGFJREFUeNrtwQEBAAAAgiD\/r25IQAEAAAAAAAAAAAAAAAAAAAAAAAAAAAAAAAAAAAAAAAAAAAAAAAAAAAAAAAAAAAAAAAAAAAAAAAAAAAAAAAAAAAAAAAAAAAAAAAAAAPBuMGsAAShWQpQAAAAASUVORK5CYII=\" alt=\"\" class=\"wp-image-57782 pk-lazyload\" data-pk- data-ls- data-pk-src=\"https:\/\/www.europesays.com\/fr\/wp-content\/uploads\/2025\/09\/Les-accords-commerciaux-finiront-ils-par-transformer-lEurope-en-une-passoire-1024x604.png\" data-pk-\/><br \/>\nSur le m\u00eame sujet :\t\t\t<\/p>\n","protected":false},"excerpt":{"rendered":"L\u2019accord de libre-\u00e9change conclu entre l\u2019Union europ\u00e9enne et l\u2019Indon\u00e9sie relance les interrogations sur la strat\u00e9gie commerciale de Bruxelles.&hellip;\n","protected":false},"author":2,"featured_media":423849,"comment_status":"","ping_status":"","sticky":false,"template":"","format":"standard","meta":{"footnotes":""},"categories":[1586],"tags":[11,6060,309,1777,674,1011,27,25902,12,25],"class_list":{"0":"post-423848","1":"post","2":"type-post","3":"status-publish","4":"format-standard","5":"has-post-thumbnail","7":"category-europe","8":"tag-actualites","9":"tag-asie","10":"tag-chine","11":"tag-eu","12":"tag-europe","13":"tag-fr","14":"tag-france","15":"tag-indonesie","16":"tag-news","17":"tag-republique-francaise"},"share_on_mastodon":{"url":"https:\/\/pubeurope.com\/@fr\/115282233614102747","error":""},"_links":{"self":[{"href":"https:\/\/www.europesays.com\/fr\/wp-json\/wp\/v2\/posts\/423848","targetHints":{"allow":["GET"]}}],"collection":[{"href":"https:\/\/www.europesays.com\/fr\/wp-json\/wp\/v2\/posts"}],"about":[{"href":"https:\/\/www.europesays.com\/fr\/wp-json\/wp\/v2\/types\/post"}],"author":[{"embeddable":true,"href":"https:\/\/www.europesays.com\/fr\/wp-json\/wp\/v2\/users\/2"}],"replies":[{"embeddable":true,"href":"https:\/\/www.europesays.com\/fr\/wp-json\/wp\/v2\/comments?post=423848"}],"version-history":[{"count":0,"href":"https:\/\/www.europesays.com\/fr\/wp-json\/wp\/v2\/posts\/423848\/revisions"}],"wp:featuredmedia":[{"embeddable":true,"href":"https:\/\/www.europesays.com\/fr\/wp-json\/wp\/v2\/media\/423849"}],"wp:attachment":[{"href":"https:\/\/www.europesays.com\/fr\/wp-json\/wp\/v2\/media?parent=423848"}],"wp:term":[{"taxonomy":"category","embeddable":true,"href":"https:\/\/www.europesays.com\/fr\/wp-json\/wp\/v2\/categories?post=423848"},{"taxonomy":"post_tag","embeddable":true,"href":"https:\/\/www.europesays.com\/fr\/wp-json\/wp\/v2\/tags?post=423848"}],"curies":[{"name":"wp","href":"https:\/\/api.w.org\/{rel}","templated":true}]}}