{"id":423863,"date":"2025-09-28T13:56:10","date_gmt":"2025-09-28T13:56:10","guid":{"rendered":"https:\/\/www.europesays.com\/fr\/423863\/"},"modified":"2025-09-28T13:56:10","modified_gmt":"2025-09-28T13:56:10","slug":"to-legenda-quartararo-i-zarco-komentuja-tytul-marqueza","status":"publish","type":"post","link":"https:\/\/www.europesays.com\/fr\/423863\/","title":{"rendered":"\u201eTo legenda\u201d: \u200b\u200bQuartararo i Zarco komentuj\u0105 tytu\u0142 M\u00e1rqueza"},"content":{"rendered":"<p class=\"gt-block\">Powa\u017cnie kontuzjowany w sezonie 2020, Marc M\u00e1rquez potrzebowa\u0142 pi\u0119ciu lat, aby powr\u00f3ci\u0107 na szczyt \u015bwiatowego rankingu <a href=\"https:\/\/www.autohebdo.pl\/aktualno%C5%9Bci\/MotoGP\" data-internallinksmanager029f6b8e52c=\"4\" title=\"MotoGP\" target=\"_blank\" rel=\"noopener\">MotoGP<\/a>Zdobywaj\u0105c tytu\u0142 w Motegi, pi\u0119\u0107 rund przed ko\u0144cem mistrzostw \u015bwiata, numer 93 zapisa\u0142 now\u0105 kart\u0119 w historii swojego sportu. To wystarczy, by sta\u0107 si\u0119 legend\u0105 sportu w og\u00f3le, wed\u0142ug\u2026 <a href=\"https:\/\/www.autohebdo.pl\/aktualno%C5%9Bci\/etykieta\/Fabio-Quartararo\" data-internallinksmanager029f6b8e52c=\"15\" title=\"Fabio Quartaro\" target=\"_blank\" rel=\"noopener\">Fabio Quartaro<\/a>Mistrz \u015bwiata MotoGP w 2021 roku.<\/p>\n<\/p>\n<p class=\"gt-block\">\u201eMy\u015bl\u0119, \u017ce teraz jest legend\u0105, a nie tylko sportowcem. Ju\u017c ni\u0105 by\u0142. Ogl\u0105daj\u0105c nagranie z jego celebracji, nawet ja si\u0119 wzruszy\u0142em, widz\u0105c, przez co przeszed\u0142, zw\u0142aszcza od 2020 roku, z kontuzj\u0105, ryzykiem, jakie podj\u0105\u0142, zmieniaj\u0105c dru\u017cyny, i tym, co osi\u0105gn\u0105\u0142 w tym roku, zw\u0142aszcza z t\u0105 dominacj\u0105. To niesamowite. Jestem z niego niezmiernie szcz\u0119\u015bliwy, przeszed\u0142 przez bardzo trudne chwile i naprawd\u0119 zas\u0142uguje na to, co teraz robi\u201d.<\/p>\n<p class=\"gt-block\">Dwukrotny mistrz \u015bwiata Moto2, Johann Zarco, r\u00f3wnie\u017c jest pod wra\u017ceniem powrotu Marca M\u00e1rqueza do formy. Wed\u0142ug zwyci\u0119zcy Grand Prix Francji z pocz\u0105tku tego roku, walka o dziesi\u0105ty tytu\u0142 mistrza \u015bwiata w 2026 roku ju\u017c si\u0119 rozpocz\u0119\u0142a, a tytu\u0142 ten pozwoli\u0142by mu przekroczy\u0107 pewn\u0105 liczb\u0119 w tej statystyce. <a href=\"https:\/\/www.autohebdo.pl\/aktualno%C5%9Bci\/etykieta\/Valentino-rossi\" data-internallinksmanager029f6b8e52c=\"35\" title=\"Valentino Rossi\" target=\"_blank\" rel=\"noopener\">Valentino Rossi<\/a>&#8230;<\/p>\n<p class=\"gt-block\">\u201eMy\u015bla\u0142em, \u017ce zmia\u017cd\u017cy nas w swoim pierwszym roku na Ducati\u201d wyja\u015bni\u0142 Canal++. \u201eAle potrzebowa\u0142 troch\u0119 czasu na adaptacj\u0119. Mi\u0142o by\u0142o wi\u0119c zobaczy\u0107, \u017ce nawet on potrzebowa\u0142 czasu na adaptacj\u0119. Nawet je\u015bli jego jest mo\u017ce szybszy ni\u017c innych. Ale nie, ta jego absolutna determinacja, kt\u00f3r\u0105 ma, mi\u0142o go widzie\u0107 z powrotem jako mistrza \u015bwiata. I my\u015bl\u0119, \u017ce w g\u0142\u0119bi duszy absolutnie chce pokona\u0107 Valentino Rossiego. Dlatego w przysz\u0142ym roku b\u0119dzie walczy\u0142 o sw\u00f3j dziesi\u0105ty tytu\u0142. A potem, w 2027 roku, zobaczymy, jak karty si\u0119 roz\u0142o\u017c\u0105\u201d.<\/p>\n<p class=\"gt-block\"><strong>CZYTAJ TAK\u017bE &gt; <a href=\"https:\/\/www.autohebdo.pl\/aktualno%C5%9Bci\/MotoGP\/Wyj%C4%85tkowy-sezon-Marca-Marqueza-prowadz%C4%85cy-do-tytu%C5%82u-w-Motegi.html\" target=\"_blank\" rel=\"noopener\">Wyj\u0105tkowy sezon Marca M\u00e1rqueza prowadz\u0105cy do tytu\u0142u w Motegi<\/a><\/strong><\/p>\n<p>Rok 2027 rzeczywi\u015bcie b\u0119dzie naznaczony zmian\u0105 przepis\u00f3w w MotoGP, a powr\u00f3t M\u00e1rqueza na czo\u0142o daje Johannowi Zarco nadziej\u0119, \u017ce on r\u00f3wnie\u017c b\u0119dzie m\u00f3g\u0142 walczy\u0107 na szczycie, gdy mistrzostwa \u015bwiata przejd\u0105 swoj\u0105 ma\u0142\u0105 rewolucj\u0119, czyli za nieca\u0142e dwa lata&#8230;<\/p>\n<p class=\"gt-block\">\u201eMi\u0142o by\u0142o widzie\u0107 go tak spokojnego i silnego. Czasami sk\u0142ania do refleksji, motywuje, do powiedzenia sobie, \u017ce wielkie rzeczy s\u0105 zawsze mo\u017cliwe. Sprawia, \u017ce \u200b\u200bchcesz sobie powiedzie\u0107: \u00bbCzemu nie? Teraz moja kolej na marzenia, kiedy zmieniaj\u0105 si\u0119 kategorie\u00ab. Mog\u0105 pojawi\u0107 si\u0119 okazje i trzeba b\u0119dzie spr\u00f3bowa\u0107 je wykorzysta\u0107\u201d.<\/p>\n<p class=\"gt-block\">Kolega M\u00e1rqueza z oficjalnego zespo\u0142u Ducati, Francesco Bagnaia, r\u00f3wnie\u017c chcia\u0142 z\u0142o\u017cy\u0107 ho\u0142d nowemu mistrzowi \u015bwiata: \u201eZ pewno\u015bci\u0105 trudno opisa\u0107 s\u0142owami sezon Marca, a nawet ostatnie sze\u015b\u0107 lat. Ostatecznie wydarzy\u0142o si\u0119 wiele rzeczy, kt\u00f3rych nikt inny nie do\u015bwiadczy\u0142, takich jak operacje, trudne chwile, a on ma si\u0142\u0119 psychiczn\u0105, kt\u00f3ra jest bardzo, jak to powiedzie\u0107? Godna podziwu. Chcia\u0142bym m\u00f3c z nim walczy\u0107 w tym sezonie, ale ostatecznie nie jest prawd\u0105, \u017ce nie mia\u0142 rywali. Jego sezon by\u0142 idealny, z wyj\u0105tkiem trzech wy\u015bcig\u00f3w, w kt\u00f3rych pope\u0142ni\u0142 kilka b\u0142\u0119d\u00f3w, ale poza tym by\u0142 niesamowity. Gratulacje dla Marca, jego rodziny, Gemmy i otoczenia, kt\u00f3re zawsze dobrze si\u0119 z nim bawi\u201d.<\/p>\n","protected":false},"excerpt":{"rendered":"Powa\u017cnie kontuzjowany w sezonie 2020, Marc M\u00e1rquez potrzebowa\u0142 pi\u0119ciu lat, aby powr\u00f3ci\u0107 na szczyt \u015bwiatowego rankingu MotoGPZdobywaj\u0105c tytu\u0142&hellip;\n","protected":false},"author":2,"featured_media":423864,"comment_status":"","ping_status":"","sticky":false,"template":"","format":"standard","meta":{"footnotes":""},"categories":[1413],"tags":[1680,1011,27,1741,1461,1457,1456,1458,60],"class_list":{"0":"post-423863","1":"post","2":"type-post","3":"status-publish","4":"format-standard","5":"has-post-thumbnail","7":"category-moto","8":"tag-fabio-quartararo","9":"tag-fr","10":"tag-france","11":"tag-johann-zarco","12":"tag-marc-marquez","13":"tag-moto","14":"tag-motocycle","15":"tag-motogp","16":"tag-sports"},"share_on_mastodon":{"url":"https:\/\/pubeurope.com\/@fr\/115282272852382823","error":""},"_links":{"self":[{"href":"https:\/\/www.europesays.com\/fr\/wp-json\/wp\/v2\/posts\/423863","targetHints":{"allow":["GET"]}}],"collection":[{"href":"https:\/\/www.europesays.com\/fr\/wp-json\/wp\/v2\/posts"}],"about":[{"href":"https:\/\/www.europesays.com\/fr\/wp-json\/wp\/v2\/types\/post"}],"author":[{"embeddable":true,"href":"https:\/\/www.europesays.com\/fr\/wp-json\/wp\/v2\/users\/2"}],"replies":[{"embeddable":true,"href":"https:\/\/www.europesays.com\/fr\/wp-json\/wp\/v2\/comments?post=423863"}],"version-history":[{"count":0,"href":"https:\/\/www.europesays.com\/fr\/wp-json\/wp\/v2\/posts\/423863\/revisions"}],"wp:featuredmedia":[{"embeddable":true,"href":"https:\/\/www.europesays.com\/fr\/wp-json\/wp\/v2\/media\/423864"}],"wp:attachment":[{"href":"https:\/\/www.europesays.com\/fr\/wp-json\/wp\/v2\/media?parent=423863"}],"wp:term":[{"taxonomy":"category","embeddable":true,"href":"https:\/\/www.europesays.com\/fr\/wp-json\/wp\/v2\/categories?post=423863"},{"taxonomy":"post_tag","embeddable":true,"href":"https:\/\/www.europesays.com\/fr\/wp-json\/wp\/v2\/tags?post=423863"}],"curies":[{"name":"wp","href":"https:\/\/api.w.org\/{rel}","templated":true}]}}