{"id":423865,"date":"2025-09-28T13:57:14","date_gmt":"2025-09-28T13:57:14","guid":{"rendered":"https:\/\/www.europesays.com\/fr\/423865\/"},"modified":"2025-09-28T13:57:14","modified_gmt":"2025-09-28T13:57:14","slug":"quand-nicolas-sarkozy-croit-reconnaitre-la-mere-de-dembele-le-ballon-dor","status":"publish","type":"post","link":"https:\/\/www.europesays.com\/fr\/423865\/","title":{"rendered":"Quand Nicolas Sarkozy croit reconna\u00eetre la m\u00e8re de Demb\u00e9l\u00e9, le ballon d\u2019or"},"content":{"rendered":"<p><strong>LE SCAN SPORT &#8211; <\/strong>L\u2019ancien pr\u00e9sident de la R\u00e9publique, Nicolas Sarkozy a cru reconna\u00eetre la m\u00e8re de Dembl\u00e9l\u00e9 lors de la rencontre PSG-Auxerre hier au soir au Parc des Princes.<\/p>\n<p class=\"fig-paragraph\">Vers 23h30,\u00a0<a href=\"https:\/\/www.lefigaro.fr\/sports\/football\/live\/ligue-1\/2025\/2568486\/paris-sg-auxerre\" data-fig-type=\"Live\" data-gtm-custom-categorie=\"navigation\" data-gtm-custom-action=\"crossclick\" data-gtm-custom-label=\"Contextuel\" data-gtm-event=\"customEventSPE\" data-fig-domain=\"LEFIGARO\" target=\"_blank\" rel=\"noopener\">apr\u00e8s la victoire du PSG et la c\u00e9r\u00e9monie d\u2019hommage<\/a>, Nicolas Sarkozy a pris le temps de salu\u00e9 plusieurs personnes dans le couloir du Parc des Princes. Apercevant la journaliste Massir\u00e9 Cor\u00e9a en compagnie d\u2019un confr\u00e8re, l\u2019ancien pr\u00e9sident est revenu sur ses pas et lui a serr\u00e9 la main, persuad\u00e9 de s\u2019adresser \u00e0 la m\u00e8re d\u2019Ousmane Demb\u00e9l\u00e9. \u00abVous pouvez \u00eatre fi\u00e8re de lui. Vous l\u2019avez bien \u00e9duqu\u00e9\u00bb, a-t-il lanc\u00e9, selon Le Parisien\u00a0<\/p>\n<p class=\"fig-paragraph\">La sc\u00e8ne, relat\u00e9e par un journaliste pr\u00e9sent, a provoqu\u00e9 un m\u00e9lange de rires et de g\u00eane. Sans r\u00e9v\u00e9ler son identit\u00e9, le journaliste accompagnateur de la femme que Nicolas Sarkozy a prise pour la m\u00e8re du joueur a simplement r\u00e9pondu\u00a0: \u00abnous \u00e9tions tous avec lui\u00bb. L\u2019ancien pr\u00e9sident de la R\u00e9publique, apr\u00e8s un bref instant, a tourn\u00e9 les talons et a poursuivi sa route.<\/p>\n","protected":false},"excerpt":{"rendered":"LE SCAN SPORT &#8211; L\u2019ancien pr\u00e9sident de la R\u00e9publique, Nicolas Sarkozy a cru reconna\u00eetre la m\u00e8re de Dembl\u00e9l\u00e9&hellip;\n","protected":false},"author":2,"featured_media":423866,"comment_status":"","ping_status":"","sticky":false,"template":"","format":"standard","meta":{"footnotes":""},"categories":[1412],"tags":[1451,1452,1453,1454,1455,1011,27,4977,60],"class_list":{"0":"post-423865","1":"post","2":"type-post","3":"status-publish","4":"format-standard","5":"has-post-thumbnail","7":"category-f1","8":"tag-f1","9":"tag-formula-1","10":"tag-formula1","11":"tag-formule-1","12":"tag-formule1","13":"tag-fr","14":"tag-france","15":"tag-le-scan-sport","16":"tag-sports"},"share_on_mastodon":{"url":"https:\/\/pubeurope.com\/@fr\/115282276792626605","error":""},"_links":{"self":[{"href":"https:\/\/www.europesays.com\/fr\/wp-json\/wp\/v2\/posts\/423865","targetHints":{"allow":["GET"]}}],"collection":[{"href":"https:\/\/www.europesays.com\/fr\/wp-json\/wp\/v2\/posts"}],"about":[{"href":"https:\/\/www.europesays.com\/fr\/wp-json\/wp\/v2\/types\/post"}],"author":[{"embeddable":true,"href":"https:\/\/www.europesays.com\/fr\/wp-json\/wp\/v2\/users\/2"}],"replies":[{"embeddable":true,"href":"https:\/\/www.europesays.com\/fr\/wp-json\/wp\/v2\/comments?post=423865"}],"version-history":[{"count":0,"href":"https:\/\/www.europesays.com\/fr\/wp-json\/wp\/v2\/posts\/423865\/revisions"}],"wp:featuredmedia":[{"embeddable":true,"href":"https:\/\/www.europesays.com\/fr\/wp-json\/wp\/v2\/media\/423866"}],"wp:attachment":[{"href":"https:\/\/www.europesays.com\/fr\/wp-json\/wp\/v2\/media?parent=423865"}],"wp:term":[{"taxonomy":"category","embeddable":true,"href":"https:\/\/www.europesays.com\/fr\/wp-json\/wp\/v2\/categories?post=423865"},{"taxonomy":"post_tag","embeddable":true,"href":"https:\/\/www.europesays.com\/fr\/wp-json\/wp\/v2\/tags?post=423865"}],"curies":[{"name":"wp","href":"https:\/\/api.w.org\/{rel}","templated":true}]}}