{"id":423867,"date":"2025-09-28T13:58:11","date_gmt":"2025-09-28T13:58:11","guid":{"rendered":"https:\/\/www.europesays.com\/fr\/423867\/"},"modified":"2025-09-28T13:58:11","modified_gmt":"2025-09-28T13:58:11","slug":"cyclisme-championnats-de-france-hugo-drechou-champion-de-france-de-gravel-devant-bardet","status":"publish","type":"post","link":"https:\/\/www.europesays.com\/fr\/423867\/","title":{"rendered":"Cyclisme. Championnats de France &#8211; Hugo Drechou champion de France de gravel devant Bardet"},"content":{"rendered":"<p>Les tout premiers <strong>Championnats de France de gravel<\/strong> ont couronn\u00e9 <strong>Hugo Drechou<\/strong>\u00a0ce dimanche 28 septembre \u00e0 Ch\u00e2tellerault (Vienne). Organis\u00e9e dans le cadre du <strong>Gravel Fever Festival<\/strong>, l\u2019\u00e9preuve a r\u00e9uni plus de 800 participants toutes cat\u00e9gories confondues. Chez les hommes, la course Elite (154 km) avait fi\u00e8re allure avec plusieurs pros ou ex-pros au d\u00e9part, dont <strong><a href=\"https:\/\/www.cyclismactu.net\/..\/news-gravel-route-les-championnats-de-france-de-gravel-avec-romain-bardet-ce-dimanche-90323.html\" target=\"_blank\" rel=\"noopener\">Romain Bardet<\/a><\/strong>, <strong>Quentin Pacher<\/strong>, <strong>Alexys Brunel<\/strong>&#8230; Tr\u00e8s vite, un trio form\u00e9 par <strong>Hugo Drechou<\/strong>, <strong>Pierre Thierry<\/strong> et <strong>Romain Bardet <\/strong>s\u2019est isol\u00e9 en t\u00eate. Dans le final, <strong>Drechou <\/strong>et <strong>Bardet <\/strong>se sont disput\u00e9 la victoire au sprint. \u00c2g\u00e9 de 34 ans et sp\u00e9cialiste du VTT, vainqueur notamment du Roc Azur 2023, <strong>Drechou <\/strong>a devanc\u00e9 <strong>Bardet <\/strong>pour d\u00e9crocher le premier maillot tricolore de l\u2019histoire en gravel. <strong>Victor Papon <\/strong>a compl\u00e9t\u00e9 le podium.<\/p>\n<p>Vid\u00e9o &#8211; Romain Bardet a arr\u00eat\u00e9 sa carri\u00e8re sur route en juin Lire la suite de l&rsquo;article&#13;<\/p>\n<p>\u00a0<\/p>\n<p>&#13;<br \/>\n<strong>Axelle Dubau-Pr\u00e9vot sacr\u00e9e chez les Femmes<\/strong>&#13;<\/p>\n<p>Chez les f\u00e9minines, <strong>Axelle Dubau-Pr\u00e9vot<\/strong> (29 ans) a domin\u00e9 la course de bout en bout, s\u2019imposant en solitaire. Elle devance <strong>Celia Le Mouel<\/strong> et <strong>Constance Valentin<\/strong>, tandis que <strong>Victorie Guilman<\/strong>\u00a0\u00e9choue au pied du podium.<\/p>\n<p>&#13;<\/p>\n<p>Pour l\u2019anecdote, les deux vainqueurs du jour forment \u00e9galement un couple dans la vie. Une double victoire qui restera dans les annales de ces premiers <strong>Championnats de France de gravel<\/strong>.<\/p>\n","protected":false},"excerpt":{"rendered":"Les tout premiers Championnats de France de gravel ont couronn\u00e9 Hugo Drechou\u00a0ce dimanche 28 septembre \u00e0 Ch\u00e2tellerault (Vienne).&hellip;\n","protected":false},"author":2,"featured_media":423868,"comment_status":"","ping_status":"","sticky":false,"template":"","format":"standard","meta":{"footnotes":""},"categories":[1411],"tags":[3714,1154,207,211,1011,27,209,60,210,212,208,213],"class_list":{"0":"post-423867","1":"post","2":"type-post","3":"status-publish","4":"format-standard","5":"has-post-thumbnail","7":"category-cyclisme","8":"tag-championnats-de-france","9":"tag-cycling","10":"tag-cyclisme","11":"tag-ffc","12":"tag-fr","13":"tag-france","14":"tag-route","15":"tag-sports","16":"tag-tour-de-france","17":"tag-uci","18":"tag-velo","19":"tag-world-tour"},"share_on_mastodon":{"url":"https:\/\/pubeurope.com\/@fr\/115282280811677644","error":""},"_links":{"self":[{"href":"https:\/\/www.europesays.com\/fr\/wp-json\/wp\/v2\/posts\/423867","targetHints":{"allow":["GET"]}}],"collection":[{"href":"https:\/\/www.europesays.com\/fr\/wp-json\/wp\/v2\/posts"}],"about":[{"href":"https:\/\/www.europesays.com\/fr\/wp-json\/wp\/v2\/types\/post"}],"author":[{"embeddable":true,"href":"https:\/\/www.europesays.com\/fr\/wp-json\/wp\/v2\/users\/2"}],"replies":[{"embeddable":true,"href":"https:\/\/www.europesays.com\/fr\/wp-json\/wp\/v2\/comments?post=423867"}],"version-history":[{"count":0,"href":"https:\/\/www.europesays.com\/fr\/wp-json\/wp\/v2\/posts\/423867\/revisions"}],"wp:featuredmedia":[{"embeddable":true,"href":"https:\/\/www.europesays.com\/fr\/wp-json\/wp\/v2\/media\/423868"}],"wp:attachment":[{"href":"https:\/\/www.europesays.com\/fr\/wp-json\/wp\/v2\/media?parent=423867"}],"wp:term":[{"taxonomy":"category","embeddable":true,"href":"https:\/\/www.europesays.com\/fr\/wp-json\/wp\/v2\/categories?post=423867"},{"taxonomy":"post_tag","embeddable":true,"href":"https:\/\/www.europesays.com\/fr\/wp-json\/wp\/v2\/tags?post=423867"}],"curies":[{"name":"wp","href":"https:\/\/api.w.org\/{rel}","templated":true}]}}