{"id":423873,"date":"2025-09-28T14:01:11","date_gmt":"2025-09-28T14:01:11","guid":{"rendered":"https:\/\/www.europesays.com\/fr\/423873\/"},"modified":"2025-09-28T14:01:11","modified_gmt":"2025-09-28T14:01:11","slug":"alice-moitie-photographe-realisatrice-et-slasheuse-a-temps-plein","status":"publish","type":"post","link":"https:\/\/www.europesays.com\/fr\/423873\/","title":{"rendered":"Alice Moiti\u00e9, photographe, r\u00e9alisatrice et \u00ab\u00a0slasheuse\u00a0\u00bb \u00e0 temps plein"},"content":{"rendered":"<p>                         <img loading=\"lazy\" decoding=\"async\" src=\"https:\/\/www.europesays.com\/fr\/wp-content\/uploads\/2025\/09\/100ea9b_upload-1-tu7jvx00hker-image2.jpeg\" alt=\"Alice Moiti\u00e9, photographe, r\u00e9alisatrice et podcasteuse, \u00e0 Paris en 2023.\"   width=\"664\" height=\"443\"\/>    Alice Moiti\u00e9, photographe, r\u00e9alisatrice et podcasteuse, \u00e0 Paris en 2023.  ALICE MOITI\u00c9                 <\/p>\n<p class=\"article__paragraph  \">Trente-trois\u00a0ans, Alice Moiti\u00e9 est une \u00ab\u00a0slasheuse\u00a0\u00bb. Comprendre\u00a0: elle cumule les jobs. \u00ab\u00a0Je suis photographe [slash] directrice artistique [slash] r\u00e9alisatrice\u00a0\u00bb, pr\u00e9cise-t-elle. Depuis dix ans, cette blonde aux traits fins et aux grands yeux noisette compte parmi les nouveaux talents de la photographie. Dans l\u2019industrie de la mode, o\u00f9 elle immortalise l\u2019actrice Virginie Efira ou la youtubeuse Lena Situations pour des magazines. Mais aussi dans celle de la musique\u00a0: depuis sa premi\u00e8re pochette d\u2019album r\u00e9alis\u00e9e pour <a href=\"https:\/\/www.lemonde.fr\/musiques\/article\/2014\/12\/01\/pour-the-do-l-histoire-d-a-finit-bien_4531931_1654986.html\" rel=\"nofollow noopener\" target=\"_blank\">le groupe franco-finlandais The D\u00f8 en\u00a02014<\/a>, elle a notamment shoot\u00e9 Orelsan, Clara Luciani ou Miley Cyrus.<\/p>\n<p class=\"article__paragraph  \">Dans la liste, elle a oubli\u00e9 sa derni\u00e8re casquette, plus r\u00e9cente\u00a0: podcasteuse. \u00ab\u00a0Je n\u2019aime pas trop ne rien faire, \u00eatre dans l\u2019attente [de contrats]. Et tous mes boulots \u00e9tant pr\u00e9caires, je fais tout ce qui est possible pour ne pas me retrouver sur le carreau.\u00a0\u00bb Et pour rembourser l\u2019appartement dans lequel elle nous re\u00e7oit, achet\u00e9 il y a quelques mois dans le nord de Paris. \u00ab\u00a0Je me suis toujours dit que je serai riche quand je serai propri\u00e9taire. Bon, pour l\u2019instant, je suis surtout endett\u00e9e sur vingt-cinq\u00a0ans\u00a0!\u00a0\u00bb, plaisante-t-elle. Dans le salon, une chaise m\u00e9di\u00e9vale espagnole d\u00e9tonne parmi les meubles aux couleurs pop et les fauteuils de designer. L\u2019antre est \u00e0 l\u2019image de sa propri\u00e9taire\u00a0: \u00e9clectique.<\/p>\n<p class=\"reading-mode-only \"><strong>Il vous reste 84.42% de cet article \u00e0 lire. La suite est r\u00e9serv\u00e9e aux abonn\u00e9s.<\/strong><\/p>\n","protected":false},"excerpt":{"rendered":"Alice Moiti\u00e9, photographe, r\u00e9alisatrice et podcasteuse, \u00e0 Paris en 2023. ALICE MOITI\u00c9 Trente-trois\u00a0ans, Alice Moiti\u00e9 est une \u00ab\u00a0slasheuse\u00a0\u00bb.&hellip;\n","protected":false},"author":2,"featured_media":423874,"comment_status":"","ping_status":"","sticky":false,"template":"","format":"standard","meta":{"footnotes":""},"categories":[1358],"tags":[1348,1384,1385,1386,58,59,1011,27],"class_list":{"0":"post-423873","1":"post","2":"type-post","3":"status-publish","4":"format-standard","5":"has-post-thumbnail","7":"category-arts-et-design","8":"tag-arts","9":"tag-arts-and-design","10":"tag-arts-et-design","11":"tag-design","12":"tag-divertissement","13":"tag-entertainment","14":"tag-fr","15":"tag-france"},"share_on_mastodon":{"url":"https:\/\/pubeurope.com\/@fr\/115282292932418792","error":""},"_links":{"self":[{"href":"https:\/\/www.europesays.com\/fr\/wp-json\/wp\/v2\/posts\/423873","targetHints":{"allow":["GET"]}}],"collection":[{"href":"https:\/\/www.europesays.com\/fr\/wp-json\/wp\/v2\/posts"}],"about":[{"href":"https:\/\/www.europesays.com\/fr\/wp-json\/wp\/v2\/types\/post"}],"author":[{"embeddable":true,"href":"https:\/\/www.europesays.com\/fr\/wp-json\/wp\/v2\/users\/2"}],"replies":[{"embeddable":true,"href":"https:\/\/www.europesays.com\/fr\/wp-json\/wp\/v2\/comments?post=423873"}],"version-history":[{"count":0,"href":"https:\/\/www.europesays.com\/fr\/wp-json\/wp\/v2\/posts\/423873\/revisions"}],"wp:featuredmedia":[{"embeddable":true,"href":"https:\/\/www.europesays.com\/fr\/wp-json\/wp\/v2\/media\/423874"}],"wp:attachment":[{"href":"https:\/\/www.europesays.com\/fr\/wp-json\/wp\/v2\/media?parent=423873"}],"wp:term":[{"taxonomy":"category","embeddable":true,"href":"https:\/\/www.europesays.com\/fr\/wp-json\/wp\/v2\/categories?post=423873"},{"taxonomy":"post_tag","embeddable":true,"href":"https:\/\/www.europesays.com\/fr\/wp-json\/wp\/v2\/tags?post=423873"}],"curies":[{"name":"wp","href":"https:\/\/api.w.org\/{rel}","templated":true}]}}