{"id":423875,"date":"2025-09-28T14:02:11","date_gmt":"2025-09-28T14:02:11","guid":{"rendered":"https:\/\/www.europesays.com\/fr\/423875\/"},"modified":"2025-09-28T14:02:11","modified_gmt":"2025-09-28T14:02:11","slug":"le-reste-du-monde-nexiste-pas-lexpo-du-photographe-de-la-rochefoucauld-devient-livre","status":"publish","type":"post","link":"https:\/\/www.europesays.com\/fr\/423875\/","title":{"rendered":"\u00ab Le reste du monde n\u2019existe pas \u00bb : l\u2019expo du photographe de La Rochefoucauld devient livre"},"content":{"rendered":"<p>Apr\u00e8s de nombreuses expositions dans toute la France, dont une il y a un an aux Carmes de La Rochefoucauld, le projet photo r\u00e9alis\u00e9 aupr\u00e8s de la jeunesse rurale du nord et de&#8230;<\/p>\n<p>Apr\u00e8s de nombreuses expositions dans toute la France, dont une il y a un an aux Carmes de La Rochefoucauld, le projet photo r\u00e9alis\u00e9 aupr\u00e8s de la jeunesse rurale du nord et de l\u2019est de la Charente devient un livre. Un point d\u2019orgue au travail men\u00e9 pendant cinq ans par le photographe originaire de Saint-Projet.<\/p>\n<p>Tir\u00e9 \u00e0 un millier d\u2019exemplaires environ, le beau livre \u00ab\u00a0Le reste du monde n\u2019existe pas\u00a0\u00bb, du nom initial du projet d\u00e9j\u00e0 plusieurs fois prim\u00e9, a \u00e9t\u00e9 accompagn\u00e9 par Rura, une association d\u00e9di\u00e9e \u00e0 la jeunesse rurale. \u00ab\u00a0Nous avons lanc\u00e9 ensemble une campagne de pr\u00e9vente sur la plateforme de participation Ulule, qui a bien march\u00e9. \u00c7a nous a permis de financer l\u2019objet\u00a0\u00bb.<\/p>\n<p>    La r\u00e9daction vous conseille<\/p>\n<p>\u00c0 l\u2019int\u00e9rieur, 82 photos tri\u00e9es parmi plus de 60.000 clich\u00e9s r\u00e9alis\u00e9s tout au long de ce projet. Et quelques textes. \u00ab\u00a0Il y a notamment des petites histoires, pour contextualiser le travail\u00a0\u00bb, souffle le photographe dipl\u00f4m\u00e9 en sciences sociales, \u00e9galement professeur de sociologie visuelle \u00e0 Paris.<\/p>\n<p>\u00ab\u00a0Je suis d\u2019abord photographe, et je me sers de la sociologie pour tirer le portrait de ces jeunes ruraux en formation, chez eux, dans leur quotidien ou sur leurs lieux de loisirs.\u00a0Cette jeunesse rurale est peu repr\u00e9sent\u00e9e et souvent mal repr\u00e9sent\u00e9e, car elle l\u2019est de loin. De la ville, en r\u00e9alit\u00e9\u00a0\u00bb, insiste C\u00e9dric Calandraud, dont le travail laisse percevoir quelques influences.<\/p>\n<blockquote><p>\u00ab\u00a0Ce d\u00e9partement m\u2019inspire. Je veux documenter la vie d\u2019ici\u00a0\u00bb.<\/p><\/blockquote>\n<p>\u00ab\u00a0Le livre de Nicolas Mathieu, \u2018Leurs enfants apr\u00e8s eux\u2019, m\u2019a beaucoup marqu\u00e9, d\u2019autant qu\u2019il est sorti \u00e0 peu pr\u00e8s au moment o\u00f9 j\u2019ai commenc\u00e9 ce travail\u00a0\u00bb, raconte celui qui cite aussi les travaux des sociologues Beno\u00eet Coquard et Ya\u00ebl Amsellem-Mainguy, avec qui il s\u2019entretient d\u2019ailleurs dans le livre.<\/p>\n<p>La MFR de La P\u00e9ruse, QG du photographe<\/p>\n<p>\u00ab\u00a0\u00c0 la fin, il y a aussi un texte qui revient un peu sur mon parcours, mon histoire avec ce territoire. Comment, adolescent, j\u2019ai eu envie de partir et je suis parti, et comment, plus tard, j\u2019ai eu envie de revenir. J\u2019ai envie de continuer \u00e0 faire des projets en Charente\u00a0\u00bb, confie celui qui partage sa vie entre ici et la capitale. \u00ab\u00a0Ce d\u00e9partement m\u2019inspire. Et quand on s\u2019int\u00e9resse au quotidien des gens, les possibilit\u00e9s sont infinies. Je veux documenter la vie d\u2019ici\u00a0\u00bb.<\/p>\n<p>Le photographe est venu pr\u00e9senter son livre \u00e0 la MFR de la P\u00e9ruse, \u00e0 Terres-de-Haute-Charente, ce vendredi. \u00ab\u00a0C\u2019est ici que je retrouvais une partie de la centaine de jeunes que j\u2019ai photographi\u00e9s pendant cinq ans. Quand je revenais les voir pour une nouvelle s\u00e9rie de photos, je leur laissais des tirages en petit format de la session pr\u00e9c\u00e9dente.\u00a0J\u2019ai d\u00e9cor\u00e9 pas mal de chambres\u00a0\u00bb, sourit-il.<\/p>\n<p>Comme celle de Laura Rougier. \u00ab\u00a0J\u2019ai tout de suite accroch\u00e9 avec le projet.\u00a0Je suis photog\u00e9nique, j\u2019ai toujours aim\u00e9 poser devant un objectif\u00a0\u00bb, raconte l\u2019\u00e9l\u00e8ve de terminale \u00e0 la MFR, dont le portrait s\u2019est retrouv\u00e9 en grand format, le temps d\u2019une exposition, dans le hall d\u2019entr\u00e9e de la gare de Strasbourg.\u00a0Une fiert\u00e9 pour elle, et pour C\u00e9dric Calandraud. \u00ab\u00a0Ces images leur ressemblent. Ce sont eux qui me le disent. C\u2019est \u00e7a, ma victoire\u00a0\u00bb.<\/p>\n<p>\u00ab\u00a0Le reste du monde n\u2019existe pas\u00a0\u00bb, aux \u00c9ditions Loco. Sortie le 3\u00a0octobre prochain. Disponible sur demande dans les librairies. Prix de vente public\u00a0: 45\u00a0euros.<\/p>\n","protected":false},"excerpt":{"rendered":"Apr\u00e8s de nombreuses expositions dans toute la France, dont une il y a un an aux Carmes de&hellip;\n","protected":false},"author":2,"featured_media":423876,"comment_status":"","ping_status":"","sticky":false,"template":"","format":"standard","meta":{"footnotes":""},"categories":[1357],"tags":[1379,58,59,1011,27,1380],"class_list":{"0":"post-423875","1":"post","2":"type-post","3":"status-publish","4":"format-standard","5":"has-post-thumbnail","7":"category-livres","8":"tag-books","9":"tag-divertissement","10":"tag-entertainment","11":"tag-fr","12":"tag-france","13":"tag-livres"},"share_on_mastodon":{"url":"https:\/\/pubeurope.com\/@fr\/115282296519740387","error":""},"_links":{"self":[{"href":"https:\/\/www.europesays.com\/fr\/wp-json\/wp\/v2\/posts\/423875","targetHints":{"allow":["GET"]}}],"collection":[{"href":"https:\/\/www.europesays.com\/fr\/wp-json\/wp\/v2\/posts"}],"about":[{"href":"https:\/\/www.europesays.com\/fr\/wp-json\/wp\/v2\/types\/post"}],"author":[{"embeddable":true,"href":"https:\/\/www.europesays.com\/fr\/wp-json\/wp\/v2\/users\/2"}],"replies":[{"embeddable":true,"href":"https:\/\/www.europesays.com\/fr\/wp-json\/wp\/v2\/comments?post=423875"}],"version-history":[{"count":0,"href":"https:\/\/www.europesays.com\/fr\/wp-json\/wp\/v2\/posts\/423875\/revisions"}],"wp:featuredmedia":[{"embeddable":true,"href":"https:\/\/www.europesays.com\/fr\/wp-json\/wp\/v2\/media\/423876"}],"wp:attachment":[{"href":"https:\/\/www.europesays.com\/fr\/wp-json\/wp\/v2\/media?parent=423875"}],"wp:term":[{"taxonomy":"category","embeddable":true,"href":"https:\/\/www.europesays.com\/fr\/wp-json\/wp\/v2\/categories?post=423875"},{"taxonomy":"post_tag","embeddable":true,"href":"https:\/\/www.europesays.com\/fr\/wp-json\/wp\/v2\/tags?post=423875"}],"curies":[{"name":"wp","href":"https:\/\/api.w.org\/{rel}","templated":true}]}}