{"id":42388,"date":"2025-04-21T21:05:13","date_gmt":"2025-04-21T21:05:13","guid":{"rendered":"https:\/\/www.europesays.com\/fr\/42388\/"},"modified":"2025-04-21T21:05:13","modified_gmt":"2025-04-21T21:05:13","slug":"au-musee-dart-moderne-de-paris-marguerite-matisse-sort-de-lombre","status":"publish","type":"post","link":"https:\/\/www.europesays.com\/fr\/42388\/","title":{"rendered":"Au mus\u00e9e d&rsquo;Art moderne de Paris, Marguerite Matisse sort de l&rsquo;ombre"},"content":{"rendered":"<p class=\"editor-content__paragraph\">\u00ab\u00a0Avec une pointe de fiert\u00e9, <strong>Marguerite Duthuit-Matisse<\/strong> se qualifie elle-m\u00eame de <strong>\u2018gosse d\u2019atelier\u2019<\/strong> et demeure marqu\u00e9e dans sa sensibilit\u00e9 la plus intime par l\u2019atmosph\u00e8re de vapeurs de t\u00e9r\u00e9benthine qu\u2019elle connut avant son mariage.\u00a0\u00bb (Claude Duthuit, introduction \u00e0 Henri Matisse. Catalogue raisonn\u00e9 de l\u2019\u0153uvre grav\u00e9, 1983.)<\/p>\n<p class=\"editor-content__paragraph\">Sa vie enti\u00e8re aura \u00e9t\u00e9 rythm\u00e9e<strong> au tempo de l\u2019\u0153uvre de son p\u00e8re<\/strong>. Ironie du sort, Marguerite Matisse ne verra pas l\u2019ach\u00e8vement de son grand \u0153uvre, le catalogue raisonn\u00e9 des peintures d\u2019<a href=\"https:\/\/www.beauxarts.com\/encyclo\/henri-matisse-en-2-minutes\/\" target=\"_blank\" rel=\"noopener\">Henri Matisse<\/a>, travail titanesque qui reste sa principale post\u00e9rit\u00e9 et cache les multiples facettes d\u2019une femme qui aura \u00e9t\u00e9 tout <strong>\u00e0 la fois enfant-mod\u00e8le, artiste, \u00e9ditrice et meilleure experte de son p\u00e8re<\/strong>.<\/p>\n<p>L\u2019enfance singuli\u00e8re d\u2019une \u00ab\u00a0gosse d\u2019atelier\u00a0\u00bb<\/p>\n<p>    <img loading=\"lazy\" decoding=\"async\" class=\"image__img\" src=\"https:\/\/www.europesays.com\/fr\/wp-content\/uploads\/2025\/04\/web01_marguerite_1905_archives-henri-matisse-964x1418.jpg\" alt=\"Marguerite Matisse en 1905\" width=\"964\" height=\"1418\"\/><\/p>\n<p>Marguerite Matisse en 1905<\/p>\n<p>    i<\/p>\n<p class=\"legende__cartel\">\u00a9 Photo Archives Henri Matisse<\/p>\n<p class=\"editor-content__paragraph\">Marguerite na\u00eet le 31\u00a0ao\u00fbt 1894 \u00e0 Paris, <strong>de l\u2019union d\u2019Henri Matisse et de Caroline Joublaud<\/strong>, premier mod\u00e8le r\u00e9gulier du peintre fra\u00eechement d\u00e9barqu\u00e9 \u00e0 Paris. En 1897, Matisse quitte Caroline pour <strong>Am\u00e9lie Parayre<\/strong>, qu\u2019il \u00e9pouse l\u2019ann\u00e9e suivante, \u00e0 qui il annonce d\u2019embl\u00e9e qu\u2019il a une fille.<\/p>\n<p class=\"editor-content__paragraph\"><strong>\u00ab\u00a0Margot\u00a0\u00bb<\/strong> est accueillie avec bienveillance dans ce foyer et, si elle ne rompt jamais le lien avec sa m\u00e8re biologique, c\u2019est, fait exceptionnel, <strong>son p\u00e8re qui en assume la garde<\/strong> pour la pr\u00e9server de la condition pr\u00e9caire d\u2019une enfant de fille-m\u00e8re. Am\u00e9lie aime Marguerite comme sa propre fille, autant que ses fils Jean et Pierre, n\u00e9s en 1899\u00a0et 1900\u00a0: \u00ab\u00a0Nous \u00e9tions comme les cinq doigts de la main\u00a0\u00bb, se souvient Marguerite.<\/p>\n<p class=\"editor-content__paragraph\">Cette derni\u00e8re est r\u00e9guli\u00e8rement pr\u00e9sent\u00e9e comme <strong>l\u2019enfant pr\u00e9f\u00e9r\u00e9e de Matisse<\/strong>, soucieux de la <strong>sant\u00e9 fragile<\/strong> de Marguerite qui est frapp\u00e9e de dipht\u00e9rie \u00e0 l\u2019\u00e2ge de 7\u00a0ans et subit une trach\u00e9otomie \u2013 dont elle cachera la cicatrice par ce ruban de velours noir embl\u00e9matique de ses portraits. La jeune fille re\u00e7oit son instruction \u00e0 la maison, et passe surtout son temps \u00e0 <strong>observer son p\u00e8re<\/strong>.<\/p>\n<p class=\"editor-content__paragraph\">Elle devient \u00ab\u00a0la gosse d\u2019artiste qui [tra\u00eene] dans l\u2019atelier\u00a0\u00bb, comme elle le confie au journaliste et critique Gilbert Ganne dans Les Nouvelles litt\u00e9raires en 1970. Un privil\u00e8ge quand on sait que son fils Claude Duthuit (1931\u20132011) se souvenait qu\u2019il \u00e9tait interdit d\u2019entrer dans l\u2019atelier de Matisse\u00a0! Enfant-mod\u00e8le, Marguerite se fait aussi <strong>assistante d\u2019atelier<\/strong>, aide les mod\u00e8les adultes \u00e0 prendre la pose. Une enfance idyllique\u00a0? \u00ab\u00a0Pas tellement, non. Il y avait<strong> les soucis, l\u2019angoisse de mon p\u00e8re<\/strong> qui ne dormait pas, les ventes qui ne venaient pas.\u00a0\u00bb<\/p>\n<p>    <img loading=\"lazy\" decoding=\"async\" class=\"image__img\" src=\"https:\/\/www.europesays.com\/fr\/wp-content\/uploads\/2025\/04\/web05_matisse-et-georges_45_1924_issy-mgd-gd024-recto-964x572.jpg\" alt=\"Marguerite et Georges Duthuit, Issy-les-Moulineaux, 1924\" width=\"964\" height=\"572\"\/><\/p>\n<p>Marguerite et Georges Duthuit, Issy-les-Moulineaux, 1924<\/p>\n<p>    i<\/p>\n<p class=\"legende__cartel\">Marguerite et Georges Duthuit, Issy-les-Moulineaux, 1924<\/p>\n<p>            <strong>Continuez votre lecture<\/strong><\/p>\n<p>\n                et acc\u00e9dez \u00e0 Beaux Arts Magazine<br \/>et \u00e0 tous les contenus web<br \/><strong>en illimit\u00e9 \u00e0 partir de 5,75\u20ac \/ mois<\/strong>\n            <\/p>\n<p class=\"cta-abonnement__log-in\">\n        D\u00e9j\u00e0 abonn\u00e9 ?        <a data-id=\"aHR0cHM6Ly93d3cuYmVhdXhhcnRzLmNvbS9tb24tY29tcHRlLw==\">Connectez-vous<\/a>\n    <\/p>\n<p>            <img data-vllblanksrc=\"https:\/\/www.beauxarts.com\/expos\/marguerite-matisse-sort-de-lombre-de-son-pere-au-musee-dart-moderne-de-paris\/1\" data-vllsrc=\"https:\/\/www.europesays.com\/fr\/wp-content\/uploads\/2025\/04\/couv-bam-2025-1-232x300.png\" alt=\"\"\/><img data-vllblanksrc=\"https:\/\/www.beauxarts.com\/expos\/marguerite-matisse-sort-de-lombre-de-son-pere-au-musee-dart-moderne-de-paris\/1\" data-vllsrc=\"https:\/\/www.europesays.com\/fr\/wp-content\/uploads\/2025\/04\/couv-bam-490-232x300.png\" alt=\"\"\/>        <\/p>\n","protected":false},"excerpt":{"rendered":"\u00ab\u00a0Avec une pointe de fiert\u00e9, Marguerite Duthuit-Matisse se qualifie elle-m\u00eame de \u2018gosse d\u2019atelier\u2019 et demeure marqu\u00e9e dans sa&hellip;\n","protected":false},"author":2,"featured_media":42389,"comment_status":"","ping_status":"","sticky":false,"template":"","format":"standard","meta":{"footnotes":""},"categories":[1358],"tags":[12870,1348,1384,1385,1386,58,59,1011,27,12871],"class_list":{"0":"post-42388","1":"post","2":"type-post","3":"status-publish","4":"format-standard","5":"has-post-thumbnail","7":"category-arts-et-design","8":"tag-art-moderne","9":"tag-arts","10":"tag-arts-and-design","11":"tag-arts-et-design","12":"tag-design","13":"tag-divertissement","14":"tag-entertainment","15":"tag-fr","16":"tag-france","17":"tag-mam-musee-dart-moderne-de-paris"},"share_on_mastodon":{"url":"https:\/\/pubeurope.com\/@fr\/114377990055976595","error":""},"_links":{"self":[{"href":"https:\/\/www.europesays.com\/fr\/wp-json\/wp\/v2\/posts\/42388","targetHints":{"allow":["GET"]}}],"collection":[{"href":"https:\/\/www.europesays.com\/fr\/wp-json\/wp\/v2\/posts"}],"about":[{"href":"https:\/\/www.europesays.com\/fr\/wp-json\/wp\/v2\/types\/post"}],"author":[{"embeddable":true,"href":"https:\/\/www.europesays.com\/fr\/wp-json\/wp\/v2\/users\/2"}],"replies":[{"embeddable":true,"href":"https:\/\/www.europesays.com\/fr\/wp-json\/wp\/v2\/comments?post=42388"}],"version-history":[{"count":0,"href":"https:\/\/www.europesays.com\/fr\/wp-json\/wp\/v2\/posts\/42388\/revisions"}],"wp:featuredmedia":[{"embeddable":true,"href":"https:\/\/www.europesays.com\/fr\/wp-json\/wp\/v2\/media\/42389"}],"wp:attachment":[{"href":"https:\/\/www.europesays.com\/fr\/wp-json\/wp\/v2\/media?parent=42388"}],"wp:term":[{"taxonomy":"category","embeddable":true,"href":"https:\/\/www.europesays.com\/fr\/wp-json\/wp\/v2\/categories?post=42388"},{"taxonomy":"post_tag","embeddable":true,"href":"https:\/\/www.europesays.com\/fr\/wp-json\/wp\/v2\/tags?post=42388"}],"curies":[{"name":"wp","href":"https:\/\/api.w.org\/{rel}","templated":true}]}}