{"id":423885,"date":"2025-09-28T14:08:10","date_gmt":"2025-09-28T14:08:10","guid":{"rendered":"https:\/\/www.europesays.com\/fr\/423885\/"},"modified":"2025-09-28T14:08:10","modified_gmt":"2025-09-28T14:08:10","slug":"en-video-le-coup-de-sang-de-remco-evenepoel-contre-son-equipe","status":"publish","type":"post","link":"https:\/\/www.europesays.com\/fr\/423885\/","title":{"rendered":"en vid\u00e9o, le coup de sang de Remco Evenepoel contre son \u00e9quipe"},"content":{"rendered":"<p>Concurrent affich\u00e9 de Pogacar lors des Mondiaux de Kigali, Remco Evenepoel a subi de nombreux incidents dimanche. Le leader de la Belgique a notamment attendu plusieurs secondes apr\u00e8s un probl\u00e8me sur son v\u00e9lo et a perdu ses nerfs.<\/p>\n<p class=\"fig-paragraph\">Outsider et rival num\u00e9ro\u00a0<a href=\"http:\/\/www.lefigaro.fr\/sports\/cyclisme\/mondiaux-de-cyclisme-en-video-l-attaque-de-pogacar-qui-a-fait-exploser-le-peloton-20250928\" data-fig-type=\"NewsFlash\" data-gtm-custom-categorie=\"navigation\" data-gtm-custom-action=\"crossclick\" data-gtm-custom-label=\"Contextuel\" data-gtm-event=\"customEventSPE\" data-fig-domain=\"LEFIGARO\" target=\"_blank\" rel=\"noopener\">de Tadej Pogacar sur ces mondiaux<\/a>, le Belge Remco Evenepoel encha\u00eene les probl\u00e8mes m\u00e9caniques depuis le d\u00e9but de la course.<\/p>\n<p class=\"fig-paragraph\">D\u00e9j\u00e0 victime d\u2019une crevaison \u00e0 89 km de l\u2019arriv\u00e9e, 15 bornes plus tard le champion du monde du contre-la-montre a d\u00fb changer de machine. Cette fois, c\u2019est un probl\u00e8me de selle qui a contraint le vainqueur de l\u2019\u00e9dition 2022 \u00e0 s\u2019arr\u00eater. Son \u00e9quipe a eu du mal \u00e0 remonter la file des voitures et intervenir rapidement. Tendu, le Belge a montr\u00e9 plusieurs signes d\u2019agacement sur le bord de la route face \u00e0 la longue attente.<\/p>\n<p>                                    <a class=\"fig-a11y-skip a11y-hidden\" href=\"#fig-a11y-skip-main-inarticle\"><br \/>\n        Passer la publicit\u00e9<br \/>\n    <\/a><\/p>\n<p class=\"fig-paragraph\">Il aura perdu au final plus d\u2019une minute mais a r\u00e9ussi \u00e0 rentrer sur le peloton \u00e0 la poursuite de Tadej Pogacar.<\/p>\n","protected":false},"excerpt":{"rendered":"Concurrent affich\u00e9 de Pogacar lors des Mondiaux de Kigali, Remco Evenepoel a subi de nombreux incidents dimanche. Le&hellip;\n","protected":false},"author":2,"featured_media":423886,"comment_status":"","ping_status":"","sticky":false,"template":"","format":"standard","meta":{"footnotes":""},"categories":[9],"tags":[1011,27,11697,60,1138],"class_list":{"0":"post-423885","1":"post","2":"type-post","3":"status-publish","4":"format-standard","5":"has-post-thumbnail","7":"category-sports","8":"tag-fr","9":"tag-france","10":"tag-remco-evenepoel","11":"tag-sports","12":"tag-tadej-pogacar"},"share_on_mastodon":{"url":"https:\/\/pubeurope.com\/@fr\/115282320114275790","error":""},"_links":{"self":[{"href":"https:\/\/www.europesays.com\/fr\/wp-json\/wp\/v2\/posts\/423885","targetHints":{"allow":["GET"]}}],"collection":[{"href":"https:\/\/www.europesays.com\/fr\/wp-json\/wp\/v2\/posts"}],"about":[{"href":"https:\/\/www.europesays.com\/fr\/wp-json\/wp\/v2\/types\/post"}],"author":[{"embeddable":true,"href":"https:\/\/www.europesays.com\/fr\/wp-json\/wp\/v2\/users\/2"}],"replies":[{"embeddable":true,"href":"https:\/\/www.europesays.com\/fr\/wp-json\/wp\/v2\/comments?post=423885"}],"version-history":[{"count":0,"href":"https:\/\/www.europesays.com\/fr\/wp-json\/wp\/v2\/posts\/423885\/revisions"}],"wp:featuredmedia":[{"embeddable":true,"href":"https:\/\/www.europesays.com\/fr\/wp-json\/wp\/v2\/media\/423886"}],"wp:attachment":[{"href":"https:\/\/www.europesays.com\/fr\/wp-json\/wp\/v2\/media?parent=423885"}],"wp:term":[{"taxonomy":"category","embeddable":true,"href":"https:\/\/www.europesays.com\/fr\/wp-json\/wp\/v2\/categories?post=423885"},{"taxonomy":"post_tag","embeddable":true,"href":"https:\/\/www.europesays.com\/fr\/wp-json\/wp\/v2\/tags?post=423885"}],"curies":[{"name":"wp","href":"https:\/\/api.w.org\/{rel}","templated":true}]}}