{"id":423887,"date":"2025-09-28T14:09:10","date_gmt":"2025-09-28T14:09:10","guid":{"rendered":"https:\/\/www.europesays.com\/fr\/423887\/"},"modified":"2025-09-28T14:09:10","modified_gmt":"2025-09-28T14:09:10","slug":"elle-le-traite-de-conn-le-couple-darthur-et-mareva-galanter-mis-en-danger-par-les-attaques-du-7-octobre","status":"publish","type":"post","link":"https:\/\/www.europesays.com\/fr\/423887\/","title":{"rendered":"\u00ab\u00a0Elle le traite de conn***\u00a0\u00bb, le couple d\u2019Arthur et Mareva Galanter mis en danger par les attaques du 7 octobre"},"content":{"rendered":"<p>      R\u00e9sum\u00e9<\/p>\n<p>Depuis les attaques du 7 octobre 2023, Arthur et Mareva Galanter font face \u00e0 des tensions personnelles et une surveillance accrue, mettant leur couple \u00e0 rude \u00e9preuve.<\/p>\n<p>        Sommaire<\/p>\n<p><strong>Mareva Galanter est un soutien de taille pour Arthur<\/strong>. Dans la temp\u00eate qu&rsquo;il traverse depuis bient\u00f4t deux ans, l&rsquo;ex-Miss France est son roc. Mais nul ne peut est indestructible&#8230; Comme il le r\u00e9v\u00e8le \u00e0 La Tribune Dimanche \u00e0 l&rsquo;occasion de <a href=\"https:\/\/vsd.fr\/86867-arthur-son-premier-livre-paraitra-le-7-octobre-une-date-douloureuse-et-hautement-symbolique\/\" target=\"_blank\" rel=\"noopener\">la sortie de son roman J&rsquo;ai perdu un B\u00e9douin dans Paris<\/a>, dans lequel il revient sur les deux ann\u00e9es difficiles qu&rsquo;il a travers\u00e9es, Arthur a connu quelques temp\u00eates avec Mareva Galanter. Les combats qu&rsquo;il m\u00e8ne, et qui provoquent bien des secousses dans sa vie personnelle, <strong>ont fini par peser sur leur couple<\/strong>.<\/p>\n<p><strong>\u00ab\u00a0Elle le traite de conn***\u00a0\u00bb r\u00e9v\u00e8lent ainsi nos confr\u00e8res<\/strong>. Au d\u00e9tour d&rsquo;une lourde dispute, qui aurait pu sceller la fin de leur histoire d&rsquo;amour, Mareva Galanter a bris\u00e9 la carapace. Si elle est de tous les combats aux c\u00f4t\u00e9s de son mari, elle n&rsquo;en reste pas moins <strong>une m\u00e8re, terroris\u00e9e par l&rsquo;\u00e9quilibre de leur famille<\/strong>. Depuis le 7 octobre 2023 et les attaques perp\u00e9tr\u00e9es par le Hamas sur Isra\u00ebl, Arthur et sa famille sont <strong>sous surveillance polici\u00e8re accrue<\/strong>. Et si Arthur a refus\u00e9 que le minist\u00e8re de l&rsquo;Int\u00e9rieur lui offre sa protection, celui-ci a toutefois son mot \u00e0 dire sur les personnes choisies par l&rsquo;animateur.<\/p>\n<p>Arthur et Mareva, solides malgr\u00e9 les temp\u00eates<\/p>\n<p>Les combats d&rsquo;Arthur sont nombreux, et le hantent au quotidien. Entre deux tournages, il \u00e9crit son roman. <strong>Il encha\u00eene les nuits blanches, perd une dizaine de kilos en deux ans<\/strong>&#8230; Au micro de Franceinter, il crie sa peur et sa col\u00e8re. <a href=\"https:\/\/www.public.fr\/yannick-noah-de-nouveau-epingle-par-arthur-l-animateur-n-a-pas-supporte-sa-derniere-prise-de-parole\" target=\"_blank\" rel=\"noopener\">Il s&rsquo;en prend aussi \u00e0 Yannick Noah<\/a>, et condamne celles et ceux qui \u00e9taient ses amis, et qui se sont \u00e9loign\u00e9s apr\u00e8s les attaques. Tant de controverses qui ont fini par empi\u00e9ter sur <a href=\"https:\/\/www.public.fr\/arthur-et-mareva-galanter-la-descente-aux-enfers\" target=\"_blank\" rel=\"noopener\">le couple qu&rsquo;il partage avec Mareva<\/a>&#8230;<\/p>\n<p>Apr\u00e8s <strong>avoir \u00e9t\u00e9 mari\u00e9 \u00e0 Estelle Lef\u00e9bure<\/strong>, Arthur a rencontr\u00e9 en 2008 Mareva Galanter sur le tournage de Panique dans l&rsquo;oreillette. Fr\u00e9d\u00e9ric Lopez les invite \u00e0 chanter ensemble. C&rsquo;est le coup de foudre. La Miss quitte son compagnon de l&rsquo;\u00e9poque, le styliste et costumier <strong>Jean-Michel de Castelbajac<\/strong>. Ils se marient <a href=\"https:\/\/www.public.fr\/noces-de-coco-mareva-galanter-devoile-des-images-inedites-de-son-mariage-avec-arthur\" target=\"_blank\" rel=\"noopener\">le 3 ao\u00fbt 2017, dans l&rsquo;intimit\u00e9 la plus stricte, \u00e0 Bora-Bora<\/a>. Ils ne rendront leur union publique que plusieurs plus tard. <strong>Mais leur famille recompos\u00e9e n&rsquo;en demeure pas moins une priorit\u00e9<\/strong>. Arthur, d\u00e9j\u00e0 papa de deux fils de relations ant\u00e9rieures, est aussi celui de <a href=\"https:\/\/www.public.fr\/arthur-devoile-un-rare-et-detendre-cliche-de-l-anniversaire-de-sa-fille\" target=\"_blank\" rel=\"noopener\">Manava, une fille n\u00e9e de leur union<\/a>.<\/p>\n<p>      Mentionn\u00e9s dans cet article<\/p>\n<p>      Sur le m\u00eame sujet<\/p>\n","protected":false},"excerpt":{"rendered":"R\u00e9sum\u00e9 Depuis les attaques du 7 octobre 2023, Arthur et Mareva Galanter font face \u00e0 des tensions personnelles&hellip;\n","protected":false},"author":2,"featured_media":423888,"comment_status":"","ping_status":"","sticky":false,"template":"","format":"standard","meta":{"footnotes":""},"categories":[8],"tags":[14684,12232,1193,58,59,1011,27,43695],"class_list":{"0":"post-423887","1":"post","2":"type-post","3":"status-publish","4":"format-standard","5":"has-post-thumbnail","7":"category-divertissement","8":"tag-arthur","9":"tag-clash","10":"tag-couple","11":"tag-divertissement","12":"tag-entertainment","13":"tag-fr","14":"tag-france","15":"tag-mareva-galanter"},"share_on_mastodon":{"url":"https:\/\/pubeurope.com\/@fr\/115282323945266467","error":""},"_links":{"self":[{"href":"https:\/\/www.europesays.com\/fr\/wp-json\/wp\/v2\/posts\/423887","targetHints":{"allow":["GET"]}}],"collection":[{"href":"https:\/\/www.europesays.com\/fr\/wp-json\/wp\/v2\/posts"}],"about":[{"href":"https:\/\/www.europesays.com\/fr\/wp-json\/wp\/v2\/types\/post"}],"author":[{"embeddable":true,"href":"https:\/\/www.europesays.com\/fr\/wp-json\/wp\/v2\/users\/2"}],"replies":[{"embeddable":true,"href":"https:\/\/www.europesays.com\/fr\/wp-json\/wp\/v2\/comments?post=423887"}],"version-history":[{"count":0,"href":"https:\/\/www.europesays.com\/fr\/wp-json\/wp\/v2\/posts\/423887\/revisions"}],"wp:featuredmedia":[{"embeddable":true,"href":"https:\/\/www.europesays.com\/fr\/wp-json\/wp\/v2\/media\/423888"}],"wp:attachment":[{"href":"https:\/\/www.europesays.com\/fr\/wp-json\/wp\/v2\/media?parent=423887"}],"wp:term":[{"taxonomy":"category","embeddable":true,"href":"https:\/\/www.europesays.com\/fr\/wp-json\/wp\/v2\/categories?post=423887"},{"taxonomy":"post_tag","embeddable":true,"href":"https:\/\/www.europesays.com\/fr\/wp-json\/wp\/v2\/tags?post=423887"}],"curies":[{"name":"wp","href":"https:\/\/api.w.org\/{rel}","templated":true}]}}