{"id":423891,"date":"2025-09-28T14:11:10","date_gmt":"2025-09-28T14:11:10","guid":{"rendered":"https:\/\/www.europesays.com\/fr\/423891\/"},"modified":"2025-09-28T14:11:10","modified_gmt":"2025-09-28T14:11:10","slug":"le-cofondateur-de-ledger-critique-letat-obese-qui-vit-au-dessus-de-ses-moyens","status":"publish","type":"post","link":"https:\/\/www.europesays.com\/fr\/423891\/","title":{"rendered":"le cofondateur de Ledger critique l\u2019\u00ab\u00c9tat ob\u00e8se qui vit au-dessus de ses moyens\u00bb"},"content":{"rendered":"<p>L\u2019entrepreneur \u00c9ric Larchev\u00eaque estime que \u00abla situation de la France est d\u00e9plorable et ne va pas s\u2019am\u00e9liorer\u00bb.<\/p>\n<p class=\"fig-paragraph\">\u00abLa situation de la France est d\u00e9plorable et ne va pas s\u2019am\u00e9liorer.\u00bb C\u2019est l\u2019avis d\u2019<a href=\"https:\/\/video.lefigaro.fr\/figaro\/economie\/taxe-zucman-tout-le-monde-me-dit-de-quitter-la-france-20250916\" target=\"_blank\" data-fig-type=\"Video\" rel=\"sponsored noopener nofollow\" data-gtm-custom-categorie=\"navigation\" data-gtm-custom-action=\"crossclick\" data-gtm-custom-label=\"Contextuel\" data-gtm-event=\"customEventSPE\" data-fig-domain=\"LEFIGARO\">\u00c9ric Larchev\u00eaque<\/a>, cofondateur de Ledger, soci\u00e9t\u00e9 de portefeuilles de cryptomonnaies. Il est connu pour sa participation \u00e0 l\u2019\u00e9mission \u00abQui veut \u00eatre mon associ\u00e9\u00a0?\u00bb, diffus\u00e9e sur M6 mais aussi parce qu\u2019il est l\u2019associ\u00e9 de\u00a0<a href=\"http:\/\/www.lefigaro.fr\/actualite-france\/musk-est-tres-bon-ambassadeur-des-cryptos-qui-est-david-balland-le-cofondateur-kidnappe-de-la-pepite-francaise-des-cryptomonnaies-ledger-20250124\" data-fig-type=\"NewsFlash\" data-gtm-custom-categorie=\"navigation\" data-gtm-custom-action=\"crossclick\" data-gtm-custom-label=\"Contextuel\" data-gtm-event=\"customEventSPE\" data-fig-domain=\"LEFIGARO\" rel=\"nofollow noopener\" target=\"_blank\">David Balland<\/a>\u00a0qui avait \u00e9t\u00e9 kidnapp\u00e9 avec sa femme en janvier dernier. Son constat sur les finances de la France est sans appel\u00a0: la\u00a0<a href=\"http:\/\/www.lefigaro.fr\/conjoncture\/la-dette-publique-bat-un-nouveau-record-a-115-6-du-pib-la-france-s-enferme-dans-le-role-du-cancre-de-l-europe-20250925\" data-fig-type=\"NewsFlash\" data-gtm-custom-categorie=\"navigation\" data-gtm-custom-action=\"crossclick\" data-gtm-custom-label=\"Contextuel\" data-gtm-event=\"customEventSPE\" data-fig-domain=\"LEFIGARO\" rel=\"nofollow noopener\" target=\"_blank\">dette est \u00aben explosion\u00bb<\/a>\u00a0et le budget \u00abhors de contr\u00f4le\u00bb.<\/p>\n<p class=\"fig-paragraph\">Un environnement loin d\u2019\u00eatre favorable pour les jeunes entrepreneurs, selon \u00c9ric Larchev\u00eaque. Sans compter la\u00a0<a href=\"http:\/\/www.lefigaro.fr\/conjoncture\/isf-impots-taxe-zucman-sebastien-lecornu-devoile-ses-priorites-fiscales-20250926\" data-fig-type=\"NewsFlash\" data-gtm-custom-categorie=\"navigation\" data-gtm-custom-action=\"crossclick\" data-gtm-custom-label=\"Contextuel\" data-gtm-event=\"customEventSPE\" data-fig-domain=\"LEFIGARO\" rel=\"nofollow noopener\" target=\"_blank\">taxe Zucman<\/a>\u00a0(imp\u00f4t plancher de 2% pour toute personne d\u00e9tenant 100 millions d\u2019euros, NDLR) qui fait grincer des dents le Medef et a \u00e9t\u00e9 \u00e9cart\u00e9e par le nouveau premier ministre S\u00e9bastien Lecornu. \u00abBeaucoup de jeunes entrepreneurs me demandent s\u2019il vaut mieux rester ou partir. Il y a quelques ann\u00e9es, je leur disais\u00a0: \u00abRestez, entreprenez ici. Aujourd\u2019hui, je leur r\u00e9ponds que, s\u2019ils en ont la possibilit\u00e9, il vaut mieux partir\u00bb, explique-t-il\u00a0<a href=\"https:\/\/www.lepoint.fr\/economie\/eric-larcheveque-aujourd-hui-je-dis-aux-jeunes-entrepreneurs-qu-il-vaut-mieux-quitter-la-france-27-09-2025-2599669_28.php?at_variante=Community%20Management&amp;at_creation=Twitter&amp;at_campaign=Page%20Twitter%20Le%20Point&amp;at_medium=Social%20Management\" target=\"_blank\" rel=\"sponsored noopener nofollow\" data-gtm-custom-categorie=\"navigation\" data-gtm-custom-action=\"crossclick\" data-gtm-custom-label=\"Contextuel\" data-gtm-event=\"customEventSPE\">dans une interview au Point<\/a>.<\/p>\n<p>                                    <a class=\"fig-a11y-skip a11y-hidden\" href=\"#fig-a11y-skip-main-inarticle\"><br \/>\n        Passer la publicit\u00e9<br \/>\n    <\/a><\/p>\n<p>Quitter la France\u00a0? Un \u00e9chec personnel<\/p>\n<p class=\"fig-paragraph\">L\u2019entrepreneur de 51 ans d\u00e9crit un \u00ab<a href=\"http:\/\/www.lefigaro.fr\/conjoncture\/en-35-ans-aucun-gouvernement-n-a-reussi-a-reduire-le-deficit-public-par-la-maitrise-des-depenses-20250923\" data-fig-type=\"Article\" data-gtm-custom-categorie=\"navigation\" data-gtm-custom-action=\"crossclick\" data-gtm-custom-label=\"Contextuel\" data-gtm-event=\"customEventSPE\" data-fig-domain=\"LEFIGARO\" rel=\"nofollow noopener\" target=\"_blank\">\u00c9tat ob\u00e8se qui vit au-dessus de ses moyens<\/a> \u00bb, \u00abincapable de g\u00e9rer la situation\u00bb et redoute le sc\u00e9nario catastrophique qui rappelle les d\u00e9boires de la Gr\u00e8ce il y a une dizaine d\u2019ann\u00e9es\u00a0: la mise sous tutelle. Dans ce contexte, \u00abun\u00a0<a href=\"http:\/\/www.lefigaro.fr\/vox\/societe\/polemique-bernard-arnault-quand-les-riches-font-d-utiles-boucs-emissaires-20230905\" data-fig-type=\"Article\" data-gtm-custom-categorie=\"navigation\" data-gtm-custom-action=\"crossclick\" data-gtm-custom-label=\"Contextuel\" data-gtm-event=\"customEventSPE\" data-fig-domain=\"LEFIGARO\" rel=\"nofollow noopener\" target=\"_blank\">bouc \u00e9missaire<\/a> \u00a0est n\u00e9cessaire\u00bb. \u00abC\u2019est le riche\u00bb, d\u00e9plore-t-il. \u00abIl y a un v\u00e9ritable schisme dans la soci\u00e9t\u00e9\u00a0: d\u2019un c\u00f4t\u00e9, ceux qui produisent, innovent, cr\u00e9ent de la valeur; de l\u2019autre, ceux qui r\u00e9clament qu\u2019on s\u2019occupe d\u2019eux et qu\u2019on leur donne davantage.\u00bb<\/p>\n<p class=\"fig-paragraph\">M\u00eame s\u2019ils ne sont pas concern\u00e9s par la taxe Zucman, \u00abbeaucoup d\u2019entrepreneurs se sentent directement vis\u00e9s\u00bb et \u00abne se sentent plus vraiment \u00e0 leur place dans ce pays et se posent de s\u00e9rieuses questions sur leur avenir\u00bb, estime \u00c9ric Larchev\u00eaque. C\u2019est son cas, m\u00eame s\u2019il n\u2019envisage pas de quitter la France. \u00abJe n\u2019en ai pas envie. Ce serait un \u00e9chec personnel. J\u2019ai construit ma vie en France.\u00bb<\/p>\n","protected":false},"excerpt":{"rendered":"L\u2019entrepreneur \u00c9ric Larchev\u00eaque estime que \u00abla situation de la France est d\u00e9plorable et ne va pas s\u2019am\u00e9liorer\u00bb. \u00abLa&hellip;\n","protected":false},"author":2,"featured_media":423892,"comment_status":"","ping_status":"","sticky":false,"template":"","format":"standard","meta":{"footnotes":""},"categories":[6],"tags":[35,33,34,6329,1011,27,5394,2549],"class_list":{"0":"post-423891","1":"post","2":"type-post","3":"status-publish","4":"format-standard","5":"has-post-thumbnail","7":"category-economie","8":"tag-business","9":"tag-economie","10":"tag-economy","11":"tag-finances-publiques","12":"tag-fr","13":"tag-france","14":"tag-ledger","15":"tag-taxe"},"share_on_mastodon":{"url":"https:\/\/pubeurope.com\/@fr\/115282331775398967","error":""},"_links":{"self":[{"href":"https:\/\/www.europesays.com\/fr\/wp-json\/wp\/v2\/posts\/423891","targetHints":{"allow":["GET"]}}],"collection":[{"href":"https:\/\/www.europesays.com\/fr\/wp-json\/wp\/v2\/posts"}],"about":[{"href":"https:\/\/www.europesays.com\/fr\/wp-json\/wp\/v2\/types\/post"}],"author":[{"embeddable":true,"href":"https:\/\/www.europesays.com\/fr\/wp-json\/wp\/v2\/users\/2"}],"replies":[{"embeddable":true,"href":"https:\/\/www.europesays.com\/fr\/wp-json\/wp\/v2\/comments?post=423891"}],"version-history":[{"count":0,"href":"https:\/\/www.europesays.com\/fr\/wp-json\/wp\/v2\/posts\/423891\/revisions"}],"wp:featuredmedia":[{"embeddable":true,"href":"https:\/\/www.europesays.com\/fr\/wp-json\/wp\/v2\/media\/423892"}],"wp:attachment":[{"href":"https:\/\/www.europesays.com\/fr\/wp-json\/wp\/v2\/media?parent=423891"}],"wp:term":[{"taxonomy":"category","embeddable":true,"href":"https:\/\/www.europesays.com\/fr\/wp-json\/wp\/v2\/categories?post=423891"},{"taxonomy":"post_tag","embeddable":true,"href":"https:\/\/www.europesays.com\/fr\/wp-json\/wp\/v2\/tags?post=423891"}],"curies":[{"name":"wp","href":"https:\/\/api.w.org\/{rel}","templated":true}]}}