{"id":423914,"date":"2025-09-28T14:23:09","date_gmt":"2025-09-28T14:23:09","guid":{"rendered":"https:\/\/www.europesays.com\/fr\/423914\/"},"modified":"2025-09-28T14:23:09","modified_gmt":"2025-09-28T14:23:09","slug":"un-grand-soleil-au-programme-tous-les-jours-de-la-semaine","status":"publish","type":"post","link":"https:\/\/www.europesays.com\/fr\/423914\/","title":{"rendered":"un grand soleil au programme tous les jours de la semaine"},"content":{"rendered":"<p>            Par<br \/>\n        <strong><br \/>\n            <a href=\"https:\/\/actu.fr\/auteur\/thomas-rideau\" title=\"Consulter tous les articles de Thomas Rideau\" rel=\"nofollow noopener\" target=\"_blank\">Thomas Rideau<\/a><br \/>\n        <\/strong><\/p>\n<p>        Publi\u00e9 le<\/p>\n<p>            28 sept. 2025 \u00e0 16h01        <\/p>\n<p>L\u2019\u00e9t\u00e9 fait de la r\u00e9sistance pour cette premi\u00e8re semaine d\u2019octobre en <a href=\"https:\/\/actu.fr\/76actu\/\" rel=\"nofollow noopener\" target=\"_blank\">Seine-Maritime<\/a>\u2009! Entre le 29\u00a0septembre et le 3\u00a0octobre 2025, <strong>le soleil va faire son retour<\/strong> et quel retour. D\u2019apr\u00e8s les pr\u00e9visions de M\u00e9t\u00e9o France, il va briller tous les jours de la semaine.<\/p>\n<p>Les 20\u00a0\u00b0C atteint<\/p>\n<p class=\" wall-content\">\u00c0 peine voil\u00e9 sur la c\u00f4te en d\u00e9but de journ\u00e9e, <strong>le soleil va chauffer<\/strong> le reste du d\u00e9partement. Et \u00e7a va se ressentir tr\u00e8s concr\u00e8tement sur les temp\u00e9ratures. C\u2019est simple\u2009: du lundi au vendredi, la temp\u00e9rature va atteindre les 20\u00a0\u00b0C.<\/p>\n<p class=\" wall-content\">De quoi <a href=\"https:\/\/www.tiktok.com\/@76actu.fr?lang=fr\" rel=\"nofollow noopener\" target=\"_blank\">ranger les manteaux\u2009?<\/a> Pas tout \u00e0 fait\u2026 \u00c0 partir de samedi, la pluie va faire son retour en force sur tout le territoire. Mais c\u2019est peut-\u00eatre <strong>la derni\u00e8re semaine de l\u2019ann\u00e9e<\/strong> o\u00f9 on pourra autant profiter d\u2019une m\u00e9t\u00e9o aussi cl\u00e9mente.<\/p>\n<p class=\" wall-content\">Personnalisez votre actualit\u00e9 en ajoutant vos villes et m\u00e9dias en favori avec <a href=\"https:\/\/moncompte.actu.fr\" title=\"D\u00e9couvez Mon Actu\" rel=\"nofollow noopener\" data-trk=\"{&quot;cta&quot;:{&quot;action&quot;:&quot;https:\\\/\\\/moncompte.actu.fr&quot;,&quot;category&quot;:&quot;mon compte&quot;,&quot;from&quot;:&quot;article footer&quot;,&quot;name&quot;:&quot;Mon actu&quot;,&quot;type&quot;:&quot;cta&quot;}}\" target=\"_blank\">Mon Actu<\/a>.<\/p>\n<p>                    <script async src=\"\/\/www.tiktok.com\/embed.js\"><\/script><\/p>\n","protected":false},"excerpt":{"rendered":"Par Thomas Rideau Publi\u00e9 le 28 sept. 2025 \u00e0 16h01 L\u2019\u00e9t\u00e9 fait de la r\u00e9sistance pour cette premi\u00e8re&hellip;\n","protected":false},"author":2,"featured_media":230745,"comment_status":"","ping_status":"","sticky":false,"template":"","format":"standard","meta":{"footnotes":""},"categories":[9587],"tags":[1111,11,1777,674,1011,27,1652,2357,12,5161,25,9590],"class_list":{"0":"post-423914","1":"post","2":"type-post","3":"status-publish","4":"format-standard","5":"has-post-thumbnail","7":"category-rouen","8":"tag-actu","9":"tag-actualites","10":"tag-eu","11":"tag-europe","12":"tag-fr","13":"tag-france","14":"tag-loisirs-culture","15":"tag-meteo-france","16":"tag-news","17":"tag-normandie","18":"tag-republique-francaise","19":"tag-rouen"},"share_on_mastodon":{"url":"https:\/\/pubeurope.com\/@fr\/115282379038376740","error":""},"_links":{"self":[{"href":"https:\/\/www.europesays.com\/fr\/wp-json\/wp\/v2\/posts\/423914","targetHints":{"allow":["GET"]}}],"collection":[{"href":"https:\/\/www.europesays.com\/fr\/wp-json\/wp\/v2\/posts"}],"about":[{"href":"https:\/\/www.europesays.com\/fr\/wp-json\/wp\/v2\/types\/post"}],"author":[{"embeddable":true,"href":"https:\/\/www.europesays.com\/fr\/wp-json\/wp\/v2\/users\/2"}],"replies":[{"embeddable":true,"href":"https:\/\/www.europesays.com\/fr\/wp-json\/wp\/v2\/comments?post=423914"}],"version-history":[{"count":0,"href":"https:\/\/www.europesays.com\/fr\/wp-json\/wp\/v2\/posts\/423914\/revisions"}],"wp:featuredmedia":[{"embeddable":true,"href":"https:\/\/www.europesays.com\/fr\/wp-json\/wp\/v2\/media\/230745"}],"wp:attachment":[{"href":"https:\/\/www.europesays.com\/fr\/wp-json\/wp\/v2\/media?parent=423914"}],"wp:term":[{"taxonomy":"category","embeddable":true,"href":"https:\/\/www.europesays.com\/fr\/wp-json\/wp\/v2\/categories?post=423914"},{"taxonomy":"post_tag","embeddable":true,"href":"https:\/\/www.europesays.com\/fr\/wp-json\/wp\/v2\/tags?post=423914"}],"curies":[{"name":"wp","href":"https:\/\/api.w.org\/{rel}","templated":true}]}}