{"id":423915,"date":"2025-09-28T14:24:18","date_gmt":"2025-09-28T14:24:18","guid":{"rendered":"https:\/\/www.europesays.com\/fr\/423915\/"},"modified":"2025-09-28T14:24:18","modified_gmt":"2025-09-28T14:24:18","slug":"seine-marathon-76-une-participation-record-pour-les-differents-formats-de-course-a-rouen","status":"publish","type":"post","link":"https:\/\/www.europesays.com\/fr\/423915\/","title":{"rendered":"Seine-Marathon 76. Une participation record pour les diff\u00e9rents formats de course \u00e0 Rouen"},"content":{"rendered":"<p melodystyle=\"texte\">Voil\u00e0 qui confirme la vraie tendance de fond du moment pour la course \u00e0 pied.\u00a0<a href=\"https:\/\/www.tendanceouest.com\/actualite-430328-rouen-decouvrez-les-parcours-du-seine-marathon-76-qui-compte-deja-plus-de-10-000-inscrits\" target=\"_blank\" rel=\"nofollow noopener\">Le Seine Marathon 76<\/a>\u00a0et ses diff\u00e9rents formats de course a accueilli un nombre record de coureurs depuis sa cr\u00e9ation en 2018, samedi\u00a027 et dimanche 28\u00a0septembre. Plus de 15\u00a0000 personnes y ont pris part. Le 10km du samedi et le semi-marathon du dimanche matin affichaient m\u00eame complet.\u00a0Le Seine-marathon 76 est d\u00e9sormais dans le top 10 fran\u00e7ais de ces courses. <a href=\"https:\/\/results.sportinnovation.fr\/\/seine_marathon_76\/\" target=\"_blank\" rel=\"nofollow noopener\">C\u00f4t\u00e9 performances,<\/a> ce sont Aur\u00e9lien Declosmesnil en 2h32&rsquo;16\u00a0\u00bb et Camille Chaigneau en 2h47&rsquo;08 qui ont \u00e9t\u00e9 les plus rapides \u00e0 parcourir les 42km du marathon. Sur le semi-marathon, Gatien Durand s&rsquo;impose chez les hommes en 1h07&rsquo;55\u00a0\u00bb et Blandine Vincent chez les femmes en 1h19&rsquo;47\u00a0\u00bb.<\/p>\n","protected":false},"excerpt":{"rendered":"Voil\u00e0 qui confirme la vraie tendance de fond du moment pour la course \u00e0 pied.\u00a0Le Seine Marathon 76\u00a0et&hellip;\n","protected":false},"author":2,"featured_media":423916,"comment_status":"","ping_status":"","sticky":false,"template":"","format":"standard","meta":{"footnotes":""},"categories":[9587],"tags":[1111,11,1777,674,1011,27,12,5161,25,9590],"class_list":{"0":"post-423915","1":"post","2":"type-post","3":"status-publish","4":"format-standard","5":"has-post-thumbnail","7":"category-rouen","8":"tag-actu","9":"tag-actualites","10":"tag-eu","11":"tag-europe","12":"tag-fr","13":"tag-france","14":"tag-news","15":"tag-normandie","16":"tag-republique-francaise","17":"tag-rouen"},"share_on_mastodon":{"url":"https:\/\/pubeurope.com\/@fr\/115282382903915569","error":""},"_links":{"self":[{"href":"https:\/\/www.europesays.com\/fr\/wp-json\/wp\/v2\/posts\/423915","targetHints":{"allow":["GET"]}}],"collection":[{"href":"https:\/\/www.europesays.com\/fr\/wp-json\/wp\/v2\/posts"}],"about":[{"href":"https:\/\/www.europesays.com\/fr\/wp-json\/wp\/v2\/types\/post"}],"author":[{"embeddable":true,"href":"https:\/\/www.europesays.com\/fr\/wp-json\/wp\/v2\/users\/2"}],"replies":[{"embeddable":true,"href":"https:\/\/www.europesays.com\/fr\/wp-json\/wp\/v2\/comments?post=423915"}],"version-history":[{"count":0,"href":"https:\/\/www.europesays.com\/fr\/wp-json\/wp\/v2\/posts\/423915\/revisions"}],"wp:featuredmedia":[{"embeddable":true,"href":"https:\/\/www.europesays.com\/fr\/wp-json\/wp\/v2\/media\/423916"}],"wp:attachment":[{"href":"https:\/\/www.europesays.com\/fr\/wp-json\/wp\/v2\/media?parent=423915"}],"wp:term":[{"taxonomy":"category","embeddable":true,"href":"https:\/\/www.europesays.com\/fr\/wp-json\/wp\/v2\/categories?post=423915"},{"taxonomy":"post_tag","embeddable":true,"href":"https:\/\/www.europesays.com\/fr\/wp-json\/wp\/v2\/tags?post=423915"}],"curies":[{"name":"wp","href":"https:\/\/api.w.org\/{rel}","templated":true}]}}