{"id":423954,"date":"2025-09-28T14:49:12","date_gmt":"2025-09-28T14:49:12","guid":{"rendered":"https:\/\/www.europesays.com\/fr\/423954\/"},"modified":"2025-09-28T14:49:12","modified_gmt":"2025-09-28T14:49:12","slug":"sa-mort-cest-le-choc-de-ma-vie-guy-frere-de-daniel-balavoine-chante-dans-le-spectacle-qui-lui-rend-hommage","status":"publish","type":"post","link":"https:\/\/www.europesays.com\/fr\/423954\/","title":{"rendered":"\u00ab\u00a0Sa mort, c\u2019est le choc de ma vie\u00a0\u00bb\u00a0: Guy, fr\u00e8re de Daniel Balavoine, chante dans le spectacle qui lui rend hommage"},"content":{"rendered":"<p class=\"paragraph text_align_left lp-f-body-02\">Lors des ultimes r\u00e9p\u00e9titions mercredi dernier, \u00e0 Beauvais (<a href=\"https:\/\/www.leparisien.fr\/oise-60\/\" target=\"_blank\" rel=\"noreferrer nofollow noopener\">Oise<\/a>), du spectacle hommage \u00ab Balavoine : Ma bataille \u00bb, il a accept\u00e9 de nous parler de son petit fr\u00e8re et du vide qu\u2019il a laiss\u00e9 en lui. La tourn\u00e9e de ce show, emmen\u00e9 par sept jeunes chanteurs et accompagn\u00e9 de plusieurs anciens musiciens de la star d\u00e9c\u00e9d\u00e9e, d\u00e9marrera le 14 janvier, jour de sa mort en 1986, \u00e0 Alen\u00e7on (Orne), sa ville natale.<\/p>\n","protected":false},"excerpt":{"rendered":"Lors des ultimes r\u00e9p\u00e9titions mercredi dernier, \u00e0 Beauvais (Oise), du spectacle hommage \u00ab Balavoine : Ma bataille \u00bb,&hellip;\n","protected":false},"author":2,"featured_media":423955,"comment_status":"","ping_status":"","sticky":false,"template":"","format":"standard","meta":{"footnotes":""},"categories":[1888],"tags":[1111,1928,11,1927,872,1777,674,1011,27,873,12,1926,626,1925,25],"class_list":{"0":"post-423954","1":"post","2":"type-post","3":"status-publish","4":"format-standard","5":"has-post-thumbnail","7":"category-paris","8":"tag-actu","9":"tag-actu-paris","10":"tag-actualites","11":"tag-actualites-paris","12":"tag-culture-et-loisirs","13":"tag-eu","14":"tag-europe","15":"tag-fr","16":"tag-france","17":"tag-musique","18":"tag-news","19":"tag-news-paris","20":"tag-paris","21":"tag-paris-news","22":"tag-republique-francaise"},"share_on_mastodon":{"url":"https:\/\/pubeurope.com\/@fr\/115282481287032909","error":""},"_links":{"self":[{"href":"https:\/\/www.europesays.com\/fr\/wp-json\/wp\/v2\/posts\/423954","targetHints":{"allow":["GET"]}}],"collection":[{"href":"https:\/\/www.europesays.com\/fr\/wp-json\/wp\/v2\/posts"}],"about":[{"href":"https:\/\/www.europesays.com\/fr\/wp-json\/wp\/v2\/types\/post"}],"author":[{"embeddable":true,"href":"https:\/\/www.europesays.com\/fr\/wp-json\/wp\/v2\/users\/2"}],"replies":[{"embeddable":true,"href":"https:\/\/www.europesays.com\/fr\/wp-json\/wp\/v2\/comments?post=423954"}],"version-history":[{"count":0,"href":"https:\/\/www.europesays.com\/fr\/wp-json\/wp\/v2\/posts\/423954\/revisions"}],"wp:featuredmedia":[{"embeddable":true,"href":"https:\/\/www.europesays.com\/fr\/wp-json\/wp\/v2\/media\/423955"}],"wp:attachment":[{"href":"https:\/\/www.europesays.com\/fr\/wp-json\/wp\/v2\/media?parent=423954"}],"wp:term":[{"taxonomy":"category","embeddable":true,"href":"https:\/\/www.europesays.com\/fr\/wp-json\/wp\/v2\/categories?post=423954"},{"taxonomy":"post_tag","embeddable":true,"href":"https:\/\/www.europesays.com\/fr\/wp-json\/wp\/v2\/tags?post=423954"}],"curies":[{"name":"wp","href":"https:\/\/api.w.org\/{rel}","templated":true}]}}