{"id":423981,"date":"2025-09-28T15:04:13","date_gmt":"2025-09-28T15:04:13","guid":{"rendered":"https:\/\/www.europesays.com\/fr\/423981\/"},"modified":"2025-09-28T15:04:13","modified_gmt":"2025-09-28T15:04:13","slug":"golf-a-deauville-elle-gagne-a-16-ans-le-lacoste-ladies-open-de-france-2025","status":"publish","type":"post","link":"https:\/\/www.europesays.com\/fr\/423981\/","title":{"rendered":"Golf. A Deauville, elle gagne \u00e0 16 ans le Lacoste Ladies Open de France 2025"},"content":{"rendered":"<p>            Par<br \/>\n        <strong><br \/>\n            <a href=\"https:\/\/actu.fr\/auteur\/patrick-oger\" title=\"Consulter tous les articles de Patrick Oger\" target=\"_blank\" rel=\"noopener\">Patrick Oger<\/a><br \/>\n        <\/strong><\/p>\n<p>        Publi\u00e9 le<\/p>\n<p>            27 sept. 2025 \u00e0 20h27        <\/p>\n<p>Le <a href=\"https:\/\/www.opendefrancefeminin.fr\/\" target=\"_blank\" rel=\"noopener\">Lacoste Ladies Open de France<\/a>, pour la 4e fois en version Deauville, s\u2019est achev\u00e9 par une petite surprise avec la victoire d\u2019Anna Huang ce samedi 27 septembre 2025. A seulement 16 ans, la jeune canadienne inscrit son nom sur le palmar\u00e8s de la prestigieuse \u00e9preuve fran\u00e7aise.<\/p>\n<p class=\" wall-content\">\n<p class=\" wall-content\">Cette surprise, elle a commenc\u00e9 \u00e0 se dessiner lors des deux premi\u00e8res jours de comp\u00e9tition (jeudi et vendredi) avec d\u00e9j\u00e0 une premi\u00e8re place et un petit coup d\u2019avance sur ses poursuivantes. Ces derni\u00e8res n\u2019ont jamais r\u00e9ussi \u00e0 inverser la tendance ce samedi 27 septembre 2025.<\/p>\n<p class=\" wall-content\">La Canadienne, qui termine avec un -15 (nombre de coups en dessous de ce qui \u00e9tait demand\u00e9), a su conserver Helen Briem \u00e0 distance (-14) et surtout elle a r\u00e9ussi \u00e0 contenir le retour de Casandra Alexander qui \u00e9choue, elle aussi, \u00e0 un petit coup. Apr\u00e8s sa victoire en Espagne du week-end, Anna Huang poursuivra son p\u00e9riple avec un tournoi en Inde.<\/p>\n<p class=\" wall-content\">On retiendra, par ailleurs, que Nastasia Nadaud termine premi\u00e8re fran\u00e7aise (8e). <a href=\"https:\/\/fr.wikipedia.org\/wiki\/C%C3%A9line_Boutier\" target=\"_blank\" rel=\"noopener\">C\u00e9line Boutier<\/a>, la num\u00e9ro 1 fran\u00e7aise, qui a tr\u00e8s mal d\u00e9but\u00e9 cet open, termine 13e \u00e0 \u00e9galit\u00e9 de points avec Camille Chevalier (-7).<\/p>\n<p>Vid\u00e9os : en ce moment sur ActuLe classement<\/p>\n<p class=\" wall-content\">1ere Anna Huang (-15); 2e Helen Briem (-14); 3e Casandra Alexander (-14); Brianna Navarrosa (-11);\u00a0 5e Kirstein Rudgeley\u2026 9e Nastasia Nadaud (-8)\u2026 13e C\u00e9line Boutier (-7); 13e Camille Chevalier (-7).<\/p>\n<p class=\" wall-content\">Personnalisez votre actualit\u00e9 en ajoutant vos villes et m\u00e9dias en favori avec <a href=\"https:\/\/moncompte.actu.fr\" title=\"D\u00e9couvez Mon Actu\" rel=\"nofollow noopener\" data-trk=\"{&quot;cta&quot;:{&quot;action&quot;:&quot;https:\\\/\\\/moncompte.actu.fr&quot;,&quot;category&quot;:&quot;mon compte&quot;,&quot;from&quot;:&quot;article footer&quot;,&quot;name&quot;:&quot;Mon actu&quot;,&quot;type&quot;:&quot;cta&quot;}}\" target=\"_blank\">Mon Actu<\/a>.<\/p>\n","protected":false},"excerpt":{"rendered":"Par Patrick Oger Publi\u00e9 le 27 sept. 2025 \u00e0 20h27 Le Lacoste Ladies Open de France, pour la&hellip;\n","protected":false},"author":2,"featured_media":423982,"comment_status":"","ping_status":"","sticky":false,"template":"","format":"standard","meta":{"footnotes":""},"categories":[1418],"tags":[3062,1011,27,1472,60],"class_list":{"0":"post-423981","1":"post","2":"type-post","3":"status-publish","4":"format-standard","5":"has-post-thumbnail","7":"category-golf","8":"tag-autres-sports","9":"tag-fr","10":"tag-france","11":"tag-golf","12":"tag-sports"},"share_on_mastodon":{"url":"https:\/\/pubeurope.com\/@fr\/115282540283875651","error":""},"_links":{"self":[{"href":"https:\/\/www.europesays.com\/fr\/wp-json\/wp\/v2\/posts\/423981","targetHints":{"allow":["GET"]}}],"collection":[{"href":"https:\/\/www.europesays.com\/fr\/wp-json\/wp\/v2\/posts"}],"about":[{"href":"https:\/\/www.europesays.com\/fr\/wp-json\/wp\/v2\/types\/post"}],"author":[{"embeddable":true,"href":"https:\/\/www.europesays.com\/fr\/wp-json\/wp\/v2\/users\/2"}],"replies":[{"embeddable":true,"href":"https:\/\/www.europesays.com\/fr\/wp-json\/wp\/v2\/comments?post=423981"}],"version-history":[{"count":0,"href":"https:\/\/www.europesays.com\/fr\/wp-json\/wp\/v2\/posts\/423981\/revisions"}],"wp:featuredmedia":[{"embeddable":true,"href":"https:\/\/www.europesays.com\/fr\/wp-json\/wp\/v2\/media\/423982"}],"wp:attachment":[{"href":"https:\/\/www.europesays.com\/fr\/wp-json\/wp\/v2\/media?parent=423981"}],"wp:term":[{"taxonomy":"category","embeddable":true,"href":"https:\/\/www.europesays.com\/fr\/wp-json\/wp\/v2\/categories?post=423981"},{"taxonomy":"post_tag","embeddable":true,"href":"https:\/\/www.europesays.com\/fr\/wp-json\/wp\/v2\/tags?post=423981"}],"curies":[{"name":"wp","href":"https:\/\/api.w.org\/{rel}","templated":true}]}}