{"id":423989,"date":"2025-09-28T15:09:10","date_gmt":"2025-09-28T15:09:10","guid":{"rendered":"https:\/\/www.europesays.com\/fr\/423989\/"},"modified":"2025-09-28T15:09:10","modified_gmt":"2025-09-28T15:09:10","slug":"er-ist-eine-legende-quartararo-und-zarco-reagieren-auf-marquez-titel","status":"publish","type":"post","link":"https:\/\/www.europesays.com\/fr\/423989\/","title":{"rendered":"\u201eEr ist eine Legende\u201c: Quartararo und Zarco reagieren auf M\u00e1rquez\u2018 Titel"},"content":{"rendered":"<p class=\"gt-block\">Nach einer schweren Verletzung in der Saison 2020 brauchte Marc M\u00e1rquez f\u00fcnf Jahre, um wieder an die Spitze der Weltrangliste zur\u00fcckzukehren. <a href=\"https:\/\/www.autohebdo.de\/Nachrichten\/MotoGP\" data-internallinksmanager029f6b8e52c=\"4\" title=\"MotoGP\" target=\"_blank\" rel=\"noopener\">MotoGP<\/a>Mit dem Titelgewinn in Motegi, f\u00fcnf Runden vor dem Ende der Weltmeisterschaft, hat die Nummer 93 ein neues Kapitel in der Geschichte seines Sports geschrieben. Genug, um ihn zu einer Legende des Sports im Allgemeinen zu machen, laut <a href=\"https:\/\/www.autohebdo.de\/Nachrichten\/Etikett\/Fabio-Quartararo\" data-internallinksmanager029f6b8e52c=\"15\" title=\"fabio quartaro\" target=\"_blank\" rel=\"noopener\">fabio quartaro<\/a>, MotoGP-Weltmeister 2021.<\/p>\n<\/p>\n<p class=\"gt-block\">Ich denke, er ist mehr als nur ein Sportler, er ist jetzt eine Legende. Das war er schon. Als ich das Video von seiner Jubelfeier sah, war ich selbst ger\u00fchrt, als ich sah, was er durchgemacht hat, insbesondere seit 2020 mit seiner Verletzung, dem Risiko, das er mit dem Teamwechsel eingegangen ist, und was er dieses Jahr erreicht hat, vor allem diese Dominanz \u2013 es ist unglaublich. Ich freue mich sehr f\u00fcr ihn. Er hat einige sehr schwere Zeiten durchgemacht und verdient wirklich, was er jetzt tut.\u201c<\/p>\n<p class=\"gt-block\">Auch der zweifache Moto2-Weltmeister Johann Zarco zeigte sich von Marc M\u00e1rquez&rsquo; R\u00fcckkehr zur alten Form ger\u00fchrt. Und laut dem Sieger des Gro\u00dfen Preises von Frankreich Anfang des Jahres ist die Jagd nach seinem zehnten Weltmeistertitel im Jahr 2026 bereits im Gange \u2013 ein Titel, mit dem er eine bestimmte Zahl in dieser Statistik \u00fcbertreffen w\u00fcrde. <a href=\"https:\/\/www.autohebdo.de\/Nachrichten\/Etikett\/rote-Valentinsgr%C3%BC%C3%9Fe\" data-internallinksmanager029f6b8e52c=\"35\" title=\"Valentino Rossi\" target=\"_blank\" rel=\"noopener\">Valentino Rossi<\/a>&#8230;<\/p>\n<p class=\"gt-block\">\u201eIch dachte, er w\u00fcrde uns in seinem ersten Jahr auf Ducati vernichten\u201c, erkl\u00e4rte er gegen\u00fcber Canal++. \u201eAber er brauchte etwas Zeit, um sich anzupassen. Es war sch\u00f6n zu sehen, dass auch er Zeit brauchte, um sich anzupassen. Auch wenn er vielleicht schneller ist als andere. Aber nein, diese absolute Entschlossenheit, die er hat, es ist sch\u00f6n, ihn als Weltmeister zur\u00fcck zu sehen. Und ich glaube, tief im Inneren will er Valentino Rossi unbedingt schlagen. Also wird er n\u00e4chstes Jahr seinen zehnten Titel anstreben. Und dann werden wir 2027 sehen, wie die Karten neu gemischt werden.\u201c<\/p>\n<p class=\"gt-block\"><strong>LESEN SIE AUCH &gt; <a href=\"https:\/\/www.autohebdo.de\/Nachrichten\/MotoGP\/Marc-Marquez%E2%80%98-au%C3%9Fergew%C3%B6hnliche-Saison-vor-seinem-Titel-in-Motegi.html\" target=\"_blank\" rel=\"noopener\">Marc M\u00e1rquez\u2018 au\u00dfergew\u00f6hnliche Saison vor seinem Titel in Motegi<\/a><\/strong><\/p>\n<p>Das Jahr 2027 wird in der Tat von einer Regel\u00e4nderung in der MotoGP gepr\u00e4gt sein, und die R\u00fcckkehr von M\u00e1rquez an die Spitze weckt bei Johann Zarco die Hoffnung, dass auch er in der Lage sein wird, an der Spitze zu k\u00e4mpfen, sobald die Weltmeisterschaft in weniger als zwei Jahren ihre kleine Revolution durchgemacht hat \u2026<\/p>\n<p class=\"gt-block\">Es war sch\u00f6n, ihn so ruhig und stark zu sehen. Manchmal regt es einen zum Nachdenken an, motiviert einen, sich selbst zu sagen, dass Gro\u00dfes immer m\u00f6glich ist. Man m\u00f6chte sich sagen: \u201aWarum nicht? Ich bin an der Reihe zu tr\u00e4umen, wenn sich die Kategorien \u00e4ndern.\u2018 Es k\u00f6nnen sich Chancen ergeben, und man muss versuchen, sie zu nutzen.\u201c<\/p>\n<p class=\"gt-block\">Auch M\u00e1rquez\u2018 Teamkollege im offiziellen Ducati-Team, Francesco Bagnaia, wollte dem neuen Weltmeister seinen Respekt zollen: Es gibt sicherlich nicht viele Worte, um Marcs Saison oder die letzten sechs Jahre zu beschreiben. Am Ende ist vieles passiert, was sonst niemand erlebt hat, die Operationen, die schwierigen Zeiten, und er hat eine mentale St\u00e4rke, die \u2013 wie soll ich sagen \u2013 bewundernswert ist. Ich h\u00e4tte diese Saison gerne mit ihm k\u00e4mpfen k\u00f6nnen, aber letztendlich stimmt es nicht, dass er keine Rivalen hatte. Seine Saison war perfekt, abgesehen von drei Rennen, in denen er ein paar Fehler gemacht hat, aber ansonsten war sie unglaublich. Herzlichen Gl\u00fcckwunsch an Marc, seine Familie, Gemma und sein Gefolge, die immer eine sch\u00f6ne Zeit mit ihm verbringen.\u201c<\/p>\n","protected":false},"excerpt":{"rendered":"Nach einer schweren Verletzung in der Saison 2020 brauchte Marc M\u00e1rquez f\u00fcnf Jahre, um wieder an die Spitze&hellip;\n","protected":false},"author":2,"featured_media":423864,"comment_status":"","ping_status":"","sticky":false,"template":"","format":"standard","meta":{"footnotes":""},"categories":[1413],"tags":[1680,1011,27,1741,1461,1457,1456,1458,60],"class_list":{"0":"post-423989","1":"post","2":"type-post","3":"status-publish","4":"format-standard","5":"has-post-thumbnail","7":"category-moto","8":"tag-fabio-quartararo","9":"tag-fr","10":"tag-france","11":"tag-johann-zarco","12":"tag-marc-marquez","13":"tag-moto","14":"tag-motocycle","15":"tag-motogp","16":"tag-sports"},"share_on_mastodon":{"url":"https:\/\/pubeurope.com\/@fr\/115282559997938058","error":""},"_links":{"self":[{"href":"https:\/\/www.europesays.com\/fr\/wp-json\/wp\/v2\/posts\/423989","targetHints":{"allow":["GET"]}}],"collection":[{"href":"https:\/\/www.europesays.com\/fr\/wp-json\/wp\/v2\/posts"}],"about":[{"href":"https:\/\/www.europesays.com\/fr\/wp-json\/wp\/v2\/types\/post"}],"author":[{"embeddable":true,"href":"https:\/\/www.europesays.com\/fr\/wp-json\/wp\/v2\/users\/2"}],"replies":[{"embeddable":true,"href":"https:\/\/www.europesays.com\/fr\/wp-json\/wp\/v2\/comments?post=423989"}],"version-history":[{"count":0,"href":"https:\/\/www.europesays.com\/fr\/wp-json\/wp\/v2\/posts\/423989\/revisions"}],"wp:featuredmedia":[{"embeddable":true,"href":"https:\/\/www.europesays.com\/fr\/wp-json\/wp\/v2\/media\/423864"}],"wp:attachment":[{"href":"https:\/\/www.europesays.com\/fr\/wp-json\/wp\/v2\/media?parent=423989"}],"wp:term":[{"taxonomy":"category","embeddable":true,"href":"https:\/\/www.europesays.com\/fr\/wp-json\/wp\/v2\/categories?post=423989"},{"taxonomy":"post_tag","embeddable":true,"href":"https:\/\/www.europesays.com\/fr\/wp-json\/wp\/v2\/tags?post=423989"}],"curies":[{"name":"wp","href":"https:\/\/api.w.org\/{rel}","templated":true}]}}