{"id":423996,"date":"2025-09-28T15:13:10","date_gmt":"2025-09-28T15:13:10","guid":{"rendered":"https:\/\/www.europesays.com\/fr\/423996\/"},"modified":"2025-09-28T15:13:10","modified_gmt":"2025-09-28T15:13:10","slug":"mathieu-amalric-combien-a-t-il-denfants","status":"publish","type":"post","link":"https:\/\/www.europesays.com\/fr\/423996\/","title":{"rendered":"Mathieu Amalric : combien a-t-il d&rsquo;enfants ?"},"content":{"rendered":"<p>EN BREF<\/p>\n<ul class=\"bloc_resume_post_list\">\n<li>Quantum of Solace, r\u00e9alis\u00e9 par Marc Forster, sorti en<br \/>\n2008, sera diffus\u00e9 sur France 2 le 28 septembre 2025 \u00e0<br \/>\n21h05.<\/li>\n<li>Daniel Craig incarne James Bond pour la deuxi\u00e8me fois,<br \/>\navec Olga Kurylenko et Mathieu Amalric au casting.<\/li>\n<li>Mathieu Amalric s\u00a0\u00bbest inspir\u00e9 du regard de Nicolas<br \/>\nSarkozy pour son r\u00f4le de m\u00e9chant.<\/li>\n<\/ul>\n<p>Sorti au cin\u00e9ma en 2008. Le film <a href=\"https:\/\/www.telestar.fr\/culture\/quantum-of-solace-comment-le-film-devait-il-se-terminer-au-depart-551879\" target=\"_blank\" rel=\"noopener\"><br \/>\nQuantum of Solace<\/a>, <strong>r\u00e9alis\u00e9 par Marc<br \/>\nForster<\/strong>, sera rediffus\u00e9 sur France 2 le dimanche 28<br \/>\nseptembre 2025, \u00e0 partir de 21h05. La cha\u00eene publique poursuit<br \/>\nainsi sa programmation consacr\u00e9e \u00e0 <a href=\"https:\/\/www.telestar.fr\/culture\/james-bond-cette-revelation-qui-a-choque-les-fans-de-la-saga-515526\" target=\"_self\" data-mrf-link=\"https:\/\/www.telestar.fr\/culture\/james-bond-cette-revelation-qui-a-choque-les-fans-de-la-saga-515526\" rel=\"noopener\"><br \/>\nJames Bond<\/a>\u00a0apr\u00e8s avoir diffus\u00e9\u00a0<a href=\"https:\/\/www.telestar.fr\/culture\/casino-royale-pourquoi-pierce-brosnan-n-a-pas-repris-le-role-de-james-bond-dans-un-5eme-film-550485\" target=\"_blank\" rel=\"noopener\">Casino<br \/>\nRoyale<\/a> le dimanche 21 septembre 2025, \u00e9galement en prime<br \/>\ntime.<\/p>\n<p>Au sein de la saga James Bond,\u00a0Quantum of<br \/>\nSolace est le 2e film dans lequel le r\u00f4le titre de 007 est<br \/>\nincarn\u00e9 par Daniel Craig, apr\u00e8s\u00a0Casino Royale<br \/>\njustement. Il est \u00e9galement <strong>l&rsquo;\u00e9pisode le plus court de la<br \/>\nfranchise cin\u00e9matographique<\/strong> avec une dur\u00e9e totale de 108<br \/>\nminutes. Au casting, on retrouve notamment une nouvelle James Bond<br \/>\ngirl en la personne d&rsquo;<a href=\"https:\/\/www.telestar.fr\/serie-tv\/autres-series\/olga-kurylenko-romance-je-suis-un-vrai-c-ur-d-artichaut-514141\" target=\"_blank\" rel=\"noopener\">Olga<br \/>\nKurylenko<\/a>. Mais aussi le com\u00e9dien fran\u00e7ais <a href=\"https:\/\/www.closermag.fr\/people\/mathieu-amalric-les-confidences-de-l-acteur-sur-la-mort-de-son-frere-a-l-age-de-23-ans-1389355\" target=\"_blank\" rel=\"noopener\"><br \/>\nMathieu Amalric<\/a>, qui pr\u00eate ses traits au principal antagoniste<br \/>\nde cet opus.<\/p>\n<p>Quantum of Solace : Daniel Craig \u00e9tait admiratif du<br \/>\ntravail de l&rsquo;acteur fran\u00e7ais durant le tournage<\/p>\n<p>Daniel Craig n&rsquo;avait d&rsquo;ailleurs pas cach\u00e9 pas son admiration<br \/>\npour l&rsquo;acteur tricolore \u00e0<br \/>\nl&rsquo;\u00e9poque.\u00a0\u00ab\u00a0<strong>Mathieu<\/strong><br \/>\n<strong>est un acteur extraordinaire.<\/strong> Son personnage<br \/>\nn&rsquo;est pas un savant fou ou un type \u00e0 l&rsquo;ego d\u00e9mesur\u00e9 qui r\u00eave de<br \/>\ndevenir le ma\u00eetre du monde. C&rsquo;est juste un homme tr\u00e8s offensif et<br \/>\ntr\u00e8s intelligent qui utilise ses talents pour manipuler les gens.<br \/>\nEt s&rsquo;enrichir le plus possible\u00a0\u00bb, avait-il premi\u00e8rement<br \/>\nd\u00e9clar\u00e9.<\/p>\n<p>\u00ab\u00a0Il se moque de blesser des gens. Il balaye tout ceux qui se<br \/>\nmettent sur sa route. Mathieu Amalric a<br \/>\nparfaitement compris qui \u00e9tait Greene. <strong>Il fait vraiment<br \/>\nfroid dans le dos quand il le joue.<\/strong> Mais c&rsquo;est exactement<br \/>\nce qu&rsquo;on attend d&rsquo;un m\u00e9chant dans un James Bond !\u00a0\u00bb, avait<br \/>\nensuite ajout\u00e9 Daniel Craig. Pour l&rsquo;anecdote, Mathieu<br \/>\nAmalric avait r\u00e9v\u00e9l\u00e9 qu&rsquo;il s&rsquo;\u00e9tait inspir\u00e9 du regard de Nicolas<br \/>\nSarkozy pour le personnage qu&rsquo;il incarne dans Quantum of<br \/>\nSolace.<\/p>\n<p>Mathieu Amalric est le p\u00e8re de trois<br \/>\nenfants<\/p>\n<p>\u00ab\u00a0Ce n&rsquo;est pas le st\u00e9r\u00e9otype du dingue qui cherche \u00e0 d\u00e9truire<br \/>\nle monde. <strong>Il devait donc avoir un fort impact<br \/>\npsychologique<\/strong>. Le jouer comme un personnage discret qui<br \/>\ns&rsquo;efforce de s&rsquo;effacer, de se fondre dans le paysage a bien plus de<br \/>\nsens parce que cela lui permet d&rsquo;\u00eatre plus efficace. De nos jours,<br \/>\nil devient de plus en plus difficile de savoir qui sont les vrais<br \/>\nm\u00e9chants dans la vie\u00a0\u00bb, avait d&rsquo;ailleurs indiqu\u00e9 Mathieu<br \/>\nAmalric au sujet de son personnage.<\/p>\n<p>C\u00f4t\u00e9 vie priv\u00e9e, le com\u00e9dien<br \/>\nfran\u00e7ais partag\u00e9 la vie de Jeanne Balibar durant de longues ann\u00e9es.<br \/>\nAvant de se s\u00e9parer au d\u00e9but des ann\u00e9es 2000, <strong>le couple a<br \/>\nmis au monde deux enfants<\/strong>. Mathieu Amalric a aussi \u00e9t\u00e9 le<br \/>\ncompagnon de la metteuse en sc\u00e8ne St\u00e9phanie Cl\u00e9au durant une<br \/>\ndizaine d&rsquo;ann\u00e9es. Ensemble, ils ont donn\u00e9 naissance \u00e0 un enfant en<br \/>\n2007. Aujourd&rsquo;hui, le com\u00e9dien fr\u00e9quente la cheffe<br \/>\nd&rsquo;orchestre\u00a0Barbara Hannigan depuis d\u00e9j\u00e0 une d\u00e9cennie.<\/p>\n","protected":false},"excerpt":{"rendered":"EN BREF Quantum of Solace, r\u00e9alis\u00e9 par Marc Forster, sorti en 2008, sera diffus\u00e9 sur France 2 le&hellip;\n","protected":false},"author":2,"featured_media":423997,"comment_status":"","ping_status":"","sticky":false,"template":"","format":"standard","meta":{"footnotes":""},"categories":[1359],"tags":[548,58,59,1011,27,594,973],"class_list":{"0":"post-423996","1":"post","2":"type-post","3":"status-publish","4":"format-standard","5":"has-post-thumbnail","7":"category-people","8":"tag-article-simple","9":"tag-divertissement","10":"tag-entertainment","11":"tag-fr","12":"tag-france","13":"tag-france-2","14":"tag-people"},"share_on_mastodon":{"url":"https:\/\/pubeurope.com\/@fr\/115282575575002186","error":""},"_links":{"self":[{"href":"https:\/\/www.europesays.com\/fr\/wp-json\/wp\/v2\/posts\/423996","targetHints":{"allow":["GET"]}}],"collection":[{"href":"https:\/\/www.europesays.com\/fr\/wp-json\/wp\/v2\/posts"}],"about":[{"href":"https:\/\/www.europesays.com\/fr\/wp-json\/wp\/v2\/types\/post"}],"author":[{"embeddable":true,"href":"https:\/\/www.europesays.com\/fr\/wp-json\/wp\/v2\/users\/2"}],"replies":[{"embeddable":true,"href":"https:\/\/www.europesays.com\/fr\/wp-json\/wp\/v2\/comments?post=423996"}],"version-history":[{"count":0,"href":"https:\/\/www.europesays.com\/fr\/wp-json\/wp\/v2\/posts\/423996\/revisions"}],"wp:featuredmedia":[{"embeddable":true,"href":"https:\/\/www.europesays.com\/fr\/wp-json\/wp\/v2\/media\/423997"}],"wp:attachment":[{"href":"https:\/\/www.europesays.com\/fr\/wp-json\/wp\/v2\/media?parent=423996"}],"wp:term":[{"taxonomy":"category","embeddable":true,"href":"https:\/\/www.europesays.com\/fr\/wp-json\/wp\/v2\/categories?post=423996"},{"taxonomy":"post_tag","embeddable":true,"href":"https:\/\/www.europesays.com\/fr\/wp-json\/wp\/v2\/tags?post=423996"}],"curies":[{"name":"wp","href":"https:\/\/api.w.org\/{rel}","templated":true}]}}