{"id":423998,"date":"2025-09-28T15:14:11","date_gmt":"2025-09-28T15:14:11","guid":{"rendered":"https:\/\/www.europesays.com\/fr\/423998\/"},"modified":"2025-09-28T15:14:11","modified_gmt":"2025-09-28T15:14:11","slug":"pau-la-peintre-marieka-kneppers-ouvre-sa-galerie-pop-up","status":"publish","type":"post","link":"https:\/\/www.europesays.com\/fr\/423998\/","title":{"rendered":"Pau\u00a0: la peintre Marieka Kneppers ouvre sa galerie pop-up"},"content":{"rendered":"<p>Autodidacte, cette Paloise dessine depuis l\u2019enfance. Apr\u00e8s des \u00e9tudes d\u2019histoire de l\u2019art, elle met \u00e0 profit l\u2019\u00e9poque du Covid et du confinement pour peindre moult portraits, surtout f\u00e9minins, \u00e0 l\u2019huile. Cette ann\u00e9e, Marieka Kneppers a fait dix expositions \u00e0 Pau et dans la r\u00e9gion. Actuellement, elle expose \u00e0 Lyon. En d\u00e9but d\u2019ann\u00e9e, elle a obtenu un prix sp\u00e9cial Public.<\/p>\n<p>Elle a choisi d\u2019ouvrir sa galerie pour montrer ses \u0153uvres dans un cadre plus personnel et immersif, et rencontrer le public dans un lieu d\u2019art vivant.<\/p>\n<p>Pour l\u2019instant, la galerie est ouverte le vendredi et le samedi, de 10\u00a0h\u00a030 \u00e0 12\u00a0h\u00a030 et de 13\u00a0h\u00a030 \u00e0 18\u00a0h\u00a030.<\/p>\n<p>Contact\u00a0: mariekakneppers.com<\/p>\n","protected":false},"excerpt":{"rendered":"Autodidacte, cette Paloise dessine depuis l\u2019enfance. Apr\u00e8s des \u00e9tudes d\u2019histoire de l\u2019art, elle met \u00e0 profit l\u2019\u00e9poque du&hellip;\n","protected":false},"author":2,"featured_media":423999,"comment_status":"","ping_status":"","sticky":false,"template":"","format":"standard","meta":{"footnotes":""},"categories":[1358],"tags":[1348,1384,1385,1386,58,59,1011,27],"class_list":{"0":"post-423998","1":"post","2":"type-post","3":"status-publish","4":"format-standard","5":"has-post-thumbnail","7":"category-arts-et-design","8":"tag-arts","9":"tag-arts-and-design","10":"tag-arts-et-design","11":"tag-design","12":"tag-divertissement","13":"tag-entertainment","14":"tag-fr","15":"tag-france"},"share_on_mastodon":{"url":"https:\/\/pubeurope.com\/@fr\/115282579558816916","error":""},"_links":{"self":[{"href":"https:\/\/www.europesays.com\/fr\/wp-json\/wp\/v2\/posts\/423998","targetHints":{"allow":["GET"]}}],"collection":[{"href":"https:\/\/www.europesays.com\/fr\/wp-json\/wp\/v2\/posts"}],"about":[{"href":"https:\/\/www.europesays.com\/fr\/wp-json\/wp\/v2\/types\/post"}],"author":[{"embeddable":true,"href":"https:\/\/www.europesays.com\/fr\/wp-json\/wp\/v2\/users\/2"}],"replies":[{"embeddable":true,"href":"https:\/\/www.europesays.com\/fr\/wp-json\/wp\/v2\/comments?post=423998"}],"version-history":[{"count":0,"href":"https:\/\/www.europesays.com\/fr\/wp-json\/wp\/v2\/posts\/423998\/revisions"}],"wp:featuredmedia":[{"embeddable":true,"href":"https:\/\/www.europesays.com\/fr\/wp-json\/wp\/v2\/media\/423999"}],"wp:attachment":[{"href":"https:\/\/www.europesays.com\/fr\/wp-json\/wp\/v2\/media?parent=423998"}],"wp:term":[{"taxonomy":"category","embeddable":true,"href":"https:\/\/www.europesays.com\/fr\/wp-json\/wp\/v2\/categories?post=423998"},{"taxonomy":"post_tag","embeddable":true,"href":"https:\/\/www.europesays.com\/fr\/wp-json\/wp\/v2\/tags?post=423998"}],"curies":[{"name":"wp","href":"https:\/\/api.w.org\/{rel}","templated":true}]}}