{"id":424000,"date":"2025-09-28T15:15:18","date_gmt":"2025-09-28T15:15:18","guid":{"rendered":"https:\/\/www.europesays.com\/fr\/424000\/"},"modified":"2025-09-28T15:15:18","modified_gmt":"2025-09-28T15:15:18","slug":"migrations-rencontres-passionnees-au-salon-du-livre-pyreneen","status":"publish","type":"post","link":"https:\/\/www.europesays.com\/fr\/424000\/","title":{"rendered":"MIGRATIONS &#8211; Rencontres passionn\u00e9es au Salon du livre Pyr\u00e9n\u00e9en"},"content":{"rendered":"<p>\u00ab Si, d\u00e8s les premiers signes de vie sur terre, il n\u2019y avait pas eu de migrations, de rencontres, d\u2019assemblages, les \u00eatres complexes peuplant les Pyr\u00e9n\u00e9es n\u2019existeraient pas. Ces migrations ont conduit certains animaux marins \u00e0 peupler la terre ferme \u00e0 force d\u2019adaptations dont l\u2019humain est un des derniers avatars \u00bb souligne l\u2019association.<\/p>\n<p>\u00ab Les Pyr\u00e9n\u00e9es sont le lieu de migrations, celles des plantes que, pourtant, nous imaginerions immobiles. Aujourd\u2019hui, gr\u00e2ce \u00e0 divers facteurs, elles continuent \u00e0 se d\u00e9placer pour s\u2019adapter aux changements induits par le climat, \u00e0 composer avec de nouvelles venues dans les bagages des humains \u00bb.<\/p>\n<p>L\u2019association Binaros a \u00e9t\u00e9 constitu\u00e9e en septembre 2008 autour d\u2019un projet principal : la cr\u00e9ation du Salon du Livre Pyr\u00e9n\u00e9en. Son but est de promouvoir et diffuser les connaissances sur les patrimoines vivants des Pyr\u00e9n\u00e9es. Elle privil\u00e9gie l\u2019\u00e9dition culturelle, le livre, les \u0153uvres graphiques et les m\u00e9dias ayant des sujets en rapport avec les r\u00e9alit\u00e9s et les patrimoines pyr\u00e9n\u00e9ens.<\/p>\n<p>Elle ambitionne de valoriser et faire rayonner les territoires du massif au-del\u00e0 des seuls lecteurs, de renforcer l\u2019attractivit\u00e9 des Pyr\u00e9n\u00e9es en y d\u00e9veloppant des offres culturelles singuli\u00e8res, en soutenant les r\u00e9seaux de lecture, tout particuli\u00e8rement dans les territoires ruraux de montagne. <\/p>\n<p>\u00ab Asseoir la pr\u00e9sence du livre et de ses m\u00e9tiers, ainsi que l\u2019offre culturelle dans les vall\u00e9es pour les habitants, les habitantes et pour les personnes de passage est notre dessein \u00bb.<\/p>\n<p><a target=\"_blank\" rel=\"noopener noreferrer nofollow\" href=\"https:\/\/www.salondulivre-pyreneen.fr\/\">Informations sur le site internet<\/a><\/p>\n","protected":false},"excerpt":{"rendered":"\u00ab Si, d\u00e8s les premiers signes de vie sur terre, il n\u2019y avait pas eu de migrations, de&hellip;\n","protected":false},"author":2,"featured_media":424001,"comment_status":"","ping_status":"","sticky":false,"template":"","format":"standard","meta":{"footnotes":""},"categories":[1357],"tags":[39475,1379,58,59,1011,27,1380,1393,6290],"class_list":{"0":"post-424000","1":"post","2":"type-post","3":"status-publish","4":"format-standard","5":"has-post-thumbnail","7":"category-livres","8":"tag-bigorre","9":"tag-books","10":"tag-divertissement","11":"tag-entertainment","12":"tag-fr","13":"tag-france","14":"tag-livres","15":"tag-loisirs","16":"tag-salon"},"share_on_mastodon":{"url":"https:\/\/pubeurope.com\/@fr\/115282583525583186","error":""},"_links":{"self":[{"href":"https:\/\/www.europesays.com\/fr\/wp-json\/wp\/v2\/posts\/424000","targetHints":{"allow":["GET"]}}],"collection":[{"href":"https:\/\/www.europesays.com\/fr\/wp-json\/wp\/v2\/posts"}],"about":[{"href":"https:\/\/www.europesays.com\/fr\/wp-json\/wp\/v2\/types\/post"}],"author":[{"embeddable":true,"href":"https:\/\/www.europesays.com\/fr\/wp-json\/wp\/v2\/users\/2"}],"replies":[{"embeddable":true,"href":"https:\/\/www.europesays.com\/fr\/wp-json\/wp\/v2\/comments?post=424000"}],"version-history":[{"count":0,"href":"https:\/\/www.europesays.com\/fr\/wp-json\/wp\/v2\/posts\/424000\/revisions"}],"wp:featuredmedia":[{"embeddable":true,"href":"https:\/\/www.europesays.com\/fr\/wp-json\/wp\/v2\/media\/424001"}],"wp:attachment":[{"href":"https:\/\/www.europesays.com\/fr\/wp-json\/wp\/v2\/media?parent=424000"}],"wp:term":[{"taxonomy":"category","embeddable":true,"href":"https:\/\/www.europesays.com\/fr\/wp-json\/wp\/v2\/categories?post=424000"},{"taxonomy":"post_tag","embeddable":true,"href":"https:\/\/www.europesays.com\/fr\/wp-json\/wp\/v2\/tags?post=424000"}],"curies":[{"name":"wp","href":"https:\/\/api.w.org\/{rel}","templated":true}]}}