{"id":424011,"date":"2025-09-28T15:21:35","date_gmt":"2025-09-28T15:21:35","guid":{"rendered":"https:\/\/www.europesays.com\/fr\/424011\/"},"modified":"2025-09-28T15:21:35","modified_gmt":"2025-09-28T15:21:35","slug":"qui-est-linvite-du-portrait-daudrey-crespo","status":"publish","type":"post","link":"https:\/\/www.europesays.com\/fr\/424011\/","title":{"rendered":"qui est l\u2019invit\u00e9 du portrait d\u2019Audrey Crespo- &#8230;"},"content":{"rendered":"<p>EN BREF<\/p>\n<ul class=\"bloc_resume_post_list\">\n<li>L\u00a0\u00bb\u00e9mission Sept \u00e0 huit, lanc\u00e9e en 2000 sur TF1, est<br \/>\ndevenue un rendez-vous incontournable, diffus\u00e9e chaque dimanche<br \/>\nsoir face \u00e0 des programmes concurrents.<\/li>\n<li>Sept \u00e0 huit propose des reportages vari\u00e9s sur<br \/>\nl&rsquo;actualit\u00e9, avec une rubrique phare, &lsquo;Le portrait de la semaine&rsquo;,<br \/>\nd\u00e9sormais anim\u00e9e par Audrey Crespo-Mara.<\/li>\n<li>Harry Roselmack, seul aux commandes depuis 2009, continue<br \/>\nde captiver le public avec une approche unique et des sujets<br \/>\ndiversifi\u00e9s.<\/li>\n<\/ul>\n<p>Lanc\u00e9e pour la premi\u00e8re fois sur l&rsquo;antenne de TF1 en 2000.<br \/>\nL&rsquo;\u00e9mission baptis\u00e9e Sept \u00e0 huit s&rsquo;est impos\u00e9e au fil des ann\u00e9es<br \/>\ncomme l&rsquo;un des <strong>rendez-vous incontournables de la premi\u00e8re<br \/>\ncha\u00eene<\/strong>. Avec ce programme,\u00a0TF1 jouait gros en<br \/>\nproposant un magazine d\u2019information d\u2019un genre nouveau sur la<br \/>\ntranche horaire 19h-20h du dimanche, au sein d&rsquo;une case tr\u00e8s<br \/>\nexpos\u00e9e face \u00e0 un Vivement dimanche prochain, puis Les Enfants de<br \/>\nla T\u00e9l\u00e9 sur France 2.<\/p>\n<p>Concr\u00e8tement, <a href=\"https:\/\/www.telestar.fr\/societe\/mort-de-jean-pormanove-dans-sept-a-huit-sa-mere-fond-en-larmes-en-evoquant-la-video-de-la-mort-du-streamer-1736549\" target=\"_blank\" rel=\"noopener\"><br \/>\nSept \u00e0 huit<\/a> propose entre trois et quatre reportages de formats<br \/>\ndivers sur l&rsquo;actualit\u00e9 du moment. Actualit\u00e9 dite \u00ab\u00a0chaude\u00a0\u00bb<br \/>\nou magazine, politique, faits divers, \u00e9v\u00e9nements internationaux.<br \/>\nL&rsquo;\u00e9mission raconte chaque semaine l&rsquo;actualit\u00e9 \u00e0 travers les<br \/>\nhistoires de ceux qui la font, que ce soit <strong>des<br \/>\npersonnalit\u00e9s en vue ou des anonymes<\/strong>.<\/p>\n<p>Sept \u00e0 huit : Audrey Crespo-Mara a rejoint le magazine<br \/>\nhebdomadaire de TF1 en 2020<\/p>\n<p>La derni\u00e8re rubrique intitul\u00e9e \u00ab\u00a0Le portrait de la<br \/>\nsemaine\u00a0\u00bb correspond \u00e0 l&rsquo;interview d&rsquo;une personnalit\u00e9 ou d&rsquo;un<br \/>\ninconnu sur un \u00e9v\u00e9nement majeur le concernant. Cet entretien \u00e9tait<br \/>\nauparavant <strong>toujours r\u00e9alis\u00e9e par Thierry<br \/>\nDemaizi\u00e8re<\/strong>, qui n&rsquo;appara\u00eet jamais \u00e0 l&rsquo;\u00e9cran. En<br \/>\nao\u00fbt 2018, le journaliste d\u00e9cide de quitter le<br \/>\nmagazine pour prendre du recul et r\u00e9aliser des<br \/>\ndocumentaires.<\/p>\n<p>Il est ainsi remplac\u00e9 par St\u00e9phanie Davoigneau, qui \u00e9tait d\u00e9j\u00e0<br \/>\nson joker par le pass\u00e9. \u00c0 la rentr\u00e9e 2020, St\u00e9phanie Davoigneau est \u00e0<br \/>\nson tour remplac\u00e9e par <a href=\"https:\/\/www.telestar.fr\/actu_tv\/pardon-hein-les-propos-de-jean-claude-van-damme-finissent-par-perdre-audrey-crespo-mara-dans-sept-a-huit-1702652\" target=\"_blank\" rel=\"noopener\"><br \/>\nAudrey Crespo-Mara<\/a>. Lors du prochain num\u00e9ro de l&rsquo;\u00e9mission<br \/>\ndiffus\u00e9e le dimanche 28 septembre 2025 \u00e0 partir de 18h30.<br \/>\nL&rsquo;ancienne animatrice de LCI recevra la chanteuse V\u00e9ronique<br \/>\nSanson.<\/p>\n<blockquote class=\"twitter-tweet\"><p><a class=\"twitter-link\" rel=\"noindex, nofollow noopener\" href=\"https:\/\/twitter.com\/7a8\/status\/1971268282339799483\" target=\"_blank\"><\/p><\/blockquote>\n<p>Harry Roselmack est commandes de<br \/>\nl&rsquo;\u00e9mission en solo depuis 2009<\/p>\n<p>Jusqu&rsquo;en 2006, ce sont les journalistes Thomas Hugues et<br \/>\n<a href=\"https:\/\/www.telestar.fr\/actu_tv\/un-pas-en-avant-son-depart-de-tf1-laurence-ferrari-le-benit-chaque-jour-1691107\" target=\"_blank\" rel=\"noopener\"><br \/>\nLaurence Ferrari<\/a> qui incarnaient Sept \u00e0 huit chaque semaine sur<br \/>\nTF1. Par la suite, ils ont tous les deux \u00e9t\u00e9 remplac\u00e9s par un<br \/>\nnouveau duo compos\u00e9 d&rsquo;<a href=\"https:\/\/www.telestar.fr\/people\/harry-roselmack-combien-a-t-il-denfants-1729294\" target=\"_blank\" rel=\"noopener\">Harry<br \/>\nRoselmack<\/a> et <a href=\"https:\/\/www.closermag.fr\/people\/tenir-le-choc-a-ses-cotes-anne-sophie-lapix-evoque-avec-emotion-le-cancer-de-son-mari-dans-c-lhebdo-3482866\" target=\"_blank\" rel=\"noopener\"><br \/>\nAnne-Sophie Lapix<\/a>. Suite au d\u00e9part de son acolyte en 2009,<br \/>\nHarry Roselmack a <strong>poursuivi la pr\u00e9sentation du magazine<br \/>\nhebdomadaire<\/strong> de la premi\u00e8re cha\u00eene en solo.<\/p>\n<p>Depuis 2015, Sept \u00e0 huit est pr\u00e9c\u00e9d\u00e9e d&rsquo;une autre \u00e9mission<br \/>\nintitul\u00e9e Sept \u00e0 huit Life, programm\u00e9e \u00e0 17h15, \u00e9galement incarn\u00e9e<br \/>\npar Harry Roselmack sur le m\u00eame plateau. Ce programme d\u00e9riv\u00e9 se<br \/>\ndiff\u00e9rencie du magazine originel par <strong>une\u00a0ligne<br \/>\n\u00e9ditoriale\u00a0ax\u00e9e davantage sur la proximit\u00e9 avec les<br \/>\nt\u00e9l\u00e9spectateurs<\/strong>. Les reportages couvrent g\u00e9n\u00e9ralement<br \/>\nl&rsquo;actualit\u00e9 \u00e0 \u00e9chelle nationale. Questions soci\u00e9tales, immersions<br \/>\net rencontres avec les Fran\u00e7ais(es) du quotidien en sont les<br \/>\nprincipales rubriques.<\/p>\n<p><script async src=\"https:\/\/platform.twitter.com\/widgets.js\" charset=\"utf-8\"><\/script><\/p>\n","protected":false},"excerpt":{"rendered":"EN BREF L\u00a0\u00bb\u00e9mission Sept \u00e0 huit, lanc\u00e9e en 2000 sur TF1, est devenue un rendez-vous incontournable, diffus\u00e9e chaque&hellip;\n","protected":false},"author":2,"featured_media":424012,"comment_status":"","ping_status":"","sticky":false,"template":"","format":"standard","meta":{"footnotes":""},"categories":[8],"tags":[548,17979,58,59,1011,27],"class_list":{"0":"post-424011","1":"post","2":"type-post","3":"status-publish","4":"format-standard","5":"has-post-thumbnail","7":"category-divertissement","8":"tag-article-simple","9":"tag-audrey-crespo-mara","10":"tag-divertissement","11":"tag-entertainment","12":"tag-fr","13":"tag-france"},"share_on_mastodon":{"url":"https:\/\/pubeurope.com\/@fr\/115282607126448679","error":""},"_links":{"self":[{"href":"https:\/\/www.europesays.com\/fr\/wp-json\/wp\/v2\/posts\/424011","targetHints":{"allow":["GET"]}}],"collection":[{"href":"https:\/\/www.europesays.com\/fr\/wp-json\/wp\/v2\/posts"}],"about":[{"href":"https:\/\/www.europesays.com\/fr\/wp-json\/wp\/v2\/types\/post"}],"author":[{"embeddable":true,"href":"https:\/\/www.europesays.com\/fr\/wp-json\/wp\/v2\/users\/2"}],"replies":[{"embeddable":true,"href":"https:\/\/www.europesays.com\/fr\/wp-json\/wp\/v2\/comments?post=424011"}],"version-history":[{"count":0,"href":"https:\/\/www.europesays.com\/fr\/wp-json\/wp\/v2\/posts\/424011\/revisions"}],"wp:featuredmedia":[{"embeddable":true,"href":"https:\/\/www.europesays.com\/fr\/wp-json\/wp\/v2\/media\/424012"}],"wp:attachment":[{"href":"https:\/\/www.europesays.com\/fr\/wp-json\/wp\/v2\/media?parent=424011"}],"wp:term":[{"taxonomy":"category","embeddable":true,"href":"https:\/\/www.europesays.com\/fr\/wp-json\/wp\/v2\/categories?post=424011"},{"taxonomy":"post_tag","embeddable":true,"href":"https:\/\/www.europesays.com\/fr\/wp-json\/wp\/v2\/tags?post=424011"}],"curies":[{"name":"wp","href":"https:\/\/api.w.org\/{rel}","templated":true}]}}